{"id":78892,"date":"2014-01-28T19:23:54","date_gmt":"2014-01-28T18:23:54","guid":{"rendered":"http:\/\/www.visit-ulcinj.com\/blog\/?p=78892"},"modified":"2014-01-28T19:25:52","modified_gmt":"2014-01-28T18:25:52","slug":"nika-cili-te-jete-preferuari-ardhshem-dps-sit-per-pushtetin-lokal-ne-ulqin","status":"publish","type":"post","link":"https:\/\/www.visit-ulcinj.com\/blog\/2014\/01\/28\/nika-cili-te-jete-preferuari-ardhshem-dps-sit-per-pushtetin-lokal-ne-ulqin\/","title":{"rendered":"Nika: Cili do t\u00eb jet\u00eb i preferuari i ardhsh\u00ebm i DPS-sit, p\u00ebr pushtetin lokal n\u00eb Ulqin&#8230;?!"},"content":{"rendered":"<p><b><i><a href=\"http:\/\/www.visit-ulcinj.com\/blog\/wp-content\/uploads\/2014\/01\/Vetem-dollari-ta-mshel-gojen.jpg\"><img loading=\"lazy\" class=\"alignleft size-full wp-image-78893\" alt=\"Vetem-dollari ta mshel gojen\" src=\"http:\/\/www.visit-ulcinj.com\/blog\/wp-content\/uploads\/2014\/01\/Vetem-dollari-ta-mshel-gojen.jpg\" width=\"303\" height=\"378\" srcset=\"https:\/\/www.visit-ulcinj.com\/blog\/wp-content\/uploads\/2014\/01\/Vetem-dollari-ta-mshel-gojen.jpg 303w, https:\/\/www.visit-ulcinj.com\/blog\/wp-content\/uploads\/2014\/01\/Vetem-dollari-ta-mshel-gojen-240x300.jpg 240w\" sizes=\"(max-width: 303px) 100vw, 303px\" \/><\/a>Shkruan :Muhamet Nika<\/i><\/b><\/p>\n<p><b><i>Cili do t\u00eb jet\u00eb i preferuari i\u00a0 ardhsh\u00ebm i dps-sit , p\u00ebr pushtetin lokal n\u00eb ulqin&#8230;?!<\/i><\/b><\/p>\n<p>P\u00ebr\u00a0 \u00e7do\u00a0 ide,dhe p\u00ebr\u00a0 \u00e7do veprim,n\u00eb shoq\u00ebri, po dhe n\u00eb politik\u00eb, dihet se\u00a0 ekziston nj\u00eb plan, por kundrejt tij , ekziston,\u00a0 edhe nj\u00eb anti-plan. S\u2019ka dyshim se kjo vlen\u010d edhe p\u010dr zgjedhjen e kryetarit t\u010d ri t\u010d komun\u00ebs. Mir\u00ebpo, me siguri, n\u00eb k\u00ebto situata , fiton ai q\u00eb ish m\u00eb i organizuar, dhe q\u00eb si\u00e7 thot\u00eb populli\u00a0 \u201cKa m\u00eb shum\u00eb dyrnjall\u00ebk\u201d.<\/p>\n<p><b><i>Plani i\u00a0 shqiptar\u00ebve dhe anti-plani i\u00a0 DPS-it n\u00eb Ulqin..?!!! <\/i><\/b><\/p>\n<p>Kandidat\u00ebt t\u00eb cil\u00ebt zbuluan ambiciet e veta p\u00ebr tu b\u00ebr\u00eb kryetar\u00eb komune, n\u00eb k\u00ebto zgjedhje, ishin:Cungu,Gjeka dhe Ndrekiqi-Shkrela&#8230;, t\u00eb gjith\u00eb k\u00ebta, n\u00eb heshtje,u p\u00ebrkrah\u00ebn, nga partit\u00eb e veta.<\/p>\n<p>I pyetur nga nj\u00eb mik i im nga DPS &#8211; aktualisht, n\u00eb dor\u00ebheqje, se kush do t\u00eb fitoj\u00eb, sipas meje, nga k\u00ebta 3-4 burra t\u00eb zgjedhur, mbeti shum\u00eb i habitur, se nga ajo e cila kish dal\u00eb si lajm, nga\u00a0 \u201ckuzhinat \u201de DPS-sit, e nj\u00eb qyteti fqinj, thuhej\u00a0 se kryetar i ardhsh\u00ebm i komun\u00ebs, do t\u00eb jet\u00eb nj\u00eb intelektual i pavarur jasht\u00eb Ulqini- ndoshta nga Veriu i Malit t\u00eb Zi, i cili do t\u00eb propozohej direkt, nga kryeministri, pasi gjoja ai personalisht \u201c t\u00eb jet\u00eb gjetur n\u00eb hall\u201dme kandidat\u00ebt, e p\u00ebrmendur, t\u00eb cil\u00ebt ase si t\u00eb \u00a0l\u00ebshojn\u00eb pe&#8230;?!!!\u00a0 Nd\u00ebrsa , kjo ide- Teori, aktualisht, po \u00a0duket se mund t\u00eb\u00a0 b\u00ebhet edhe praktik\u00eb&#8230; At\u00ebher\u00eb , atij, i pata zbuluar se p\u00ebraf\u00ebrsisht edhe kush mund t\u00eb jet\u00eb&#8230;E kjo sipas disa burimeve t\u00eb dala nga \u00a0\u201c shtabi zgjedhor i Forc\u00ebs- \u00a0q\u00eb\u00a0 disponon me t\u00eb dh\u00ebna, se , \u00a0kush nga t\u00eb \u201chuajt\u201dn\u00eb Ulqin,\u00a0 ndau \u00a0para, p\u00ebr t\u00eb bler\u00eb votat, p\u00ebr DPS, zbardh edhe enigm\u00ebnse kush do t\u00eb jet\u00eb kryetari p\u00ebr t\u00eb cilin u fol. Duke\u00a0 i\u00a0 ditur, \u201cnamuzet e k\u00ebtyre tan\u00ebve\u201d, logjika, ta thot\u00eb , se\u00a0 \u201cnj\u00eb propozim \u201c, p\u00ebr nj\u00eb kryetar nga jasht\u00eb, se do t\u00eb ishte i pranuesh\u00ebm<\/p>\n<p><b><i>Po si do t\u00eb t\u00ebrhiqen\u201d potez\u00ebt \u201c deri t\u00eb realizimi i zgjedhjes\u00a0 s\u00eb kryetarit t\u00eb komun\u00ebs s\u00eb Ulqinit nga kryeministri&#8230;?!!!<\/i><\/b><\/p>\n<p>Nisur nga p\u00ebrvoja ime personale, mendoj se Dps- \u00a0ofert\u00ebn p\u00ebr koalicion, do t\u2019ia ofroj\u00eb fillimisht Forc\u00ebs, si parti m\u00eb e madhe. Zaten, edhe kur Partia\u00a0 Demokratike, para disa koh\u00ebve, u mundua t\u00eb prodhoj\u00eb kriz\u00eb, duke th\u00ebn\u00eb se nuk do ta \u00a0votoj\u00eb raportin e Cungut, DPS- (kryeministri), shihet se e nxori nga kriza at\u00eb, me fjal\u00ebt,\u00a0 q\u00eb \u00a0ai , \u00a0k\u00ebrkonte\u00a0 t\u00eb shkurtoj\u00eb mandatin e kuvendit, duke \u201cinsistuar\u201d, q\u00eb \u00e7\u00ebshtja e kryetarit t\u00eb komun\u00ebs, \u00a0t\u00eb vendosej pas zgjedhjeve. Mir\u00ebpo,\u00a0 arsyetimi, i dal\u00eb, n\u00eb\u00a0 Kuvend, nga zyra e DPS-it akuzonte tej mase ekzekutivin e komun\u00ebs, p\u00ebr\u00a0 parregullsi&#8230;, nd\u00ebrsa debatet televizive, p\u00ebrfunduan me ftuarje t\u00eb prokurorit?!!<\/p>\n<p>Gjukanoviq, me k\u00ebt\u00eb rast, deklaroi se p\u00ebrpar\u00ebsi do t\u00eb ket\u00eb \u00a0ajo parti q\u00eb do t\u00eb jet\u00eb \u00a0m\u00eb e madhe. Mbase \u00a0ai, e dinte, \u00a0fare mir\u00eb, q\u00eb me shqiptar\u00ebt e p\u00ebr\u00e7ar\u00eb dhe me mekanizmin e vet shtet\u00ebror, do tia\u00a0 dilte \u00a0t\u00eb ishte, partia e par\u00eb, n\u00eb zgjedhje, \u00e7ka nuk k\u00ebrkon shum\u00eb mend \u00a0p\u00ebr tu kuptuar si \u00a0filozofi..)?!!!<\/p>\n<p><b><i>Si do t\u00eb sillet Cungu&#8230;?!<\/i><\/b><\/p>\n<p>Edhe pse, profecit\u00eb- prognozat lidhen vet\u00ebm me mund\u00ebsin\u00eb e \u00a0probabilitetit, andaj edhe nuk jan\u00eb t\u00eb p\u00eblqyeshme p\u00ebr gazetari&#8230;. P\u00ebr bisedimet q\u00eb pritet t\u00eb zhvillohen , pa gabuar, mund t\u00eb thuhet, si m\u00eb posht\u00eb: Kuptohet,\u00a0 q\u00eb , \u00a0pasi Ndrekiqi dhe Shkrela, nuk kan\u00eb mandat p\u00ebr \u00a0bisedime t\u00eb tilla, ata do t\u00eb zhvillohen n\u00eb Podgoric\u00eb-direkt nga Gjukanoviq.?! Tjet\u00ebr, Cungu, dihet se do t\u00eb k\u00ebrkoj\u00eb t\u00eb kryesoj\u00eb s\u00ebrish\u00a0 me\u00a0 komun\u00eb, jo si parti , por ai vet\u00eb, si kryetar. Sepse k\u00ebt\u00eb e meriton si parti m\u00eb madhe nacionale e q\u00eb p\u00ebr k\u00ebt\u00eb ka p\u00ebrkrahjen edhe t\u00eb ndonj\u00eb faktori tjet\u00ebr politik.<\/p>\n<p><b><i>Si do t\u00eb sillet Gjeka&#8230;.?!!!<\/i><\/b><\/p>\n<p>Gjeka, dihet se, mbi baz\u00ebn e asaj , q\u00eb ndodhi, gjat\u00eb bisedimeve, n\u00eb zgjedhjet e kaluara parlamentare, do t\u00eb vazhdoj\u00eb t\u00eb\u00a0\u00a0 ket\u00eb planin e vet, anti- Cung. Ai do t\u00eb rreket\u00a0 t\u2019i\u00a0 \u201cul \u00e7mimin , n\u00eb treg\u201c, \u00a0zotit Cungu ,si\u00e7 b\u00ebri,\u00a0 m\u00eb her\u00ebt, n\u00eb zgjedhjet e kaluara parlamentare&#8230;?!! Nd\u00ebrsa oferta e tij, kuptohet,\u00a0 q\u00eb\u00a0 nuk do t\u00eb kufizohet,vet\u00ebm, rreth emrit t\u00eb\u00a0 vet\u00eb, por do t\u00eb insistoj\u00eb, q\u00eb kryetari i ardhsh\u00ebm t\u00eb jet\u00eb nga partit\u00eb nacionale&#8230;?! Cungu , mbase , k\u00ebsaj radhe, ka p\u00ebr ta kuptuar,\u00a0 at\u00eb, q\u00eb n\u00eb Ulqin, ka p\u00ebrfunduar, q\u00eb ai, me Forc\u00eb, mund t\u00eb jet\u00eb i\u00a0 pavarur- por i nd\u00ebrvarur, \u00a0nga t\u00eb tjer\u00ebt. Kjo, do t\u00eb thot\u00eb, q\u00eb n\u00eb politik\u00eb \u00a0vlen\u00eb parimi :Fitoj un\u00eb , \u00a0po fiton edhe ti..?!!! Mbase Gjeka, si individ\u00eb, i rritur , n\u00eb nj\u00eb familje t\u00eb madhe, ndoshta, \u00a0do t\u00eb vazhdoj\u00eb t\u00eb\u00a0 mundohet , t\u00eb \u00a0v\u00ebr\u00eb n\u00eb jet\u00eb, \u00a0at\u00eb th\u00ebnien e tij, q\u00eb\u201d n\u00eb nj\u00eb familje t\u00eb madhe(koalicion) , tan\u00eb duhet t\u00eb jen\u00eb nj\u00ebsoj , t\u00eb ushqyer,t\u00eb veshur dhe t\u00eb past\u00ebr t\u00eb pakt\u00ebn deklarativisht&#8230;, edhe pse\u00a0 partner\u00ebt i ka \u201c nga familjet e vogla\u201d &#8211; madje edhe si\u00e7 i thon\u00eb nj\u00eb fjale, kan\u00eb q\u00eblluar \u201cdjelm d\u00ebshirit..\u201d?!!!<\/p>\n<p><b><i>\u00a0Sido t\u00eb sillet Ndrekiq&#8230;?!<\/i><\/b><\/p>\n<p>Kuptohet, q\u00eb edhe Ndrekiq do t\u00eb k\u00ebrkoj\u00eb, t\u00eb kryesoj\u00eb , me komun\u00eb sepse, fal\u00eb atij, DPS sh\u00ebnoi\u00a0 nj\u00eb \u00a0rritje, por legjitimitet mbi to, do t\u00eb mundohet t\u00eb v\u00ebr\u00eb edhe zoti Shkrela, t\u00eb cilit, i ka mbetur , p\u00ebr gjysm\u00eb, nj\u00eb mandat i\u00a0 kryetarit t\u00eb parlamentit, dhe q\u00eb ka merita p\u00ebr \u201cdep\u00ebrtim \u201c t\u00eb par\u00eb n\u00eb trupin zgjedhor shqiptar,dhe se deri sa ai , ish kryetar i DPS-s\u00eb, nuk pati kriz\u00eb n\u00eb funksionimin e pushtetit lokal , nj\u00ebkoh\u00ebsisht, funksionoi edhe DPS edhe kuvendi e ekzekutivi i komun\u00ebs..?!!!<\/p>\n<p><b><i>\u00a0Si do t\u00eb sillet Milloja&#8230;.?!!!<\/i><\/b><\/p>\n<p>Fillimisht, d\u00ebshiroj t\u00eb cek\u00eb, se ai, me siguri, duhet ta ket\u00eb lexuar, Mark Milanin, i cili i porosit\u00eb, malazez\u00ebt, se si duhet udh\u00ebhequr me shqiptar\u00ebt, dhe u thot\u00eb, se: Shqiptar\u00ebt, k\u00ebnaqen me pak, por edhe u rrin\u00eb\u00a0 hatri me pak&#8230;, se ata, jan\u00eb nj\u00eb popull me fantazi , t\u00eb zhvilluar , q\u00eb vet\u00eb i shpikin do\u00a0 fantazi e g\u00ebnjeshtra, t\u00eb cilave, m\u00eb von\u00eb\u00a0 edhe sillen e u besojn\u00eb , duke u k\u00ebnaqur k\u00ebshtu, \u00a0madje, edhe me lug\u00ebn bosh&#8230;?!!! Ai, ka p\u00ebr t\u00eb th\u00ebn\u00eb p\u00ebr opinion, se kjo , mosmarr\u00ebveshje, n\u00eb mes tyr, si miq, dhe partner, e prek\u00eb shum\u00eb&#8230;, e shqet\u00ebson edhe konflikti n\u00eb \u201csht\u00ebpin\u00eb e tij\u201d Loro- Shkrela, andaj ai , pasi, q\u00eb, \u00a0ndoshta , n\u00eb 4 sy , t\u2019i ket\u00eb k\u00ebrcnuar, edhe me prokurori \u201ce hetime t\u00eb\u00a0 fshehta \u201c q\u00eb d\u00ebgjohen n\u00eb shtyp, p\u00ebr t\u00eb mos fyer asnj\u00ebrin , ndoshta p\u00ebrcaktohet , p\u00ebr nj\u00eb person t\u00eb pavarur, p\u00ebr t\u00eb cilin fol\u00ebm m\u00eb lart&#8230;?!!! Puna e tij, n\u00eb k\u00ebto momente, do t\u2019ia p\u00ebrngjas veprimit t\u00eb Nasradinit, i cili kur hetoi, se dy gra po ziheshin&#8230;,filloi e uli brek\u00ebt&#8230;, i pyetur nga koleg\u00ebt , \u00e7far\u00eb b\u00ebn\u00eb\u00a0 Nasradin , t\u00eb pla\u00e7in syt\u00eb..?!! Ai , u p\u00ebrgjigj, me fjal\u00ebt &#8211;\u00a0 M\u00eb mir\u00eb \u201ct\u00eb jem haz\u00ebr\u201d, sepse nj\u00ebra tesh po e\u00a0 rr\u00ebzon\u00a0\u00a0 tjetr\u00ebn&#8230;?!!!<\/p>\n<p><b><i>\u00a0\u00c7far\u00eb t\u00eb b\u00ebhet..?!!!<\/i><\/b><\/p>\n<p>Duke e ditur, q\u00eb k\u00ebto bisedime, do t\u00eb zgjasin, duke mos humbur koh\u00eb, do t\u00eb nevojitej, q\u00eb Forumet Rinore t\u00eb subjekteve shqiptare(ose dikush q\u00eb ka kredi nga intelektual\u00ebt&#8230;), t\u00eb hartojn\u00eb nj\u00eb platform\u00eb e cila do t\u00eb obligonte , t\u00eb gjitha partit\u00eb shqiptare, q\u00eb fillimisht, t\u00eb mbledhin parlamentin e ri, t\u00eb em\u00ebrojn\u00eb kryetarin e tij- nga subjekti m\u00eb i madh shqiptar , pas zgjedhjeve.., i cili, m\u00eb von\u00eb edhe mund t\u00eb l\u00ebviz\u00eb, kurse p\u00ebr kryetarin e ri t\u00eb komun\u00ebs, t\u00eb merren vesh m\u00eb von\u00eb, me \u00a0nonsens t\u00eb \u00a0p\u00ebrgjithsh\u00ebm&#8230;, kuptohet brenda nj\u00eb afati t\u00eb caktuar m\u00eb par\u00eb. Kjo ide- Ultimatum, t\u00eb publikohej, p\u00ebr mes mediave, tribunave, peticioneve qytetare , rrjetit social etj&#8230;.<\/p>\n","protected":false},"excerpt":{"rendered":"<p>Shkruan :Muhamet Nika Cili do t\u00eb jet\u00eb i preferuari i\u00a0 ardhsh\u00ebm i dps-sit , p\u00ebr pushtetin lokal n\u00eb ulqin&#8230;?! P\u00ebr\u00a0 \u00e7do\u00a0 ide,dhe p\u00ebr\u00a0 \u00e7do veprim,n\u00eb shoq\u00ebri, po dhe n\u00eb politik\u00eb, dihet se\u00a0 ekziston nj\u00eb plan, por kundrejt tij , ekziston,\u00a0 edhe nj\u00eb anti-plan. S\u2019ka dyshim se kjo vlen\u010d edhe p\u010dr zgjedhjen e kryetarit t\u010d ri [&hellip;]<\/p>\n","protected":false},"author":1,"featured_media":0,"comment_status":"closed","ping_status":"closed","sticky":false,"template":"","format":"standard","meta":{"spay_email":"","jetpack_publicize_message":"","jetpack_is_tweetstorm":false,"jetpack_publicize_feature_enabled":true},"categories":[14249],"tags":[],"jetpack_publicize_connections":[],"yoast_head":"<!-- This site is optimized with the Yoast SEO plugin v19.1 - https:\/\/yoast.com\/wordpress\/plugins\/seo\/ -->\n<title>Nika: Cili do t\u00eb jet\u00eb i preferuari i ardhsh\u00ebm i DPS-sit, p\u00ebr pushtetin lokal n\u00eb Ulqin...?! - Lajme nga Ulqini<\/title>\n<meta name=\"description\" content=\"Shkruan :Muhamet Nika Cili do t\u00eb jet\u00eb i preferuari i\u00a0 ardhsh\u00ebm i dps-sit , p\u00ebr pushtetin lokal n\u00eb ulqin...?! P\u00ebr\u00a0 \u00e7do\u00a0 ide,dhe p\u00ebr\u00a0 \u00e7do veprim,n\u00eb shoq\u00ebri,\" \/>\n<meta name=\"robots\" content=\"index, follow, max-snippet:-1, max-image-preview:large, max-video-preview:-1\" \/>\n<link rel=\"canonical\" href=\"https:\/\/www.visit-ulcinj.com\/blog\/2014\/01\/28\/nika-cili-te-jete-preferuari-ardhshem-dps-sit-per-pushtetin-lokal-ne-ulqin\/\" \/>\n<meta property=\"og:locale\" content=\"en_US\" \/>\n<meta property=\"og:type\" content=\"article\" \/>\n<meta property=\"og:title\" content=\"Nika: Cili do t\u00eb jet\u00eb i preferuari i ardhsh\u00ebm i DPS-sit, p\u00ebr pushtetin lokal n\u00eb Ulqin...?! - Lajme nga Ulqini\" \/>\n<meta property=\"og:description\" content=\"Shkruan :Muhamet Nika Cili do t\u00eb jet\u00eb i preferuari i\u00a0 ardhsh\u00ebm i dps-sit , p\u00ebr pushtetin lokal n\u00eb ulqin...?! P\u00ebr\u00a0 \u00e7do\u00a0 ide,dhe p\u00ebr\u00a0 \u00e7do veprim,n\u00eb shoq\u00ebri,\" \/>\n<meta property=\"og:url\" content=\"https:\/\/www.visit-ulcinj.com\/blog\/2014\/01\/28\/nika-cili-te-jete-preferuari-ardhshem-dps-sit-per-pushtetin-lokal-ne-ulqin\/\" \/>\n<meta property=\"og:site_name\" content=\"Lajme nga Ulqini\" \/>\n<meta property=\"article:published_time\" content=\"2014-01-28T18:23:54+00:00\" \/>\n<meta property=\"article:modified_time\" content=\"2014-01-28T18:25:52+00:00\" \/>\n<meta property=\"og:image\" content=\"http:\/\/www.visit-ulcinj.com\/blog\/wp-content\/uploads\/2014\/01\/Vetem-dollari-ta-mshel-gojen.jpg\" \/>\n<meta name=\"twitter:label1\" content=\"Written by\" \/>\n\t<meta name=\"twitter:data1\" content=\"ulqini\" \/>\n\t<meta name=\"twitter:label2\" content=\"Est. reading time\" \/>\n\t<meta name=\"twitter:data2\" content=\"7 minutes\" \/>\n<script type=\"application\/ld+json\" class=\"yoast-schema-graph\">{\"@context\":\"https:\/\/schema.org\",\"@graph\":[{\"@type\":\"WebSite\",\"@id\":\"https:\/\/www.visit-ulcinj.com\/blog\/#website\",\"url\":\"https:\/\/www.visit-ulcinj.com\/blog\/\",\"name\":\"Lajme nga Ulqini\",\"description\":\"Lajme,Vijesti,Ulqini,Ulqin,Crna Gora,Mali i Zi\",\"potentialAction\":[{\"@type\":\"SearchAction\",\"target\":{\"@type\":\"EntryPoint\",\"urlTemplate\":\"https:\/\/www.visit-ulcinj.com\/blog\/?s={search_term_string}\"},\"query-input\":\"required name=search_term_string\"}],\"inLanguage\":\"en-US\"},{\"@type\":\"ImageObject\",\"inLanguage\":\"en-US\",\"@id\":\"https:\/\/www.visit-ulcinj.com\/blog\/2014\/01\/28\/nika-cili-te-jete-preferuari-ardhshem-dps-sit-per-pushtetin-lokal-ne-ulqin\/#primaryimage\",\"url\":\"https:\/\/www.visit-ulcinj.com\/blog\/wp-content\/uploads\/2014\/01\/Vetem-dollari-ta-mshel-gojen.jpg\",\"contentUrl\":\"https:\/\/www.visit-ulcinj.com\/blog\/wp-content\/uploads\/2014\/01\/Vetem-dollari-ta-mshel-gojen.jpg\",\"width\":303,\"height\":378},{\"@type\":\"WebPage\",\"@id\":\"https:\/\/www.visit-ulcinj.com\/blog\/2014\/01\/28\/nika-cili-te-jete-preferuari-ardhshem-dps-sit-per-pushtetin-lokal-ne-ulqin\/#webpage\",\"url\":\"https:\/\/www.visit-ulcinj.com\/blog\/2014\/01\/28\/nika-cili-te-jete-preferuari-ardhshem-dps-sit-per-pushtetin-lokal-ne-ulqin\/\",\"name\":\"Nika: Cili do t\u00eb jet\u00eb i preferuari i ardhsh\u00ebm i DPS-sit, p\u00ebr pushtetin lokal n\u00eb Ulqin...?! - Lajme nga Ulqini\",\"isPartOf\":{\"@id\":\"https:\/\/www.visit-ulcinj.com\/blog\/#website\"},\"primaryImageOfPage\":{\"@id\":\"https:\/\/www.visit-ulcinj.com\/blog\/2014\/01\/28\/nika-cili-te-jete-preferuari-ardhshem-dps-sit-per-pushtetin-lokal-ne-ulqin\/#primaryimage\"},\"datePublished\":\"2014-01-28T18:23:54+00:00\",\"dateModified\":\"2014-01-28T18:25:52+00:00\",\"author\":{\"@id\":\"https:\/\/www.visit-ulcinj.com\/blog\/#\/schema\/person\/dcab619c614d3038751c63bc2aadc06d\"},\"description\":\"Shkruan :Muhamet Nika Cili do t\u00eb jet\u00eb i preferuari i\u00a0 ardhsh\u00ebm i dps-sit , p\u00ebr pushtetin lokal n\u00eb ulqin...?! P\u00ebr\u00a0 \u00e7do\u00a0 ide,dhe p\u00ebr\u00a0 \u00e7do veprim,n\u00eb shoq\u00ebri,\",\"breadcrumb\":{\"@id\":\"https:\/\/www.visit-ulcinj.com\/blog\/2014\/01\/28\/nika-cili-te-jete-preferuari-ardhshem-dps-sit-per-pushtetin-lokal-ne-ulqin\/#breadcrumb\"},\"inLanguage\":\"en-US\",\"potentialAction\":[{\"@type\":\"ReadAction\",\"target\":[\"https:\/\/www.visit-ulcinj.com\/blog\/2014\/01\/28\/nika-cili-te-jete-preferuari-ardhshem-dps-sit-per-pushtetin-lokal-ne-ulqin\/\"]}]},{\"@type\":\"BreadcrumbList\",\"@id\":\"https:\/\/www.visit-ulcinj.com\/blog\/2014\/01\/28\/nika-cili-te-jete-preferuari-ardhshem-dps-sit-per-pushtetin-lokal-ne-ulqin\/#breadcrumb\",\"itemListElement\":[{\"@type\":\"ListItem\",\"position\":1,\"name\":\"Nika: Cili do t\u00eb jet\u00eb i preferuari i ardhsh\u00ebm i DPS-sit, p\u00ebr pushtetin lokal n\u00eb Ulqin&#8230;?!\"}]},{\"@type\":\"Person\",\"@id\":\"https:\/\/www.visit-ulcinj.com\/blog\/#\/schema\/person\/dcab619c614d3038751c63bc2aadc06d\",\"name\":\"ulqini\",\"sameAs\":[\"http:\/\/www.visit-ulcinj.com\"],\"url\":\"https:\/\/www.visit-ulcinj.com\/blog\/author\/admin\/\"}]}<\/script>\n<!-- \/ Yoast SEO plugin. -->","yoast_head_json":{"title":"Nika: Cili do t\u00eb jet\u00eb i preferuari i ardhsh\u00ebm i DPS-sit, p\u00ebr pushtetin lokal n\u00eb Ulqin...?! - Lajme nga Ulqini","description":"Shkruan :Muhamet Nika Cili do t\u00eb jet\u00eb i preferuari i\u00a0 ardhsh\u00ebm i dps-sit , p\u00ebr pushtetin lokal n\u00eb ulqin...?! P\u00ebr\u00a0 \u00e7do\u00a0 ide,dhe p\u00ebr\u00a0 \u00e7do veprim,n\u00eb shoq\u00ebri,","robots":{"index":"index","follow":"follow","max-snippet":"max-snippet:-1","max-image-preview":"max-image-preview:large","max-video-preview":"max-video-preview:-1"},"canonical":"https:\/\/www.visit-ulcinj.com\/blog\/2014\/01\/28\/nika-cili-te-jete-preferuari-ardhshem-dps-sit-per-pushtetin-lokal-ne-ulqin\/","og_locale":"en_US","og_type":"article","og_title":"Nika: Cili do t\u00eb jet\u00eb i preferuari i ardhsh\u00ebm i DPS-sit, p\u00ebr pushtetin lokal n\u00eb Ulqin...?! - Lajme nga Ulqini","og_description":"Shkruan :Muhamet Nika Cili do t\u00eb jet\u00eb i preferuari i\u00a0 ardhsh\u00ebm i dps-sit , p\u00ebr pushtetin lokal n\u00eb ulqin...?! P\u00ebr\u00a0 \u00e7do\u00a0 ide,dhe p\u00ebr\u00a0 \u00e7do veprim,n\u00eb shoq\u00ebri,","og_url":"https:\/\/www.visit-ulcinj.com\/blog\/2014\/01\/28\/nika-cili-te-jete-preferuari-ardhshem-dps-sit-per-pushtetin-lokal-ne-ulqin\/","og_site_name":"Lajme nga Ulqini","article_published_time":"2014-01-28T18:23:54+00:00","article_modified_time":"2014-01-28T18:25:52+00:00","og_image":[{"url":"http:\/\/www.visit-ulcinj.com\/blog\/wp-content\/uploads\/2014\/01\/Vetem-dollari-ta-mshel-gojen.jpg"}],"twitter_misc":{"Written by":"ulqini","Est. reading time":"7 minutes"},"schema":{"@context":"https:\/\/schema.org","@graph":[{"@type":"WebSite","@id":"https:\/\/www.visit-ulcinj.com\/blog\/#website","url":"https:\/\/www.visit-ulcinj.com\/blog\/","name":"Lajme nga Ulqini","description":"Lajme,Vijesti,Ulqini,Ulqin,Crna Gora,Mali i Zi","potentialAction":[{"@type":"SearchAction","target":{"@type":"EntryPoint","urlTemplate":"https:\/\/www.visit-ulcinj.com\/blog\/?s={search_term_string}"},"query-input":"required name=search_term_string"}],"inLanguage":"en-US"},{"@type":"ImageObject","inLanguage":"en-US","@id":"https:\/\/www.visit-ulcinj.com\/blog\/2014\/01\/28\/nika-cili-te-jete-preferuari-ardhshem-dps-sit-per-pushtetin-lokal-ne-ulqin\/#primaryimage","url":"https:\/\/www.visit-ulcinj.com\/blog\/wp-content\/uploads\/2014\/01\/Vetem-dollari-ta-mshel-gojen.jpg","contentUrl":"https:\/\/www.visit-ulcinj.com\/blog\/wp-content\/uploads\/2014\/01\/Vetem-dollari-ta-mshel-gojen.jpg","width":303,"height":378},{"@type":"WebPage","@id":"https:\/\/www.visit-ulcinj.com\/blog\/2014\/01\/28\/nika-cili-te-jete-preferuari-ardhshem-dps-sit-per-pushtetin-lokal-ne-ulqin\/#webpage","url":"https:\/\/www.visit-ulcinj.com\/blog\/2014\/01\/28\/nika-cili-te-jete-preferuari-ardhshem-dps-sit-per-pushtetin-lokal-ne-ulqin\/","name":"Nika: Cili do t\u00eb jet\u00eb i preferuari i ardhsh\u00ebm i DPS-sit, p\u00ebr pushtetin lokal n\u00eb Ulqin...?! - Lajme nga Ulqini","isPartOf":{"@id":"https:\/\/www.visit-ulcinj.com\/blog\/#website"},"primaryImageOfPage":{"@id":"https:\/\/www.visit-ulcinj.com\/blog\/2014\/01\/28\/nika-cili-te-jete-preferuari-ardhshem-dps-sit-per-pushtetin-lokal-ne-ulqin\/#primaryimage"},"datePublished":"2014-01-28T18:23:54+00:00","dateModified":"2014-01-28T18:25:52+00:00","author":{"@id":"https:\/\/www.visit-ulcinj.com\/blog\/#\/schema\/person\/dcab619c614d3038751c63bc2aadc06d"},"description":"Shkruan :Muhamet Nika Cili do t\u00eb jet\u00eb i preferuari i\u00a0 ardhsh\u00ebm i dps-sit , p\u00ebr pushtetin lokal n\u00eb ulqin...?! P\u00ebr\u00a0 \u00e7do\u00a0 ide,dhe p\u00ebr\u00a0 \u00e7do veprim,n\u00eb shoq\u00ebri,","breadcrumb":{"@id":"https:\/\/www.visit-ulcinj.com\/blog\/2014\/01\/28\/nika-cili-te-jete-preferuari-ardhshem-dps-sit-per-pushtetin-lokal-ne-ulqin\/#breadcrumb"},"inLanguage":"en-US","potentialAction":[{"@type":"ReadAction","target":["https:\/\/www.visit-ulcinj.com\/blog\/2014\/01\/28\/nika-cili-te-jete-preferuari-ardhshem-dps-sit-per-pushtetin-lokal-ne-ulqin\/"]}]},{"@type":"BreadcrumbList","@id":"https:\/\/www.visit-ulcinj.com\/blog\/2014\/01\/28\/nika-cili-te-jete-preferuari-ardhshem-dps-sit-per-pushtetin-lokal-ne-ulqin\/#breadcrumb","itemListElement":[{"@type":"ListItem","position":1,"name":"Nika: Cili do t\u00eb jet\u00eb i preferuari i ardhsh\u00ebm i DPS-sit, p\u00ebr pushtetin lokal n\u00eb Ulqin&#8230;?!"}]},{"@type":"Person","@id":"https:\/\/www.visit-ulcinj.com\/blog\/#\/schema\/person\/dcab619c614d3038751c63bc2aadc06d","name":"ulqini","sameAs":["http:\/\/www.visit-ulcinj.com"],"url":"https:\/\/www.visit-ulcinj.com\/blog\/author\/admin\/"}]}},"jetpack_featured_media_url":"","jetpack_sharing_enabled":true,"jetpack_shortlink":"https:\/\/wp.me\/pe6lTn-kws","_links":{"self":[{"href":"https:\/\/www.visit-ulcinj.com\/blog\/wp-json\/wp\/v2\/posts\/78892"}],"collection":[{"href":"https:\/\/www.visit-ulcinj.com\/blog\/wp-json\/wp\/v2\/posts"}],"about":[{"href":"https:\/\/www.visit-ulcinj.com\/blog\/wp-json\/wp\/v2\/types\/post"}],"author":[{"embeddable":true,"href":"https:\/\/www.visit-ulcinj.com\/blog\/wp-json\/wp\/v2\/users\/1"}],"replies":[{"embeddable":true,"href":"https:\/\/www.visit-ulcinj.com\/blog\/wp-json\/wp\/v2\/comments?post=78892"}],"version-history":[{"count":1,"href":"https:\/\/www.visit-ulcinj.com\/blog\/wp-json\/wp\/v2\/posts\/78892\/revisions"}],"predecessor-version":[{"id":78894,"href":"https:\/\/www.visit-ulcinj.com\/blog\/wp-json\/wp\/v2\/posts\/78892\/revisions\/78894"}],"wp:attachment":[{"href":"https:\/\/www.visit-ulcinj.com\/blog\/wp-json\/wp\/v2\/media?parent=78892"}],"wp:term":[{"taxonomy":"category","embeddable":true,"href":"https:\/\/www.visit-ulcinj.com\/blog\/wp-json\/wp\/v2\/categories?post=78892"},{"taxonomy":"post_tag","embeddable":true,"href":"https:\/\/www.visit-ulcinj.com\/blog\/wp-json\/wp\/v2\/tags?post=78892"}],"curies":[{"name":"wp","href":"https:\/\/api.w.org\/{rel}","templated":true}]}}