{"id":78900,"date":"2014-01-28T20:06:27","date_gmt":"2014-01-28T19:06:27","guid":{"rendered":"http:\/\/www.visit-ulcinj.com\/blog\/?p=78900"},"modified":"2014-01-28T23:59:42","modified_gmt":"2014-01-28T22:59:42","slug":"fatmir-gjeka-ka-hedhur-poshte-dezinformaten-e-rende-te-cungut","status":"publish","type":"post","link":"https:\/\/www.visit-ulcinj.com\/blog\/2014\/01\/28\/fatmir-gjeka-ka-hedhur-poshte-dezinformaten-e-rende-te-cungut\/","title":{"rendered":"Fatmir Gjeka ka hedhur posht\u00eb dezinformat\u00ebn e r\u00ebnd\u00eb t\u00eb Cungut"},"content":{"rendered":"<p><a href=\"http:\/\/www.visit-ulcinj.com\/blog\/wp-content\/uploads\/2014\/01\/Gjeka-Cungu-Zenka-1.jpg\"><img loading=\"lazy\" class=\"alignleft  wp-image-78901\" alt=\"Gjeka-Cungu-Zenka-1\" src=\"http:\/\/www.visit-ulcinj.com\/blog\/wp-content\/uploads\/2014\/01\/Gjeka-Cungu-Zenka-1.jpg\" width=\"508\" height=\"360\" \/><\/a> Lideri i Partis\u00eb demokratike dhe bart\u00ebsi i list\u00ebs i koalicionit \u201eBashk\u00eb p\u00ebr t\u00eb ardhmen e Ulqinit\u201c Fatmir Gjeka ka hedhur posht\u00eb dezinformat\u00ebn e r\u00ebnd\u00eb q\u00eb ka \u201el\u00ebshuar negociatat me lider\u00ebt e partive nacionale shqiptare, at\u00eb t\u00eb Forc\u00ebs Nazif Cungu dhe t\u00eb Unionit demokratik t\u00eb Shqiptar\u00ebve Mehmed Zenka\u201c.<\/p>\n<p>\u201eK\u00ebt\u00eb manipulim q\u00eb \u00ebsht\u00eb th\u00ebn\u00eb nga Forca e kuptoj vet\u00ebm si tentim p\u00ebr t\u00eb krijuar habi n\u00eb trupin votues t\u00eb njeriut i cili mbas humbjes n\u00eb zgjedhje \u00ebsht\u00eb n\u00eb situat\u00eb t\u00eb r\u00ebnd\u00eb psikike\u201c, tha Gjeka.<\/p>\n<p>Ai shtoi q\u00eb nuk kishte asnj\u00ebfar\u00eb negociatash, lider\u00ebt e partive kan\u00eb ngr\u00ebn\u00eb m\u00ebngjes n\u00eb nj\u00eb lokal t\u00eb Podgoric\u00ebs mbas bisedimesh t\u00eb drejtuesve t\u00eb koalicionit n\u00eb pushtet n\u00eb Mal t\u00eb Zi mbi nevoj\u00ebn e shpejtimit t\u00eb procesit t\u00eb integrimeve atlantike.<\/p>\n<p>\u201eN\u00eb k\u00ebt\u00eb m\u00ebnyr\u00eb Cungu vet\u00ebm diskualifikon veten si person serioz p\u00ebr negociata\u201c, shtoi Gjeka.<\/p>\n<p>Burimi: Ul-info<\/p>\n<!--YouTube Error: bad URL entered-->\n<p>&nbsp;<\/p>\n","protected":false},"excerpt":{"rendered":"<p>Lideri i Partis\u00eb demokratike dhe bart\u00ebsi i list\u00ebs i koalicionit \u201eBashk\u00eb p\u00ebr t\u00eb ardhmen e Ulqinit\u201c Fatmir Gjeka ka hedhur posht\u00eb dezinformat\u00ebn e r\u00ebnd\u00eb q\u00eb ka \u201el\u00ebshuar negociatat me lider\u00ebt e partive nacionale shqiptare, at\u00eb t\u00eb Forc\u00ebs Nazif Cungu dhe t\u00eb Unionit demokratik t\u00eb Shqiptar\u00ebve Mehmed Zenka\u201c. \u201eK\u00ebt\u00eb manipulim q\u00eb \u00ebsht\u00eb th\u00ebn\u00eb nga Forca e [&hellip;]<\/p>\n","protected":false},"author":1,"featured_media":0,"comment_status":"closed","ping_status":"closed","sticky":false,"template":"","format":"standard","meta":{"spay_email":"","jetpack_publicize_message":"","jetpack_is_tweetstorm":false,"jetpack_publicize_feature_enabled":true},"categories":[1,12],"tags":[],"jetpack_publicize_connections":[],"yoast_head":"<!-- This site is optimized with the Yoast SEO plugin v19.1 - https:\/\/yoast.com\/wordpress\/plugins\/seo\/ -->\n<title>Fatmir Gjeka ka hedhur posht\u00eb dezinformat\u00ebn e r\u00ebnd\u00eb t\u00eb Cungut - Lajme nga Ulqini<\/title>\n<meta name=\"description\" content=\"Lideri i Partis\u00eb demokratike dhe bart\u00ebsi i list\u00ebs i koalicionit \u201eBashk\u00eb p\u00ebr t\u00eb ardhmen e Ulqinit\u201c Fatmir Gjeka ka hedhur posht\u00eb dezinformat\u00ebn e r\u00ebnd\u00eb q\u00eb\" \/>\n<meta name=\"robots\" content=\"index, follow, max-snippet:-1, max-image-preview:large, max-video-preview:-1\" \/>\n<link rel=\"canonical\" href=\"https:\/\/www.visit-ulcinj.com\/blog\/2014\/01\/28\/fatmir-gjeka-ka-hedhur-poshte-dezinformaten-e-rende-te-cungut\/\" \/>\n<meta property=\"og:locale\" content=\"en_US\" \/>\n<meta property=\"og:type\" content=\"article\" \/>\n<meta property=\"og:title\" content=\"Fatmir Gjeka ka hedhur posht\u00eb dezinformat\u00ebn e r\u00ebnd\u00eb t\u00eb Cungut - Lajme nga Ulqini\" \/>\n<meta property=\"og:description\" content=\"Lideri i Partis\u00eb demokratike dhe bart\u00ebsi i list\u00ebs i koalicionit \u201eBashk\u00eb p\u00ebr t\u00eb ardhmen e Ulqinit\u201c Fatmir Gjeka ka hedhur posht\u00eb dezinformat\u00ebn e r\u00ebnd\u00eb q\u00eb\" \/>\n<meta property=\"og:url\" content=\"https:\/\/www.visit-ulcinj.com\/blog\/2014\/01\/28\/fatmir-gjeka-ka-hedhur-poshte-dezinformaten-e-rende-te-cungut\/\" \/>\n<meta property=\"og:site_name\" content=\"Lajme nga Ulqini\" \/>\n<meta property=\"article:published_time\" content=\"2014-01-28T19:06:27+00:00\" \/>\n<meta property=\"article:modified_time\" content=\"2014-01-28T22:59:42+00:00\" \/>\n<meta property=\"og:image\" content=\"http:\/\/www.visit-ulcinj.com\/blog\/wp-content\/uploads\/2014\/01\/Gjeka-Cungu-Zenka-1.jpg\" \/>\n<meta name=\"twitter:label1\" content=\"Written by\" \/>\n\t<meta name=\"twitter:data1\" content=\"ulqini\" \/>\n\t<meta name=\"twitter:label2\" content=\"Est. reading time\" \/>\n\t<meta name=\"twitter:data2\" content=\"1 minute\" \/>\n<script type=\"application\/ld+json\" class=\"yoast-schema-graph\">{\"@context\":\"https:\/\/schema.org\",\"@graph\":[{\"@type\":\"WebSite\",\"@id\":\"https:\/\/www.visit-ulcinj.com\/blog\/#website\",\"url\":\"https:\/\/www.visit-ulcinj.com\/blog\/\",\"name\":\"Lajme nga Ulqini\",\"description\":\"Lajme,Vijesti,Ulqini,Ulqin,Crna Gora,Mali i Zi\",\"potentialAction\":[{\"@type\":\"SearchAction\",\"target\":{\"@type\":\"EntryPoint\",\"urlTemplate\":\"https:\/\/www.visit-ulcinj.com\/blog\/?s={search_term_string}\"},\"query-input\":\"required name=search_term_string\"}],\"inLanguage\":\"en-US\"},{\"@type\":\"ImageObject\",\"inLanguage\":\"en-US\",\"@id\":\"https:\/\/www.visit-ulcinj.com\/blog\/2014\/01\/28\/fatmir-gjeka-ka-hedhur-poshte-dezinformaten-e-rende-te-cungut\/#primaryimage\",\"url\":\"https:\/\/www.visit-ulcinj.com\/blog\/wp-content\/uploads\/2014\/01\/Gjeka-Cungu-Zenka-1.jpg\",\"contentUrl\":\"https:\/\/www.visit-ulcinj.com\/blog\/wp-content\/uploads\/2014\/01\/Gjeka-Cungu-Zenka-1.jpg\",\"width\":720,\"height\":647},{\"@type\":\"WebPage\",\"@id\":\"https:\/\/www.visit-ulcinj.com\/blog\/2014\/01\/28\/fatmir-gjeka-ka-hedhur-poshte-dezinformaten-e-rende-te-cungut\/#webpage\",\"url\":\"https:\/\/www.visit-ulcinj.com\/blog\/2014\/01\/28\/fatmir-gjeka-ka-hedhur-poshte-dezinformaten-e-rende-te-cungut\/\",\"name\":\"Fatmir Gjeka ka hedhur posht\u00eb dezinformat\u00ebn e r\u00ebnd\u00eb t\u00eb Cungut - Lajme nga Ulqini\",\"isPartOf\":{\"@id\":\"https:\/\/www.visit-ulcinj.com\/blog\/#website\"},\"primaryImageOfPage\":{\"@id\":\"https:\/\/www.visit-ulcinj.com\/blog\/2014\/01\/28\/fatmir-gjeka-ka-hedhur-poshte-dezinformaten-e-rende-te-cungut\/#primaryimage\"},\"datePublished\":\"2014-01-28T19:06:27+00:00\",\"dateModified\":\"2014-01-28T22:59:42+00:00\",\"author\":{\"@id\":\"https:\/\/www.visit-ulcinj.com\/blog\/#\/schema\/person\/dcab619c614d3038751c63bc2aadc06d\"},\"description\":\"Lideri i Partis\u00eb demokratike dhe bart\u00ebsi i list\u00ebs i koalicionit \u201eBashk\u00eb p\u00ebr t\u00eb ardhmen e Ulqinit\u201c Fatmir Gjeka ka hedhur posht\u00eb dezinformat\u00ebn e r\u00ebnd\u00eb q\u00eb\",\"breadcrumb\":{\"@id\":\"https:\/\/www.visit-ulcinj.com\/blog\/2014\/01\/28\/fatmir-gjeka-ka-hedhur-poshte-dezinformaten-e-rende-te-cungut\/#breadcrumb\"},\"inLanguage\":\"en-US\",\"potentialAction\":[{\"@type\":\"ReadAction\",\"target\":[\"https:\/\/www.visit-ulcinj.com\/blog\/2014\/01\/28\/fatmir-gjeka-ka-hedhur-poshte-dezinformaten-e-rende-te-cungut\/\"]}]},{\"@type\":\"BreadcrumbList\",\"@id\":\"https:\/\/www.visit-ulcinj.com\/blog\/2014\/01\/28\/fatmir-gjeka-ka-hedhur-poshte-dezinformaten-e-rende-te-cungut\/#breadcrumb\",\"itemListElement\":[{\"@type\":\"ListItem\",\"position\":1,\"name\":\"Fatmir Gjeka ka hedhur posht\u00eb dezinformat\u00ebn e r\u00ebnd\u00eb t\u00eb Cungut\"}]},{\"@type\":\"Person\",\"@id\":\"https:\/\/www.visit-ulcinj.com\/blog\/#\/schema\/person\/dcab619c614d3038751c63bc2aadc06d\",\"name\":\"ulqini\",\"sameAs\":[\"http:\/\/www.visit-ulcinj.com\"],\"url\":\"https:\/\/www.visit-ulcinj.com\/blog\/author\/admin\/\"}]}<\/script>\n<!-- \/ Yoast SEO plugin. -->","yoast_head_json":{"title":"Fatmir Gjeka ka hedhur posht\u00eb dezinformat\u00ebn e r\u00ebnd\u00eb t\u00eb Cungut - Lajme nga Ulqini","description":"Lideri i Partis\u00eb demokratike dhe bart\u00ebsi i list\u00ebs i koalicionit \u201eBashk\u00eb p\u00ebr t\u00eb ardhmen e Ulqinit\u201c Fatmir Gjeka ka hedhur posht\u00eb dezinformat\u00ebn e r\u00ebnd\u00eb q\u00eb","robots":{"index":"index","follow":"follow","max-snippet":"max-snippet:-1","max-image-preview":"max-image-preview:large","max-video-preview":"max-video-preview:-1"},"canonical":"https:\/\/www.visit-ulcinj.com\/blog\/2014\/01\/28\/fatmir-gjeka-ka-hedhur-poshte-dezinformaten-e-rende-te-cungut\/","og_locale":"en_US","og_type":"article","og_title":"Fatmir Gjeka ka hedhur posht\u00eb dezinformat\u00ebn e r\u00ebnd\u00eb t\u00eb Cungut - Lajme nga Ulqini","og_description":"Lideri i Partis\u00eb demokratike dhe bart\u00ebsi i list\u00ebs i koalicionit \u201eBashk\u00eb p\u00ebr t\u00eb ardhmen e Ulqinit\u201c Fatmir Gjeka ka hedhur posht\u00eb dezinformat\u00ebn e r\u00ebnd\u00eb q\u00eb","og_url":"https:\/\/www.visit-ulcinj.com\/blog\/2014\/01\/28\/fatmir-gjeka-ka-hedhur-poshte-dezinformaten-e-rende-te-cungut\/","og_site_name":"Lajme nga Ulqini","article_published_time":"2014-01-28T19:06:27+00:00","article_modified_time":"2014-01-28T22:59:42+00:00","og_image":[{"url":"http:\/\/www.visit-ulcinj.com\/blog\/wp-content\/uploads\/2014\/01\/Gjeka-Cungu-Zenka-1.jpg"}],"twitter_misc":{"Written by":"ulqini","Est. reading time":"1 minute"},"schema":{"@context":"https:\/\/schema.org","@graph":[{"@type":"WebSite","@id":"https:\/\/www.visit-ulcinj.com\/blog\/#website","url":"https:\/\/www.visit-ulcinj.com\/blog\/","name":"Lajme nga Ulqini","description":"Lajme,Vijesti,Ulqini,Ulqin,Crna Gora,Mali i Zi","potentialAction":[{"@type":"SearchAction","target":{"@type":"EntryPoint","urlTemplate":"https:\/\/www.visit-ulcinj.com\/blog\/?s={search_term_string}"},"query-input":"required name=search_term_string"}],"inLanguage":"en-US"},{"@type":"ImageObject","inLanguage":"en-US","@id":"https:\/\/www.visit-ulcinj.com\/blog\/2014\/01\/28\/fatmir-gjeka-ka-hedhur-poshte-dezinformaten-e-rende-te-cungut\/#primaryimage","url":"https:\/\/www.visit-ulcinj.com\/blog\/wp-content\/uploads\/2014\/01\/Gjeka-Cungu-Zenka-1.jpg","contentUrl":"https:\/\/www.visit-ulcinj.com\/blog\/wp-content\/uploads\/2014\/01\/Gjeka-Cungu-Zenka-1.jpg","width":720,"height":647},{"@type":"WebPage","@id":"https:\/\/www.visit-ulcinj.com\/blog\/2014\/01\/28\/fatmir-gjeka-ka-hedhur-poshte-dezinformaten-e-rende-te-cungut\/#webpage","url":"https:\/\/www.visit-ulcinj.com\/blog\/2014\/01\/28\/fatmir-gjeka-ka-hedhur-poshte-dezinformaten-e-rende-te-cungut\/","name":"Fatmir Gjeka ka hedhur posht\u00eb dezinformat\u00ebn e r\u00ebnd\u00eb t\u00eb Cungut - Lajme nga Ulqini","isPartOf":{"@id":"https:\/\/www.visit-ulcinj.com\/blog\/#website"},"primaryImageOfPage":{"@id":"https:\/\/www.visit-ulcinj.com\/blog\/2014\/01\/28\/fatmir-gjeka-ka-hedhur-poshte-dezinformaten-e-rende-te-cungut\/#primaryimage"},"datePublished":"2014-01-28T19:06:27+00:00","dateModified":"2014-01-28T22:59:42+00:00","author":{"@id":"https:\/\/www.visit-ulcinj.com\/blog\/#\/schema\/person\/dcab619c614d3038751c63bc2aadc06d"},"description":"Lideri i Partis\u00eb demokratike dhe bart\u00ebsi i list\u00ebs i koalicionit \u201eBashk\u00eb p\u00ebr t\u00eb ardhmen e Ulqinit\u201c Fatmir Gjeka ka hedhur posht\u00eb dezinformat\u00ebn e r\u00ebnd\u00eb q\u00eb","breadcrumb":{"@id":"https:\/\/www.visit-ulcinj.com\/blog\/2014\/01\/28\/fatmir-gjeka-ka-hedhur-poshte-dezinformaten-e-rende-te-cungut\/#breadcrumb"},"inLanguage":"en-US","potentialAction":[{"@type":"ReadAction","target":["https:\/\/www.visit-ulcinj.com\/blog\/2014\/01\/28\/fatmir-gjeka-ka-hedhur-poshte-dezinformaten-e-rende-te-cungut\/"]}]},{"@type":"BreadcrumbList","@id":"https:\/\/www.visit-ulcinj.com\/blog\/2014\/01\/28\/fatmir-gjeka-ka-hedhur-poshte-dezinformaten-e-rende-te-cungut\/#breadcrumb","itemListElement":[{"@type":"ListItem","position":1,"name":"Fatmir Gjeka ka hedhur posht\u00eb dezinformat\u00ebn e r\u00ebnd\u00eb t\u00eb Cungut"}]},{"@type":"Person","@id":"https:\/\/www.visit-ulcinj.com\/blog\/#\/schema\/person\/dcab619c614d3038751c63bc2aadc06d","name":"ulqini","sameAs":["http:\/\/www.visit-ulcinj.com"],"url":"https:\/\/www.visit-ulcinj.com\/blog\/author\/admin\/"}]}},"jetpack_featured_media_url":"","jetpack_sharing_enabled":true,"jetpack_shortlink":"https:\/\/wp.me\/pe6lTn-kwA","_links":{"self":[{"href":"https:\/\/www.visit-ulcinj.com\/blog\/wp-json\/wp\/v2\/posts\/78900"}],"collection":[{"href":"https:\/\/www.visit-ulcinj.com\/blog\/wp-json\/wp\/v2\/posts"}],"about":[{"href":"https:\/\/www.visit-ulcinj.com\/blog\/wp-json\/wp\/v2\/types\/post"}],"author":[{"embeddable":true,"href":"https:\/\/www.visit-ulcinj.com\/blog\/wp-json\/wp\/v2\/users\/1"}],"replies":[{"embeddable":true,"href":"https:\/\/www.visit-ulcinj.com\/blog\/wp-json\/wp\/v2\/comments?post=78900"}],"version-history":[{"count":3,"href":"https:\/\/www.visit-ulcinj.com\/blog\/wp-json\/wp\/v2\/posts\/78900\/revisions"}],"predecessor-version":[{"id":78914,"href":"https:\/\/www.visit-ulcinj.com\/blog\/wp-json\/wp\/v2\/posts\/78900\/revisions\/78914"}],"wp:attachment":[{"href":"https:\/\/www.visit-ulcinj.com\/blog\/wp-json\/wp\/v2\/media?parent=78900"}],"wp:term":[{"taxonomy":"category","embeddable":true,"href":"https:\/\/www.visit-ulcinj.com\/blog\/wp-json\/wp\/v2\/categories?post=78900"},{"taxonomy":"post_tag","embeddable":true,"href":"https:\/\/www.visit-ulcinj.com\/blog\/wp-json\/wp\/v2\/tags?post=78900"}],"curies":[{"name":"wp","href":"https:\/\/api.w.org\/{rel}","templated":true}]}}