{"id":78904,"date":"2014-01-28T20:13:19","date_gmt":"2014-01-28T19:13:19","guid":{"rendered":"http:\/\/www.visit-ulcinj.com\/blog\/?p=78904"},"modified":"2014-01-28T20:13:19","modified_gmt":"2014-01-28T19:13:19","slug":"masanov-kralj-muzafer-beljo-causi","status":"publish","type":"post","link":"https:\/\/www.visit-ulcinj.com\/blog\/2014\/01\/28\/masanov-kralj-muzafer-beljo-causi\/","title":{"rendered":"Ma\u0161anov kralj &#8211; Muzafer-Beljo \u010cau\u0161i"},"content":{"rendered":"<p><a href=\"http:\/\/www.visit-ulcinj.com\/blog\/wp-content\/uploads\/2014\/01\/Mbreti-i-Mashanit-ga-Muzafer-Beljo-Causi.jpg\"><img loading=\"lazy\" class=\"alignleft  wp-image-78898\" alt=\"Mbreti i Mashanit ga Muzafer Beljo Causi\" src=\"http:\/\/www.visit-ulcinj.com\/blog\/wp-content\/uploads\/2014\/01\/Mbreti-i-Mashanit-ga-Muzafer-Beljo-Causi.jpg\" width=\"306\" height=\"200\" \/><\/a>-\u017divio kralj, \u010dika Ma\u0161ane &#8211; vikala su djeca za njim.<br \/>\n-\u017diva bila, djeco, Bog vas \u010duvao \u2013 odgovarao je.<br \/>\nZnala se cijela \u010dar\u0161ija zabavljati na ra\u010dun Ma\u0161ana, posljednjeg kraljevog privr\u017eenika. Niko nije pitao o kom se kralju radi, niti razloge \u0161to ga Ma\u0161an, penzionisani solanski vodar, toliko voli, da to ne taji, da se usu\u0111uje prkositi komunisti\u010dkim vlastima. No, nije ga ljubav prema kralju ne\u0161to posebno ko\u0161tala, nije mu se zamjeralo, niti ga je ko \u0161to propitivao. Jednostavno, znalo se, kad sretne\u0161 Ma\u0161ana nazdravi\u0161 &#8216;njegovom&#8217; kralju, a on zahvalno &#8211; da je u ne znam kakvom poslu &#8211; otpozdravi, i ide\u0161 dalje, bez razmi\u0161ljanja.<br \/>\nVide ga besposli\u010dari gdje ide uz pazar, onako nezgrapan i krakat, pa se razmjeste po desetak metara daleko jedan od drugoga i svaki \u0107e:<br \/>\n-\u017divio kralj!<br \/>\n-\u017div bio, \u017eivio sine &#8211; otegnuto je Ma\u0161an odgovarao, da bi ve\u0107 stigao do sljede\u0107eg koji bi ga isto pozdravio, a on isto otpozdravio. I tako, du\u017e cijele \u010dar\u0161ije. Dokoni su se zabavljali, \u0161alili se bez zlobe, a on se nije ljutio, mada je, bez sumnje, znao za njihovu igru.<br \/>\nNiko u kom\u0161iluku nikada nije \u010duo da je na Stanku, svoju \u017eenu, podigao glas. Ni ona na njega. Nisu imali djece, pazili su jedno drugo, tako ve\u0107 skoro pola vijeka.<br \/>\nMa\u0161an je volio kralja, pazio Stanku i \u017eivio za parangalje, kako je govorio. Radilo se, u stvari, o tunjama, nedugom najlonskom kanapu sa velikom udicom na kraju. Lovio je divlja\u010d, gruje i murine, pa je dvije &#8211; tri pede do udice vezivao par\u010de bakarne \u017eice, jer je \u010desto nalazio pregri\u017eene parangalje. A udice Ma\u0161anove bile su pri\u010da za sebe. Nije volio one manje od pola njegovog dlana, a dlan mu je bio, fala ti Bo\u017ee, ko pirajka za pranje robe.<br \/>\n-Il&#8217; \u0107u je lovit da valja, il&#8217; nek&#8217; se ne ka\u010di &#8211; bilo je njegovo pravilo. Velika udica, velika je\u0161ka, velika riba, vjerovao je i toga se dr\u017eao. U prvi mrak polagao je u usjeke izme\u0111u stijena tri tunje, ni jednu vi\u0161e.<br \/>\n&#8211; Kako, jadan \u010dovje\u010de, toliki posa&#8217; \u010dini\u0161, po dana mora\u0161 &#8216;odit do tvojih kr\u0161a rad&#8217; samo tri udice &#8211; svak mu je govorio. A kako mu ne\u0107e re\u0107 \u2013 Ma\u0161an je do svog lovi\u0161ta, stijena izme\u0111u uvala Ba\u0161buljuk i Opaljike, pje\u0161a\u010dio po skoro dva sata. Da je, barem, bila kakva staza, nego da te strah po danu pro\u0107, a ne se no\u0107u tuda lomit s fenjerom ili kakvom kr\u017eljavom baterijom.<br \/>\n&#8211; Kad bude moja nafaka, tri parangalja \u0107e me napunit, samo da mi se okrene, vidje\u0107ete vi- tiho je odgovarao Ma\u0161an.<br \/>\nTe jeseni imao je nekoliko dobrih gruja i murina, a jedne ve\u010deri izvadio je i crnu korbu, od preko dva kila. Udica joj se bila zabila u \u0161krge, dok je \u010dupala bukvu s nje.<\/p>\n<p>Uznemirila se Stanka jedne vedre, kasnojesenje no\u0107i \u0161to ga jo\u0161 nema \u2013 ve\u0107 je prije sat vremena obi\u010davao biti ku\u0107i. Uzvr\u0107ela se, ne dr\u017ei je mjesto. Ode kod Halila, prvog kom\u0161ije, te mu se potu\u017ei. Halil se uozbiljio, zna da Ma\u0161an iz \u010dista mira ne mijenja svoje regule. Nego, da umiri Stanku, pozva je da u\u0111e, da popije \u010daj, ima i pe\u010denih ko\u0161tanja, sa&#8217;\u0107e Ma\u0161an. Ali, pro\u0111e jo\u0161 jedan sat, a Ma\u0161ana i dalje nema.<br \/>\nIza\u0111o\u0161e u dvori\u0161te, zure u mrak \u2013 gdje ga tra\u017eiti, ne ide svake no\u0107i na isto mjesto. Kr\u0161e prste, uznemireni, niko ne progovara.<br \/>\nKad &#8211; pono\u0107 je ve\u0107 bila pro\u0161la- iz mraka maslina izroni, pogrbljen i jedva se kre\u0107u\u0107i, zadihani Ma\u0161an. Nema mu cegera u kome nosi tunje, nema ni baterije. Stanka tiho zakuka. Pri\u0111o\u0161e mu hitro i pomogo\u0161e da u\u0111e u ku\u0107u. Sav izgreban po licu, koljena mu krvava, ruke ranjave, mokar, trese&#8230;<br \/>\n&#8211; Crni Ma\u0161o, \u0111e si mi to pao? Znala sam, kukavna, govorila sam ti! &#8211; prekoravala je nje\u017eno Stanka.<br \/>\n&#8211; Ni\u0161ta mi nije, sve \u0107e ovo pro\u0107, al&#8217; se ono \u010dudo ne\u0107e vratit. A \u010dekam ga od kad sam \u017eiv &#8211; mahao je Ma\u0161an glavom \u2013 o kakva je to riba bila, majko mila&#8230; ma, vidi, to nije bila riba, to je bio, to je bio &#8211; kralj! Kralj riba je to bio, ljudi.<br \/>\nSjutradan se nije mogao pomjeriti iz postelje, sve ga je boljelo. Ostao je da le\u017ei i le\u017eao je skoro mjesec dana. Obilazile su ga kom\u0161ije, ro\u0111aci i prijatelji ribari. Neumorno je svima ponavljao svoju pri\u010du:<br \/>\nNamam\u010dio je toga dana svoje tri udice i odabrao rupe u koje \u0107e ih polo\u017eiti. Na jednu je udicu stavio \u017eivog merd\u017eana, tek ulovljenog malom udicom, i bacio je izme\u0111u dvije isturene stijene, u duboku, tamnu rupu. Vezao je tunje za kamen, sjeo i zapalio cigar duvana. Nije pro\u0161lo pet minuta, a \u0161paga sa merd\u017eanom na udici se zategla k&#8217;o strijela. Spretno se dohvatio tunje, oprezno ispitiva\u010dki cimnuo i krenuo da di\u017ee. Ni poma\u0107&#8217;! Ne mrda, nema Boga da je pomakne. Taman je pomislio da mu je udica zaplela za kr\u0161e, kad je tunja za\u0161etala. Povukao je sna\u017eno, odgovor je bio jo\u0161 sna\u017eniji &#8211; bacio ga je na koljena, a \u0161pag obmotan oko ruke urezao se u meso. Riba je opet stala, opet je nije mogao pomjeriti. Pre\u0161ao je Ma\u0161an u tri koraka preko stijena, iza\u0161ao na istureni kr\u0161 da proba povu\u0107i s kontra strane. Ni\u0161ta. Zategao je tunju koliko mu je Bog jo\u0161 ostavio snage i stajao tako, \u010dekaju\u0107i da umor i bol natjeraju ribu da se pokrene. Stara\u010dke noge po\u010dele su podrhtavati od napora, kanap se urezao u meso \u0161ake, na vi\u0161e je mjesta osje\u0107ao krv. Mrak je ve\u0107 potpuno prekrio obalu, \u010dulo se samo lagano mrmorenje vode preko stijena. On je stajao visok i uko\u010den, neprirodno nagnut unazad, dr\u017ee\u0107i zategnuti \u0161pag, dr\u017ee\u0107i se za ribu!<br \/>\nNe zna Ma\u0161an koliko je vremena pro\u0161lo, koliko je tako nepomi\u010dan stajao, tri- \u010detiri sata, sigurno, kada je, odjednom, bez najave, popustio stisak \u0161page i kada se, pod njegovim nogama, uskovitlalo more. Riba je sad sna\u017eno mlatila po povr\u0161ini, a Ma\u0161an je pani\u010dno sakupljao \u0161pag, smanjivao razdaljinu izme\u0111u ribe i sebe. U trenutku kada je dva puta oko \u0161ake omotao mokri kanap, riba je krenula ravno prema dnu. Ma\u0161an je opet pao na koljena, ali uzica nije skliznula s ruke, bila je ve\u0107 u nju urezana. Kriknuo je od bola, jo\u0161 malo i po\u0107i \u0107e za ribom u more, ulovi\u0107e ona njega, ali&#8230; omlitavilo je u\u017ee, riba vi\u0161e nije bila na njemu. Oti\u0161la je, odnijela je udicu, ubila je Ma\u0161ana.<br \/>\nA lijepo li je bilo dok je krvavim rukama dr\u017eao, dok je osje\u0107ao, dok je bar malo bila njegova, Neka je boljelo, ruke ozdrave, du\u0161a ne\u0107e. I nije. Nikada poslije ne\u0107e biti isti.<br \/>\n-Izmi\u0161lja, more, \u0111e ima takvih riba na na\u0161oj obali? Bi\u0107e pao po onim stijen\u010dugama, stid ga je da prizna &#8211; \u0161aputali su njegovi posjetioci, dok ih je Stanka ispra\u0107ala. Ona se nije ljutila, i njoj je cijela pri\u010da bila sumnjiva.<br \/>\nKad se oporavio Ma\u0161an ni da pomene parangalje. Stanka jo\u0161 manje: je l&#8217; dao Bog da ne ide&#8230;<\/p>\n<p>Krajem ljeta naredne godine na Skeli se okupio veliki narod, kada se grupa podvodnih ribolovaca, Beogra\u0111ana, vratila iz lova, iz pravca Ba\u0161buljuka. U barci su imali krnju od preko trideset kila. S kraja velikih usta visilo je par\u010de bakarne \u017eice, a duboko u \u017edrijelu stajala je zar\u0111ala udica &#8211; velika ravno pola Ma\u0161anove \u0161ake.<br \/>\n-Ma\u0161anov kralj! \u2013 znali su odmah mje\u0161tani, dok su ronioci zbunjeno gledali.<br \/>\nNije se Niko lijenio otr\u010dati da Ma\u0161anu javi da je ulovljena &#8216;njegova&#8217; riba. Samo mu je, pri\u010dao je Niko poslije, nemarno odmahnuo rukom i tiho procijedio, ne pomjeriv\u0161i se:<br \/>\n-Gledajte je vi, ja sam je ve\u0107 jednom vidio. Za vazda.<\/p>\n","protected":false},"excerpt":{"rendered":"<p>-\u017divio kralj, \u010dika Ma\u0161ane &#8211; vikala su djeca za njim. -\u017diva bila, djeco, Bog vas \u010duvao \u2013 odgovarao je. Znala se cijela \u010dar\u0161ija zabavljati na ra\u010dun Ma\u0161ana, posljednjeg kraljevog privr\u017eenika. Niko nije pitao o kom se kralju radi, niti razloge \u0161to ga Ma\u0161an, penzionisani solanski vodar, toliko voli, da to ne taji, da se usu\u0111uje [&hellip;]<\/p>\n","protected":false},"author":1,"featured_media":0,"comment_status":"closed","ping_status":"closed","sticky":false,"template":"","format":"standard","meta":{"spay_email":"","jetpack_publicize_message":"","jetpack_is_tweetstorm":false,"jetpack_publicize_feature_enabled":true},"categories":[8337],"tags":[],"jetpack_publicize_connections":[],"yoast_head":"<!-- This site is optimized with the Yoast SEO plugin v19.1 - https:\/\/yoast.com\/wordpress\/plugins\/seo\/ -->\n<title>Ma\u0161anov kralj - Muzafer-Beljo \u010cau\u0161i - Lajme nga Ulqini<\/title>\n<meta name=\"description\" content=\"-\u017divio kralj, \u010dika Ma\u0161ane - vikala su djeca za njim. -\u017diva bila, djeco, Bog vas \u010duvao \u2013 odgovarao je. Znala se cijela \u010dar\u0161ija zabavljati na ra\u010dun Ma\u0161ana,\" \/>\n<meta name=\"robots\" content=\"index, follow, max-snippet:-1, max-image-preview:large, max-video-preview:-1\" \/>\n<link rel=\"canonical\" href=\"https:\/\/www.visit-ulcinj.com\/blog\/2014\/01\/28\/masanov-kralj-muzafer-beljo-causi\/\" \/>\n<meta property=\"og:locale\" content=\"en_US\" \/>\n<meta property=\"og:type\" content=\"article\" \/>\n<meta property=\"og:title\" content=\"Ma\u0161anov kralj - Muzafer-Beljo \u010cau\u0161i - Lajme nga Ulqini\" \/>\n<meta property=\"og:description\" content=\"-\u017divio kralj, \u010dika Ma\u0161ane - vikala su djeca za njim. -\u017diva bila, djeco, Bog vas \u010duvao \u2013 odgovarao je. Znala se cijela \u010dar\u0161ija zabavljati na ra\u010dun Ma\u0161ana,\" \/>\n<meta property=\"og:url\" content=\"https:\/\/www.visit-ulcinj.com\/blog\/2014\/01\/28\/masanov-kralj-muzafer-beljo-causi\/\" \/>\n<meta property=\"og:site_name\" content=\"Lajme nga Ulqini\" \/>\n<meta property=\"article:published_time\" content=\"2014-01-28T19:13:19+00:00\" \/>\n<meta property=\"og:image\" content=\"http:\/\/www.visit-ulcinj.com\/blog\/wp-content\/uploads\/2014\/01\/Mbreti-i-Mashanit-ga-Muzafer-Beljo-Causi.jpg\" \/>\n<meta name=\"twitter:label1\" content=\"Written by\" \/>\n\t<meta name=\"twitter:data1\" content=\"ulqini\" \/>\n\t<meta name=\"twitter:label2\" content=\"Est. reading time\" \/>\n\t<meta name=\"twitter:data2\" content=\"7 minutes\" \/>\n<script type=\"application\/ld+json\" class=\"yoast-schema-graph\">{\"@context\":\"https:\/\/schema.org\",\"@graph\":[{\"@type\":\"WebSite\",\"@id\":\"https:\/\/www.visit-ulcinj.com\/blog\/#website\",\"url\":\"https:\/\/www.visit-ulcinj.com\/blog\/\",\"name\":\"Lajme nga Ulqini\",\"description\":\"Lajme,Vijesti,Ulqini,Ulqin,Crna Gora,Mali i Zi\",\"potentialAction\":[{\"@type\":\"SearchAction\",\"target\":{\"@type\":\"EntryPoint\",\"urlTemplate\":\"https:\/\/www.visit-ulcinj.com\/blog\/?s={search_term_string}\"},\"query-input\":\"required name=search_term_string\"}],\"inLanguage\":\"en-US\"},{\"@type\":\"ImageObject\",\"inLanguage\":\"en-US\",\"@id\":\"https:\/\/www.visit-ulcinj.com\/blog\/2014\/01\/28\/masanov-kralj-muzafer-beljo-causi\/#primaryimage\",\"url\":\"http:\/\/www.visit-ulcinj.com\/blog\/wp-content\/uploads\/2014\/01\/Mbreti-i-Mashanit-ga-Muzafer-Beljo-Causi.jpg\",\"contentUrl\":\"http:\/\/www.visit-ulcinj.com\/blog\/wp-content\/uploads\/2014\/01\/Mbreti-i-Mashanit-ga-Muzafer-Beljo-Causi.jpg\"},{\"@type\":\"WebPage\",\"@id\":\"https:\/\/www.visit-ulcinj.com\/blog\/2014\/01\/28\/masanov-kralj-muzafer-beljo-causi\/#webpage\",\"url\":\"https:\/\/www.visit-ulcinj.com\/blog\/2014\/01\/28\/masanov-kralj-muzafer-beljo-causi\/\",\"name\":\"Ma\u0161anov kralj - Muzafer-Beljo \u010cau\u0161i - Lajme nga Ulqini\",\"isPartOf\":{\"@id\":\"https:\/\/www.visit-ulcinj.com\/blog\/#website\"},\"primaryImageOfPage\":{\"@id\":\"https:\/\/www.visit-ulcinj.com\/blog\/2014\/01\/28\/masanov-kralj-muzafer-beljo-causi\/#primaryimage\"},\"datePublished\":\"2014-01-28T19:13:19+00:00\",\"dateModified\":\"2014-01-28T19:13:19+00:00\",\"author\":{\"@id\":\"https:\/\/www.visit-ulcinj.com\/blog\/#\/schema\/person\/dcab619c614d3038751c63bc2aadc06d\"},\"description\":\"-\u017divio kralj, \u010dika Ma\u0161ane - vikala su djeca za njim. -\u017diva bila, djeco, Bog vas \u010duvao \u2013 odgovarao je. Znala se cijela \u010dar\u0161ija zabavljati na ra\u010dun Ma\u0161ana,\",\"breadcrumb\":{\"@id\":\"https:\/\/www.visit-ulcinj.com\/blog\/2014\/01\/28\/masanov-kralj-muzafer-beljo-causi\/#breadcrumb\"},\"inLanguage\":\"en-US\",\"potentialAction\":[{\"@type\":\"ReadAction\",\"target\":[\"https:\/\/www.visit-ulcinj.com\/blog\/2014\/01\/28\/masanov-kralj-muzafer-beljo-causi\/\"]}]},{\"@type\":\"BreadcrumbList\",\"@id\":\"https:\/\/www.visit-ulcinj.com\/blog\/2014\/01\/28\/masanov-kralj-muzafer-beljo-causi\/#breadcrumb\",\"itemListElement\":[{\"@type\":\"ListItem\",\"position\":1,\"name\":\"Ma\u0161anov kralj &#8211; Muzafer-Beljo \u010cau\u0161i\"}]},{\"@type\":\"Person\",\"@id\":\"https:\/\/www.visit-ulcinj.com\/blog\/#\/schema\/person\/dcab619c614d3038751c63bc2aadc06d\",\"name\":\"ulqini\",\"sameAs\":[\"http:\/\/www.visit-ulcinj.com\"],\"url\":\"https:\/\/www.visit-ulcinj.com\/blog\/author\/admin\/\"}]}<\/script>\n<!-- \/ Yoast SEO plugin. -->","yoast_head_json":{"title":"Ma\u0161anov kralj - Muzafer-Beljo \u010cau\u0161i - Lajme nga Ulqini","description":"-\u017divio kralj, \u010dika Ma\u0161ane - vikala su djeca za njim. -\u017diva bila, djeco, Bog vas \u010duvao \u2013 odgovarao je. Znala se cijela \u010dar\u0161ija zabavljati na ra\u010dun Ma\u0161ana,","robots":{"index":"index","follow":"follow","max-snippet":"max-snippet:-1","max-image-preview":"max-image-preview:large","max-video-preview":"max-video-preview:-1"},"canonical":"https:\/\/www.visit-ulcinj.com\/blog\/2014\/01\/28\/masanov-kralj-muzafer-beljo-causi\/","og_locale":"en_US","og_type":"article","og_title":"Ma\u0161anov kralj - Muzafer-Beljo \u010cau\u0161i - Lajme nga Ulqini","og_description":"-\u017divio kralj, \u010dika Ma\u0161ane - vikala su djeca za njim. -\u017diva bila, djeco, Bog vas \u010duvao \u2013 odgovarao je. Znala se cijela \u010dar\u0161ija zabavljati na ra\u010dun Ma\u0161ana,","og_url":"https:\/\/www.visit-ulcinj.com\/blog\/2014\/01\/28\/masanov-kralj-muzafer-beljo-causi\/","og_site_name":"Lajme nga Ulqini","article_published_time":"2014-01-28T19:13:19+00:00","og_image":[{"url":"http:\/\/www.visit-ulcinj.com\/blog\/wp-content\/uploads\/2014\/01\/Mbreti-i-Mashanit-ga-Muzafer-Beljo-Causi.jpg"}],"twitter_misc":{"Written by":"ulqini","Est. reading time":"7 minutes"},"schema":{"@context":"https:\/\/schema.org","@graph":[{"@type":"WebSite","@id":"https:\/\/www.visit-ulcinj.com\/blog\/#website","url":"https:\/\/www.visit-ulcinj.com\/blog\/","name":"Lajme nga Ulqini","description":"Lajme,Vijesti,Ulqini,Ulqin,Crna Gora,Mali i Zi","potentialAction":[{"@type":"SearchAction","target":{"@type":"EntryPoint","urlTemplate":"https:\/\/www.visit-ulcinj.com\/blog\/?s={search_term_string}"},"query-input":"required name=search_term_string"}],"inLanguage":"en-US"},{"@type":"ImageObject","inLanguage":"en-US","@id":"https:\/\/www.visit-ulcinj.com\/blog\/2014\/01\/28\/masanov-kralj-muzafer-beljo-causi\/#primaryimage","url":"http:\/\/www.visit-ulcinj.com\/blog\/wp-content\/uploads\/2014\/01\/Mbreti-i-Mashanit-ga-Muzafer-Beljo-Causi.jpg","contentUrl":"http:\/\/www.visit-ulcinj.com\/blog\/wp-content\/uploads\/2014\/01\/Mbreti-i-Mashanit-ga-Muzafer-Beljo-Causi.jpg"},{"@type":"WebPage","@id":"https:\/\/www.visit-ulcinj.com\/blog\/2014\/01\/28\/masanov-kralj-muzafer-beljo-causi\/#webpage","url":"https:\/\/www.visit-ulcinj.com\/blog\/2014\/01\/28\/masanov-kralj-muzafer-beljo-causi\/","name":"Ma\u0161anov kralj - Muzafer-Beljo \u010cau\u0161i - Lajme nga Ulqini","isPartOf":{"@id":"https:\/\/www.visit-ulcinj.com\/blog\/#website"},"primaryImageOfPage":{"@id":"https:\/\/www.visit-ulcinj.com\/blog\/2014\/01\/28\/masanov-kralj-muzafer-beljo-causi\/#primaryimage"},"datePublished":"2014-01-28T19:13:19+00:00","dateModified":"2014-01-28T19:13:19+00:00","author":{"@id":"https:\/\/www.visit-ulcinj.com\/blog\/#\/schema\/person\/dcab619c614d3038751c63bc2aadc06d"},"description":"-\u017divio kralj, \u010dika Ma\u0161ane - vikala su djeca za njim. -\u017diva bila, djeco, Bog vas \u010duvao \u2013 odgovarao je. Znala se cijela \u010dar\u0161ija zabavljati na ra\u010dun Ma\u0161ana,","breadcrumb":{"@id":"https:\/\/www.visit-ulcinj.com\/blog\/2014\/01\/28\/masanov-kralj-muzafer-beljo-causi\/#breadcrumb"},"inLanguage":"en-US","potentialAction":[{"@type":"ReadAction","target":["https:\/\/www.visit-ulcinj.com\/blog\/2014\/01\/28\/masanov-kralj-muzafer-beljo-causi\/"]}]},{"@type":"BreadcrumbList","@id":"https:\/\/www.visit-ulcinj.com\/blog\/2014\/01\/28\/masanov-kralj-muzafer-beljo-causi\/#breadcrumb","itemListElement":[{"@type":"ListItem","position":1,"name":"Ma\u0161anov kralj &#8211; Muzafer-Beljo \u010cau\u0161i"}]},{"@type":"Person","@id":"https:\/\/www.visit-ulcinj.com\/blog\/#\/schema\/person\/dcab619c614d3038751c63bc2aadc06d","name":"ulqini","sameAs":["http:\/\/www.visit-ulcinj.com"],"url":"https:\/\/www.visit-ulcinj.com\/blog\/author\/admin\/"}]}},"jetpack_featured_media_url":"","jetpack_sharing_enabled":true,"jetpack_shortlink":"https:\/\/wp.me\/pe6lTn-kwE","_links":{"self":[{"href":"https:\/\/www.visit-ulcinj.com\/blog\/wp-json\/wp\/v2\/posts\/78904"}],"collection":[{"href":"https:\/\/www.visit-ulcinj.com\/blog\/wp-json\/wp\/v2\/posts"}],"about":[{"href":"https:\/\/www.visit-ulcinj.com\/blog\/wp-json\/wp\/v2\/types\/post"}],"author":[{"embeddable":true,"href":"https:\/\/www.visit-ulcinj.com\/blog\/wp-json\/wp\/v2\/users\/1"}],"replies":[{"embeddable":true,"href":"https:\/\/www.visit-ulcinj.com\/blog\/wp-json\/wp\/v2\/comments?post=78904"}],"version-history":[{"count":1,"href":"https:\/\/www.visit-ulcinj.com\/blog\/wp-json\/wp\/v2\/posts\/78904\/revisions"}],"predecessor-version":[{"id":78905,"href":"https:\/\/www.visit-ulcinj.com\/blog\/wp-json\/wp\/v2\/posts\/78904\/revisions\/78905"}],"wp:attachment":[{"href":"https:\/\/www.visit-ulcinj.com\/blog\/wp-json\/wp\/v2\/media?parent=78904"}],"wp:term":[{"taxonomy":"category","embeddable":true,"href":"https:\/\/www.visit-ulcinj.com\/blog\/wp-json\/wp\/v2\/categories?post=78904"},{"taxonomy":"post_tag","embeddable":true,"href":"https:\/\/www.visit-ulcinj.com\/blog\/wp-json\/wp\/v2\/tags?post=78904"}],"curies":[{"name":"wp","href":"https:\/\/api.w.org\/{rel}","templated":true}]}}