{"id":78906,"date":"2014-01-28T20:24:15","date_gmt":"2014-01-28T19:24:15","guid":{"rendered":"http:\/\/www.visit-ulcinj.com\/blog\/?p=78906"},"modified":"2014-01-28T20:24:15","modified_gmt":"2014-01-28T19:24:15","slug":"humbin-shqiptaret-ne-ulqin-nga-frank-shkreli","status":"publish","type":"post","link":"https:\/\/www.visit-ulcinj.com\/blog\/2014\/01\/28\/humbin-shqiptaret-ne-ulqin-nga-frank-shkreli\/","title":{"rendered":"Humbin shqiptar\u00ebt n\u00eb Ulqin nga Frank Shkreli"},"content":{"rendered":"<p><strong><a href=\"http:\/\/www.visit-ulcinj.com\/blog\/wp-content\/uploads\/2013\/07\/ulcinj.jpg\"><img loading=\"lazy\" class=\"alignleft  wp-image-73806\" alt=\"ulcinj\" src=\"http:\/\/www.visit-ulcinj.com\/blog\/wp-content\/uploads\/2013\/07\/ulcinj.jpg\" width=\"508\" height=\"360\" \/><\/a>Nga Frank Shkreli<\/strong><\/p>\n<p>Thon\u00eb se bashkimi b\u00ebn fuqin\u00eb, nd\u00ebrsa p\u00ebr\u00e7arjet gjithmon\u00eb p\u00ebrfundojn\u00eb n\u00eb disfat\u00eb.\u00a0 Kjo fjal\u00eb e urt\u00eb merr nj\u00eb dometh\u00ebnje t\u00eb ve\u00e7ant\u00eb kur flitet p\u00ebr\u00a0munges\u00ebn e bashkpunimit midis faktor\u00ebve politik\u00eb an\u00eb e mban\u00eb trojeve shqiptare, por sidomos i p\u00ebrshtatet faktor\u00ebve politik\u00eb t\u00eb shqiptar\u00ebve n\u00ebn Ma t\u00eb Zi, ku nj\u00eb grusht shqiptar\u00ebsh jan\u00eb t\u00eb ndar\u00eb n\u00eb nj\u00eb dyzin\u00eb partish\u00eb dhe faktor\u00ebsh t\u00eb tjer\u00eb politik\u00eb.\u00a0\u00a0 T\u00eb djel\u00ebn q\u00eb kaloi, n\u00eb Komun\u00ebn e Ulqinit u mbajt\u00ebn zgjedhjet p\u00ebr qeverin\u00eb e\u00a0ardh\u00ebshme komunale. \u00a0Sipas informacioneve nga media e Ulqinit,\u00a0shumic\u00ebn e vendeve n\u00eb Kuvendin e Komun\u00ebs s\u00eb Ulqinit i fitoi, p\u00ebr her\u00eb t\u00eb par\u00eb, n\u00eb k\u00ebto 20-e sa vitet e demokracis\u00eb\u00a0faktori politik\u00a0malazez, Partia Demokratike e Socialist\u00ebve,\u00a0PDS.<\/p>\n<p>Shum\u00eb nga problemet e sot\u00ebme t\u00eb shqiptar\u00ebve n\u00eb Mal t\u00eb Zi mund t&#8217;i atribohen politikave t\u00eb hershme dhe\u00a0aktuale\u00a0t\u00eb\u00a0Cetin\u00ebs ose Podgoric\u00ebs kund\u00ebr interesave t\u00eb shqiptar\u00ebve n\u00eb trojet e veta, por humbja e faktorit shqiptar n\u00eb zgjedhjet e\u00a0fundit n\u00eb komun\u00ebn e Ulqinit duhet t\u00eb vendoset aty ku e ka vendin &#8212; para dyerve t\u00eb\u00a0partive dhe faktor\u00ebve t\u00eb tjer\u00eb politik\u00eb dhe udh\u00ebheqsve t\u00eb tyre, n\u00eb rrethin e Ulqinit.\u00a0Gjat\u00eb dy dekadave t\u00eb fundit, an\u00eb e mban\u00eb trojeve shqiptare, krijimi i partive dhe faktor\u00ebve politik\u00eb \u00ebsht\u00eb k\u00ebthyer n\u00eb nj\u00eb industri t\u00eb v\u00ebrtet\u00eb,\u00a0por \u00ebsht\u00eb nj\u00eb industri e cila nuk krijon pun\u00eb p\u00ebr ask\u00ebnd, p\u00ebrve\u00e7se garanton vet\u00ebm pun\u00ebsimin e\u00a0 kryetarit t\u00eb partis\u00eb,gjithmon\u00eb n\u00eb kurriz dhe pa marr\u00eb shum\u00eb parasysh\u00eb interesin e p\u00ebrbashk\u00ebt.\u00a0 Kjo ka\u00a0 ndodhur edhe n\u00eb radh\u00ebt e shqiptar\u00ebve n\u00ebn Mal t\u00eb Zi, por u vu n\u00eb dukje haptas t\u00eb djel\u00ebn q\u00eb kaloi, ku sipas dh\u00ebnave mund t\u00eb ket\u00eb pothuaj nj\u00eb dyzin\u00eb partish\u00eb dhe faktor\u00ebsh t\u00eb tjer\u00eb politik\u00eb, iniciativash qytetare e\u00a0tjera, p\u00ebr nj\u00eb popullsi shqiptare q\u00eb nuk i kalon 50 mij\u00eb banor\u00eb.\u00a0\u00a0 Ndoshta nj\u00eb gj\u00eb e till\u00eb nuk do t\u00eb ishte\u00a0aq katastrofale, n\u00ebqoftse atyre nuk do tu mungonte bashkrendimi i mir\u00ebfillt\u00eb i politikave dhe strategjive bashkrenduese, n\u00eb interesin e p\u00ebrbashk\u00ebt t\u00eb popull\u00ebsis\u00eb shqiptare t\u00eb atyre an\u00ebve.\u00a0\u00cbsht\u00eb e qart\u00eb se p\u00ebr derisa t\u00eb vazhdojn\u00eb k\u00ebto p\u00ebr\u00e7arje n\u00eb radh\u00ebt e faktor\u00ebve politik\u00eb t\u00eb shqiptar\u00ebve n\u00eb Mal t\u00eb Zi, ata vet si udh\u00ebheq\u00ebs\u00a0dhe as problemet me t\u00eb cilat p\u00ebrballen shqiptar\u00ebt\u00a0n\u00ebn Mal t\u00eb Zi, nuk do t\u00eb merren seriozisht as nga Tirana as nga Prishtina, madje as nga nd\u00ebrkomb\u00ebtar\u00ebt &#8212;\u00a0por mbi t\u00eb gjitha, as nga\u00a0 qeveria n\u00eb Podgoric\u00eb, e cila do t\u00eb vazhdoj\u00eb t\u00eb luaj me fatin e tyre politik dhe ekonomik,\u00a0p\u00ebr derisa shqiptar\u00ebt t\u00eb mos ken\u00eb nj\u00eb strategji veprimi\u00a0t\u00eb p\u00ebrbashk\u00ebt politike. Num\u00ebri i madh i k\u00ebtyre partive nuk \u00ebsht\u00eb asgj\u00eb tjet\u00ebr ve\u00e7se nj\u00eb fush\u00eb e p\u00ebrshtatshme p\u00ebr tu shfryt\u00ebzuar n\u00eb baz\u00eb t\u00eb th\u00ebnjes s\u00eb vjet\u00ebr romake, \u201cDivide et Impera\u201d, p\u00ebr\u00e7aj\u00eb e sundo.<\/p>\n<p>Shpresoj q\u00eb zgjedhjet e t\u00eb djel\u00ebs q\u00eb kaloi n\u00eb komun\u00ebn e Ulqinit t\u00eb jen\u00eb nj\u00eb zgjim nga gjumi, nga nj\u00eb \u00ebnd\u00ebrr e keqe,\u00a0dhe q\u00eb t\u00eb ket\u00eb tronditur politikan\u00ebt shqiptar\u00ebt t\u00eb k\u00ebtyre trevave.\u00a0 Si rrjedhim, ende ka mund\u00ebsi p\u00ebr shpres\u00eb se ata do t\u00eb shikojn\u00eb p\u00ebrtej interesave t\u00eb ngushta t\u00eb karrigave t\u00eb tyre partiake dhe t\u00eb bashkohen p\u00ebr interesin e p\u00ebrbashk\u00ebt t\u00eb shumic\u00ebs s\u00eb banor\u00ebve t\u00eb Komun\u00ebs s\u00eb Ulqinit.\u00a0 Ende ka mund\u00ebsi p\u00ebr ndreqjen e gabimeve para zgjedhore.\u00a0 Ka ende mund\u00ebsi p\u00ebr shp\u00ebtim, ka ende mund\u00ebsi q\u00eb politikan\u00ebt shqiptar\u00eb t\u00eb riabilitohen, jo vet\u00ebm n\u00eb syt\u00eb e banor\u00ebve t\u00eb k\u00ebsaj treve, por \u00a0edhe n\u00eb syt\u00eb e t\u00eb tjer\u00ebve jasht\u00eb k\u00ebsaj komune, qoft\u00eb mbrenda Malit t\u00eb Zi, qoft\u00eb jasht\u00eb tij.\u00a0\u00a0Pasi nevojiten 17 vende p\u00ebr t\u00eb qeverisur Komun\u00ebn e Ulqinit, lind pyetja n\u00ebse a do t\u00eb bashkohen tani n\u00eb koalicion, t\u00eb pak\u00ebn tri partit\u00eb kryesore t\u00eb shqiptar\u00ebve t\u00eb cilat duke bashkuar forcat,\u00a0do t\u00eb p\u00ebrb\u00ebnin shumic\u00ebn dhe si t\u00eb till\u00eb do t\u00eb mund t\u00eb qeverisin p\u00ebrs\u00ebri Ulqinin?<\/p>\n<p>Kjo besoj \u00ebsht\u00eb d\u00ebshira e t\u00eb gjith\u00eb shqiptar\u00ebve kudo, por sidomos e banor\u00ebve t\u00eb Ulqinit t\u00eb cil\u00ebt duan nj\u00eb qeverisje q\u00eb do t\u00eb mbronte dhe do t\u00eb m\u00ebshteste interesat e tyre politike, ekonomike dhe komb\u00ebtare.\u00a0 Duke iu referuar udh\u00ebheq\u00ebsve t\u00eb\u00a0tri partive kryesore t\u00eb shqiptar\u00ebve, redaksia e faqes elektronike, Lajme Nga Ulqini, n\u00eb nj\u00eb artikull me titull: &#8220;A do t\u00eb bashkohen k\u00ebta tre burra q\u00eb t\u00eb shp\u00ebtojn\u00eb f\u00ebtyr\u00ebn e ulqinak\u00ebve&#8221;, pyetje me vend dhe me seriozitetin m\u00eb t\u00eb madh, drejtuar klas\u00ebs politike t\u00eb Ulqinit, duke n\u00ebnvijuar si\u00e7 duket shqet\u00ebsimet e m\u00ebdha n\u00eb radh\u00ebt e banor\u00ebve t\u00eb asaj komune. Duke shprehur shqetsimet e saja mbi t\u00eb ardhmen e komun\u00ebs, redaksia b\u00ebn k\u00ebto pyetje:\u00a0\u00a0 &#8220;A do t\u00eb bashkohen k\u00ebta tre burra p\u00ebr t\u00eb shp\u00ebtuar fytyr\u00ebn e Ulqinak\u00ebve? Apo ndoshta k\u00ebta tre burra nuk do t\u00eb mund t\u00eb merren vesh se kujt t\u2019i takoj\u00eb ul\u00ebsja e kryetarit t\u00eb qytetit, e kujt ajo e kryetarit t\u00eb Kuvendit? A do mund t\u00eb merren vesh k\u00ebta burra se kush do udh\u00ebheq\u00eb me departamente t\u00eb ndryshme t\u00eb komun\u00ebs?\u00a0 Apo ndoshta k\u00ebta tre burra as q\u00eb e kan\u00eb nd\u00ebrmend t\u00eb bisedojn\u00eb p\u00ebr nj\u00eb gj\u00eb t\u00eb till\u00eb?\u00a0 Ndoshta p\u00ebr ta ky opsion nuk do t\u00eb shqyrtohet fare, ose do t\u00eb shqyrtohet sa p\u00ebr sy e faqe, ashtu si\u00e7 u shqyrtua opsioni i bashkimit p\u00ebr zgjedhjet parlamentare, e i cili d\u00ebshtoi ende pa nisur mir\u00eb.\u00a0 E kjo \u201ctentativ\u00eb\u201d do ju sh\u00ebrbej\u00eb, si edhe m\u00eb heret, p\u00ebr t\u00eb faj\u00ebsuar nj\u00ebri tjetrin p\u00ebr d\u00ebshtimin e iniciativ\u00ebs.\u00a0\u00a0 A do t\u00eb mendojn\u00eb nj\u00eb her\u00eb t\u00eb vetme k\u00ebta tre burra p\u00ebr t\u00eb mir\u00ebn e qytetarit, p\u00ebr t\u00eb mir\u00ebn e shqiptar\u00ebve n\u00eb Ulqin?\u00a0 \u00a0Ne qytetar\u00ebt gabuam, kush me d\u00ebshir\u00eb, kush nga mosdija, e kush nga kushtet e v\u00ebshtira me t\u00eb cilat po manipulon shtresa politike.\u00a0\u00a0 Por a do gabojn\u00eb edhe k\u00ebta tre burra, e do lejojn\u00eb k\u00ebt\u00eb njoll\u00eb n\u00eb historin\u00eb e Ulqinit t\u00eb shqipeve?\u00a0\u00a0 Nazif, Fatmir e Mehmet, mendojini mir\u00eb veprimet tuaja sepse ju do shkruani historin\u00eb ton\u00eb, ju do vizatoni t\u00eb ardhmen ton\u00eb. Mos shkat\u00ebrroni at\u00eb p\u00ebr \u00e7ka t\u00eb par\u00ebt tuaj e ton\u00ebt kan\u00eb dh\u00ebn\u00eb edhe jet\u00ebn. Mendoni mir\u00eb \u2026&#8221;, shkruhet n\u00eb faqen elektronike\u00a0Lajmet nga Ulqini.<\/p>\n<p>P\u00ebrfundimi i zgjedhjeve\u00a0 t\u00eb s\u00eb djel\u00ebs n\u00eb Ulqin dhe gj\u00ebndja politike dhe ekonomike e shqiptar\u00ebve n\u00eb Mal t\u00eb Zi\u00a0n\u00eb p\u00ebrgjith\u00ebsi, ndiqen me interesim t\u00eb madh edhe nga diaspora e madhe n\u00eb num\u00ebr nga ato troje shqiptare, sidomos nga diaspora q\u00eb ndodhet n\u00eb Shtetet e Bashkuara t\u00eb Ameik\u00ebs.\u00a0\u00a0\u00a0Nj\u00ebra prej organizatave q\u00eb\u00a0 vepron n\u00eb Nju Jork, Shoqata Shqiptaro-Amerikane, \u201cAna e Malit\u201d e cila grumbullon rreth vetes shqiptar\u00ebt e emigruar n\u00eb Amerik\u00eb nga ato troje, i d\u00ebrgoi nj\u00eb let\u00ebr t\u00eb hapur\u00a0 udh\u00ebheq\u00ebsve t\u00eb subjekteve politike t\u00eb komun\u00ebs s\u00eb Ulqinit duke u b\u00ebr\u00eb thirrje q\u00eb tri partive kryesore t\u00eb shqiptar\u00ebve dhe udh\u00ebheqsve t\u00eb tyre, (Forc\u00ebs s\u00eb re Demokratike, Koalicionit \u201cP\u00ebr t\u00eb Ardhmen e Ulqinit\u201d dhe Unionit Demokratik t\u00eb Shqiptar\u00ebve) q\u00eb\u00a0 t\u00eb bashkojn\u00eb fuqit\u00eb duke krijuar k\u00ebshtu nj\u00eb shumic\u00eb n\u00eb kuvendin e komun\u00ebs, ndon\u00ebse shumica\u00a0d\u00ebrmuese e k\u00ebsaj komune jan\u00eb shqiptar\u00eb.\u00a0 Letra e hapur e shoqat\u00ebs \u201cAna e Malit\u201d, shpreh\u00eb ndjenjat e shum\u00eb shqiptar\u00ebve jo vet\u00ebm n\u00eb diaspor\u00eb, kur\u00eb shprehet se, &#8220;Apeli i yn\u00eb buron thjesht\u00eb nga ndjenja e dashuris\u00eb son\u00eb p\u00ebr vendlindjen dhe t\u00eb ardhmen e saj. Tani \u00ebsht\u00eb momenti q\u00eb Ju t\u00eb l\u00ebni n\u00eb nj\u00eb an\u00eb interesat partiake, dhe vendimin Tuaj t\u2019a bazoni n\u00eb interesat e p\u00ebrgjithshme komb\u00ebtare apo n\u00eb interesat e shumic\u00ebs shqiptare t\u00eb Komun\u00ebs s\u00eb Ulqinit.\u00a0\u00a0U \u00a0jemi drejtuar me k\u00ebt\u00eb rast pasi q\u00eb juve u \u00ebsht\u00eb dh\u00ebn\u00eb edhe nj\u00eb mund\u00ebsi e fundit q\u00eb gjendjen ta ktheni n\u00eb tabanin komb\u00ebtar dhe q\u00eb asnj\u00eb subjekt politik shqiptar, t\u00eb mos b\u00ebhet der\u00eb e hapur p\u00ebr dor\u00ebzimin e Komun\u00ebs. \u00a0Ju b\u00ebjm\u00eb thirrje q\u00eb t\u00eb shfryt\u00ebzoni k\u00ebt\u00eb mund\u00ebsi n\u00eb favorin tuaj duke marr\u00eb parasysh\u00eb se \u00e7do opcion tjet\u00ebr shkon kundra interesit t\u00eb pergjithsh\u00ebm dhe do t\u00eb mbani p\u00ebrgjegj\u00ebsi dhe do t\u00eb merrni gjykimin e p\u00ebrshtatsh\u00ebm n\u00eb faqet e historis\u00eb. Gjeneratat e ardhshme nuk do t\u2019ju gjykojn\u00eb n\u00eb baz\u00eb t\u00eb asaj se \u00e7ka \u00ebsht\u00eb folur, por n\u00eb baz\u00eb t\u00eb asaj se si keni vepruar dhe koha \u00ebsht\u00eb tani p\u00ebr t\u00eb vepruar&#8221;, p\u00ebrfundon letra e kryesis\u00eb s\u00eb Shoqat\u00ebs Shqiptaro-Amerikane \u201cAna e Malit\u201d n\u00eb New York, drejtuar klas\u00ebs politike t\u00eb shqtar\u00ebve n\u00ebn Mal t\u00eb Zi.<\/p>\n<p>Edhe po t\u00eb doja, un\u00eb nuk mund t\u00eb shprehesha ndryshe dhe as m\u00eb mir\u00eb se nga thirrjet e m\u00ebsip\u00ebrme drejtuar nd\u00ebrgjegjes s\u00eb faktor\u00ebve politik\u00eb t\u00eb shqiptar\u00ebve n\u00eb rrethin e Ulqinit.\u00a0 Shpresoj q\u00eb k\u00ebto thirrje t\u00eb mos jen\u00eb thirrje n\u00eb shkret\u00ebtir\u00eb, por t\u00eb plot\u00ebsohet d\u00ebshira e popullit p\u00ebr unitet dhe strategji t\u00eb p\u00ebrbashk\u00ebt programesh p\u00ebr p\u00ebrmir\u00ebsimin e jet\u00ebs t\u00eb t\u00eb gjith\u00eb banor\u00ebve t\u00eb asaj komune. Thirrjet e banor\u00ebve t\u00eb komun\u00ebs\u00a0Ulqinit, t\u00eb pasqyruara n\u00eb shkrimin e agjencis\u00eb, \u201cLajme nga Ulqini\u201d dhe letra e hapur e t\u00eb m\u00ebrguarve shqiptar\u00eb\u00a0n\u00eb Amerik\u00eb nga Ulqini me rrethe, p\u00ebr nga\u00a0forca\u00a0e tonit t\u00eb ashp\u00ebr, \u00a0jan\u00eb tep\u00ebr d\u00ebshp\u00ebruese nga nj\u00eb an\u00eb, por edhe shpres\u00ebdh\u00ebnse nga ana tjet\u00ebr se udh\u00ebheqsit politik\u00eb t\u00eb partive shqiptare n\u00ebn Mal t\u00eb Zi, m\u00eb n\u00eb fund do t\u00eb tregojn\u00eb nd\u00ebrgjegje dhe p\u00ebrgjegj\u00ebsi t\u00eb lart\u00eb morale dhe politike duke\u00a0d\u00ebgjuar z\u00ebrin d\u00ebshp\u00ebrues por shpres\u00ebdh\u00ebn\u00ebs t\u00eb shqiptar\u00ebve kudo, i cili th\u00ebrret p\u00ebr bashkim t\u00eb forcave politike shqiptare n\u00eb Mal t\u00eb Zi.<\/p>\n<p><strong>\u00a0Frank Shkreli<\/strong><\/p>\n","protected":false},"excerpt":{"rendered":"<p>Nga Frank Shkreli Thon\u00eb se bashkimi b\u00ebn fuqin\u00eb, nd\u00ebrsa p\u00ebr\u00e7arjet gjithmon\u00eb p\u00ebrfundojn\u00eb n\u00eb disfat\u00eb.\u00a0 Kjo fjal\u00eb e urt\u00eb merr nj\u00eb dometh\u00ebnje t\u00eb ve\u00e7ant\u00eb kur flitet p\u00ebr\u00a0munges\u00ebn e bashkpunimit midis faktor\u00ebve politik\u00eb an\u00eb e mban\u00eb trojeve shqiptare, por sidomos i p\u00ebrshtatet faktor\u00ebve politik\u00eb t\u00eb shqiptar\u00ebve n\u00ebn Ma t\u00eb Zi, ku nj\u00eb grusht shqiptar\u00ebsh jan\u00eb t\u00eb ndar\u00eb [&hellip;]<\/p>\n","protected":false},"author":1,"featured_media":0,"comment_status":"closed","ping_status":"closed","sticky":false,"template":"","format":"standard","meta":{"spay_email":"","jetpack_publicize_message":"","jetpack_is_tweetstorm":false,"jetpack_publicize_feature_enabled":true},"categories":[5],"tags":[],"jetpack_publicize_connections":[],"yoast_head":"<!-- This site is optimized with the Yoast SEO plugin v19.1 - https:\/\/yoast.com\/wordpress\/plugins\/seo\/ -->\n<title>Humbin shqiptar\u00ebt n\u00eb Ulqin nga Frank Shkreli - Lajme nga Ulqini<\/title>\n<meta name=\"description\" content=\"Nga Frank Shkreli Thon\u00eb se bashkimi b\u00ebn fuqin\u00eb, nd\u00ebrsa p\u00ebr\u00e7arjet gjithmon\u00eb p\u00ebrfundojn\u00eb n\u00eb disfat\u00eb.\u00a0 Kjo fjal\u00eb e urt\u00eb merr nj\u00eb dometh\u00ebnje t\u00eb ve\u00e7ant\u00eb kur\" \/>\n<meta name=\"robots\" content=\"index, follow, max-snippet:-1, max-image-preview:large, max-video-preview:-1\" \/>\n<link rel=\"canonical\" href=\"https:\/\/www.visit-ulcinj.com\/blog\/2014\/01\/28\/humbin-shqiptaret-ne-ulqin-nga-frank-shkreli\/\" \/>\n<meta property=\"og:locale\" content=\"en_US\" \/>\n<meta property=\"og:type\" content=\"article\" \/>\n<meta property=\"og:title\" content=\"Humbin shqiptar\u00ebt n\u00eb Ulqin nga Frank Shkreli - Lajme nga Ulqini\" \/>\n<meta property=\"og:description\" content=\"Nga Frank Shkreli Thon\u00eb se bashkimi b\u00ebn fuqin\u00eb, nd\u00ebrsa p\u00ebr\u00e7arjet gjithmon\u00eb p\u00ebrfundojn\u00eb n\u00eb disfat\u00eb.\u00a0 Kjo fjal\u00eb e urt\u00eb merr nj\u00eb dometh\u00ebnje t\u00eb ve\u00e7ant\u00eb kur\" \/>\n<meta property=\"og:url\" content=\"https:\/\/www.visit-ulcinj.com\/blog\/2014\/01\/28\/humbin-shqiptaret-ne-ulqin-nga-frank-shkreli\/\" \/>\n<meta property=\"og:site_name\" content=\"Lajme nga Ulqini\" \/>\n<meta property=\"article:published_time\" content=\"2014-01-28T19:24:15+00:00\" \/>\n<meta property=\"og:image\" content=\"http:\/\/www.visit-ulcinj.com\/blog\/wp-content\/uploads\/2013\/07\/ulcinj.jpg\" \/>\n<meta name=\"twitter:label1\" content=\"Written by\" \/>\n\t<meta name=\"twitter:data1\" content=\"ulqini\" \/>\n\t<meta name=\"twitter:label2\" content=\"Est. reading time\" \/>\n\t<meta name=\"twitter:data2\" content=\"9 minutes\" \/>\n<script type=\"application\/ld+json\" class=\"yoast-schema-graph\">{\"@context\":\"https:\/\/schema.org\",\"@graph\":[{\"@type\":\"WebSite\",\"@id\":\"https:\/\/www.visit-ulcinj.com\/blog\/#website\",\"url\":\"https:\/\/www.visit-ulcinj.com\/blog\/\",\"name\":\"Lajme nga Ulqini\",\"description\":\"Lajme,Vijesti,Ulqini,Ulqin,Crna Gora,Mali i Zi\",\"potentialAction\":[{\"@type\":\"SearchAction\",\"target\":{\"@type\":\"EntryPoint\",\"urlTemplate\":\"https:\/\/www.visit-ulcinj.com\/blog\/?s={search_term_string}\"},\"query-input\":\"required name=search_term_string\"}],\"inLanguage\":\"en-US\"},{\"@type\":\"ImageObject\",\"inLanguage\":\"en-US\",\"@id\":\"https:\/\/www.visit-ulcinj.com\/blog\/2014\/01\/28\/humbin-shqiptaret-ne-ulqin-nga-frank-shkreli\/#primaryimage\",\"url\":\"https:\/\/www.visit-ulcinj.com\/blog\/wp-content\/uploads\/2013\/07\/ulcinj.jpg\",\"contentUrl\":\"https:\/\/www.visit-ulcinj.com\/blog\/wp-content\/uploads\/2013\/07\/ulcinj.jpg\",\"width\":960,\"height\":425},{\"@type\":\"WebPage\",\"@id\":\"https:\/\/www.visit-ulcinj.com\/blog\/2014\/01\/28\/humbin-shqiptaret-ne-ulqin-nga-frank-shkreli\/#webpage\",\"url\":\"https:\/\/www.visit-ulcinj.com\/blog\/2014\/01\/28\/humbin-shqiptaret-ne-ulqin-nga-frank-shkreli\/\",\"name\":\"Humbin shqiptar\u00ebt n\u00eb Ulqin nga Frank Shkreli - Lajme nga Ulqini\",\"isPartOf\":{\"@id\":\"https:\/\/www.visit-ulcinj.com\/blog\/#website\"},\"primaryImageOfPage\":{\"@id\":\"https:\/\/www.visit-ulcinj.com\/blog\/2014\/01\/28\/humbin-shqiptaret-ne-ulqin-nga-frank-shkreli\/#primaryimage\"},\"datePublished\":\"2014-01-28T19:24:15+00:00\",\"dateModified\":\"2014-01-28T19:24:15+00:00\",\"author\":{\"@id\":\"https:\/\/www.visit-ulcinj.com\/blog\/#\/schema\/person\/dcab619c614d3038751c63bc2aadc06d\"},\"description\":\"Nga Frank Shkreli Thon\u00eb se bashkimi b\u00ebn fuqin\u00eb, nd\u00ebrsa p\u00ebr\u00e7arjet gjithmon\u00eb p\u00ebrfundojn\u00eb n\u00eb disfat\u00eb.\u00a0 Kjo fjal\u00eb e urt\u00eb merr nj\u00eb dometh\u00ebnje t\u00eb ve\u00e7ant\u00eb kur\",\"breadcrumb\":{\"@id\":\"https:\/\/www.visit-ulcinj.com\/blog\/2014\/01\/28\/humbin-shqiptaret-ne-ulqin-nga-frank-shkreli\/#breadcrumb\"},\"inLanguage\":\"en-US\",\"potentialAction\":[{\"@type\":\"ReadAction\",\"target\":[\"https:\/\/www.visit-ulcinj.com\/blog\/2014\/01\/28\/humbin-shqiptaret-ne-ulqin-nga-frank-shkreli\/\"]}]},{\"@type\":\"BreadcrumbList\",\"@id\":\"https:\/\/www.visit-ulcinj.com\/blog\/2014\/01\/28\/humbin-shqiptaret-ne-ulqin-nga-frank-shkreli\/#breadcrumb\",\"itemListElement\":[{\"@type\":\"ListItem\",\"position\":1,\"name\":\"Humbin shqiptar\u00ebt n\u00eb Ulqin nga Frank Shkreli\"}]},{\"@type\":\"Person\",\"@id\":\"https:\/\/www.visit-ulcinj.com\/blog\/#\/schema\/person\/dcab619c614d3038751c63bc2aadc06d\",\"name\":\"ulqini\",\"sameAs\":[\"http:\/\/www.visit-ulcinj.com\"],\"url\":\"https:\/\/www.visit-ulcinj.com\/blog\/author\/admin\/\"}]}<\/script>\n<!-- \/ Yoast SEO plugin. -->","yoast_head_json":{"title":"Humbin shqiptar\u00ebt n\u00eb Ulqin nga Frank Shkreli - Lajme nga Ulqini","description":"Nga Frank Shkreli Thon\u00eb se bashkimi b\u00ebn fuqin\u00eb, nd\u00ebrsa p\u00ebr\u00e7arjet gjithmon\u00eb p\u00ebrfundojn\u00eb n\u00eb disfat\u00eb.\u00a0 Kjo fjal\u00eb e urt\u00eb merr nj\u00eb dometh\u00ebnje t\u00eb ve\u00e7ant\u00eb kur","robots":{"index":"index","follow":"follow","max-snippet":"max-snippet:-1","max-image-preview":"max-image-preview:large","max-video-preview":"max-video-preview:-1"},"canonical":"https:\/\/www.visit-ulcinj.com\/blog\/2014\/01\/28\/humbin-shqiptaret-ne-ulqin-nga-frank-shkreli\/","og_locale":"en_US","og_type":"article","og_title":"Humbin shqiptar\u00ebt n\u00eb Ulqin nga Frank Shkreli - Lajme nga Ulqini","og_description":"Nga Frank Shkreli Thon\u00eb se bashkimi b\u00ebn fuqin\u00eb, nd\u00ebrsa p\u00ebr\u00e7arjet gjithmon\u00eb p\u00ebrfundojn\u00eb n\u00eb disfat\u00eb.\u00a0 Kjo fjal\u00eb e urt\u00eb merr nj\u00eb dometh\u00ebnje t\u00eb ve\u00e7ant\u00eb kur","og_url":"https:\/\/www.visit-ulcinj.com\/blog\/2014\/01\/28\/humbin-shqiptaret-ne-ulqin-nga-frank-shkreli\/","og_site_name":"Lajme nga Ulqini","article_published_time":"2014-01-28T19:24:15+00:00","og_image":[{"url":"http:\/\/www.visit-ulcinj.com\/blog\/wp-content\/uploads\/2013\/07\/ulcinj.jpg"}],"twitter_misc":{"Written by":"ulqini","Est. reading time":"9 minutes"},"schema":{"@context":"https:\/\/schema.org","@graph":[{"@type":"WebSite","@id":"https:\/\/www.visit-ulcinj.com\/blog\/#website","url":"https:\/\/www.visit-ulcinj.com\/blog\/","name":"Lajme nga Ulqini","description":"Lajme,Vijesti,Ulqini,Ulqin,Crna Gora,Mali i Zi","potentialAction":[{"@type":"SearchAction","target":{"@type":"EntryPoint","urlTemplate":"https:\/\/www.visit-ulcinj.com\/blog\/?s={search_term_string}"},"query-input":"required name=search_term_string"}],"inLanguage":"en-US"},{"@type":"ImageObject","inLanguage":"en-US","@id":"https:\/\/www.visit-ulcinj.com\/blog\/2014\/01\/28\/humbin-shqiptaret-ne-ulqin-nga-frank-shkreli\/#primaryimage","url":"https:\/\/www.visit-ulcinj.com\/blog\/wp-content\/uploads\/2013\/07\/ulcinj.jpg","contentUrl":"https:\/\/www.visit-ulcinj.com\/blog\/wp-content\/uploads\/2013\/07\/ulcinj.jpg","width":960,"height":425},{"@type":"WebPage","@id":"https:\/\/www.visit-ulcinj.com\/blog\/2014\/01\/28\/humbin-shqiptaret-ne-ulqin-nga-frank-shkreli\/#webpage","url":"https:\/\/www.visit-ulcinj.com\/blog\/2014\/01\/28\/humbin-shqiptaret-ne-ulqin-nga-frank-shkreli\/","name":"Humbin shqiptar\u00ebt n\u00eb Ulqin nga Frank Shkreli - Lajme nga Ulqini","isPartOf":{"@id":"https:\/\/www.visit-ulcinj.com\/blog\/#website"},"primaryImageOfPage":{"@id":"https:\/\/www.visit-ulcinj.com\/blog\/2014\/01\/28\/humbin-shqiptaret-ne-ulqin-nga-frank-shkreli\/#primaryimage"},"datePublished":"2014-01-28T19:24:15+00:00","dateModified":"2014-01-28T19:24:15+00:00","author":{"@id":"https:\/\/www.visit-ulcinj.com\/blog\/#\/schema\/person\/dcab619c614d3038751c63bc2aadc06d"},"description":"Nga Frank Shkreli Thon\u00eb se bashkimi b\u00ebn fuqin\u00eb, nd\u00ebrsa p\u00ebr\u00e7arjet gjithmon\u00eb p\u00ebrfundojn\u00eb n\u00eb disfat\u00eb.\u00a0 Kjo fjal\u00eb e urt\u00eb merr nj\u00eb dometh\u00ebnje t\u00eb ve\u00e7ant\u00eb kur","breadcrumb":{"@id":"https:\/\/www.visit-ulcinj.com\/blog\/2014\/01\/28\/humbin-shqiptaret-ne-ulqin-nga-frank-shkreli\/#breadcrumb"},"inLanguage":"en-US","potentialAction":[{"@type":"ReadAction","target":["https:\/\/www.visit-ulcinj.com\/blog\/2014\/01\/28\/humbin-shqiptaret-ne-ulqin-nga-frank-shkreli\/"]}]},{"@type":"BreadcrumbList","@id":"https:\/\/www.visit-ulcinj.com\/blog\/2014\/01\/28\/humbin-shqiptaret-ne-ulqin-nga-frank-shkreli\/#breadcrumb","itemListElement":[{"@type":"ListItem","position":1,"name":"Humbin shqiptar\u00ebt n\u00eb Ulqin nga Frank Shkreli"}]},{"@type":"Person","@id":"https:\/\/www.visit-ulcinj.com\/blog\/#\/schema\/person\/dcab619c614d3038751c63bc2aadc06d","name":"ulqini","sameAs":["http:\/\/www.visit-ulcinj.com"],"url":"https:\/\/www.visit-ulcinj.com\/blog\/author\/admin\/"}]}},"jetpack_featured_media_url":"","jetpack_sharing_enabled":true,"jetpack_shortlink":"https:\/\/wp.me\/pe6lTn-kwG","_links":{"self":[{"href":"https:\/\/www.visit-ulcinj.com\/blog\/wp-json\/wp\/v2\/posts\/78906"}],"collection":[{"href":"https:\/\/www.visit-ulcinj.com\/blog\/wp-json\/wp\/v2\/posts"}],"about":[{"href":"https:\/\/www.visit-ulcinj.com\/blog\/wp-json\/wp\/v2\/types\/post"}],"author":[{"embeddable":true,"href":"https:\/\/www.visit-ulcinj.com\/blog\/wp-json\/wp\/v2\/users\/1"}],"replies":[{"embeddable":true,"href":"https:\/\/www.visit-ulcinj.com\/blog\/wp-json\/wp\/v2\/comments?post=78906"}],"version-history":[{"count":1,"href":"https:\/\/www.visit-ulcinj.com\/blog\/wp-json\/wp\/v2\/posts\/78906\/revisions"}],"predecessor-version":[{"id":78907,"href":"https:\/\/www.visit-ulcinj.com\/blog\/wp-json\/wp\/v2\/posts\/78906\/revisions\/78907"}],"wp:attachment":[{"href":"https:\/\/www.visit-ulcinj.com\/blog\/wp-json\/wp\/v2\/media?parent=78906"}],"wp:term":[{"taxonomy":"category","embeddable":true,"href":"https:\/\/www.visit-ulcinj.com\/blog\/wp-json\/wp\/v2\/categories?post=78906"},{"taxonomy":"post_tag","embeddable":true,"href":"https:\/\/www.visit-ulcinj.com\/blog\/wp-json\/wp\/v2\/tags?post=78906"}],"curies":[{"name":"wp","href":"https:\/\/api.w.org\/{rel}","templated":true}]}}