{"id":78923,"date":"2014-01-28T23:57:27","date_gmt":"2014-01-28T22:57:27","guid":{"rendered":"http:\/\/www.visit-ulcinj.com\/blog\/?p=78923"},"modified":"2014-01-29T11:10:12","modified_gmt":"2014-01-29T10:10:12","slug":"studentet-e-ulqinit-shkoder-mos-lejoni-tju-gjykoje-e-ardhmja","status":"publish","type":"post","link":"https:\/\/www.visit-ulcinj.com\/blog\/2014\/01\/28\/studentet-e-ulqinit-shkoder-mos-lejoni-tju-gjykoje-e-ardhmja\/","title":{"rendered":"Student\u00ebt E Ulqinit Shkod\u00ebr &#8211; Mos lejoni t\u2019Ju gjykoj\u00eb e ardhmja"},"content":{"rendered":"<p><strong><a href=\"http:\/\/www.visit-ulcinj.com\/blog\/wp-content\/uploads\/2014\/01\/Studentet-E-Ulqinit-Shkoder.jpg\"><img loading=\"lazy\" class=\"alignleft  wp-image-78925\" alt=\"Studentet E Ulqinit Shkoder\" src=\"http:\/\/www.visit-ulcinj.com\/blog\/wp-content\/uploads\/2014\/01\/Studentet-E-Ulqinit-Shkoder.jpg\" width=\"508\" height=\"500\" \/><\/a>Mos lejoni t\u2019Ju gjykoj\u00eb e ardhmja<\/strong><\/p>\n<p>N\u00eb emer t\u00eb t\u00eb gjith\u00eb student\u00ebve t\u00eb Ulqinit t\u00eb cil\u00ebt studjojn\u00eb n\u00eb Universitetin e Shkodr\u00ebs, Ju b\u00ebjm\u00eb thirrje subjekteve politike shqiptare t\u00eb cil\u00ebt garuan n\u00eb zgjedhjet e parakohshme lokale si: Koalicioni ,,Bashk\u00eb p\u00ebr t\u00eb ardhmen e Ulqinit\u201d ( Partija Demokratike, L\u00ebvizja Qytetare -P\u00ebrspektiva dhe Lidhja Demokratike n\u00eb Mal t\u00eb Zi), Forca e re Demokratike, dhe Unioni Demokratik i Shqiptar\u00ebve q\u00eb t\u00eb bashkohen dhe t\u00eb formojn\u00eb shumic\u00ebn p\u00ebr qeverisjen lokale, p\u00ebr t\u00eb mir\u00ebn e qytetar\u00ebve t\u00eb komun\u00ebs s\u00eb Ulqinit.<\/p>\n<p>T\u2019i menjanojn\u00eb interesat e tyre personale vet\u00ebm dhe vet\u00ebm p\u00ebr t\u00eb mos iu dor\u00ebzuar qytetin m\u00eb t\u00eb bukur bregdetar si dhe t\u00eb vetmen Komun\u00eb q\u00eb udh\u00ebheq\u00ebt nga shqiptar\u00ebt q\u00eb nga shum\u00ebpartijak\u00ebsia, PDS-\u00ebs. P\u00ebrse duhet t\u00eb heshtim dhe t\u00eb mos provojm\u00eb nj\u00eb bashkim t\u00eb till\u00eb duke pasur parasysh q\u00eb do t\u00eb jemi plot kat\u00ebr vite n\u00ebn sundimin e PDS-\u00ebs. \u00cbsht\u00eb e v\u00ebrtet\u00eb se Zoti nuk e ndryshon gj\u00ebndjen e nj\u00eb populli, derisa ata ta ndryshojn\u00eb vet\u00ebn e tyre. Koha nuk pret, jan\u00eb vet\u00ebm tre subjekte politike shqiptare q\u00eb mund ta ndalojn\u00eb at\u00eb, vet\u00ebm me bashkimin e tyre duke mos e dor\u00ebzuar Ulqinin n\u00eb dor\u00ebn e partis\u00eb n\u00eb pushtet, sepse p\u00ebr k\u00ebt\u00eb do t\u2019Ju gjykoj\u00eb e ardhmja.<\/p>\n<p>&nbsp;<\/p>\n<div id=\"id_52e83558268e54b72151046\"><strong>Student\u00ebt e Ulqinit n\u00eb Shkod\u00ebr, SUSH.<\/strong><\/div>\n","protected":false},"excerpt":{"rendered":"<p>Mos lejoni t\u2019Ju gjykoj\u00eb e ardhmja N\u00eb emer t\u00eb t\u00eb gjith\u00eb student\u00ebve t\u00eb Ulqinit t\u00eb cil\u00ebt studjojn\u00eb n\u00eb Universitetin e Shkodr\u00ebs, Ju b\u00ebjm\u00eb thirrje subjekteve politike shqiptare t\u00eb cil\u00ebt garuan n\u00eb zgjedhjet e parakohshme lokale si: Koalicioni ,,Bashk\u00eb p\u00ebr t\u00eb ardhmen e Ulqinit\u201d ( Partija Demokratike, L\u00ebvizja Qytetare -P\u00ebrspektiva dhe Lidhja Demokratike n\u00eb Mal t\u00eb [&hellip;]<\/p>\n","protected":false},"author":1,"featured_media":0,"comment_status":"closed","ping_status":"closed","sticky":false,"template":"","format":"standard","meta":{"spay_email":"","jetpack_publicize_message":"","jetpack_is_tweetstorm":false,"jetpack_publicize_feature_enabled":true},"categories":[2451],"tags":[],"jetpack_publicize_connections":[],"yoast_head":"<!-- This site is optimized with the Yoast SEO plugin v19.1 - https:\/\/yoast.com\/wordpress\/plugins\/seo\/ -->\n<title>Student\u00ebt E Ulqinit Shkod\u00ebr - Mos lejoni t\u2019Ju gjykoj\u00eb e ardhmja - Lajme nga Ulqini<\/title>\n<meta name=\"description\" content=\"Mos lejoni t\u2019Ju gjykoj\u00eb e ardhmja N\u00eb emer t\u00eb t\u00eb gjith\u00eb student\u00ebve t\u00eb Ulqinit t\u00eb cil\u00ebt studjojn\u00eb n\u00eb Universitetin e Shkodr\u00ebs, Ju b\u00ebjm\u00eb thirrje subjekteve\" \/>\n<meta name=\"robots\" content=\"index, follow, max-snippet:-1, max-image-preview:large, max-video-preview:-1\" \/>\n<link rel=\"canonical\" href=\"https:\/\/www.visit-ulcinj.com\/blog\/2014\/01\/28\/studentet-e-ulqinit-shkoder-mos-lejoni-tju-gjykoje-e-ardhmja\/\" \/>\n<meta property=\"og:locale\" content=\"en_US\" \/>\n<meta property=\"og:type\" content=\"article\" \/>\n<meta property=\"og:title\" content=\"Student\u00ebt E Ulqinit Shkod\u00ebr - Mos lejoni t\u2019Ju gjykoj\u00eb e ardhmja - Lajme nga Ulqini\" \/>\n<meta property=\"og:description\" content=\"Mos lejoni t\u2019Ju gjykoj\u00eb e ardhmja N\u00eb emer t\u00eb t\u00eb gjith\u00eb student\u00ebve t\u00eb Ulqinit t\u00eb cil\u00ebt studjojn\u00eb n\u00eb Universitetin e Shkodr\u00ebs, Ju b\u00ebjm\u00eb thirrje subjekteve\" \/>\n<meta property=\"og:url\" content=\"https:\/\/www.visit-ulcinj.com\/blog\/2014\/01\/28\/studentet-e-ulqinit-shkoder-mos-lejoni-tju-gjykoje-e-ardhmja\/\" \/>\n<meta property=\"og:site_name\" content=\"Lajme nga Ulqini\" \/>\n<meta property=\"article:published_time\" content=\"2014-01-28T22:57:27+00:00\" \/>\n<meta property=\"article:modified_time\" content=\"2014-01-29T10:10:12+00:00\" \/>\n<meta property=\"og:image\" content=\"http:\/\/www.visit-ulcinj.com\/blog\/wp-content\/uploads\/2014\/01\/Studentet-E-Ulqinit-Shkoder.jpg\" \/>\n<meta name=\"twitter:label1\" content=\"Written by\" \/>\n\t<meta name=\"twitter:data1\" content=\"ulqini\" \/>\n\t<meta name=\"twitter:label2\" content=\"Est. reading time\" \/>\n\t<meta name=\"twitter:data2\" content=\"1 minute\" \/>\n<script type=\"application\/ld+json\" class=\"yoast-schema-graph\">{\"@context\":\"https:\/\/schema.org\",\"@graph\":[{\"@type\":\"WebSite\",\"@id\":\"https:\/\/www.visit-ulcinj.com\/blog\/#website\",\"url\":\"https:\/\/www.visit-ulcinj.com\/blog\/\",\"name\":\"Lajme nga Ulqini\",\"description\":\"Lajme,Vijesti,Ulqini,Ulqin,Crna Gora,Mali i Zi\",\"potentialAction\":[{\"@type\":\"SearchAction\",\"target\":{\"@type\":\"EntryPoint\",\"urlTemplate\":\"https:\/\/www.visit-ulcinj.com\/blog\/?s={search_term_string}\"},\"query-input\":\"required name=search_term_string\"}],\"inLanguage\":\"en-US\"},{\"@type\":\"ImageObject\",\"inLanguage\":\"en-US\",\"@id\":\"https:\/\/www.visit-ulcinj.com\/blog\/2014\/01\/28\/studentet-e-ulqinit-shkoder-mos-lejoni-tju-gjykoje-e-ardhmja\/#primaryimage\",\"url\":\"https:\/\/www.visit-ulcinj.com\/blog\/wp-content\/uploads\/2014\/01\/Studentet-E-Ulqinit-Shkoder.jpg\",\"contentUrl\":\"https:\/\/www.visit-ulcinj.com\/blog\/wp-content\/uploads\/2014\/01\/Studentet-E-Ulqinit-Shkoder.jpg\",\"width\":576,\"height\":575},{\"@type\":\"WebPage\",\"@id\":\"https:\/\/www.visit-ulcinj.com\/blog\/2014\/01\/28\/studentet-e-ulqinit-shkoder-mos-lejoni-tju-gjykoje-e-ardhmja\/#webpage\",\"url\":\"https:\/\/www.visit-ulcinj.com\/blog\/2014\/01\/28\/studentet-e-ulqinit-shkoder-mos-lejoni-tju-gjykoje-e-ardhmja\/\",\"name\":\"Student\u00ebt E Ulqinit Shkod\u00ebr - Mos lejoni t\u2019Ju gjykoj\u00eb e ardhmja - Lajme nga Ulqini\",\"isPartOf\":{\"@id\":\"https:\/\/www.visit-ulcinj.com\/blog\/#website\"},\"primaryImageOfPage\":{\"@id\":\"https:\/\/www.visit-ulcinj.com\/blog\/2014\/01\/28\/studentet-e-ulqinit-shkoder-mos-lejoni-tju-gjykoje-e-ardhmja\/#primaryimage\"},\"datePublished\":\"2014-01-28T22:57:27+00:00\",\"dateModified\":\"2014-01-29T10:10:12+00:00\",\"author\":{\"@id\":\"https:\/\/www.visit-ulcinj.com\/blog\/#\/schema\/person\/dcab619c614d3038751c63bc2aadc06d\"},\"description\":\"Mos lejoni t\u2019Ju gjykoj\u00eb e ardhmja N\u00eb emer t\u00eb t\u00eb gjith\u00eb student\u00ebve t\u00eb Ulqinit t\u00eb cil\u00ebt studjojn\u00eb n\u00eb Universitetin e Shkodr\u00ebs, Ju b\u00ebjm\u00eb thirrje subjekteve\",\"breadcrumb\":{\"@id\":\"https:\/\/www.visit-ulcinj.com\/blog\/2014\/01\/28\/studentet-e-ulqinit-shkoder-mos-lejoni-tju-gjykoje-e-ardhmja\/#breadcrumb\"},\"inLanguage\":\"en-US\",\"potentialAction\":[{\"@type\":\"ReadAction\",\"target\":[\"https:\/\/www.visit-ulcinj.com\/blog\/2014\/01\/28\/studentet-e-ulqinit-shkoder-mos-lejoni-tju-gjykoje-e-ardhmja\/\"]}]},{\"@type\":\"BreadcrumbList\",\"@id\":\"https:\/\/www.visit-ulcinj.com\/blog\/2014\/01\/28\/studentet-e-ulqinit-shkoder-mos-lejoni-tju-gjykoje-e-ardhmja\/#breadcrumb\",\"itemListElement\":[{\"@type\":\"ListItem\",\"position\":1,\"name\":\"Student\u00ebt E Ulqinit Shkod\u00ebr &#8211; Mos lejoni t\u2019Ju gjykoj\u00eb e ardhmja\"}]},{\"@type\":\"Person\",\"@id\":\"https:\/\/www.visit-ulcinj.com\/blog\/#\/schema\/person\/dcab619c614d3038751c63bc2aadc06d\",\"name\":\"ulqini\",\"sameAs\":[\"http:\/\/www.visit-ulcinj.com\"],\"url\":\"https:\/\/www.visit-ulcinj.com\/blog\/author\/admin\/\"}]}<\/script>\n<!-- \/ Yoast SEO plugin. -->","yoast_head_json":{"title":"Student\u00ebt E Ulqinit Shkod\u00ebr - Mos lejoni t\u2019Ju gjykoj\u00eb e ardhmja - Lajme nga Ulqini","description":"Mos lejoni t\u2019Ju gjykoj\u00eb e ardhmja N\u00eb emer t\u00eb t\u00eb gjith\u00eb student\u00ebve t\u00eb Ulqinit t\u00eb cil\u00ebt studjojn\u00eb n\u00eb Universitetin e Shkodr\u00ebs, Ju b\u00ebjm\u00eb thirrje subjekteve","robots":{"index":"index","follow":"follow","max-snippet":"max-snippet:-1","max-image-preview":"max-image-preview:large","max-video-preview":"max-video-preview:-1"},"canonical":"https:\/\/www.visit-ulcinj.com\/blog\/2014\/01\/28\/studentet-e-ulqinit-shkoder-mos-lejoni-tju-gjykoje-e-ardhmja\/","og_locale":"en_US","og_type":"article","og_title":"Student\u00ebt E Ulqinit Shkod\u00ebr - Mos lejoni t\u2019Ju gjykoj\u00eb e ardhmja - Lajme nga Ulqini","og_description":"Mos lejoni t\u2019Ju gjykoj\u00eb e ardhmja N\u00eb emer t\u00eb t\u00eb gjith\u00eb student\u00ebve t\u00eb Ulqinit t\u00eb cil\u00ebt studjojn\u00eb n\u00eb Universitetin e Shkodr\u00ebs, Ju b\u00ebjm\u00eb thirrje subjekteve","og_url":"https:\/\/www.visit-ulcinj.com\/blog\/2014\/01\/28\/studentet-e-ulqinit-shkoder-mos-lejoni-tju-gjykoje-e-ardhmja\/","og_site_name":"Lajme nga Ulqini","article_published_time":"2014-01-28T22:57:27+00:00","article_modified_time":"2014-01-29T10:10:12+00:00","og_image":[{"url":"http:\/\/www.visit-ulcinj.com\/blog\/wp-content\/uploads\/2014\/01\/Studentet-E-Ulqinit-Shkoder.jpg"}],"twitter_misc":{"Written by":"ulqini","Est. reading time":"1 minute"},"schema":{"@context":"https:\/\/schema.org","@graph":[{"@type":"WebSite","@id":"https:\/\/www.visit-ulcinj.com\/blog\/#website","url":"https:\/\/www.visit-ulcinj.com\/blog\/","name":"Lajme nga Ulqini","description":"Lajme,Vijesti,Ulqini,Ulqin,Crna Gora,Mali i Zi","potentialAction":[{"@type":"SearchAction","target":{"@type":"EntryPoint","urlTemplate":"https:\/\/www.visit-ulcinj.com\/blog\/?s={search_term_string}"},"query-input":"required name=search_term_string"}],"inLanguage":"en-US"},{"@type":"ImageObject","inLanguage":"en-US","@id":"https:\/\/www.visit-ulcinj.com\/blog\/2014\/01\/28\/studentet-e-ulqinit-shkoder-mos-lejoni-tju-gjykoje-e-ardhmja\/#primaryimage","url":"https:\/\/www.visit-ulcinj.com\/blog\/wp-content\/uploads\/2014\/01\/Studentet-E-Ulqinit-Shkoder.jpg","contentUrl":"https:\/\/www.visit-ulcinj.com\/blog\/wp-content\/uploads\/2014\/01\/Studentet-E-Ulqinit-Shkoder.jpg","width":576,"height":575},{"@type":"WebPage","@id":"https:\/\/www.visit-ulcinj.com\/blog\/2014\/01\/28\/studentet-e-ulqinit-shkoder-mos-lejoni-tju-gjykoje-e-ardhmja\/#webpage","url":"https:\/\/www.visit-ulcinj.com\/blog\/2014\/01\/28\/studentet-e-ulqinit-shkoder-mos-lejoni-tju-gjykoje-e-ardhmja\/","name":"Student\u00ebt E Ulqinit Shkod\u00ebr - Mos lejoni t\u2019Ju gjykoj\u00eb e ardhmja - Lajme nga Ulqini","isPartOf":{"@id":"https:\/\/www.visit-ulcinj.com\/blog\/#website"},"primaryImageOfPage":{"@id":"https:\/\/www.visit-ulcinj.com\/blog\/2014\/01\/28\/studentet-e-ulqinit-shkoder-mos-lejoni-tju-gjykoje-e-ardhmja\/#primaryimage"},"datePublished":"2014-01-28T22:57:27+00:00","dateModified":"2014-01-29T10:10:12+00:00","author":{"@id":"https:\/\/www.visit-ulcinj.com\/blog\/#\/schema\/person\/dcab619c614d3038751c63bc2aadc06d"},"description":"Mos lejoni t\u2019Ju gjykoj\u00eb e ardhmja N\u00eb emer t\u00eb t\u00eb gjith\u00eb student\u00ebve t\u00eb Ulqinit t\u00eb cil\u00ebt studjojn\u00eb n\u00eb Universitetin e Shkodr\u00ebs, Ju b\u00ebjm\u00eb thirrje subjekteve","breadcrumb":{"@id":"https:\/\/www.visit-ulcinj.com\/blog\/2014\/01\/28\/studentet-e-ulqinit-shkoder-mos-lejoni-tju-gjykoje-e-ardhmja\/#breadcrumb"},"inLanguage":"en-US","potentialAction":[{"@type":"ReadAction","target":["https:\/\/www.visit-ulcinj.com\/blog\/2014\/01\/28\/studentet-e-ulqinit-shkoder-mos-lejoni-tju-gjykoje-e-ardhmja\/"]}]},{"@type":"BreadcrumbList","@id":"https:\/\/www.visit-ulcinj.com\/blog\/2014\/01\/28\/studentet-e-ulqinit-shkoder-mos-lejoni-tju-gjykoje-e-ardhmja\/#breadcrumb","itemListElement":[{"@type":"ListItem","position":1,"name":"Student\u00ebt E Ulqinit Shkod\u00ebr &#8211; Mos lejoni t\u2019Ju gjykoj\u00eb e ardhmja"}]},{"@type":"Person","@id":"https:\/\/www.visit-ulcinj.com\/blog\/#\/schema\/person\/dcab619c614d3038751c63bc2aadc06d","name":"ulqini","sameAs":["http:\/\/www.visit-ulcinj.com"],"url":"https:\/\/www.visit-ulcinj.com\/blog\/author\/admin\/"}]}},"jetpack_featured_media_url":"","jetpack_sharing_enabled":true,"jetpack_shortlink":"https:\/\/wp.me\/pe6lTn-kwX","_links":{"self":[{"href":"https:\/\/www.visit-ulcinj.com\/blog\/wp-json\/wp\/v2\/posts\/78923"}],"collection":[{"href":"https:\/\/www.visit-ulcinj.com\/blog\/wp-json\/wp\/v2\/posts"}],"about":[{"href":"https:\/\/www.visit-ulcinj.com\/blog\/wp-json\/wp\/v2\/types\/post"}],"author":[{"embeddable":true,"href":"https:\/\/www.visit-ulcinj.com\/blog\/wp-json\/wp\/v2\/users\/1"}],"replies":[{"embeddable":true,"href":"https:\/\/www.visit-ulcinj.com\/blog\/wp-json\/wp\/v2\/comments?post=78923"}],"version-history":[{"count":2,"href":"https:\/\/www.visit-ulcinj.com\/blog\/wp-json\/wp\/v2\/posts\/78923\/revisions"}],"predecessor-version":[{"id":78926,"href":"https:\/\/www.visit-ulcinj.com\/blog\/wp-json\/wp\/v2\/posts\/78923\/revisions\/78926"}],"wp:attachment":[{"href":"https:\/\/www.visit-ulcinj.com\/blog\/wp-json\/wp\/v2\/media?parent=78923"}],"wp:term":[{"taxonomy":"category","embeddable":true,"href":"https:\/\/www.visit-ulcinj.com\/blog\/wp-json\/wp\/v2\/categories?post=78923"},{"taxonomy":"post_tag","embeddable":true,"href":"https:\/\/www.visit-ulcinj.com\/blog\/wp-json\/wp\/v2\/tags?post=78923"}],"curies":[{"name":"wp","href":"https:\/\/api.w.org\/{rel}","templated":true}]}}