{"id":78927,"date":"2014-01-29T00:08:49","date_gmt":"2014-01-28T23:08:49","guid":{"rendered":"http:\/\/www.visit-ulcinj.com\/blog\/?p=78927"},"modified":"2014-01-29T01:15:26","modified_gmt":"2014-01-29T00:15:26","slug":"genc-prelvukaj-kur-keshtjella-merret-nga-brenda","status":"publish","type":"post","link":"https:\/\/www.visit-ulcinj.com\/blog\/2014\/01\/29\/genc-prelvukaj-kur-keshtjella-merret-nga-brenda\/","title":{"rendered":"Genc Prelvukaj: Kur k\u00ebshtjella merret nga brenda"},"content":{"rendered":"<p><strong><a href=\"http:\/\/www.visit-ulcinj.com\/blog\/wp-content\/uploads\/2014\/01\/Genc-Prelvukaj.jpg\"><img loading=\"lazy\" class=\"alignleft  wp-image-78928\" alt=\"Genc Prelvukaj\" src=\"http:\/\/www.visit-ulcinj.com\/blog\/wp-content\/uploads\/2014\/01\/Genc-Prelvukaj.jpg\" width=\"508\" height=\"360\" \/><\/a>T\u00eb nd\u00ebruar akter\u00eb politik t\u00eb Ulqinit<\/strong><\/p>\n<p>Nuk e di n\u00ebse \u00ebsht\u00eb t\u00ebrbuar deti atje k\u00ebto dit\u00eb , murrlani n\u00eb \u00ebsht\u00eb larg apo ua \u00e7on tarabat, a \u00ebsht\u00eb bresh\u00ebri e shiu af\u00ebr, por nj\u00eb gj\u00eb \u00ebsht\u00eb e qart\u00eb : marrja juaj m\u00eb asnj\u00eb gj\u00eb nuk lahet m\u00eb. Mos thoni n\u00ebn dh\u00ebmb\u00eb q\u00eb \u00e7udit\u00eb zgjasin pak, sepse kjo nuk \u00ebsht\u00eb e b\u00ebm\u00eb q\u00eb ik\u00ebn me dimrin. Kur t\u00eb godet dikush me thik\u00eb shenja mbetet, e ju jo thik\u00eb, por sopat\u00eb i rat\u00eb emrit tuaj, shqiptar\u00ebve tuaj dhe historis\u00eb q\u00eb ju rri pas krah\u00ebve. Nuk ka faj bariu n\u00eb Anamal, peshkatari n\u00eb Shtoj e as buk\u00ebpjeksi n\u00ebn k\u00ebshtjell\u00eb por ju q\u00eb i mor\u00ebt fytyr\u00ebn atyre para shqiptar\u00ebve tjer\u00eb p\u00ebrtej maleve.<\/p>\n<p>Prej nj\u00eb grupi etnik q\u00eb p\u00ebrb\u00ebn vet\u00ebm 5% t\u00eb popullat\u00ebs s\u00eb p\u00ebrgjithshme n\u00eb rend shteti, krijuat m\u00eb shum\u00eb parti politike se sa ndoshta edhe Republika e Kosov\u00ebs me af\u00ebrsisht dy milion\u00eb banor\u00eb. Dallimet e par\u00ebnd\u00ebsishme q\u00eb vet\u00eb investuat n\u00eb to, p\u00ebr tu kthyer m\u00eb pas eg\u00ebrsisht kund\u00ebr nj\u00ebri tjetrit, mboll\u00ebn dhembje q\u00eb ju shp\u00ebrtheu n\u00eb gjakderdhje p\u00ebr hunde e goje m\u00eb pas. \u00cbsht\u00eb qart\u00eb se n\u00eb cilin mulli \u00e7uat uj\u00eb more t\u00eb \u201cdashtun\u201d.<\/p>\n<p>Dikur Shqip\u00ebria e veriut kishte dymb\u00ebdhjet\u00eb fise, me dallime t\u00eb m\u00ebdha, q\u00eb kishin bashk\u00ebjetuar me probleme t\u00eb shumta mes vete nd\u00ebr koh\u00eb. Megjithat\u00eb edhe n\u00eb bashk\u00ebsit\u00eb primitive kur rrezikun e kishin n\u00eb der\u00eb, krer\u00ebt e tyre mblidheshin k\u00ebmb\u00ebkryq pa dallim. Cil\u00ebn marr\u00ebveshje politike mes vete e b\u00ebt\u00eb ju ? Asnj\u00eb, p\u00ebr k\u00ebt\u00eb arsye ua morr\u00ebn k\u00ebshtjell\u00ebn nga mbrenda, gjithsesi me pak ushtar\u00eb e pa zhurm\u00eb.<\/p>\n<p>M\u00eb lejoni t\u00eb ua kujtoj rastin shembullor t\u00eb K\u00ebr\u00e7ov\u00ebs n\u00eb Maqedoni. Partit\u00eb politike shqiptare andej dallimet i kan\u00eb edhe m\u00eb t\u00eb m\u00ebdha se ju. Interesat e tyre p\u00ebrplas\u00ebn n\u00eb nj\u00eb rrafsh m\u00eb t\u00eb gj\u00ebr\u00eb si territorialisht si dhe n\u00eb num\u00ebr t\u00eb banor\u00ebve n\u00eb p\u00ebrgjith\u00ebsi. Megjithat\u00eb n\u00eb zgjedhje lokale kthyen nj\u00eb Shqiptar n\u00eb krye t\u00eb qytetit pas af\u00ebrsisht nj\u00ebqind vitesh. Si e b\u00ebn\u00eb ? Sigurisht jo me logjik\u00ebn tuaj por lan\u00eb \u00e7do dallim anash dhe investuan n\u00eb t\u00eb mir\u00ebn e p\u00ebrbashk\u00ebt. Poashtu edhe n\u00eb Strug\u00eb \u00ebsht\u00eb i njejti rast. Si nuk i mor\u00ebt shembull ?<\/p>\n<p>Mungesa e bashk\u00ebpunimit politik p\u00ebr t\u00eb v\u00ebn\u00eb n\u00eb jet\u00eb interesat politiko-ekonomike t\u00eb bashkqytetar\u00ebve tuaj, ka b\u00ebr\u00eb q\u00eb edhe nj\u00eb pjes\u00eb e shtres\u00ebs s\u00eb re politike shqiptare t\u00eb aderoj\u00eb n\u00eb partit\u00eb malazeze, veprim q\u00eb derivon nga pak\u00ebnaq\u00ebsia q\u00eb kan\u00eb ndaj jush. Edhe ata nuk jan\u00eb t\u00eb pafajsh\u00ebm mos keni merak, por fillimisht faji r\u00ebndon te ju e pastaj ulet posht\u00eb. Atje kemi individ\u00eb derisa ju p\u00ebrb\u00ebni mekanizmin q\u00eb do t\u00eb duhej ta bashk\u00ebr\u00ebndonte interesin e qytetar\u00ebve shqiptar\u00eb drejt realizimit.<\/p>\n<p>Dit\u00ebve n\u00eb vazhdim partia malazeze DPS mund t\u00eb kandidoj\u00eb nj\u00eb shqiptar p\u00ebr kryetar t\u00eb qytetit nga radh\u00ebt e saj. Nj\u00eb koalicion me ndonj\u00ebrin nga ju kjo pun\u00eb realizohet dhe kjo \u00ebsht\u00eb goditja e dyt\u00eb. Ndaj jush do t\u00eb rendoj\u00eb faji qe e provuat th\u00ebni\u00ebn e gatuar plot urrejtje, q\u00eb shqiptar\u00ebt e duan t\u00eb huajin p\u00ebr zot dhe jan\u00eb t\u00eb lindur p\u00ebr ti sh\u00ebrbyer dikujt. Ndoshta jo publikisht por n\u00eb tryezat gjithandej ballkanit kjo do shp\u00ebrthej\u00eb.<\/p>\n<p>Sfera juaj e mendimit politik ka reflektuar ngusht\u00ebsi sepse humbja e forcave tuaja n\u00eb Ulqin ka irrituar edhe shqiptar\u00ebt tjer\u00eb q\u00eb jetojn\u00eb pak m\u00eb larg se ju, p\u00ebrbrenda t\u00eb njejtit shtet. P\u00ebr dallim nga vendi ku ju humb\u00ebt, vendet tjera me prezenc\u00eb shqiptare n\u00eb Republik\u00ebn e Malit t\u00eb zi jan\u00eb n\u00eb tehun e ekzistenc\u00ebs duke u p\u00ebrplasur me probleme prej shp\u00ebrngulj\u00ebs e deri te \u00e7\u00ebshtjet e tjera politiko-ekonomike. Ky \u201cmotiv\u201d nuk ju duhej.<\/p>\n<p>N\u00eb aspektin e mir\u00ebqeni\u00ebs t\u00ebrheqja e investitor\u00ebve, nuk \u00ebsht\u00eb par\u00eb t\u00eb b\u00ebh\u00ebt n\u00eb Ulqin ndonj\u00ebher\u00eb derisa ju e rrotullonit pushtetin. Si vend bregdetar e turistik do tw duhej t\u00eb ishte ndryshe. Cdo gj\u00eb \u00ebsht\u00eb njejt\u00eb p\u00ebr dallim nga \u00e7do vend tjet\u00ebr p\u00ebrbrenda shtetit malazez q\u00eb ka sh\u00ebnuar rritje dhe zhvillim ekonomik. N\u00ebse ka pasur politika shtyp\u00ebse dhe kufizuese nga qeveria e Podgoric\u00ebs, at\u00ebher\u00eb kur e k\u00ebni ngritur popullin n\u00eb protest\u00eb p\u00ebr t\u00eb sensibiluzuar opinionin e brendsh\u00ebm dhe nd\u00ebrkomb\u00ebtar?<\/p>\n<p>N\u00eb tjet\u00ebr rrafsh, detyr\u00eb e juaja nuk \u00ebsht\u00eb vet\u00ebm administrimi dhe qeverisja por edhe udh\u00ebzimi i njer\u00ebzis\u00eb n\u00eb t\u00eb mbar\u00eb. Pa e banalizuar tem\u00ebn, sa prej jush kan\u00eb rekomanduar publikisht heqj\u00ebn e llagapeve sllave nga mbiemrat q\u00eb ndesh\u00ebn jo rrall\u00eb nd\u00ebr shqiptar\u00eb atje? Nj\u00eb i lindur para 20 viteve n\u00eb Shqip\u00ebri e Kosov\u00eb as nuk e ka m\u00eb t\u00eb vogl\u00ebn ide q\u00eb Andrea Ivanovic mund t\u00eb jet\u00eb Ivanaj, apo Nikola Ivezic t\u00eb jet\u00eb Ivezaj. N\u00eb rrafshin nacional sa prej jush kan\u00eb provuar t\u00eb punojn\u00eb me boshnjak\u00eb t\u00eb origjin\u00ebs shqiptare t\u00eb asimiluar von\u00eb drejt kthimit n\u00eb identitet ?Njerezia duhet t\u00eb orientohet sepse shpeshher\u00eb nga nevoja ekonomike jet\u00ebsore disa devijacione q\u00eb i ka para hund\u00ebs nuk i sheh vet\u00eb pa ndihm\u00ebn e dikujt tjet\u00ebr. E shum\u00eb e shum\u00eb tjera\u2026..<\/p>\n<p>Un\u00eb uroj n\u00eb dit\u00ebt q\u00eb vijn\u00eb t\u00eb b\u00ebh\u00ebt nj\u00eb kthes\u00eb, q\u00eb d\u00ebshp\u00ebrimisht e presim nga ju, p\u00ebrndryshe i kemi pun\u00ebt shum\u00eb keq nd\u00ebr vete.<\/p>\n<p><strong>Portali Indeksonline<\/strong><\/p>\n","protected":false},"excerpt":{"rendered":"<p>T\u00eb nd\u00ebruar akter\u00eb politik t\u00eb Ulqinit Nuk e di n\u00ebse \u00ebsht\u00eb t\u00ebrbuar deti atje k\u00ebto dit\u00eb , murrlani n\u00eb \u00ebsht\u00eb larg apo ua \u00e7on tarabat, a \u00ebsht\u00eb bresh\u00ebri e shiu af\u00ebr, por nj\u00eb gj\u00eb \u00ebsht\u00eb e qart\u00eb : marrja juaj m\u00eb asnj\u00eb gj\u00eb nuk lahet m\u00eb. Mos thoni n\u00ebn dh\u00ebmb\u00eb q\u00eb \u00e7udit\u00eb zgjasin pak, sepse [&hellip;]<\/p>\n","protected":false},"author":1,"featured_media":0,"comment_status":"closed","ping_status":"closed","sticky":false,"template":"","format":"standard","meta":{"spay_email":"","jetpack_publicize_message":"","jetpack_is_tweetstorm":false,"jetpack_publicize_feature_enabled":true},"categories":[4,2451],"tags":[],"jetpack_publicize_connections":[],"yoast_head":"<!-- This site is optimized with the Yoast SEO plugin v19.1 - https:\/\/yoast.com\/wordpress\/plugins\/seo\/ -->\n<title>Genc Prelvukaj: Kur k\u00ebshtjella merret nga brenda - Lajme nga Ulqini<\/title>\n<meta name=\"description\" content=\"T\u00eb nd\u00ebruar akter\u00eb politik t\u00eb Ulqinit Nuk e di n\u00ebse \u00ebsht\u00eb t\u00ebrbuar deti atje k\u00ebto dit\u00eb , murrlani n\u00eb \u00ebsht\u00eb larg apo ua \u00e7on tarabat, a \u00ebsht\u00eb bresh\u00ebri e shiu\" \/>\n<meta name=\"robots\" content=\"index, follow, max-snippet:-1, max-image-preview:large, max-video-preview:-1\" \/>\n<link rel=\"canonical\" href=\"https:\/\/www.visit-ulcinj.com\/blog\/2014\/01\/29\/genc-prelvukaj-kur-keshtjella-merret-nga-brenda\/\" \/>\n<meta property=\"og:locale\" content=\"en_US\" \/>\n<meta property=\"og:type\" content=\"article\" \/>\n<meta property=\"og:title\" content=\"Genc Prelvukaj: Kur k\u00ebshtjella merret nga brenda - Lajme nga Ulqini\" \/>\n<meta property=\"og:description\" content=\"T\u00eb nd\u00ebruar akter\u00eb politik t\u00eb Ulqinit Nuk e di n\u00ebse \u00ebsht\u00eb t\u00ebrbuar deti atje k\u00ebto dit\u00eb , murrlani n\u00eb \u00ebsht\u00eb larg apo ua \u00e7on tarabat, a \u00ebsht\u00eb bresh\u00ebri e shiu\" \/>\n<meta property=\"og:url\" content=\"https:\/\/www.visit-ulcinj.com\/blog\/2014\/01\/29\/genc-prelvukaj-kur-keshtjella-merret-nga-brenda\/\" \/>\n<meta property=\"og:site_name\" content=\"Lajme nga Ulqini\" \/>\n<meta property=\"article:published_time\" content=\"2014-01-28T23:08:49+00:00\" \/>\n<meta property=\"article:modified_time\" content=\"2014-01-29T00:15:26+00:00\" \/>\n<meta property=\"og:image\" content=\"http:\/\/www.visit-ulcinj.com\/blog\/wp-content\/uploads\/2014\/01\/Genc-Prelvukaj.jpg\" \/>\n<meta name=\"twitter:label1\" content=\"Written by\" \/>\n\t<meta name=\"twitter:data1\" content=\"ulqini\" \/>\n\t<meta name=\"twitter:label2\" content=\"Est. reading time\" \/>\n\t<meta name=\"twitter:data2\" content=\"5 minutes\" \/>\n<script type=\"application\/ld+json\" class=\"yoast-schema-graph\">{\"@context\":\"https:\/\/schema.org\",\"@graph\":[{\"@type\":\"WebSite\",\"@id\":\"https:\/\/www.visit-ulcinj.com\/blog\/#website\",\"url\":\"https:\/\/www.visit-ulcinj.com\/blog\/\",\"name\":\"Lajme nga Ulqini\",\"description\":\"Lajme,Vijesti,Ulqini,Ulqin,Crna Gora,Mali i Zi\",\"potentialAction\":[{\"@type\":\"SearchAction\",\"target\":{\"@type\":\"EntryPoint\",\"urlTemplate\":\"https:\/\/www.visit-ulcinj.com\/blog\/?s={search_term_string}\"},\"query-input\":\"required name=search_term_string\"}],\"inLanguage\":\"en-US\"},{\"@type\":\"ImageObject\",\"inLanguage\":\"en-US\",\"@id\":\"https:\/\/www.visit-ulcinj.com\/blog\/2014\/01\/29\/genc-prelvukaj-kur-keshtjella-merret-nga-brenda\/#primaryimage\",\"url\":\"http:\/\/www.visit-ulcinj.com\/blog\/wp-content\/uploads\/2014\/01\/Genc-Prelvukaj.jpg\",\"contentUrl\":\"http:\/\/www.visit-ulcinj.com\/blog\/wp-content\/uploads\/2014\/01\/Genc-Prelvukaj.jpg\"},{\"@type\":\"WebPage\",\"@id\":\"https:\/\/www.visit-ulcinj.com\/blog\/2014\/01\/29\/genc-prelvukaj-kur-keshtjella-merret-nga-brenda\/#webpage\",\"url\":\"https:\/\/www.visit-ulcinj.com\/blog\/2014\/01\/29\/genc-prelvukaj-kur-keshtjella-merret-nga-brenda\/\",\"name\":\"Genc Prelvukaj: Kur k\u00ebshtjella merret nga brenda - Lajme nga Ulqini\",\"isPartOf\":{\"@id\":\"https:\/\/www.visit-ulcinj.com\/blog\/#website\"},\"primaryImageOfPage\":{\"@id\":\"https:\/\/www.visit-ulcinj.com\/blog\/2014\/01\/29\/genc-prelvukaj-kur-keshtjella-merret-nga-brenda\/#primaryimage\"},\"datePublished\":\"2014-01-28T23:08:49+00:00\",\"dateModified\":\"2014-01-29T00:15:26+00:00\",\"author\":{\"@id\":\"https:\/\/www.visit-ulcinj.com\/blog\/#\/schema\/person\/dcab619c614d3038751c63bc2aadc06d\"},\"description\":\"T\u00eb nd\u00ebruar akter\u00eb politik t\u00eb Ulqinit Nuk e di n\u00ebse \u00ebsht\u00eb t\u00ebrbuar deti atje k\u00ebto dit\u00eb , murrlani n\u00eb \u00ebsht\u00eb larg apo ua \u00e7on tarabat, a \u00ebsht\u00eb bresh\u00ebri e shiu\",\"breadcrumb\":{\"@id\":\"https:\/\/www.visit-ulcinj.com\/blog\/2014\/01\/29\/genc-prelvukaj-kur-keshtjella-merret-nga-brenda\/#breadcrumb\"},\"inLanguage\":\"en-US\",\"potentialAction\":[{\"@type\":\"ReadAction\",\"target\":[\"https:\/\/www.visit-ulcinj.com\/blog\/2014\/01\/29\/genc-prelvukaj-kur-keshtjella-merret-nga-brenda\/\"]}]},{\"@type\":\"BreadcrumbList\",\"@id\":\"https:\/\/www.visit-ulcinj.com\/blog\/2014\/01\/29\/genc-prelvukaj-kur-keshtjella-merret-nga-brenda\/#breadcrumb\",\"itemListElement\":[{\"@type\":\"ListItem\",\"position\":1,\"name\":\"Genc Prelvukaj: Kur k\u00ebshtjella merret nga brenda\"}]},{\"@type\":\"Person\",\"@id\":\"https:\/\/www.visit-ulcinj.com\/blog\/#\/schema\/person\/dcab619c614d3038751c63bc2aadc06d\",\"name\":\"ulqini\",\"sameAs\":[\"http:\/\/www.visit-ulcinj.com\"],\"url\":\"https:\/\/www.visit-ulcinj.com\/blog\/author\/admin\/\"}]}<\/script>\n<!-- \/ Yoast SEO plugin. -->","yoast_head_json":{"title":"Genc Prelvukaj: Kur k\u00ebshtjella merret nga brenda - Lajme nga Ulqini","description":"T\u00eb nd\u00ebruar akter\u00eb politik t\u00eb Ulqinit Nuk e di n\u00ebse \u00ebsht\u00eb t\u00ebrbuar deti atje k\u00ebto dit\u00eb , murrlani n\u00eb \u00ebsht\u00eb larg apo ua \u00e7on tarabat, a \u00ebsht\u00eb bresh\u00ebri e shiu","robots":{"index":"index","follow":"follow","max-snippet":"max-snippet:-1","max-image-preview":"max-image-preview:large","max-video-preview":"max-video-preview:-1"},"canonical":"https:\/\/www.visit-ulcinj.com\/blog\/2014\/01\/29\/genc-prelvukaj-kur-keshtjella-merret-nga-brenda\/","og_locale":"en_US","og_type":"article","og_title":"Genc Prelvukaj: Kur k\u00ebshtjella merret nga brenda - Lajme nga Ulqini","og_description":"T\u00eb nd\u00ebruar akter\u00eb politik t\u00eb Ulqinit Nuk e di n\u00ebse \u00ebsht\u00eb t\u00ebrbuar deti atje k\u00ebto dit\u00eb , murrlani n\u00eb \u00ebsht\u00eb larg apo ua \u00e7on tarabat, a \u00ebsht\u00eb bresh\u00ebri e shiu","og_url":"https:\/\/www.visit-ulcinj.com\/blog\/2014\/01\/29\/genc-prelvukaj-kur-keshtjella-merret-nga-brenda\/","og_site_name":"Lajme nga Ulqini","article_published_time":"2014-01-28T23:08:49+00:00","article_modified_time":"2014-01-29T00:15:26+00:00","og_image":[{"url":"http:\/\/www.visit-ulcinj.com\/blog\/wp-content\/uploads\/2014\/01\/Genc-Prelvukaj.jpg"}],"twitter_misc":{"Written by":"ulqini","Est. reading time":"5 minutes"},"schema":{"@context":"https:\/\/schema.org","@graph":[{"@type":"WebSite","@id":"https:\/\/www.visit-ulcinj.com\/blog\/#website","url":"https:\/\/www.visit-ulcinj.com\/blog\/","name":"Lajme nga Ulqini","description":"Lajme,Vijesti,Ulqini,Ulqin,Crna Gora,Mali i Zi","potentialAction":[{"@type":"SearchAction","target":{"@type":"EntryPoint","urlTemplate":"https:\/\/www.visit-ulcinj.com\/blog\/?s={search_term_string}"},"query-input":"required name=search_term_string"}],"inLanguage":"en-US"},{"@type":"ImageObject","inLanguage":"en-US","@id":"https:\/\/www.visit-ulcinj.com\/blog\/2014\/01\/29\/genc-prelvukaj-kur-keshtjella-merret-nga-brenda\/#primaryimage","url":"http:\/\/www.visit-ulcinj.com\/blog\/wp-content\/uploads\/2014\/01\/Genc-Prelvukaj.jpg","contentUrl":"http:\/\/www.visit-ulcinj.com\/blog\/wp-content\/uploads\/2014\/01\/Genc-Prelvukaj.jpg"},{"@type":"WebPage","@id":"https:\/\/www.visit-ulcinj.com\/blog\/2014\/01\/29\/genc-prelvukaj-kur-keshtjella-merret-nga-brenda\/#webpage","url":"https:\/\/www.visit-ulcinj.com\/blog\/2014\/01\/29\/genc-prelvukaj-kur-keshtjella-merret-nga-brenda\/","name":"Genc Prelvukaj: Kur k\u00ebshtjella merret nga brenda - Lajme nga Ulqini","isPartOf":{"@id":"https:\/\/www.visit-ulcinj.com\/blog\/#website"},"primaryImageOfPage":{"@id":"https:\/\/www.visit-ulcinj.com\/blog\/2014\/01\/29\/genc-prelvukaj-kur-keshtjella-merret-nga-brenda\/#primaryimage"},"datePublished":"2014-01-28T23:08:49+00:00","dateModified":"2014-01-29T00:15:26+00:00","author":{"@id":"https:\/\/www.visit-ulcinj.com\/blog\/#\/schema\/person\/dcab619c614d3038751c63bc2aadc06d"},"description":"T\u00eb nd\u00ebruar akter\u00eb politik t\u00eb Ulqinit Nuk e di n\u00ebse \u00ebsht\u00eb t\u00ebrbuar deti atje k\u00ebto dit\u00eb , murrlani n\u00eb \u00ebsht\u00eb larg apo ua \u00e7on tarabat, a \u00ebsht\u00eb bresh\u00ebri e shiu","breadcrumb":{"@id":"https:\/\/www.visit-ulcinj.com\/blog\/2014\/01\/29\/genc-prelvukaj-kur-keshtjella-merret-nga-brenda\/#breadcrumb"},"inLanguage":"en-US","potentialAction":[{"@type":"ReadAction","target":["https:\/\/www.visit-ulcinj.com\/blog\/2014\/01\/29\/genc-prelvukaj-kur-keshtjella-merret-nga-brenda\/"]}]},{"@type":"BreadcrumbList","@id":"https:\/\/www.visit-ulcinj.com\/blog\/2014\/01\/29\/genc-prelvukaj-kur-keshtjella-merret-nga-brenda\/#breadcrumb","itemListElement":[{"@type":"ListItem","position":1,"name":"Genc Prelvukaj: Kur k\u00ebshtjella merret nga brenda"}]},{"@type":"Person","@id":"https:\/\/www.visit-ulcinj.com\/blog\/#\/schema\/person\/dcab619c614d3038751c63bc2aadc06d","name":"ulqini","sameAs":["http:\/\/www.visit-ulcinj.com"],"url":"https:\/\/www.visit-ulcinj.com\/blog\/author\/admin\/"}]}},"jetpack_featured_media_url":"","jetpack_sharing_enabled":true,"jetpack_shortlink":"https:\/\/wp.me\/pe6lTn-kx1","_links":{"self":[{"href":"https:\/\/www.visit-ulcinj.com\/blog\/wp-json\/wp\/v2\/posts\/78927"}],"collection":[{"href":"https:\/\/www.visit-ulcinj.com\/blog\/wp-json\/wp\/v2\/posts"}],"about":[{"href":"https:\/\/www.visit-ulcinj.com\/blog\/wp-json\/wp\/v2\/types\/post"}],"author":[{"embeddable":true,"href":"https:\/\/www.visit-ulcinj.com\/blog\/wp-json\/wp\/v2\/users\/1"}],"replies":[{"embeddable":true,"href":"https:\/\/www.visit-ulcinj.com\/blog\/wp-json\/wp\/v2\/comments?post=78927"}],"version-history":[{"count":1,"href":"https:\/\/www.visit-ulcinj.com\/blog\/wp-json\/wp\/v2\/posts\/78927\/revisions"}],"predecessor-version":[{"id":78929,"href":"https:\/\/www.visit-ulcinj.com\/blog\/wp-json\/wp\/v2\/posts\/78927\/revisions\/78929"}],"wp:attachment":[{"href":"https:\/\/www.visit-ulcinj.com\/blog\/wp-json\/wp\/v2\/media?parent=78927"}],"wp:term":[{"taxonomy":"category","embeddable":true,"href":"https:\/\/www.visit-ulcinj.com\/blog\/wp-json\/wp\/v2\/categories?post=78927"},{"taxonomy":"post_tag","embeddable":true,"href":"https:\/\/www.visit-ulcinj.com\/blog\/wp-json\/wp\/v2\/tags?post=78927"}],"curies":[{"name":"wp","href":"https:\/\/api.w.org\/{rel}","templated":true}]}}