{"id":78938,"date":"2014-01-29T08:42:02","date_gmt":"2014-01-29T07:42:02","guid":{"rendered":"http:\/\/www.visit-ulcinj.com\/blog\/?p=78938"},"modified":"2014-01-29T08:42:02","modified_gmt":"2014-01-29T07:42:02","slug":"sinishtaj-jemi-te-gatshem-per-koalicion-malin-e-zi-pozitiv-dhe-psd","status":"publish","type":"post","link":"https:\/\/www.visit-ulcinj.com\/blog\/2014\/01\/29\/sinishtaj-jemi-te-gatshem-per-koalicion-malin-e-zi-pozitiv-dhe-psd\/","title":{"rendered":"Sinishtaj: Jemi t\u00eb gatsh\u00ebm p\u00ebr koalicion me Malin e Zi pozitiv dhe PSD"},"content":{"rendered":"<p><a href=\"http:\/\/www.visit-ulcinj.com\/blog\/wp-content\/uploads\/2014\/01\/vasel-sinishtaj.jpg\"><img loading=\"lazy\" class=\"alignleft  wp-image-78939\" alt=\"vasel-sinishtaj\" src=\"http:\/\/www.visit-ulcinj.com\/blog\/wp-content\/uploads\/2014\/01\/vasel-sinishtaj.jpg\" width=\"508\" height=\"360\" \/><\/a>Kryetari i Iniciativ\u00ebs Qytetare Vasel Sinishtaj \u00ebsht\u00eb shpreh i gatsh\u00ebm q\u00eb t\u00eb p\u00ebrkrah koalicionin e Malit t\u00eb Zi Pozitiv dhe Partin\u00eb SocialDemokratike n\u00eb prag t\u00eb zgjedhjeve n\u00eb Podgoric\u00eb, mir\u00ebpo k\u00ebto dy parti duhet t\u00eb p\u00ebrkrahin k\u00ebrkesat p\u00ebr formimin e Komun\u00ebs s\u00eb Tuzit. Sinishtaj i ka kumtuar se pret q\u00eb edhe partit\u00eb tjera shqiptare ti p\u00ebrkrahin PSD dhe Pozitiven n\u00ebse ato do t\u00eb p\u00ebrkrahin zgjidhjet q\u00eb \u00e7ojn\u00eb drejt\u00eb dh\u00ebnies s\u00eb statusit t\u00eb Komun\u00ebs s\u00eb plot\u00eb p\u00ebr Tuzin.<\/p>\n<p>Sinishtaj, si\u00e7 ka theksuar, shpreson se Ministri i Pun\u00ebve t\u00eb Brendshme Rashko Konjeviq, do t\u00eb arrij\u00eb t\u00eb b\u00ebj\u00eb progres kur \u00ebsht\u00eb fjala p\u00ebr zgjidhjen e statusit t\u00eb Tuzit duke theksuar se\u00a0 hapat konkret n\u00eb plot\u00ebsimin e k\u00ebrkesave q\u00eb Tuzi t\u00eb fitoj\u00eb statusin e Komun\u00ebs jan\u00eb kusht q\u00eb ata t\u00eb jen\u00eb pjes\u00eb e koalicionit t\u00eb ri, si\u00e7 thekson ai shtetformues.<\/p>\n<p><strong>TVCG<\/strong><\/p>\n","protected":false},"excerpt":{"rendered":"<p>Kryetari i Iniciativ\u00ebs Qytetare Vasel Sinishtaj \u00ebsht\u00eb shpreh i gatsh\u00ebm q\u00eb t\u00eb p\u00ebrkrah koalicionin e Malit t\u00eb Zi Pozitiv dhe Partin\u00eb SocialDemokratike n\u00eb prag t\u00eb zgjedhjeve n\u00eb Podgoric\u00eb, mir\u00ebpo k\u00ebto dy parti duhet t\u00eb p\u00ebrkrahin k\u00ebrkesat p\u00ebr formimin e Komun\u00ebs s\u00eb Tuzit. Sinishtaj i ka kumtuar se pret q\u00eb edhe partit\u00eb tjera shqiptare ti p\u00ebrkrahin [&hellip;]<\/p>\n","protected":false},"author":1,"featured_media":0,"comment_status":"closed","ping_status":"closed","sticky":false,"template":"","format":"standard","meta":{"spay_email":"","jetpack_publicize_message":"","jetpack_is_tweetstorm":false,"jetpack_publicize_feature_enabled":true},"categories":[6950],"tags":[],"jetpack_publicize_connections":[],"yoast_head":"<!-- This site is optimized with the Yoast SEO plugin v19.1 - https:\/\/yoast.com\/wordpress\/plugins\/seo\/ -->\n<title>Sinishtaj: Jemi t\u00eb gatsh\u00ebm p\u00ebr koalicion me Malin e Zi pozitiv dhe PSD - Lajme nga Ulqini<\/title>\n<meta name=\"description\" content=\"Kryetari i Iniciativ\u00ebs Qytetare Vasel Sinishtaj \u00ebsht\u00eb shpreh i gatsh\u00ebm q\u00eb t\u00eb p\u00ebrkrah koalicionin e Malit t\u00eb Zi Pozitiv dhe Partin\u00eb SocialDemokratike n\u00eb\" \/>\n<meta name=\"robots\" content=\"index, follow, max-snippet:-1, max-image-preview:large, max-video-preview:-1\" \/>\n<link rel=\"canonical\" href=\"https:\/\/www.visit-ulcinj.com\/blog\/2014\/01\/29\/sinishtaj-jemi-te-gatshem-per-koalicion-malin-e-zi-pozitiv-dhe-psd\/\" \/>\n<meta property=\"og:locale\" content=\"en_US\" \/>\n<meta property=\"og:type\" content=\"article\" \/>\n<meta property=\"og:title\" content=\"Sinishtaj: Jemi t\u00eb gatsh\u00ebm p\u00ebr koalicion me Malin e Zi pozitiv dhe PSD - Lajme nga Ulqini\" \/>\n<meta property=\"og:description\" content=\"Kryetari i Iniciativ\u00ebs Qytetare Vasel Sinishtaj \u00ebsht\u00eb shpreh i gatsh\u00ebm q\u00eb t\u00eb p\u00ebrkrah koalicionin e Malit t\u00eb Zi Pozitiv dhe Partin\u00eb SocialDemokratike n\u00eb\" \/>\n<meta property=\"og:url\" content=\"https:\/\/www.visit-ulcinj.com\/blog\/2014\/01\/29\/sinishtaj-jemi-te-gatshem-per-koalicion-malin-e-zi-pozitiv-dhe-psd\/\" \/>\n<meta property=\"og:site_name\" content=\"Lajme nga Ulqini\" \/>\n<meta property=\"article:published_time\" content=\"2014-01-29T07:42:02+00:00\" \/>\n<meta property=\"og:image\" content=\"http:\/\/www.visit-ulcinj.com\/blog\/wp-content\/uploads\/2014\/01\/vasel-sinishtaj.jpg\" \/>\n<meta name=\"twitter:label1\" content=\"Written by\" \/>\n\t<meta name=\"twitter:data1\" content=\"ulqini\" \/>\n\t<meta name=\"twitter:label2\" content=\"Est. reading time\" \/>\n\t<meta name=\"twitter:data2\" content=\"1 minute\" \/>\n<script type=\"application\/ld+json\" class=\"yoast-schema-graph\">{\"@context\":\"https:\/\/schema.org\",\"@graph\":[{\"@type\":\"WebSite\",\"@id\":\"https:\/\/www.visit-ulcinj.com\/blog\/#website\",\"url\":\"https:\/\/www.visit-ulcinj.com\/blog\/\",\"name\":\"Lajme nga Ulqini\",\"description\":\"Lajme,Vijesti,Ulqini,Ulqin,Crna Gora,Mali i Zi\",\"potentialAction\":[{\"@type\":\"SearchAction\",\"target\":{\"@type\":\"EntryPoint\",\"urlTemplate\":\"https:\/\/www.visit-ulcinj.com\/blog\/?s={search_term_string}\"},\"query-input\":\"required name=search_term_string\"}],\"inLanguage\":\"en-US\"},{\"@type\":\"ImageObject\",\"inLanguage\":\"en-US\",\"@id\":\"https:\/\/www.visit-ulcinj.com\/blog\/2014\/01\/29\/sinishtaj-jemi-te-gatshem-per-koalicion-malin-e-zi-pozitiv-dhe-psd\/#primaryimage\",\"url\":\"https:\/\/www.visit-ulcinj.com\/blog\/wp-content\/uploads\/2014\/01\/vasel-sinishtaj.jpg\",\"contentUrl\":\"https:\/\/www.visit-ulcinj.com\/blog\/wp-content\/uploads\/2014\/01\/vasel-sinishtaj.jpg\",\"width\":573,\"height\":425},{\"@type\":\"WebPage\",\"@id\":\"https:\/\/www.visit-ulcinj.com\/blog\/2014\/01\/29\/sinishtaj-jemi-te-gatshem-per-koalicion-malin-e-zi-pozitiv-dhe-psd\/#webpage\",\"url\":\"https:\/\/www.visit-ulcinj.com\/blog\/2014\/01\/29\/sinishtaj-jemi-te-gatshem-per-koalicion-malin-e-zi-pozitiv-dhe-psd\/\",\"name\":\"Sinishtaj: Jemi t\u00eb gatsh\u00ebm p\u00ebr koalicion me Malin e Zi pozitiv dhe PSD - Lajme nga Ulqini\",\"isPartOf\":{\"@id\":\"https:\/\/www.visit-ulcinj.com\/blog\/#website\"},\"primaryImageOfPage\":{\"@id\":\"https:\/\/www.visit-ulcinj.com\/blog\/2014\/01\/29\/sinishtaj-jemi-te-gatshem-per-koalicion-malin-e-zi-pozitiv-dhe-psd\/#primaryimage\"},\"datePublished\":\"2014-01-29T07:42:02+00:00\",\"dateModified\":\"2014-01-29T07:42:02+00:00\",\"author\":{\"@id\":\"https:\/\/www.visit-ulcinj.com\/blog\/#\/schema\/person\/dcab619c614d3038751c63bc2aadc06d\"},\"description\":\"Kryetari i Iniciativ\u00ebs Qytetare Vasel Sinishtaj \u00ebsht\u00eb shpreh i gatsh\u00ebm q\u00eb t\u00eb p\u00ebrkrah koalicionin e Malit t\u00eb Zi Pozitiv dhe Partin\u00eb SocialDemokratike n\u00eb\",\"breadcrumb\":{\"@id\":\"https:\/\/www.visit-ulcinj.com\/blog\/2014\/01\/29\/sinishtaj-jemi-te-gatshem-per-koalicion-malin-e-zi-pozitiv-dhe-psd\/#breadcrumb\"},\"inLanguage\":\"en-US\",\"potentialAction\":[{\"@type\":\"ReadAction\",\"target\":[\"https:\/\/www.visit-ulcinj.com\/blog\/2014\/01\/29\/sinishtaj-jemi-te-gatshem-per-koalicion-malin-e-zi-pozitiv-dhe-psd\/\"]}]},{\"@type\":\"BreadcrumbList\",\"@id\":\"https:\/\/www.visit-ulcinj.com\/blog\/2014\/01\/29\/sinishtaj-jemi-te-gatshem-per-koalicion-malin-e-zi-pozitiv-dhe-psd\/#breadcrumb\",\"itemListElement\":[{\"@type\":\"ListItem\",\"position\":1,\"name\":\"Sinishtaj: Jemi t\u00eb gatsh\u00ebm p\u00ebr koalicion me Malin e Zi pozitiv dhe PSD\"}]},{\"@type\":\"Person\",\"@id\":\"https:\/\/www.visit-ulcinj.com\/blog\/#\/schema\/person\/dcab619c614d3038751c63bc2aadc06d\",\"name\":\"ulqini\",\"sameAs\":[\"http:\/\/www.visit-ulcinj.com\"],\"url\":\"https:\/\/www.visit-ulcinj.com\/blog\/author\/admin\/\"}]}<\/script>\n<!-- \/ Yoast SEO plugin. -->","yoast_head_json":{"title":"Sinishtaj: Jemi t\u00eb gatsh\u00ebm p\u00ebr koalicion me Malin e Zi pozitiv dhe PSD - Lajme nga Ulqini","description":"Kryetari i Iniciativ\u00ebs Qytetare Vasel Sinishtaj \u00ebsht\u00eb shpreh i gatsh\u00ebm q\u00eb t\u00eb p\u00ebrkrah koalicionin e Malit t\u00eb Zi Pozitiv dhe Partin\u00eb SocialDemokratike n\u00eb","robots":{"index":"index","follow":"follow","max-snippet":"max-snippet:-1","max-image-preview":"max-image-preview:large","max-video-preview":"max-video-preview:-1"},"canonical":"https:\/\/www.visit-ulcinj.com\/blog\/2014\/01\/29\/sinishtaj-jemi-te-gatshem-per-koalicion-malin-e-zi-pozitiv-dhe-psd\/","og_locale":"en_US","og_type":"article","og_title":"Sinishtaj: Jemi t\u00eb gatsh\u00ebm p\u00ebr koalicion me Malin e Zi pozitiv dhe PSD - Lajme nga Ulqini","og_description":"Kryetari i Iniciativ\u00ebs Qytetare Vasel Sinishtaj \u00ebsht\u00eb shpreh i gatsh\u00ebm q\u00eb t\u00eb p\u00ebrkrah koalicionin e Malit t\u00eb Zi Pozitiv dhe Partin\u00eb SocialDemokratike n\u00eb","og_url":"https:\/\/www.visit-ulcinj.com\/blog\/2014\/01\/29\/sinishtaj-jemi-te-gatshem-per-koalicion-malin-e-zi-pozitiv-dhe-psd\/","og_site_name":"Lajme nga Ulqini","article_published_time":"2014-01-29T07:42:02+00:00","og_image":[{"url":"http:\/\/www.visit-ulcinj.com\/blog\/wp-content\/uploads\/2014\/01\/vasel-sinishtaj.jpg"}],"twitter_misc":{"Written by":"ulqini","Est. reading time":"1 minute"},"schema":{"@context":"https:\/\/schema.org","@graph":[{"@type":"WebSite","@id":"https:\/\/www.visit-ulcinj.com\/blog\/#website","url":"https:\/\/www.visit-ulcinj.com\/blog\/","name":"Lajme nga Ulqini","description":"Lajme,Vijesti,Ulqini,Ulqin,Crna Gora,Mali i Zi","potentialAction":[{"@type":"SearchAction","target":{"@type":"EntryPoint","urlTemplate":"https:\/\/www.visit-ulcinj.com\/blog\/?s={search_term_string}"},"query-input":"required name=search_term_string"}],"inLanguage":"en-US"},{"@type":"ImageObject","inLanguage":"en-US","@id":"https:\/\/www.visit-ulcinj.com\/blog\/2014\/01\/29\/sinishtaj-jemi-te-gatshem-per-koalicion-malin-e-zi-pozitiv-dhe-psd\/#primaryimage","url":"https:\/\/www.visit-ulcinj.com\/blog\/wp-content\/uploads\/2014\/01\/vasel-sinishtaj.jpg","contentUrl":"https:\/\/www.visit-ulcinj.com\/blog\/wp-content\/uploads\/2014\/01\/vasel-sinishtaj.jpg","width":573,"height":425},{"@type":"WebPage","@id":"https:\/\/www.visit-ulcinj.com\/blog\/2014\/01\/29\/sinishtaj-jemi-te-gatshem-per-koalicion-malin-e-zi-pozitiv-dhe-psd\/#webpage","url":"https:\/\/www.visit-ulcinj.com\/blog\/2014\/01\/29\/sinishtaj-jemi-te-gatshem-per-koalicion-malin-e-zi-pozitiv-dhe-psd\/","name":"Sinishtaj: Jemi t\u00eb gatsh\u00ebm p\u00ebr koalicion me Malin e Zi pozitiv dhe PSD - Lajme nga Ulqini","isPartOf":{"@id":"https:\/\/www.visit-ulcinj.com\/blog\/#website"},"primaryImageOfPage":{"@id":"https:\/\/www.visit-ulcinj.com\/blog\/2014\/01\/29\/sinishtaj-jemi-te-gatshem-per-koalicion-malin-e-zi-pozitiv-dhe-psd\/#primaryimage"},"datePublished":"2014-01-29T07:42:02+00:00","dateModified":"2014-01-29T07:42:02+00:00","author":{"@id":"https:\/\/www.visit-ulcinj.com\/blog\/#\/schema\/person\/dcab619c614d3038751c63bc2aadc06d"},"description":"Kryetari i Iniciativ\u00ebs Qytetare Vasel Sinishtaj \u00ebsht\u00eb shpreh i gatsh\u00ebm q\u00eb t\u00eb p\u00ebrkrah koalicionin e Malit t\u00eb Zi Pozitiv dhe Partin\u00eb SocialDemokratike n\u00eb","breadcrumb":{"@id":"https:\/\/www.visit-ulcinj.com\/blog\/2014\/01\/29\/sinishtaj-jemi-te-gatshem-per-koalicion-malin-e-zi-pozitiv-dhe-psd\/#breadcrumb"},"inLanguage":"en-US","potentialAction":[{"@type":"ReadAction","target":["https:\/\/www.visit-ulcinj.com\/blog\/2014\/01\/29\/sinishtaj-jemi-te-gatshem-per-koalicion-malin-e-zi-pozitiv-dhe-psd\/"]}]},{"@type":"BreadcrumbList","@id":"https:\/\/www.visit-ulcinj.com\/blog\/2014\/01\/29\/sinishtaj-jemi-te-gatshem-per-koalicion-malin-e-zi-pozitiv-dhe-psd\/#breadcrumb","itemListElement":[{"@type":"ListItem","position":1,"name":"Sinishtaj: Jemi t\u00eb gatsh\u00ebm p\u00ebr koalicion me Malin e Zi pozitiv dhe PSD"}]},{"@type":"Person","@id":"https:\/\/www.visit-ulcinj.com\/blog\/#\/schema\/person\/dcab619c614d3038751c63bc2aadc06d","name":"ulqini","sameAs":["http:\/\/www.visit-ulcinj.com"],"url":"https:\/\/www.visit-ulcinj.com\/blog\/author\/admin\/"}]}},"jetpack_featured_media_url":"","jetpack_sharing_enabled":true,"jetpack_shortlink":"https:\/\/wp.me\/pe6lTn-kxc","_links":{"self":[{"href":"https:\/\/www.visit-ulcinj.com\/blog\/wp-json\/wp\/v2\/posts\/78938"}],"collection":[{"href":"https:\/\/www.visit-ulcinj.com\/blog\/wp-json\/wp\/v2\/posts"}],"about":[{"href":"https:\/\/www.visit-ulcinj.com\/blog\/wp-json\/wp\/v2\/types\/post"}],"author":[{"embeddable":true,"href":"https:\/\/www.visit-ulcinj.com\/blog\/wp-json\/wp\/v2\/users\/1"}],"replies":[{"embeddable":true,"href":"https:\/\/www.visit-ulcinj.com\/blog\/wp-json\/wp\/v2\/comments?post=78938"}],"version-history":[{"count":1,"href":"https:\/\/www.visit-ulcinj.com\/blog\/wp-json\/wp\/v2\/posts\/78938\/revisions"}],"predecessor-version":[{"id":78940,"href":"https:\/\/www.visit-ulcinj.com\/blog\/wp-json\/wp\/v2\/posts\/78938\/revisions\/78940"}],"wp:attachment":[{"href":"https:\/\/www.visit-ulcinj.com\/blog\/wp-json\/wp\/v2\/media?parent=78938"}],"wp:term":[{"taxonomy":"category","embeddable":true,"href":"https:\/\/www.visit-ulcinj.com\/blog\/wp-json\/wp\/v2\/categories?post=78938"},{"taxonomy":"post_tag","embeddable":true,"href":"https:\/\/www.visit-ulcinj.com\/blog\/wp-json\/wp\/v2\/tags?post=78938"}],"curies":[{"name":"wp","href":"https:\/\/api.w.org\/{rel}","templated":true}]}}