{"id":78961,"date":"2014-01-29T11:08:00","date_gmt":"2014-01-29T10:08:00","guid":{"rendered":"http:\/\/www.visit-ulcinj.com\/blog\/?p=78961"},"modified":"2014-01-29T11:09:37","modified_gmt":"2014-01-29T10:09:37","slug":"zenka-mohon-se-ka-pas-bisedime-per-koalicion","status":"publish","type":"post","link":"https:\/\/www.visit-ulcinj.com\/blog\/2014\/01\/29\/zenka-mohon-se-ka-pas-bisedime-per-koalicion\/","title":{"rendered":"Zenka mohon se ka pas bisedime p\u00ebr koalicion"},"content":{"rendered":"<p><a href=\"http:\/\/www.visit-ulcinj.com\/blog\/wp-content\/uploads\/2014\/01\/Mehmet-Zenka-UDSH.jpg\"><img loading=\"lazy\" class=\"alignleft  wp-image-78962\" alt=\"Mehmet-Zenka-UDSH\" src=\"http:\/\/www.visit-ulcinj.com\/blog\/wp-content\/uploads\/2014\/01\/Mehmet-Zenka-UDSH.jpg\" width=\"508\" height=\"360\" \/><\/a>Lideri i Unionit demokratik t\u00eb Shqiptar\u00ebve Mehmed Zenka ka deklaruar q\u00eb t\u00eb mart\u00ebn nuk kishte bisedime p\u00ebr koalicione paszgjedhore n\u00eb mes kryetar\u00ebve t\u00eb partive nacionale Shqiptare: Nazif Cungut, Fatmir Gjekes dhe tij.<\/p>\n<p>\u201cK\u00ebto jan\u00eb t\u00eb pav\u00ebrteta. Ne kemi ngr\u00ebn\u00eb m\u00ebngjes n\u00eb nj\u00eb restorant n\u00eb Podgoric\u00eb mbas bisedimesh me kryeministrin Millo Gjukanoviq dhe me lider\u00ebt e pjes\u00ebtar\u00ebve tjer\u00eb t\u00eb koalicionit qeveris\u00ebs n\u00eb Mal t\u00eb Zi. Fotografia \u00ebsht\u00eb keqp\u00ebrdorur, sepse nuk kisha dijeni q\u00eb do t\u00eb dor\u00ebzohet n\u00eb media\u201d, shtoi ai p\u00ebr \u201cVijesti\u201d.<br \/>\n<a href=\"http:\/\/www.visit-ulcinj.com\/blog\/wp-content\/uploads\/2014\/01\/Gjeka-Cungu-Zenka-1.jpg\"><img loading=\"lazy\" class=\"alignleft  wp-image-78901\" alt=\"Gjeka-Cungu-Zenka-1\" src=\"http:\/\/www.visit-ulcinj.com\/blog\/wp-content\/uploads\/2014\/01\/Gjeka-Cungu-Zenka-1.jpg\" width=\"508\" height=\"360\" \/><\/a><\/p>\n<p>N\u00eb faqen zyrtare t\u00eb Forc\u00ebs s\u00eb re demokratike \u2013 Forca dje pasdite \u00ebsht\u00eb publikuar fotografia n\u00eb t\u00eb cil\u00ebn shihen Cungu, Zenka dhe Gjeka, me titullin \u201cGjeka iku nga bisedimet, Cungu dhe Zenka p\u00ebr bisedime\u201d.<\/p>\n<p>Gjeka k\u00ebt\u00eb rast e vler\u00ebsoi si \u201cdezinformat\u00eb r\u00ebnd\u00eb t\u00eb Cungut\u201d.<\/p>\n<p>Burimi: Ul-info<\/p>\n","protected":false},"excerpt":{"rendered":"<p>Lideri i Unionit demokratik t\u00eb Shqiptar\u00ebve Mehmed Zenka ka deklaruar q\u00eb t\u00eb mart\u00ebn nuk kishte bisedime p\u00ebr koalicione paszgjedhore n\u00eb mes kryetar\u00ebve t\u00eb partive nacionale Shqiptare: Nazif Cungut, Fatmir Gjekes dhe tij. \u201cK\u00ebto jan\u00eb t\u00eb pav\u00ebrteta. Ne kemi ngr\u00ebn\u00eb m\u00ebngjes n\u00eb nj\u00eb restorant n\u00eb Podgoric\u00eb mbas bisedimesh me kryeministrin Millo Gjukanoviq dhe me lider\u00ebt e [&hellip;]<\/p>\n","protected":false},"author":1,"featured_media":0,"comment_status":"closed","ping_status":"closed","sticky":false,"template":"","format":"standard","meta":{"spay_email":"","jetpack_publicize_message":"","jetpack_is_tweetstorm":false,"jetpack_publicize_feature_enabled":true},"categories":[6],"tags":[],"jetpack_publicize_connections":[],"yoast_head":"<!-- This site is optimized with the Yoast SEO plugin v19.1 - https:\/\/yoast.com\/wordpress\/plugins\/seo\/ -->\n<title>Zenka mohon se ka pas bisedime p\u00ebr koalicion - Lajme nga Ulqini<\/title>\n<meta name=\"description\" content=\"Lideri i Unionit demokratik t\u00eb Shqiptar\u00ebve Mehmed Zenka ka deklaruar q\u00eb t\u00eb mart\u00ebn nuk kishte bisedime p\u00ebr koalicione paszgjedhore n\u00eb mes kryetar\u00ebve t\u00eb\" \/>\n<meta name=\"robots\" content=\"index, follow, max-snippet:-1, max-image-preview:large, max-video-preview:-1\" \/>\n<link rel=\"canonical\" href=\"https:\/\/www.visit-ulcinj.com\/blog\/2014\/01\/29\/zenka-mohon-se-ka-pas-bisedime-per-koalicion\/\" \/>\n<meta property=\"og:locale\" content=\"en_US\" \/>\n<meta property=\"og:type\" content=\"article\" \/>\n<meta property=\"og:title\" content=\"Zenka mohon se ka pas bisedime p\u00ebr koalicion - Lajme nga Ulqini\" \/>\n<meta property=\"og:description\" content=\"Lideri i Unionit demokratik t\u00eb Shqiptar\u00ebve Mehmed Zenka ka deklaruar q\u00eb t\u00eb mart\u00ebn nuk kishte bisedime p\u00ebr koalicione paszgjedhore n\u00eb mes kryetar\u00ebve t\u00eb\" \/>\n<meta property=\"og:url\" content=\"https:\/\/www.visit-ulcinj.com\/blog\/2014\/01\/29\/zenka-mohon-se-ka-pas-bisedime-per-koalicion\/\" \/>\n<meta property=\"og:site_name\" content=\"Lajme nga Ulqini\" \/>\n<meta property=\"article:published_time\" content=\"2014-01-29T10:08:00+00:00\" \/>\n<meta property=\"article:modified_time\" content=\"2014-01-29T10:09:37+00:00\" \/>\n<meta property=\"og:image\" content=\"http:\/\/www.visit-ulcinj.com\/blog\/wp-content\/uploads\/2014\/01\/Mehmet-Zenka-UDSH.jpg\" \/>\n<meta name=\"twitter:label1\" content=\"Written by\" \/>\n\t<meta name=\"twitter:data1\" content=\"ulqini\" \/>\n\t<meta name=\"twitter:label2\" content=\"Est. reading time\" \/>\n\t<meta name=\"twitter:data2\" content=\"1 minute\" \/>\n<script type=\"application\/ld+json\" class=\"yoast-schema-graph\">{\"@context\":\"https:\/\/schema.org\",\"@graph\":[{\"@type\":\"WebSite\",\"@id\":\"https:\/\/www.visit-ulcinj.com\/blog\/#website\",\"url\":\"https:\/\/www.visit-ulcinj.com\/blog\/\",\"name\":\"Lajme nga Ulqini\",\"description\":\"Lajme,Vijesti,Ulqini,Ulqin,Crna Gora,Mali i Zi\",\"potentialAction\":[{\"@type\":\"SearchAction\",\"target\":{\"@type\":\"EntryPoint\",\"urlTemplate\":\"https:\/\/www.visit-ulcinj.com\/blog\/?s={search_term_string}\"},\"query-input\":\"required name=search_term_string\"}],\"inLanguage\":\"en-US\"},{\"@type\":\"ImageObject\",\"inLanguage\":\"en-US\",\"@id\":\"https:\/\/www.visit-ulcinj.com\/blog\/2014\/01\/29\/zenka-mohon-se-ka-pas-bisedime-per-koalicion\/#primaryimage\",\"url\":\"https:\/\/www.visit-ulcinj.com\/blog\/wp-content\/uploads\/2014\/01\/Mehmet-Zenka-UDSH.jpg\",\"contentUrl\":\"https:\/\/www.visit-ulcinj.com\/blog\/wp-content\/uploads\/2014\/01\/Mehmet-Zenka-UDSH.jpg\",\"width\":960,\"height\":856},{\"@type\":\"WebPage\",\"@id\":\"https:\/\/www.visit-ulcinj.com\/blog\/2014\/01\/29\/zenka-mohon-se-ka-pas-bisedime-per-koalicion\/#webpage\",\"url\":\"https:\/\/www.visit-ulcinj.com\/blog\/2014\/01\/29\/zenka-mohon-se-ka-pas-bisedime-per-koalicion\/\",\"name\":\"Zenka mohon se ka pas bisedime p\u00ebr koalicion - Lajme nga Ulqini\",\"isPartOf\":{\"@id\":\"https:\/\/www.visit-ulcinj.com\/blog\/#website\"},\"primaryImageOfPage\":{\"@id\":\"https:\/\/www.visit-ulcinj.com\/blog\/2014\/01\/29\/zenka-mohon-se-ka-pas-bisedime-per-koalicion\/#primaryimage\"},\"datePublished\":\"2014-01-29T10:08:00+00:00\",\"dateModified\":\"2014-01-29T10:09:37+00:00\",\"author\":{\"@id\":\"https:\/\/www.visit-ulcinj.com\/blog\/#\/schema\/person\/dcab619c614d3038751c63bc2aadc06d\"},\"description\":\"Lideri i Unionit demokratik t\u00eb Shqiptar\u00ebve Mehmed Zenka ka deklaruar q\u00eb t\u00eb mart\u00ebn nuk kishte bisedime p\u00ebr koalicione paszgjedhore n\u00eb mes kryetar\u00ebve t\u00eb\",\"breadcrumb\":{\"@id\":\"https:\/\/www.visit-ulcinj.com\/blog\/2014\/01\/29\/zenka-mohon-se-ka-pas-bisedime-per-koalicion\/#breadcrumb\"},\"inLanguage\":\"en-US\",\"potentialAction\":[{\"@type\":\"ReadAction\",\"target\":[\"https:\/\/www.visit-ulcinj.com\/blog\/2014\/01\/29\/zenka-mohon-se-ka-pas-bisedime-per-koalicion\/\"]}]},{\"@type\":\"BreadcrumbList\",\"@id\":\"https:\/\/www.visit-ulcinj.com\/blog\/2014\/01\/29\/zenka-mohon-se-ka-pas-bisedime-per-koalicion\/#breadcrumb\",\"itemListElement\":[{\"@type\":\"ListItem\",\"position\":1,\"name\":\"Zenka mohon se ka pas bisedime p\u00ebr koalicion\"}]},{\"@type\":\"Person\",\"@id\":\"https:\/\/www.visit-ulcinj.com\/blog\/#\/schema\/person\/dcab619c614d3038751c63bc2aadc06d\",\"name\":\"ulqini\",\"sameAs\":[\"http:\/\/www.visit-ulcinj.com\"],\"url\":\"https:\/\/www.visit-ulcinj.com\/blog\/author\/admin\/\"}]}<\/script>\n<!-- \/ Yoast SEO plugin. -->","yoast_head_json":{"title":"Zenka mohon se ka pas bisedime p\u00ebr koalicion - Lajme nga Ulqini","description":"Lideri i Unionit demokratik t\u00eb Shqiptar\u00ebve Mehmed Zenka ka deklaruar q\u00eb t\u00eb mart\u00ebn nuk kishte bisedime p\u00ebr koalicione paszgjedhore n\u00eb mes kryetar\u00ebve t\u00eb","robots":{"index":"index","follow":"follow","max-snippet":"max-snippet:-1","max-image-preview":"max-image-preview:large","max-video-preview":"max-video-preview:-1"},"canonical":"https:\/\/www.visit-ulcinj.com\/blog\/2014\/01\/29\/zenka-mohon-se-ka-pas-bisedime-per-koalicion\/","og_locale":"en_US","og_type":"article","og_title":"Zenka mohon se ka pas bisedime p\u00ebr koalicion - Lajme nga Ulqini","og_description":"Lideri i Unionit demokratik t\u00eb Shqiptar\u00ebve Mehmed Zenka ka deklaruar q\u00eb t\u00eb mart\u00ebn nuk kishte bisedime p\u00ebr koalicione paszgjedhore n\u00eb mes kryetar\u00ebve t\u00eb","og_url":"https:\/\/www.visit-ulcinj.com\/blog\/2014\/01\/29\/zenka-mohon-se-ka-pas-bisedime-per-koalicion\/","og_site_name":"Lajme nga Ulqini","article_published_time":"2014-01-29T10:08:00+00:00","article_modified_time":"2014-01-29T10:09:37+00:00","og_image":[{"url":"http:\/\/www.visit-ulcinj.com\/blog\/wp-content\/uploads\/2014\/01\/Mehmet-Zenka-UDSH.jpg"}],"twitter_misc":{"Written by":"ulqini","Est. reading time":"1 minute"},"schema":{"@context":"https:\/\/schema.org","@graph":[{"@type":"WebSite","@id":"https:\/\/www.visit-ulcinj.com\/blog\/#website","url":"https:\/\/www.visit-ulcinj.com\/blog\/","name":"Lajme nga Ulqini","description":"Lajme,Vijesti,Ulqini,Ulqin,Crna Gora,Mali i Zi","potentialAction":[{"@type":"SearchAction","target":{"@type":"EntryPoint","urlTemplate":"https:\/\/www.visit-ulcinj.com\/blog\/?s={search_term_string}"},"query-input":"required name=search_term_string"}],"inLanguage":"en-US"},{"@type":"ImageObject","inLanguage":"en-US","@id":"https:\/\/www.visit-ulcinj.com\/blog\/2014\/01\/29\/zenka-mohon-se-ka-pas-bisedime-per-koalicion\/#primaryimage","url":"https:\/\/www.visit-ulcinj.com\/blog\/wp-content\/uploads\/2014\/01\/Mehmet-Zenka-UDSH.jpg","contentUrl":"https:\/\/www.visit-ulcinj.com\/blog\/wp-content\/uploads\/2014\/01\/Mehmet-Zenka-UDSH.jpg","width":960,"height":856},{"@type":"WebPage","@id":"https:\/\/www.visit-ulcinj.com\/blog\/2014\/01\/29\/zenka-mohon-se-ka-pas-bisedime-per-koalicion\/#webpage","url":"https:\/\/www.visit-ulcinj.com\/blog\/2014\/01\/29\/zenka-mohon-se-ka-pas-bisedime-per-koalicion\/","name":"Zenka mohon se ka pas bisedime p\u00ebr koalicion - Lajme nga Ulqini","isPartOf":{"@id":"https:\/\/www.visit-ulcinj.com\/blog\/#website"},"primaryImageOfPage":{"@id":"https:\/\/www.visit-ulcinj.com\/blog\/2014\/01\/29\/zenka-mohon-se-ka-pas-bisedime-per-koalicion\/#primaryimage"},"datePublished":"2014-01-29T10:08:00+00:00","dateModified":"2014-01-29T10:09:37+00:00","author":{"@id":"https:\/\/www.visit-ulcinj.com\/blog\/#\/schema\/person\/dcab619c614d3038751c63bc2aadc06d"},"description":"Lideri i Unionit demokratik t\u00eb Shqiptar\u00ebve Mehmed Zenka ka deklaruar q\u00eb t\u00eb mart\u00ebn nuk kishte bisedime p\u00ebr koalicione paszgjedhore n\u00eb mes kryetar\u00ebve t\u00eb","breadcrumb":{"@id":"https:\/\/www.visit-ulcinj.com\/blog\/2014\/01\/29\/zenka-mohon-se-ka-pas-bisedime-per-koalicion\/#breadcrumb"},"inLanguage":"en-US","potentialAction":[{"@type":"ReadAction","target":["https:\/\/www.visit-ulcinj.com\/blog\/2014\/01\/29\/zenka-mohon-se-ka-pas-bisedime-per-koalicion\/"]}]},{"@type":"BreadcrumbList","@id":"https:\/\/www.visit-ulcinj.com\/blog\/2014\/01\/29\/zenka-mohon-se-ka-pas-bisedime-per-koalicion\/#breadcrumb","itemListElement":[{"@type":"ListItem","position":1,"name":"Zenka mohon se ka pas bisedime p\u00ebr koalicion"}]},{"@type":"Person","@id":"https:\/\/www.visit-ulcinj.com\/blog\/#\/schema\/person\/dcab619c614d3038751c63bc2aadc06d","name":"ulqini","sameAs":["http:\/\/www.visit-ulcinj.com"],"url":"https:\/\/www.visit-ulcinj.com\/blog\/author\/admin\/"}]}},"jetpack_featured_media_url":"","jetpack_sharing_enabled":true,"jetpack_shortlink":"https:\/\/wp.me\/pe6lTn-kxz","_links":{"self":[{"href":"https:\/\/www.visit-ulcinj.com\/blog\/wp-json\/wp\/v2\/posts\/78961"}],"collection":[{"href":"https:\/\/www.visit-ulcinj.com\/blog\/wp-json\/wp\/v2\/posts"}],"about":[{"href":"https:\/\/www.visit-ulcinj.com\/blog\/wp-json\/wp\/v2\/types\/post"}],"author":[{"embeddable":true,"href":"https:\/\/www.visit-ulcinj.com\/blog\/wp-json\/wp\/v2\/users\/1"}],"replies":[{"embeddable":true,"href":"https:\/\/www.visit-ulcinj.com\/blog\/wp-json\/wp\/v2\/comments?post=78961"}],"version-history":[{"count":2,"href":"https:\/\/www.visit-ulcinj.com\/blog\/wp-json\/wp\/v2\/posts\/78961\/revisions"}],"predecessor-version":[{"id":78964,"href":"https:\/\/www.visit-ulcinj.com\/blog\/wp-json\/wp\/v2\/posts\/78961\/revisions\/78964"}],"wp:attachment":[{"href":"https:\/\/www.visit-ulcinj.com\/blog\/wp-json\/wp\/v2\/media?parent=78961"}],"wp:term":[{"taxonomy":"category","embeddable":true,"href":"https:\/\/www.visit-ulcinj.com\/blog\/wp-json\/wp\/v2\/categories?post=78961"},{"taxonomy":"post_tag","embeddable":true,"href":"https:\/\/www.visit-ulcinj.com\/blog\/wp-json\/wp\/v2\/tags?post=78961"}],"curies":[{"name":"wp","href":"https:\/\/api.w.org\/{rel}","templated":true}]}}