{"id":78966,"date":"2014-01-29T11:39:06","date_gmt":"2014-01-29T10:39:06","guid":{"rendered":"http:\/\/www.visit-ulcinj.com\/blog\/?p=78966"},"modified":"2014-02-02T00:25:31","modified_gmt":"2014-02-01T23:25:31","slug":"perse-ra-ulqini","status":"publish","type":"post","link":"https:\/\/www.visit-ulcinj.com\/blog\/2014\/01\/29\/perse-ra-ulqini\/","title":{"rendered":"P\u00ebrse ra Ulqini?! &#8211; Video"},"content":{"rendered":"<p><a href=\"http:\/\/www.visit-ulcinj.com\/blog\/wp-content\/uploads\/2014\/01\/Ditmir-Bushati-faktori-politik-shqiptar-mali-i-zi.jpg\"><img loading=\"lazy\" class=\"alignleft  wp-image-78967\" alt=\"Ditmir Bushati-faktori-politik-shqiptar-mali-i-zi\" src=\"http:\/\/www.visit-ulcinj.com\/blog\/wp-content\/uploads\/2014\/01\/Ditmir-Bushati-faktori-politik-shqiptar-mali-i-zi.jpg\" width=\"508\" height=\"360\" \/><\/a>Ulqini ra! Qytetin\u00a0 e dominuar nga shqiptar\u00ebt do e menaxhojn\u00eb malazez\u00ebt k\u00ebtej e tutje. T\u00eb fokusuar m\u00eb tep\u00ebr tek realiteti kosovar e ai maqedonas, pak \u00ebsht\u00eb hedhur v\u00ebshtrimi tek shqiptar\u00ebt e Malit t\u00eb Zi, edhe p\u00ebr faktin se n\u00eb realitetin e atjesh\u00ebm, nuk ka patur pre\u00e7edente t\u00eb r\u00ebnd\u00eb n\u00eb sfer\u00ebn nacionale, sidozot akte t\u00eb hapura diskriminimi etnik. Mali i Zi \u00ebsht\u00eb nd\u00ebr shtetet m\u00eb \u201ceuropiane\u201d nga ish-republikat e Jugosllavis\u00eb, nj\u00eb lloj ishulli i qet\u00eb mes \u201cdetrave t\u00eb trazuar\u201d ballkanik\u00eb. Nga ndokush, humbja e Ulqinit \u00ebsht\u00eb konsideruar nj\u00eb goditje e kauz\u00ebs komb\u00ebtare; dhe k\u00ebtu \u00ebsht\u00eb rasti p\u00ebr t`ju qasur paksa ftoht\u00ebsisht k\u00ebsaj ngjarjeje jo t\u00eb zakont\u00eb.<\/p>\n<p>E pazakont\u00eb, por e pritshme. Dit\u00eb m\u00eb par\u00eb, kreu i diplomacis\u00eb s\u00eb Tiran\u00ebs, Ditmir Bushati, i t\u00ebrhoqi v\u00ebrejtje faktorit shqiptar gjat\u00eb nj\u00eb vizite n\u00eb Mal t\u00eb Zi, q\u00eb t\u00eb mos cop\u00ebzohet n\u00eb dhjetra parti. Dhe kaq mjafton p\u00ebr t`i dh\u00ebn\u00eb nj\u00eb shpjegim r\u00ebnies s\u00eb Ulqinit, si dhe p\u00ebr ta par\u00eb tek vetja shkakun e jo tek \u201cshkjau\u201d. P\u00ebrkund\u00ebr k\u00ebsaj an\u00eb t\u00eb medaljes, \u00ebsht\u00eb dhe tjetra, q\u00eb ka t\u00eb b\u00ebj\u00eb thjesht me aft\u00ebsin\u00eb qeveris\u00ebse t\u00eb nj\u00eb drejtuesi lokal, t\u00eb nj\u00eb ekipi. Ulqini ishte duksh\u00ebm \u201cshqiptar\u201d n\u00eb menaxhim krahasuar me Tivarin apo Budv\u00ebn e malazez\u00ebve. Pa thirrur n\u00eb ndihm\u00eb teorit\u00eb konspirative p\u00ebr politika t\u00eb caktuara dhe t\u00eb kamufluara antishqiptare, ka vend dhe p\u00ebr gjykime me baza t\u00eb tjera, pa afshe nacionale, q\u00eb m\u00eb tep\u00ebr ngat\u00ebrrojn\u00eb se u japin dum \u00e7\u00ebshtjeve, ku kryesorja pra, \u00ebsht\u00eb aft\u00ebsia menaxhuese. Jo \u00e7do ndodhi si kjo e Ulqinit ka t\u00eb b\u00ebj\u00eb me shqiptare e antishqiptar\u00eb; por ka t\u00eb b\u00ebj\u00eb dhe me t\u00eb aft\u00eb e t\u00eb paaft\u00eb. Dhe do ishim shqiptar\u00eb m\u00eb t\u00eb mir\u00eb e m\u00eb t\u00eb dobish\u00ebm p\u00ebr vendin, sikur t\u00eb gjykonim vetet tona me k\u00ebt\u00eb kut.<\/p>\n<p>Tek e fundit, duhet kuptuar se d\u00ebshirat jo gjithnj\u00eb shkojn\u00eb n\u00eb p\u00ebrpjestim t\u00eb drejt\u00eb me meritat dhe aft\u00ebsit\u00eb. Jemi t\u00eb vetmit q\u00eb n\u00eb kap\u00ebrcyell t\u00eb nd\u00ebrrimit t\u00eb sistemeve, kishin lejtmotivin m\u00eb unikal n\u00eb raport me vendet e tjera t\u00eb ish-Lindjes: \u201cE duam Shqip\u00ebrin\u00eb si gjith\u00eb Europa!\u201d. Dhe n\u00eb realitet, kemi b\u00ebr\u00eb maksimumin, kemi dh\u00ebn\u00eb gjith\u00e7ka p\u00ebr ta mos e b\u00ebr\u00eb realitet k\u00ebt\u00eb gj\u00eb, e p\u00ebr t\u00eb mos qen\u00eb hi\u00e7\u00a0 Europ\u00eb sot e gjith\u00eb dit\u00ebn. Ne pra kemi humbur Shqip\u00ebrin\u00eb, jo m\u00eb Ulqinin. Po t\u00eb ishte ndryshe, as Ulqini nuk binte.\u00a0 <strong>E.H.<\/strong><\/p>\n<p><strong>Gazeta Dita<\/strong><\/p>\n<!--YouTube Error: bad URL entered-->\n","protected":false},"excerpt":{"rendered":"<p>Ulqini ra! Qytetin\u00a0 e dominuar nga shqiptar\u00ebt do e menaxhojn\u00eb malazez\u00ebt k\u00ebtej e tutje. T\u00eb fokusuar m\u00eb tep\u00ebr tek realiteti kosovar e ai maqedonas, pak \u00ebsht\u00eb hedhur v\u00ebshtrimi tek shqiptar\u00ebt e Malit t\u00eb Zi, edhe p\u00ebr faktin se n\u00eb realitetin e atjesh\u00ebm, nuk ka patur pre\u00e7edente t\u00eb r\u00ebnd\u00eb n\u00eb sfer\u00ebn nacionale, sidozot akte t\u00eb hapura [&hellip;]<\/p>\n","protected":false},"author":1,"featured_media":0,"comment_status":"closed","ping_status":"closed","sticky":false,"template":"","format":"standard","meta":{"spay_email":"","jetpack_publicize_message":"","jetpack_is_tweetstorm":false,"jetpack_publicize_feature_enabled":true},"categories":[3],"tags":[],"jetpack_publicize_connections":[],"yoast_head":"<!-- This site is optimized with the Yoast SEO plugin v19.1 - https:\/\/yoast.com\/wordpress\/plugins\/seo\/ -->\n<title>P\u00ebrse ra Ulqini?! - Video - Lajme nga Ulqini<\/title>\n<meta name=\"description\" content=\"Ulqini ra! Qytetin\u00a0 e dominuar nga shqiptar\u00ebt do e menaxhojn\u00eb malazez\u00ebt k\u00ebtej e tutje. T\u00eb fokusuar m\u00eb tep\u00ebr tek realiteti kosovar e ai maqedonas, pak\" \/>\n<meta name=\"robots\" content=\"index, follow, max-snippet:-1, max-image-preview:large, max-video-preview:-1\" \/>\n<link rel=\"canonical\" href=\"https:\/\/www.visit-ulcinj.com\/blog\/2014\/01\/29\/perse-ra-ulqini\/\" \/>\n<meta property=\"og:locale\" content=\"en_US\" \/>\n<meta property=\"og:type\" content=\"article\" \/>\n<meta property=\"og:title\" content=\"P\u00ebrse ra Ulqini?! - Video - Lajme nga Ulqini\" \/>\n<meta property=\"og:description\" content=\"Ulqini ra! Qytetin\u00a0 e dominuar nga shqiptar\u00ebt do e menaxhojn\u00eb malazez\u00ebt k\u00ebtej e tutje. T\u00eb fokusuar m\u00eb tep\u00ebr tek realiteti kosovar e ai maqedonas, pak\" \/>\n<meta property=\"og:url\" content=\"https:\/\/www.visit-ulcinj.com\/blog\/2014\/01\/29\/perse-ra-ulqini\/\" \/>\n<meta property=\"og:site_name\" content=\"Lajme nga Ulqini\" \/>\n<meta property=\"article:published_time\" content=\"2014-01-29T10:39:06+00:00\" \/>\n<meta property=\"article:modified_time\" content=\"2014-02-01T23:25:31+00:00\" \/>\n<meta property=\"og:image\" content=\"http:\/\/www.visit-ulcinj.com\/blog\/wp-content\/uploads\/2014\/01\/Ditmir-Bushati-faktori-politik-shqiptar-mali-i-zi.jpg\" \/>\n<meta name=\"twitter:label1\" content=\"Written by\" \/>\n\t<meta name=\"twitter:data1\" content=\"ulqini\" \/>\n\t<meta name=\"twitter:label2\" content=\"Est. reading time\" \/>\n\t<meta name=\"twitter:data2\" content=\"2 minutes\" \/>\n<script type=\"application\/ld+json\" class=\"yoast-schema-graph\">{\"@context\":\"https:\/\/schema.org\",\"@graph\":[{\"@type\":\"WebSite\",\"@id\":\"https:\/\/www.visit-ulcinj.com\/blog\/#website\",\"url\":\"https:\/\/www.visit-ulcinj.com\/blog\/\",\"name\":\"Lajme nga Ulqini\",\"description\":\"Lajme,Vijesti,Ulqini,Ulqin,Crna Gora,Mali i Zi\",\"potentialAction\":[{\"@type\":\"SearchAction\",\"target\":{\"@type\":\"EntryPoint\",\"urlTemplate\":\"https:\/\/www.visit-ulcinj.com\/blog\/?s={search_term_string}\"},\"query-input\":\"required name=search_term_string\"}],\"inLanguage\":\"en-US\"},{\"@type\":\"ImageObject\",\"inLanguage\":\"en-US\",\"@id\":\"https:\/\/www.visit-ulcinj.com\/blog\/2014\/01\/29\/perse-ra-ulqini\/#primaryimage\",\"url\":\"https:\/\/www.visit-ulcinj.com\/blog\/wp-content\/uploads\/2014\/01\/Ditmir-Bushati-faktori-politik-shqiptar-mali-i-zi.jpg\",\"contentUrl\":\"https:\/\/www.visit-ulcinj.com\/blog\/wp-content\/uploads\/2014\/01\/Ditmir-Bushati-faktori-politik-shqiptar-mali-i-zi.jpg\",\"width\":864,\"height\":520},{\"@type\":\"WebPage\",\"@id\":\"https:\/\/www.visit-ulcinj.com\/blog\/2014\/01\/29\/perse-ra-ulqini\/#webpage\",\"url\":\"https:\/\/www.visit-ulcinj.com\/blog\/2014\/01\/29\/perse-ra-ulqini\/\",\"name\":\"P\u00ebrse ra Ulqini?! - Video - Lajme nga Ulqini\",\"isPartOf\":{\"@id\":\"https:\/\/www.visit-ulcinj.com\/blog\/#website\"},\"primaryImageOfPage\":{\"@id\":\"https:\/\/www.visit-ulcinj.com\/blog\/2014\/01\/29\/perse-ra-ulqini\/#primaryimage\"},\"datePublished\":\"2014-01-29T10:39:06+00:00\",\"dateModified\":\"2014-02-01T23:25:31+00:00\",\"author\":{\"@id\":\"https:\/\/www.visit-ulcinj.com\/blog\/#\/schema\/person\/dcab619c614d3038751c63bc2aadc06d\"},\"description\":\"Ulqini ra! Qytetin\u00a0 e dominuar nga shqiptar\u00ebt do e menaxhojn\u00eb malazez\u00ebt k\u00ebtej e tutje. T\u00eb fokusuar m\u00eb tep\u00ebr tek realiteti kosovar e ai maqedonas, pak\",\"breadcrumb\":{\"@id\":\"https:\/\/www.visit-ulcinj.com\/blog\/2014\/01\/29\/perse-ra-ulqini\/#breadcrumb\"},\"inLanguage\":\"en-US\",\"potentialAction\":[{\"@type\":\"ReadAction\",\"target\":[\"https:\/\/www.visit-ulcinj.com\/blog\/2014\/01\/29\/perse-ra-ulqini\/\"]}]},{\"@type\":\"BreadcrumbList\",\"@id\":\"https:\/\/www.visit-ulcinj.com\/blog\/2014\/01\/29\/perse-ra-ulqini\/#breadcrumb\",\"itemListElement\":[{\"@type\":\"ListItem\",\"position\":1,\"name\":\"P\u00ebrse ra Ulqini?! &#8211; Video\"}]},{\"@type\":\"Person\",\"@id\":\"https:\/\/www.visit-ulcinj.com\/blog\/#\/schema\/person\/dcab619c614d3038751c63bc2aadc06d\",\"name\":\"ulqini\",\"sameAs\":[\"http:\/\/www.visit-ulcinj.com\"],\"url\":\"https:\/\/www.visit-ulcinj.com\/blog\/author\/admin\/\"}]}<\/script>\n<!-- \/ Yoast SEO plugin. -->","yoast_head_json":{"title":"P\u00ebrse ra Ulqini?! - Video - Lajme nga Ulqini","description":"Ulqini ra! Qytetin\u00a0 e dominuar nga shqiptar\u00ebt do e menaxhojn\u00eb malazez\u00ebt k\u00ebtej e tutje. T\u00eb fokusuar m\u00eb tep\u00ebr tek realiteti kosovar e ai maqedonas, pak","robots":{"index":"index","follow":"follow","max-snippet":"max-snippet:-1","max-image-preview":"max-image-preview:large","max-video-preview":"max-video-preview:-1"},"canonical":"https:\/\/www.visit-ulcinj.com\/blog\/2014\/01\/29\/perse-ra-ulqini\/","og_locale":"en_US","og_type":"article","og_title":"P\u00ebrse ra Ulqini?! - Video - Lajme nga Ulqini","og_description":"Ulqini ra! Qytetin\u00a0 e dominuar nga shqiptar\u00ebt do e menaxhojn\u00eb malazez\u00ebt k\u00ebtej e tutje. T\u00eb fokusuar m\u00eb tep\u00ebr tek realiteti kosovar e ai maqedonas, pak","og_url":"https:\/\/www.visit-ulcinj.com\/blog\/2014\/01\/29\/perse-ra-ulqini\/","og_site_name":"Lajme nga Ulqini","article_published_time":"2014-01-29T10:39:06+00:00","article_modified_time":"2014-02-01T23:25:31+00:00","og_image":[{"url":"http:\/\/www.visit-ulcinj.com\/blog\/wp-content\/uploads\/2014\/01\/Ditmir-Bushati-faktori-politik-shqiptar-mali-i-zi.jpg"}],"twitter_misc":{"Written by":"ulqini","Est. reading time":"2 minutes"},"schema":{"@context":"https:\/\/schema.org","@graph":[{"@type":"WebSite","@id":"https:\/\/www.visit-ulcinj.com\/blog\/#website","url":"https:\/\/www.visit-ulcinj.com\/blog\/","name":"Lajme nga Ulqini","description":"Lajme,Vijesti,Ulqini,Ulqin,Crna Gora,Mali i Zi","potentialAction":[{"@type":"SearchAction","target":{"@type":"EntryPoint","urlTemplate":"https:\/\/www.visit-ulcinj.com\/blog\/?s={search_term_string}"},"query-input":"required name=search_term_string"}],"inLanguage":"en-US"},{"@type":"ImageObject","inLanguage":"en-US","@id":"https:\/\/www.visit-ulcinj.com\/blog\/2014\/01\/29\/perse-ra-ulqini\/#primaryimage","url":"https:\/\/www.visit-ulcinj.com\/blog\/wp-content\/uploads\/2014\/01\/Ditmir-Bushati-faktori-politik-shqiptar-mali-i-zi.jpg","contentUrl":"https:\/\/www.visit-ulcinj.com\/blog\/wp-content\/uploads\/2014\/01\/Ditmir-Bushati-faktori-politik-shqiptar-mali-i-zi.jpg","width":864,"height":520},{"@type":"WebPage","@id":"https:\/\/www.visit-ulcinj.com\/blog\/2014\/01\/29\/perse-ra-ulqini\/#webpage","url":"https:\/\/www.visit-ulcinj.com\/blog\/2014\/01\/29\/perse-ra-ulqini\/","name":"P\u00ebrse ra Ulqini?! - Video - Lajme nga Ulqini","isPartOf":{"@id":"https:\/\/www.visit-ulcinj.com\/blog\/#website"},"primaryImageOfPage":{"@id":"https:\/\/www.visit-ulcinj.com\/blog\/2014\/01\/29\/perse-ra-ulqini\/#primaryimage"},"datePublished":"2014-01-29T10:39:06+00:00","dateModified":"2014-02-01T23:25:31+00:00","author":{"@id":"https:\/\/www.visit-ulcinj.com\/blog\/#\/schema\/person\/dcab619c614d3038751c63bc2aadc06d"},"description":"Ulqini ra! Qytetin\u00a0 e dominuar nga shqiptar\u00ebt do e menaxhojn\u00eb malazez\u00ebt k\u00ebtej e tutje. T\u00eb fokusuar m\u00eb tep\u00ebr tek realiteti kosovar e ai maqedonas, pak","breadcrumb":{"@id":"https:\/\/www.visit-ulcinj.com\/blog\/2014\/01\/29\/perse-ra-ulqini\/#breadcrumb"},"inLanguage":"en-US","potentialAction":[{"@type":"ReadAction","target":["https:\/\/www.visit-ulcinj.com\/blog\/2014\/01\/29\/perse-ra-ulqini\/"]}]},{"@type":"BreadcrumbList","@id":"https:\/\/www.visit-ulcinj.com\/blog\/2014\/01\/29\/perse-ra-ulqini\/#breadcrumb","itemListElement":[{"@type":"ListItem","position":1,"name":"P\u00ebrse ra Ulqini?! &#8211; Video"}]},{"@type":"Person","@id":"https:\/\/www.visit-ulcinj.com\/blog\/#\/schema\/person\/dcab619c614d3038751c63bc2aadc06d","name":"ulqini","sameAs":["http:\/\/www.visit-ulcinj.com"],"url":"https:\/\/www.visit-ulcinj.com\/blog\/author\/admin\/"}]}},"jetpack_featured_media_url":"","jetpack_sharing_enabled":true,"jetpack_shortlink":"https:\/\/wp.me\/pe6lTn-kxE","_links":{"self":[{"href":"https:\/\/www.visit-ulcinj.com\/blog\/wp-json\/wp\/v2\/posts\/78966"}],"collection":[{"href":"https:\/\/www.visit-ulcinj.com\/blog\/wp-json\/wp\/v2\/posts"}],"about":[{"href":"https:\/\/www.visit-ulcinj.com\/blog\/wp-json\/wp\/v2\/types\/post"}],"author":[{"embeddable":true,"href":"https:\/\/www.visit-ulcinj.com\/blog\/wp-json\/wp\/v2\/users\/1"}],"replies":[{"embeddable":true,"href":"https:\/\/www.visit-ulcinj.com\/blog\/wp-json\/wp\/v2\/comments?post=78966"}],"version-history":[{"count":2,"href":"https:\/\/www.visit-ulcinj.com\/blog\/wp-json\/wp\/v2\/posts\/78966\/revisions"}],"predecessor-version":[{"id":79161,"href":"https:\/\/www.visit-ulcinj.com\/blog\/wp-json\/wp\/v2\/posts\/78966\/revisions\/79161"}],"wp:attachment":[{"href":"https:\/\/www.visit-ulcinj.com\/blog\/wp-json\/wp\/v2\/media?parent=78966"}],"wp:term":[{"taxonomy":"category","embeddable":true,"href":"https:\/\/www.visit-ulcinj.com\/blog\/wp-json\/wp\/v2\/categories?post=78966"},{"taxonomy":"post_tag","embeddable":true,"href":"https:\/\/www.visit-ulcinj.com\/blog\/wp-json\/wp\/v2\/tags?post=78966"}],"curies":[{"name":"wp","href":"https:\/\/api.w.org\/{rel}","templated":true}]}}