{"id":78980,"date":"2014-01-29T18:21:35","date_gmt":"2014-01-29T17:21:35","guid":{"rendered":"http:\/\/www.visit-ulcinj.com\/blog\/?p=78980"},"modified":"2014-01-29T18:22:08","modified_gmt":"2014-01-29T17:22:08","slug":"cungu-deka-zenka-na-postizbornom-razgovoru","status":"publish","type":"post","link":"https:\/\/www.visit-ulcinj.com\/blog\/2014\/01\/29\/cungu-deka-zenka-na-postizbornom-razgovoru\/","title":{"rendered":"Cungu, \u0110eka i Zenka na postizbornom razgovoru"},"content":{"rendered":"<p><a href=\"http:\/\/www.visit-ulcinj.com\/blog\/wp-content\/uploads\/2014\/01\/Cungu-Gjeka-Zenka.jpg\"><img loading=\"lazy\" class=\"alignleft  wp-image-78981\" alt=\"Cungu-Gjeka-Zenka\" src=\"http:\/\/www.visit-ulcinj.com\/blog\/wp-content\/uploads\/2014\/01\/Cungu-Gjeka-Zenka.jpg\" width=\"508\" height=\"360\" \/><\/a>Lideri albanskih nacionalnih partija Forca, DP i DUA, Nazif Cungu, Fatmir \u0110eka i Mehmet Zenka\u00a0sastali su se ju\u010de u jednom podgori\u010dkom lokalu, kako bi razgovarali o mogu\u0107oj koalicionoj saradnji u Ulcinju, saznaju Dnevne novine.<\/p>\n<p>Me\u0111utim, kako je nakon sastanka kazao Cungu, partija na \u010dijem je \u010delu Fatmir \u0110eka je prije izbora dogovorila koaliciju sa Demokratskom partijom socijalista, koja je na ovim izborima osvojila devet mandata. Cungu je saop\u0161tio da je tek ju\u010de saznao za takav dogovor. S druge strane, na navode Cungua da je unaprijed dogovorena koalicija DP sa DPS, \u0110eka je kazao da se Cungu \u0161ali.<\/p>\n<p>&#8220;Nema novih informacija, ali vjerujem da \u0107e se do petka znati ko \u0107e biti vlast u Ulcinju&#8221;, kazao je \u0110eka.<\/p>\n<p>Dana\u0161nja Pobjeda je objavila da je bez DPS-a gotovo nemogu\u0107e formirati vlast u Ulcinju.<\/p>\n<p>Podsje\u0107amo da je prema preliminarnim izbornim rezultatima Ioptinske izborne komisije Ulcinj DPS osvojila devet mandata 3.174 glasova, Forca osam mandata 2.928 glasova, Koalicija Zajedno za budu\u0107nost Ulcinja sedam 2.345 glasova, DUA tri 1.058 glasova, SDP dva mandata 820 glasova, Pozitivna CG dva manadata 682 glasova, SNP jedan mandat 479 glasova i DF jedan mandat 387 glasova.<\/p>\n<p>\u201eOd ukupno 19.169 gra\u0111ana s pravom glasa, na izborima u Ulcinju 26. januara glasalo je 12.285 bira\u010da, \u0161to je 64,08% od ukupnog bira\u010dkog tijela\u201c, rekao je Jakup Murati, predsjednik OIK.<\/p>\n<p>Va\u017ee\u0107ih listi\u0107a je bilo 12.128, a neva\u017ee\u0107ih 157. Putem pisma glasalo je 687 bira\u010da<\/p>\n<p>&nbsp;<\/p>\n<p><strong>Izvor: Dnevne Novine \/ CDM<\/strong><\/p>\n","protected":false},"excerpt":{"rendered":"<p>Lideri albanskih nacionalnih partija Forca, DP i DUA, Nazif Cungu, Fatmir \u0110eka i Mehmet Zenka\u00a0sastali su se ju\u010de u jednom podgori\u010dkom lokalu, kako bi razgovarali o mogu\u0107oj koalicionoj saradnji u Ulcinju, saznaju Dnevne novine. Me\u0111utim, kako je nakon sastanka kazao Cungu, partija na \u010dijem je \u010delu Fatmir \u0110eka je prije izbora dogovorila koaliciju sa Demokratskom [&hellip;]<\/p>\n","protected":false},"author":1,"featured_media":0,"comment_status":"closed","ping_status":"closed","sticky":false,"template":"","format":"standard","meta":{"spay_email":"","jetpack_publicize_message":"","jetpack_is_tweetstorm":false,"jetpack_publicize_feature_enabled":true},"categories":[8337],"tags":[],"jetpack_publicize_connections":[],"yoast_head":"<!-- This site is optimized with the Yoast SEO plugin v19.1 - https:\/\/yoast.com\/wordpress\/plugins\/seo\/ -->\n<title>Cungu, \u0110eka i Zenka na postizbornom razgovoru - Lajme nga Ulqini<\/title>\n<meta name=\"description\" content=\"Lideri albanskih nacionalnih partija Forca, DP i DUA, Nazif Cungu, Fatmir \u0110eka i Mehmet Zenka\u00a0sastali su se ju\u010de u jednom podgori\u010dkom lokalu, kako bi\" \/>\n<meta name=\"robots\" content=\"index, follow, max-snippet:-1, max-image-preview:large, max-video-preview:-1\" \/>\n<link rel=\"canonical\" href=\"https:\/\/www.visit-ulcinj.com\/blog\/2014\/01\/29\/cungu-deka-zenka-na-postizbornom-razgovoru\/\" \/>\n<meta property=\"og:locale\" content=\"en_US\" \/>\n<meta property=\"og:type\" content=\"article\" \/>\n<meta property=\"og:title\" content=\"Cungu, \u0110eka i Zenka na postizbornom razgovoru - Lajme nga Ulqini\" \/>\n<meta property=\"og:description\" content=\"Lideri albanskih nacionalnih partija Forca, DP i DUA, Nazif Cungu, Fatmir \u0110eka i Mehmet Zenka\u00a0sastali su se ju\u010de u jednom podgori\u010dkom lokalu, kako bi\" \/>\n<meta property=\"og:url\" content=\"https:\/\/www.visit-ulcinj.com\/blog\/2014\/01\/29\/cungu-deka-zenka-na-postizbornom-razgovoru\/\" \/>\n<meta property=\"og:site_name\" content=\"Lajme nga Ulqini\" \/>\n<meta property=\"article:published_time\" content=\"2014-01-29T17:21:35+00:00\" \/>\n<meta property=\"article:modified_time\" content=\"2014-01-29T17:22:08+00:00\" \/>\n<meta property=\"og:image\" content=\"http:\/\/www.visit-ulcinj.com\/blog\/wp-content\/uploads\/2014\/01\/Cungu-Gjeka-Zenka.jpg\" \/>\n<meta name=\"twitter:label1\" content=\"Written by\" \/>\n\t<meta name=\"twitter:data1\" content=\"ulqini\" \/>\n\t<meta name=\"twitter:label2\" content=\"Est. reading time\" \/>\n\t<meta name=\"twitter:data2\" content=\"1 minute\" \/>\n<script type=\"application\/ld+json\" class=\"yoast-schema-graph\">{\"@context\":\"https:\/\/schema.org\",\"@graph\":[{\"@type\":\"WebSite\",\"@id\":\"https:\/\/www.visit-ulcinj.com\/blog\/#website\",\"url\":\"https:\/\/www.visit-ulcinj.com\/blog\/\",\"name\":\"Lajme nga Ulqini\",\"description\":\"Lajme,Vijesti,Ulqini,Ulqin,Crna Gora,Mali i Zi\",\"potentialAction\":[{\"@type\":\"SearchAction\",\"target\":{\"@type\":\"EntryPoint\",\"urlTemplate\":\"https:\/\/www.visit-ulcinj.com\/blog\/?s={search_term_string}\"},\"query-input\":\"required name=search_term_string\"}],\"inLanguage\":\"en-US\"},{\"@type\":\"ImageObject\",\"inLanguage\":\"en-US\",\"@id\":\"https:\/\/www.visit-ulcinj.com\/blog\/2014\/01\/29\/cungu-deka-zenka-na-postizbornom-razgovoru\/#primaryimage\",\"url\":\"https:\/\/www.visit-ulcinj.com\/blog\/wp-content\/uploads\/2014\/01\/Cungu-Gjeka-Zenka.jpg\",\"contentUrl\":\"https:\/\/www.visit-ulcinj.com\/blog\/wp-content\/uploads\/2014\/01\/Cungu-Gjeka-Zenka.jpg\",\"width\":573,\"height\":430},{\"@type\":\"WebPage\",\"@id\":\"https:\/\/www.visit-ulcinj.com\/blog\/2014\/01\/29\/cungu-deka-zenka-na-postizbornom-razgovoru\/#webpage\",\"url\":\"https:\/\/www.visit-ulcinj.com\/blog\/2014\/01\/29\/cungu-deka-zenka-na-postizbornom-razgovoru\/\",\"name\":\"Cungu, \u0110eka i Zenka na postizbornom razgovoru - Lajme nga Ulqini\",\"isPartOf\":{\"@id\":\"https:\/\/www.visit-ulcinj.com\/blog\/#website\"},\"primaryImageOfPage\":{\"@id\":\"https:\/\/www.visit-ulcinj.com\/blog\/2014\/01\/29\/cungu-deka-zenka-na-postizbornom-razgovoru\/#primaryimage\"},\"datePublished\":\"2014-01-29T17:21:35+00:00\",\"dateModified\":\"2014-01-29T17:22:08+00:00\",\"author\":{\"@id\":\"https:\/\/www.visit-ulcinj.com\/blog\/#\/schema\/person\/dcab619c614d3038751c63bc2aadc06d\"},\"description\":\"Lideri albanskih nacionalnih partija Forca, DP i DUA, Nazif Cungu, Fatmir \u0110eka i Mehmet Zenka\u00a0sastali su se ju\u010de u jednom podgori\u010dkom lokalu, kako bi\",\"breadcrumb\":{\"@id\":\"https:\/\/www.visit-ulcinj.com\/blog\/2014\/01\/29\/cungu-deka-zenka-na-postizbornom-razgovoru\/#breadcrumb\"},\"inLanguage\":\"en-US\",\"potentialAction\":[{\"@type\":\"ReadAction\",\"target\":[\"https:\/\/www.visit-ulcinj.com\/blog\/2014\/01\/29\/cungu-deka-zenka-na-postizbornom-razgovoru\/\"]}]},{\"@type\":\"BreadcrumbList\",\"@id\":\"https:\/\/www.visit-ulcinj.com\/blog\/2014\/01\/29\/cungu-deka-zenka-na-postizbornom-razgovoru\/#breadcrumb\",\"itemListElement\":[{\"@type\":\"ListItem\",\"position\":1,\"name\":\"Cungu, \u0110eka i Zenka na postizbornom razgovoru\"}]},{\"@type\":\"Person\",\"@id\":\"https:\/\/www.visit-ulcinj.com\/blog\/#\/schema\/person\/dcab619c614d3038751c63bc2aadc06d\",\"name\":\"ulqini\",\"sameAs\":[\"http:\/\/www.visit-ulcinj.com\"],\"url\":\"https:\/\/www.visit-ulcinj.com\/blog\/author\/admin\/\"}]}<\/script>\n<!-- \/ Yoast SEO plugin. -->","yoast_head_json":{"title":"Cungu, \u0110eka i Zenka na postizbornom razgovoru - Lajme nga Ulqini","description":"Lideri albanskih nacionalnih partija Forca, DP i DUA, Nazif Cungu, Fatmir \u0110eka i Mehmet Zenka\u00a0sastali su se ju\u010de u jednom podgori\u010dkom lokalu, kako bi","robots":{"index":"index","follow":"follow","max-snippet":"max-snippet:-1","max-image-preview":"max-image-preview:large","max-video-preview":"max-video-preview:-1"},"canonical":"https:\/\/www.visit-ulcinj.com\/blog\/2014\/01\/29\/cungu-deka-zenka-na-postizbornom-razgovoru\/","og_locale":"en_US","og_type":"article","og_title":"Cungu, \u0110eka i Zenka na postizbornom razgovoru - Lajme nga Ulqini","og_description":"Lideri albanskih nacionalnih partija Forca, DP i DUA, Nazif Cungu, Fatmir \u0110eka i Mehmet Zenka\u00a0sastali su se ju\u010de u jednom podgori\u010dkom lokalu, kako bi","og_url":"https:\/\/www.visit-ulcinj.com\/blog\/2014\/01\/29\/cungu-deka-zenka-na-postizbornom-razgovoru\/","og_site_name":"Lajme nga Ulqini","article_published_time":"2014-01-29T17:21:35+00:00","article_modified_time":"2014-01-29T17:22:08+00:00","og_image":[{"url":"http:\/\/www.visit-ulcinj.com\/blog\/wp-content\/uploads\/2014\/01\/Cungu-Gjeka-Zenka.jpg"}],"twitter_misc":{"Written by":"ulqini","Est. reading time":"1 minute"},"schema":{"@context":"https:\/\/schema.org","@graph":[{"@type":"WebSite","@id":"https:\/\/www.visit-ulcinj.com\/blog\/#website","url":"https:\/\/www.visit-ulcinj.com\/blog\/","name":"Lajme nga Ulqini","description":"Lajme,Vijesti,Ulqini,Ulqin,Crna Gora,Mali i Zi","potentialAction":[{"@type":"SearchAction","target":{"@type":"EntryPoint","urlTemplate":"https:\/\/www.visit-ulcinj.com\/blog\/?s={search_term_string}"},"query-input":"required name=search_term_string"}],"inLanguage":"en-US"},{"@type":"ImageObject","inLanguage":"en-US","@id":"https:\/\/www.visit-ulcinj.com\/blog\/2014\/01\/29\/cungu-deka-zenka-na-postizbornom-razgovoru\/#primaryimage","url":"https:\/\/www.visit-ulcinj.com\/blog\/wp-content\/uploads\/2014\/01\/Cungu-Gjeka-Zenka.jpg","contentUrl":"https:\/\/www.visit-ulcinj.com\/blog\/wp-content\/uploads\/2014\/01\/Cungu-Gjeka-Zenka.jpg","width":573,"height":430},{"@type":"WebPage","@id":"https:\/\/www.visit-ulcinj.com\/blog\/2014\/01\/29\/cungu-deka-zenka-na-postizbornom-razgovoru\/#webpage","url":"https:\/\/www.visit-ulcinj.com\/blog\/2014\/01\/29\/cungu-deka-zenka-na-postizbornom-razgovoru\/","name":"Cungu, \u0110eka i Zenka na postizbornom razgovoru - Lajme nga Ulqini","isPartOf":{"@id":"https:\/\/www.visit-ulcinj.com\/blog\/#website"},"primaryImageOfPage":{"@id":"https:\/\/www.visit-ulcinj.com\/blog\/2014\/01\/29\/cungu-deka-zenka-na-postizbornom-razgovoru\/#primaryimage"},"datePublished":"2014-01-29T17:21:35+00:00","dateModified":"2014-01-29T17:22:08+00:00","author":{"@id":"https:\/\/www.visit-ulcinj.com\/blog\/#\/schema\/person\/dcab619c614d3038751c63bc2aadc06d"},"description":"Lideri albanskih nacionalnih partija Forca, DP i DUA, Nazif Cungu, Fatmir \u0110eka i Mehmet Zenka\u00a0sastali su se ju\u010de u jednom podgori\u010dkom lokalu, kako bi","breadcrumb":{"@id":"https:\/\/www.visit-ulcinj.com\/blog\/2014\/01\/29\/cungu-deka-zenka-na-postizbornom-razgovoru\/#breadcrumb"},"inLanguage":"en-US","potentialAction":[{"@type":"ReadAction","target":["https:\/\/www.visit-ulcinj.com\/blog\/2014\/01\/29\/cungu-deka-zenka-na-postizbornom-razgovoru\/"]}]},{"@type":"BreadcrumbList","@id":"https:\/\/www.visit-ulcinj.com\/blog\/2014\/01\/29\/cungu-deka-zenka-na-postizbornom-razgovoru\/#breadcrumb","itemListElement":[{"@type":"ListItem","position":1,"name":"Cungu, \u0110eka i Zenka na postizbornom razgovoru"}]},{"@type":"Person","@id":"https:\/\/www.visit-ulcinj.com\/blog\/#\/schema\/person\/dcab619c614d3038751c63bc2aadc06d","name":"ulqini","sameAs":["http:\/\/www.visit-ulcinj.com"],"url":"https:\/\/www.visit-ulcinj.com\/blog\/author\/admin\/"}]}},"jetpack_featured_media_url":"","jetpack_sharing_enabled":true,"jetpack_shortlink":"https:\/\/wp.me\/pe6lTn-kxS","_links":{"self":[{"href":"https:\/\/www.visit-ulcinj.com\/blog\/wp-json\/wp\/v2\/posts\/78980"}],"collection":[{"href":"https:\/\/www.visit-ulcinj.com\/blog\/wp-json\/wp\/v2\/posts"}],"about":[{"href":"https:\/\/www.visit-ulcinj.com\/blog\/wp-json\/wp\/v2\/types\/post"}],"author":[{"embeddable":true,"href":"https:\/\/www.visit-ulcinj.com\/blog\/wp-json\/wp\/v2\/users\/1"}],"replies":[{"embeddable":true,"href":"https:\/\/www.visit-ulcinj.com\/blog\/wp-json\/wp\/v2\/comments?post=78980"}],"version-history":[{"count":2,"href":"https:\/\/www.visit-ulcinj.com\/blog\/wp-json\/wp\/v2\/posts\/78980\/revisions"}],"predecessor-version":[{"id":78984,"href":"https:\/\/www.visit-ulcinj.com\/blog\/wp-json\/wp\/v2\/posts\/78980\/revisions\/78984"}],"wp:attachment":[{"href":"https:\/\/www.visit-ulcinj.com\/blog\/wp-json\/wp\/v2\/media?parent=78980"}],"wp:term":[{"taxonomy":"category","embeddable":true,"href":"https:\/\/www.visit-ulcinj.com\/blog\/wp-json\/wp\/v2\/categories?post=78980"},{"taxonomy":"post_tag","embeddable":true,"href":"https:\/\/www.visit-ulcinj.com\/blog\/wp-json\/wp\/v2\/tags?post=78980"}],"curies":[{"name":"wp","href":"https:\/\/api.w.org\/{rel}","templated":true}]}}