{"id":78988,"date":"2014-01-29T19:23:56","date_gmt":"2014-01-29T18:23:56","guid":{"rendered":"http:\/\/www.visit-ulcinj.com\/blog\/?p=78988"},"modified":"2014-01-30T17:47:46","modified_gmt":"2014-01-30T16:47:46","slug":"sindroma-e-humbjes-nga-milaim-shefkiu","status":"publish","type":"post","link":"https:\/\/www.visit-ulcinj.com\/blog\/2014\/01\/29\/sindroma-e-humbjes-nga-milaim-shefkiu\/","title":{"rendered":"Sindroma e humbjes nga Milaim Shefkiu"},"content":{"rendered":"<p><a href=\"http:\/\/www.visit-ulcinj.com\/blog\/wp-content\/uploads\/2014\/01\/Milaim-Shefkiu.jpg\"><img loading=\"lazy\" class=\"alignleft  wp-image-78989\" alt=\"Milaim Shefkiu\" src=\"http:\/\/www.visit-ulcinj.com\/blog\/wp-content\/uploads\/2014\/01\/Milaim-Shefkiu.jpg\" width=\"250\" height=\"299\" \/><\/a>Zgjedhjet e jasht\u00ebzakonshme n\u00eb Ulqin kan\u00eb rikonfirmuar nj\u00eb defekt patologjik t\u00eb shqiptar\u00ebve q\u00eb nuk po arrin t\u00eb gjej\u00eb sh\u00ebrim tash e sa shekuj.<\/p>\n<p>N\u00eb k\u00ebt\u00eb komun\u00eb bregdetare, shqiptar\u00ebt q\u00eb p\u00ebrb\u00ebjn\u00eb shumic\u00ebn me mbi 70 p\u00ebr qind t\u00eb popullsis\u00eb, kan\u00eb humbur komun\u00ebn p\u00ebrball\u00eb malazezve q\u00eb jan\u00eb vet\u00ebm 8 p\u00ebr qind e statistikave demografike. Kjo nuk \u00ebsht\u00eb thjesht\u00eb nj\u00eb humbje e r\u00ebndomt\u00eb, por tejkalon disfat\u00ebn elektorale, duke \u00e7uar popullin n\u00eb nj\u00eb analiz\u00eb biologjike.<br \/>\nPse ndodh q\u00eb vet\u00ebm shqiptar\u00ebt t\u00eb humbasin kaq keq?.<\/p>\n<p>Dikush kishte me th\u00ebn\u00eb se p\u00ebrgjigjja \u00ebsht\u00eb e thjesht\u00eb!. Shqiptar\u00ebt jan\u00eb b\u00ebr\u00eb \u201cpik\u00eb e pes\u00eb\u201d, secila lagje me parti politike dhe n\u00eb fund asnj\u00ebra, sikur n\u00eb at\u00eb batut\u00ebn, nuk i ka fituar \u201dtirqit\u201d, por t\u00eb gjith\u00eb \u201churin\u201d.<\/p>\n<p>N\u00eb k\u00ebt\u00eb luft\u00eb gjelash t\u00eb leckosur ka fituar partia e kryeministrit Millo Gjukanoviq, e cila u ka dh\u00ebn\u00eb leksion \u201cmarinar\u00ebve\u201d se anija nuk ec\u00ebn me nj\u00eb rrem, por duhen disa p\u00ebrnj\u00ebher\u00eb, madje t\u00eb sinkronizuar mir\u00eb.<\/p>\n<p>Sindroma e humbjes nuk \u00ebsht\u00eb \u201cspecialitet\u201d vet\u00ebm i Ulqinit. Kjo po p\u00ebrcillet gjithandej etnikumit, sepse kur jan\u00eb n\u00eb pyetje privilegjet politike ose karrigia, shqiptar\u00ebt nuk e njohin as Zotin. Prandaj Ulqini \u00ebsht\u00eb fundi i asaj ku shqiptar\u00ebt, si\u00e7 do t\u00eb thoshte Adem Dema\u00e7i, ia kan\u00eb nxjerr\u00eb bishtin me ndarjet radikale.<\/p>\n<p>Kjo humbje v\u00ebrtet k\u00ebrkon studim pse populli nuk i voton p\u00ebrfaq\u00ebsuesit e vet, por t\u00eb fqinj\u00ebve. Dikush duhet ta mbaj\u00eb p\u00ebrgjegj\u00ebsin\u00eb, ose lider\u00ebt q\u00eb i kan\u00eb shkomcuar martinat kund\u00ebr nj\u00ebri-tjetrit, ose populli q\u00eb s\u2019\u00ebsht\u00eb mbushur mend. Por m\u00eb shum\u00eb jan\u00eb politikan\u00ebt q\u00eb si gjithkund, e kan\u00eb b\u00ebr\u00eb pun\u00ebn \u201cb\u00ebrllok\u201d.<\/p>\n<p>E nj\u00ebjta situat\u00eb ka ndodhur edhe n\u00eb Bujanoc t\u00eb Lugin\u00ebs s\u00eb Preshev\u00ebs. Atje ka ndodhur edhe m\u00eb keq.<\/p>\n<p>Partit\u00eb politike shqiptare kan\u00eb fituar shumic\u00ebn n\u00eb Kuvendin Komunal, 30 k\u00ebshilltar\u00eb nga 40 sa ka Kuvendi Komunal, nd\u00ebrsa koalicion ka b\u00ebr\u00eb partia q\u00eb ka fituar m\u00eb shum\u00eb vota me nj\u00eb parti serbe, duke i l\u00ebn\u00eb n\u00eb opozit\u00eb 18 k\u00ebshilltar\u00eb shqiptar\u00eb. Ky ishte paradoksi legjendar q\u00eb pushteti t\u00eb ndahet me serb\u00eb dhe jo me shqiptar\u00eb. Edhe ky rast k\u00ebrkon studim gjenetik, se ku \u00ebsht\u00eb defekti i thyerjeve kaq t\u00eb m\u00ebdha nd\u00ebrmjet v\u00ebllez\u00ebrve.<\/p>\n<p>Plasaritja e trungut shqiptar nuk p\u00ebrfundon k\u00ebtu. Edhe n\u00eb Kosov\u00eb \u00ebsht\u00eb e nj\u00ebjta patologji. N\u00eb zgjedhjet e fundit, ish-kryetari i komun\u00ebs s\u00eb Novob\u00ebrd\u00ebs, Bajrush Ymeri mbeti i vet\u00ebm kund\u00ebr list\u00ebs \u201cSrpska\u201d q\u00eb u mb\u00ebshtet nga Beogradi, dhe askush nuk i doli n\u00eb mb\u00ebshtetje. Ai k\u00ebrkoi ndihm\u00ebn e partive t\u00eb tjera politike q\u00eb ta mb\u00ebshtesin n\u00eb balotazh, por nuk e mb\u00ebshtet\u00ebn, madje lider\u00ebt e disa partive politike nuk e pranuan as n\u00eb takim. Dhe si pasoj\u00eb, kjo komun\u00eb iu fal list\u00ebs \u201cSrpska\u201d me logjik\u00ebn: \u201cp\u00ebr inati t\u00eb res\u00eb me vdekt\u00eb djali\u201d.<\/p>\n<p>K\u00ebta jan\u00eb vet\u00ebm tre shembuj se si popull jemi b\u00ebr\u00eb \u201claik\u201d. Dhe k\u00ebto ndarje nuk kan\u00eb ndodhur nga mungesa e vet\u00ebdijes, por nga urrejtja e brendshme djall\u00ebzore. T\u00eb gjith\u00eb k\u00ebta q\u00eb po i fryjn\u00eb zjarrit t\u00eb ndarjes, nuk jan\u00eb t\u00eb verb\u00ebr q\u00eb i bien \u201clyr\u00ebs\u201d por jan\u00eb t\u00eb s\u00ebmur\u00eb nga sindroma e bajraktarizmit, q\u00eb nuk mundet ta shohin dik\u00eb para.<\/p>\n<p>Nj\u00eb leksion q\u00eb duhet t\u00eb vlej\u00eb p\u00ebr t\u00eb gjith\u00eb shqiptar\u00ebt \u00ebsht\u00eb K\u00ebr\u00e7ova n\u00eb Maqedoni.<\/p>\n<p>N\u00eb k\u00ebt\u00eb komun\u00eb t\u00eb gjitha partit\u00eb u b\u00ebn\u00eb bashk\u00eb, dhe pas 70 vjet\u00ebsh, komun\u00ebn e fituan shqiptar\u00ebt. Me siguri Fatmir Dehari nuk do ta kishte par\u00eb as n\u00eb \u00ebnd\u00ebrr postin e kryetarit, n\u00ebse at\u00eb nuk do ta kishin mb\u00ebshtetur t\u00eb gjitha partit\u00eb.<br \/>\nDikush ende nuk po e kupton at\u00eb q\u00eb e ka d\u00ebshmuar p\u00ebrvoja. \u201cBashkimi e b\u00ebn fuqin\u00eb\u201d, thot\u00eb maksima q\u00eb aq shum\u00eb na duhet.<\/p>\n<p>Z\u00ebri<\/p>\n","protected":false},"excerpt":{"rendered":"<p>Zgjedhjet e jasht\u00ebzakonshme n\u00eb Ulqin kan\u00eb rikonfirmuar nj\u00eb defekt patologjik t\u00eb shqiptar\u00ebve q\u00eb nuk po arrin t\u00eb gjej\u00eb sh\u00ebrim tash e sa shekuj. N\u00eb k\u00ebt\u00eb komun\u00eb bregdetare, shqiptar\u00ebt q\u00eb p\u00ebrb\u00ebjn\u00eb shumic\u00ebn me mbi 70 p\u00ebr qind t\u00eb popullsis\u00eb, kan\u00eb humbur komun\u00ebn p\u00ebrball\u00eb malazezve q\u00eb jan\u00eb vet\u00ebm 8 p\u00ebr qind e statistikave demografike. Kjo nuk \u00ebsht\u00eb [&hellip;]<\/p>\n","protected":false},"author":1,"featured_media":0,"comment_status":"closed","ping_status":"closed","sticky":false,"template":"","format":"standard","meta":{"spay_email":"","jetpack_publicize_message":"","jetpack_is_tweetstorm":false,"jetpack_publicize_feature_enabled":true},"categories":[1],"tags":[],"jetpack_publicize_connections":[],"yoast_head":"<!-- This site is optimized with the Yoast SEO plugin v19.1 - https:\/\/yoast.com\/wordpress\/plugins\/seo\/ -->\n<title>Sindroma e humbjes nga Milaim Shefkiu - Lajme nga Ulqini<\/title>\n<meta name=\"description\" content=\"Zgjedhjet e jasht\u00ebzakonshme n\u00eb Ulqin kan\u00eb rikonfirmuar nj\u00eb defekt patologjik t\u00eb shqiptar\u00ebve q\u00eb nuk po arrin t\u00eb gjej\u00eb sh\u00ebrim tash e sa shekuj. N\u00eb k\u00ebt\u00eb\" \/>\n<meta name=\"robots\" content=\"index, follow, max-snippet:-1, max-image-preview:large, max-video-preview:-1\" \/>\n<link rel=\"canonical\" href=\"https:\/\/www.visit-ulcinj.com\/blog\/2014\/01\/29\/sindroma-e-humbjes-nga-milaim-shefkiu\/\" \/>\n<meta property=\"og:locale\" content=\"en_US\" \/>\n<meta property=\"og:type\" content=\"article\" \/>\n<meta property=\"og:title\" content=\"Sindroma e humbjes nga Milaim Shefkiu - Lajme nga Ulqini\" \/>\n<meta property=\"og:description\" content=\"Zgjedhjet e jasht\u00ebzakonshme n\u00eb Ulqin kan\u00eb rikonfirmuar nj\u00eb defekt patologjik t\u00eb shqiptar\u00ebve q\u00eb nuk po arrin t\u00eb gjej\u00eb sh\u00ebrim tash e sa shekuj. N\u00eb k\u00ebt\u00eb\" \/>\n<meta property=\"og:url\" content=\"https:\/\/www.visit-ulcinj.com\/blog\/2014\/01\/29\/sindroma-e-humbjes-nga-milaim-shefkiu\/\" \/>\n<meta property=\"og:site_name\" content=\"Lajme nga Ulqini\" \/>\n<meta property=\"article:published_time\" content=\"2014-01-29T18:23:56+00:00\" \/>\n<meta property=\"article:modified_time\" content=\"2014-01-30T16:47:46+00:00\" \/>\n<meta property=\"og:image\" content=\"http:\/\/www.visit-ulcinj.com\/blog\/wp-content\/uploads\/2014\/01\/Milaim-Shefkiu.jpg\" \/>\n<meta name=\"twitter:label1\" content=\"Written by\" \/>\n\t<meta name=\"twitter:data1\" content=\"ulqini\" \/>\n\t<meta name=\"twitter:label2\" content=\"Est. reading time\" \/>\n\t<meta name=\"twitter:data2\" content=\"3 minutes\" \/>\n<script type=\"application\/ld+json\" class=\"yoast-schema-graph\">{\"@context\":\"https:\/\/schema.org\",\"@graph\":[{\"@type\":\"WebSite\",\"@id\":\"https:\/\/www.visit-ulcinj.com\/blog\/#website\",\"url\":\"https:\/\/www.visit-ulcinj.com\/blog\/\",\"name\":\"Lajme nga Ulqini\",\"description\":\"Lajme,Vijesti,Ulqini,Ulqin,Crna Gora,Mali i Zi\",\"potentialAction\":[{\"@type\":\"SearchAction\",\"target\":{\"@type\":\"EntryPoint\",\"urlTemplate\":\"https:\/\/www.visit-ulcinj.com\/blog\/?s={search_term_string}\"},\"query-input\":\"required name=search_term_string\"}],\"inLanguage\":\"en-US\"},{\"@type\":\"ImageObject\",\"inLanguage\":\"en-US\",\"@id\":\"https:\/\/www.visit-ulcinj.com\/blog\/2014\/01\/29\/sindroma-e-humbjes-nga-milaim-shefkiu\/#primaryimage\",\"url\":\"https:\/\/www.visit-ulcinj.com\/blog\/wp-content\/uploads\/2014\/01\/Milaim-Shefkiu.jpg\",\"contentUrl\":\"https:\/\/www.visit-ulcinj.com\/blog\/wp-content\/uploads\/2014\/01\/Milaim-Shefkiu.jpg\",\"width\":202,\"height\":299},{\"@type\":\"WebPage\",\"@id\":\"https:\/\/www.visit-ulcinj.com\/blog\/2014\/01\/29\/sindroma-e-humbjes-nga-milaim-shefkiu\/#webpage\",\"url\":\"https:\/\/www.visit-ulcinj.com\/blog\/2014\/01\/29\/sindroma-e-humbjes-nga-milaim-shefkiu\/\",\"name\":\"Sindroma e humbjes nga Milaim Shefkiu - Lajme nga Ulqini\",\"isPartOf\":{\"@id\":\"https:\/\/www.visit-ulcinj.com\/blog\/#website\"},\"primaryImageOfPage\":{\"@id\":\"https:\/\/www.visit-ulcinj.com\/blog\/2014\/01\/29\/sindroma-e-humbjes-nga-milaim-shefkiu\/#primaryimage\"},\"datePublished\":\"2014-01-29T18:23:56+00:00\",\"dateModified\":\"2014-01-30T16:47:46+00:00\",\"author\":{\"@id\":\"https:\/\/www.visit-ulcinj.com\/blog\/#\/schema\/person\/dcab619c614d3038751c63bc2aadc06d\"},\"description\":\"Zgjedhjet e jasht\u00ebzakonshme n\u00eb Ulqin kan\u00eb rikonfirmuar nj\u00eb defekt patologjik t\u00eb shqiptar\u00ebve q\u00eb nuk po arrin t\u00eb gjej\u00eb sh\u00ebrim tash e sa shekuj. N\u00eb k\u00ebt\u00eb\",\"breadcrumb\":{\"@id\":\"https:\/\/www.visit-ulcinj.com\/blog\/2014\/01\/29\/sindroma-e-humbjes-nga-milaim-shefkiu\/#breadcrumb\"},\"inLanguage\":\"en-US\",\"potentialAction\":[{\"@type\":\"ReadAction\",\"target\":[\"https:\/\/www.visit-ulcinj.com\/blog\/2014\/01\/29\/sindroma-e-humbjes-nga-milaim-shefkiu\/\"]}]},{\"@type\":\"BreadcrumbList\",\"@id\":\"https:\/\/www.visit-ulcinj.com\/blog\/2014\/01\/29\/sindroma-e-humbjes-nga-milaim-shefkiu\/#breadcrumb\",\"itemListElement\":[{\"@type\":\"ListItem\",\"position\":1,\"name\":\"Sindroma e humbjes nga Milaim Shefkiu\"}]},{\"@type\":\"Person\",\"@id\":\"https:\/\/www.visit-ulcinj.com\/blog\/#\/schema\/person\/dcab619c614d3038751c63bc2aadc06d\",\"name\":\"ulqini\",\"sameAs\":[\"http:\/\/www.visit-ulcinj.com\"],\"url\":\"https:\/\/www.visit-ulcinj.com\/blog\/author\/admin\/\"}]}<\/script>\n<!-- \/ Yoast SEO plugin. -->","yoast_head_json":{"title":"Sindroma e humbjes nga Milaim Shefkiu - Lajme nga Ulqini","description":"Zgjedhjet e jasht\u00ebzakonshme n\u00eb Ulqin kan\u00eb rikonfirmuar nj\u00eb defekt patologjik t\u00eb shqiptar\u00ebve q\u00eb nuk po arrin t\u00eb gjej\u00eb sh\u00ebrim tash e sa shekuj. N\u00eb k\u00ebt\u00eb","robots":{"index":"index","follow":"follow","max-snippet":"max-snippet:-1","max-image-preview":"max-image-preview:large","max-video-preview":"max-video-preview:-1"},"canonical":"https:\/\/www.visit-ulcinj.com\/blog\/2014\/01\/29\/sindroma-e-humbjes-nga-milaim-shefkiu\/","og_locale":"en_US","og_type":"article","og_title":"Sindroma e humbjes nga Milaim Shefkiu - Lajme nga Ulqini","og_description":"Zgjedhjet e jasht\u00ebzakonshme n\u00eb Ulqin kan\u00eb rikonfirmuar nj\u00eb defekt patologjik t\u00eb shqiptar\u00ebve q\u00eb nuk po arrin t\u00eb gjej\u00eb sh\u00ebrim tash e sa shekuj. N\u00eb k\u00ebt\u00eb","og_url":"https:\/\/www.visit-ulcinj.com\/blog\/2014\/01\/29\/sindroma-e-humbjes-nga-milaim-shefkiu\/","og_site_name":"Lajme nga Ulqini","article_published_time":"2014-01-29T18:23:56+00:00","article_modified_time":"2014-01-30T16:47:46+00:00","og_image":[{"url":"http:\/\/www.visit-ulcinj.com\/blog\/wp-content\/uploads\/2014\/01\/Milaim-Shefkiu.jpg"}],"twitter_misc":{"Written by":"ulqini","Est. reading time":"3 minutes"},"schema":{"@context":"https:\/\/schema.org","@graph":[{"@type":"WebSite","@id":"https:\/\/www.visit-ulcinj.com\/blog\/#website","url":"https:\/\/www.visit-ulcinj.com\/blog\/","name":"Lajme nga Ulqini","description":"Lajme,Vijesti,Ulqini,Ulqin,Crna Gora,Mali i Zi","potentialAction":[{"@type":"SearchAction","target":{"@type":"EntryPoint","urlTemplate":"https:\/\/www.visit-ulcinj.com\/blog\/?s={search_term_string}"},"query-input":"required name=search_term_string"}],"inLanguage":"en-US"},{"@type":"ImageObject","inLanguage":"en-US","@id":"https:\/\/www.visit-ulcinj.com\/blog\/2014\/01\/29\/sindroma-e-humbjes-nga-milaim-shefkiu\/#primaryimage","url":"https:\/\/www.visit-ulcinj.com\/blog\/wp-content\/uploads\/2014\/01\/Milaim-Shefkiu.jpg","contentUrl":"https:\/\/www.visit-ulcinj.com\/blog\/wp-content\/uploads\/2014\/01\/Milaim-Shefkiu.jpg","width":202,"height":299},{"@type":"WebPage","@id":"https:\/\/www.visit-ulcinj.com\/blog\/2014\/01\/29\/sindroma-e-humbjes-nga-milaim-shefkiu\/#webpage","url":"https:\/\/www.visit-ulcinj.com\/blog\/2014\/01\/29\/sindroma-e-humbjes-nga-milaim-shefkiu\/","name":"Sindroma e humbjes nga Milaim Shefkiu - Lajme nga Ulqini","isPartOf":{"@id":"https:\/\/www.visit-ulcinj.com\/blog\/#website"},"primaryImageOfPage":{"@id":"https:\/\/www.visit-ulcinj.com\/blog\/2014\/01\/29\/sindroma-e-humbjes-nga-milaim-shefkiu\/#primaryimage"},"datePublished":"2014-01-29T18:23:56+00:00","dateModified":"2014-01-30T16:47:46+00:00","author":{"@id":"https:\/\/www.visit-ulcinj.com\/blog\/#\/schema\/person\/dcab619c614d3038751c63bc2aadc06d"},"description":"Zgjedhjet e jasht\u00ebzakonshme n\u00eb Ulqin kan\u00eb rikonfirmuar nj\u00eb defekt patologjik t\u00eb shqiptar\u00ebve q\u00eb nuk po arrin t\u00eb gjej\u00eb sh\u00ebrim tash e sa shekuj. N\u00eb k\u00ebt\u00eb","breadcrumb":{"@id":"https:\/\/www.visit-ulcinj.com\/blog\/2014\/01\/29\/sindroma-e-humbjes-nga-milaim-shefkiu\/#breadcrumb"},"inLanguage":"en-US","potentialAction":[{"@type":"ReadAction","target":["https:\/\/www.visit-ulcinj.com\/blog\/2014\/01\/29\/sindroma-e-humbjes-nga-milaim-shefkiu\/"]}]},{"@type":"BreadcrumbList","@id":"https:\/\/www.visit-ulcinj.com\/blog\/2014\/01\/29\/sindroma-e-humbjes-nga-milaim-shefkiu\/#breadcrumb","itemListElement":[{"@type":"ListItem","position":1,"name":"Sindroma e humbjes nga Milaim Shefkiu"}]},{"@type":"Person","@id":"https:\/\/www.visit-ulcinj.com\/blog\/#\/schema\/person\/dcab619c614d3038751c63bc2aadc06d","name":"ulqini","sameAs":["http:\/\/www.visit-ulcinj.com"],"url":"https:\/\/www.visit-ulcinj.com\/blog\/author\/admin\/"}]}},"jetpack_featured_media_url":"","jetpack_sharing_enabled":true,"jetpack_shortlink":"https:\/\/wp.me\/pe6lTn-ky0","_links":{"self":[{"href":"https:\/\/www.visit-ulcinj.com\/blog\/wp-json\/wp\/v2\/posts\/78988"}],"collection":[{"href":"https:\/\/www.visit-ulcinj.com\/blog\/wp-json\/wp\/v2\/posts"}],"about":[{"href":"https:\/\/www.visit-ulcinj.com\/blog\/wp-json\/wp\/v2\/types\/post"}],"author":[{"embeddable":true,"href":"https:\/\/www.visit-ulcinj.com\/blog\/wp-json\/wp\/v2\/users\/1"}],"replies":[{"embeddable":true,"href":"https:\/\/www.visit-ulcinj.com\/blog\/wp-json\/wp\/v2\/comments?post=78988"}],"version-history":[{"count":2,"href":"https:\/\/www.visit-ulcinj.com\/blog\/wp-json\/wp\/v2\/posts\/78988\/revisions"}],"predecessor-version":[{"id":78991,"href":"https:\/\/www.visit-ulcinj.com\/blog\/wp-json\/wp\/v2\/posts\/78988\/revisions\/78991"}],"wp:attachment":[{"href":"https:\/\/www.visit-ulcinj.com\/blog\/wp-json\/wp\/v2\/media?parent=78988"}],"wp:term":[{"taxonomy":"category","embeddable":true,"href":"https:\/\/www.visit-ulcinj.com\/blog\/wp-json\/wp\/v2\/categories?post=78988"},{"taxonomy":"post_tag","embeddable":true,"href":"https:\/\/www.visit-ulcinj.com\/blog\/wp-json\/wp\/v2\/tags?post=78988"}],"curies":[{"name":"wp","href":"https:\/\/api.w.org\/{rel}","templated":true}]}}