{"id":78995,"date":"2014-01-29T19:56:58","date_gmt":"2014-01-29T18:56:58","guid":{"rendered":"http:\/\/www.visit-ulcinj.com\/blog\/?p=78995"},"modified":"2014-01-29T19:56:58","modified_gmt":"2014-01-29T18:56:58","slug":"burrat-kane-ngrene-mengjes-bashke","status":"publish","type":"post","link":"https:\/\/www.visit-ulcinj.com\/blog\/2014\/01\/29\/burrat-kane-ngrene-mengjes-bashke\/","title":{"rendered":"Burrat kan\u00eb ngr\u00ebn\u00eb m\u00ebngjes bashk\u00eb"},"content":{"rendered":"<p><strong><a href=\"http:\/\/www.visit-ulcinj.com\/blog\/wp-content\/uploads\/2014\/01\/Gjeka-Cungu-Zenka-1.jpg\"><img loading=\"lazy\" class=\"alignleft  wp-image-78901\" alt=\"Gjeka-Cungu-Zenka-1\" src=\"http:\/\/www.visit-ulcinj.com\/blog\/wp-content\/uploads\/2014\/01\/Gjeka-Cungu-Zenka-1.jpg\" width=\"508\" height=\"360\" \/><\/a>Nazif Cungu, Fatmir Gjeka e Mehmet Zenka duket se jan\u00eb takuar sot n\u00eb nj\u00eb nga lokalet e Podgoric\u00ebs p\u00ebr m\u00ebngjes.<\/strong><\/p>\n<p>Cungu, kryetar i Forc\u00ebs s\u00eb re demokratike, e cila ka fituar 8 ul\u00ebse n\u00eb Kuvendin e Ulqinit, ka deklaruar se Gjeka, bart\u00ebs i list\u00ebs s\u00eb koalicionit &#8220;Bashk\u00eb p\u00ebr t\u00eb ardhmen e Ulqinit&#8221; me 7 ul\u00ebse, ka l\u00ebshuar tavolin\u00ebn e bisedimeve ende pa filluar mir\u00eb. Sipas Cungut, Gjeka tashm\u00eb ka b\u00ebr\u00eb koalicion me partin\u00eb malazeze t\u00eb Milo Gjukanoviqit, e cila fitoi numrin m\u00eb t\u00eb madh t\u00eb votave n\u00eb Ulqin, gjegj\u00ebsisht 9 ul\u00ebse n\u00eb Kuvend.<\/p>\n<p>Por Gjeka i ka demantuar negociatat duke th\u00ebn\u00eb se ata vet\u00ebm se kishin ngr\u00ebn\u00eb m\u00ebngjes pas nj\u00eb takimi pune n\u00eb Podgoric\u00eb dhe se nuk ka pasur akoma negociata p\u00ebr bashk\u00eb-qeverisje n\u00eb Ulqin.<\/p>\n<p>Analist\u00eb e qytetar\u00eb t\u00eb Ulqinit mendojn\u00eb se koalicioni p\u00ebr qeverisje n\u00eb Ulqin do t\u00eb b\u00ebhet n\u00eb mes t\u00eb partis\u00eb malazeze, koalicionit t\u00eb udh\u00ebhequr nga Fatmir Gjeka, dhe Unionit Demokratik t\u00eb Mehmet Zenk\u00ebs.<\/p>\n<p>Partit\u00eb shqiptare tashm\u00eb kan\u00eb deklaruar se duan t\u00eb bisedojn\u00eb p\u00ebr nj\u00eb koalicion t\u00eb mundsh\u00ebm por pak kush beson n\u00eb v\u00ebrtet\u00ebsin\u00eb e k\u00ebtij informacioni. Pa u ulur mir\u00eb n\u00eb tryez\u00ebn e bisedimeve kan\u00eb filluar akuzat e nd\u00ebrsjellta, gj\u00eb q\u00eb t\u00eb b\u00ebn t\u00eb mendosh se e gjitha po thuhet sa p\u00ebr t\u00eb k\u00ebnaqur vesh\u00ebt e popullit, qoft\u00eb edhe p\u00ebr nj\u00eb koh\u00eb t\u00eb shkurt\u00ebr.<\/p>\n<p>Gjeka ka deklaruar se koalicioni shqiptar\u00eb \u00ebsht\u00eb i mundsh\u00ebm vet\u00ebm n\u00ebse atij i l\u00ebshohet pozita e kryetarit t\u00eb Komun\u00ebs. T\u00eb nj\u00ebjtin kusht ky ka p\u00ebrmendur edhe p\u00ebr koalicionin e mundsh\u00ebm me partin\u00eb malazeze.<\/p>\n<p data-ft=\"{&quot;tn&quot;:&quot;C&quot;}\"><strong><a id=\"js_89\" href=\"https:\/\/www.facebook.com\/shqiptaretnemz?hc_location=timeline\" data-hovercard=\"\/ajax\/hovercard\/page.php?id=270846522614&amp;extragetparams=%7B%22hc_location%22%3A%22timeline%22%7D\">Shqiptar\u00ebt n\u00eb Malin e Zi &#8211; Albanians in Montenegro Facebook<\/a><\/strong><\/p>\n","protected":false},"excerpt":{"rendered":"<p>Nazif Cungu, Fatmir Gjeka e Mehmet Zenka duket se jan\u00eb takuar sot n\u00eb nj\u00eb nga lokalet e Podgoric\u00ebs p\u00ebr m\u00ebngjes. Cungu, kryetar i Forc\u00ebs s\u00eb re demokratike, e cila ka fituar 8 ul\u00ebse n\u00eb Kuvendin e Ulqinit, ka deklaruar se Gjeka, bart\u00ebs i list\u00ebs s\u00eb koalicionit &#8220;Bashk\u00eb p\u00ebr t\u00eb ardhmen e Ulqinit&#8221; me 7 ul\u00ebse, [&hellip;]<\/p>\n","protected":false},"author":1,"featured_media":0,"comment_status":"closed","ping_status":"closed","sticky":false,"template":"","format":"standard","meta":{"spay_email":"","jetpack_publicize_message":"","jetpack_is_tweetstorm":false,"jetpack_publicize_feature_enabled":true},"categories":[6950],"tags":[],"jetpack_publicize_connections":[],"yoast_head":"<!-- This site is optimized with the Yoast SEO plugin v19.1 - https:\/\/yoast.com\/wordpress\/plugins\/seo\/ -->\n<title>Burrat kan\u00eb ngr\u00ebn\u00eb m\u00ebngjes bashk\u00eb - Lajme nga Ulqini<\/title>\n<meta name=\"description\" content=\"Nazif Cungu, Fatmir Gjeka e Mehmet Zenka duket se jan\u00eb takuar sot n\u00eb nj\u00eb nga lokalet e Podgoric\u00ebs p\u00ebr m\u00ebngjes. Cungu, kryetar i Forc\u00ebs s\u00eb re demokratike,\" \/>\n<meta name=\"robots\" content=\"index, follow, max-snippet:-1, max-image-preview:large, max-video-preview:-1\" \/>\n<link rel=\"canonical\" href=\"https:\/\/www.visit-ulcinj.com\/blog\/2014\/01\/29\/burrat-kane-ngrene-mengjes-bashke\/\" \/>\n<meta property=\"og:locale\" content=\"en_US\" \/>\n<meta property=\"og:type\" content=\"article\" \/>\n<meta property=\"og:title\" content=\"Burrat kan\u00eb ngr\u00ebn\u00eb m\u00ebngjes bashk\u00eb - Lajme nga Ulqini\" \/>\n<meta property=\"og:description\" content=\"Nazif Cungu, Fatmir Gjeka e Mehmet Zenka duket se jan\u00eb takuar sot n\u00eb nj\u00eb nga lokalet e Podgoric\u00ebs p\u00ebr m\u00ebngjes. Cungu, kryetar i Forc\u00ebs s\u00eb re demokratike,\" \/>\n<meta property=\"og:url\" content=\"https:\/\/www.visit-ulcinj.com\/blog\/2014\/01\/29\/burrat-kane-ngrene-mengjes-bashke\/\" \/>\n<meta property=\"og:site_name\" content=\"Lajme nga Ulqini\" \/>\n<meta property=\"article:published_time\" content=\"2014-01-29T18:56:58+00:00\" \/>\n<meta property=\"og:image\" content=\"http:\/\/www.visit-ulcinj.com\/blog\/wp-content\/uploads\/2014\/01\/Gjeka-Cungu-Zenka-1.jpg\" \/>\n<meta name=\"twitter:label1\" content=\"Written by\" \/>\n\t<meta name=\"twitter:data1\" content=\"ulqini\" \/>\n\t<meta name=\"twitter:label2\" content=\"Est. reading time\" \/>\n\t<meta name=\"twitter:data2\" content=\"2 minutes\" \/>\n<script type=\"application\/ld+json\" class=\"yoast-schema-graph\">{\"@context\":\"https:\/\/schema.org\",\"@graph\":[{\"@type\":\"WebSite\",\"@id\":\"https:\/\/www.visit-ulcinj.com\/blog\/#website\",\"url\":\"https:\/\/www.visit-ulcinj.com\/blog\/\",\"name\":\"Lajme nga Ulqini\",\"description\":\"Lajme,Vijesti,Ulqini,Ulqin,Crna Gora,Mali i Zi\",\"potentialAction\":[{\"@type\":\"SearchAction\",\"target\":{\"@type\":\"EntryPoint\",\"urlTemplate\":\"https:\/\/www.visit-ulcinj.com\/blog\/?s={search_term_string}\"},\"query-input\":\"required name=search_term_string\"}],\"inLanguage\":\"en-US\"},{\"@type\":\"ImageObject\",\"inLanguage\":\"en-US\",\"@id\":\"https:\/\/www.visit-ulcinj.com\/blog\/2014\/01\/29\/burrat-kane-ngrene-mengjes-bashke\/#primaryimage\",\"url\":\"https:\/\/www.visit-ulcinj.com\/blog\/wp-content\/uploads\/2014\/01\/Gjeka-Cungu-Zenka-1.jpg\",\"contentUrl\":\"https:\/\/www.visit-ulcinj.com\/blog\/wp-content\/uploads\/2014\/01\/Gjeka-Cungu-Zenka-1.jpg\",\"width\":720,\"height\":647},{\"@type\":\"WebPage\",\"@id\":\"https:\/\/www.visit-ulcinj.com\/blog\/2014\/01\/29\/burrat-kane-ngrene-mengjes-bashke\/#webpage\",\"url\":\"https:\/\/www.visit-ulcinj.com\/blog\/2014\/01\/29\/burrat-kane-ngrene-mengjes-bashke\/\",\"name\":\"Burrat kan\u00eb ngr\u00ebn\u00eb m\u00ebngjes bashk\u00eb - Lajme nga Ulqini\",\"isPartOf\":{\"@id\":\"https:\/\/www.visit-ulcinj.com\/blog\/#website\"},\"primaryImageOfPage\":{\"@id\":\"https:\/\/www.visit-ulcinj.com\/blog\/2014\/01\/29\/burrat-kane-ngrene-mengjes-bashke\/#primaryimage\"},\"datePublished\":\"2014-01-29T18:56:58+00:00\",\"dateModified\":\"2014-01-29T18:56:58+00:00\",\"author\":{\"@id\":\"https:\/\/www.visit-ulcinj.com\/blog\/#\/schema\/person\/dcab619c614d3038751c63bc2aadc06d\"},\"description\":\"Nazif Cungu, Fatmir Gjeka e Mehmet Zenka duket se jan\u00eb takuar sot n\u00eb nj\u00eb nga lokalet e Podgoric\u00ebs p\u00ebr m\u00ebngjes. Cungu, kryetar i Forc\u00ebs s\u00eb re demokratike,\",\"breadcrumb\":{\"@id\":\"https:\/\/www.visit-ulcinj.com\/blog\/2014\/01\/29\/burrat-kane-ngrene-mengjes-bashke\/#breadcrumb\"},\"inLanguage\":\"en-US\",\"potentialAction\":[{\"@type\":\"ReadAction\",\"target\":[\"https:\/\/www.visit-ulcinj.com\/blog\/2014\/01\/29\/burrat-kane-ngrene-mengjes-bashke\/\"]}]},{\"@type\":\"BreadcrumbList\",\"@id\":\"https:\/\/www.visit-ulcinj.com\/blog\/2014\/01\/29\/burrat-kane-ngrene-mengjes-bashke\/#breadcrumb\",\"itemListElement\":[{\"@type\":\"ListItem\",\"position\":1,\"name\":\"Burrat kan\u00eb ngr\u00ebn\u00eb m\u00ebngjes bashk\u00eb\"}]},{\"@type\":\"Person\",\"@id\":\"https:\/\/www.visit-ulcinj.com\/blog\/#\/schema\/person\/dcab619c614d3038751c63bc2aadc06d\",\"name\":\"ulqini\",\"sameAs\":[\"http:\/\/www.visit-ulcinj.com\"],\"url\":\"https:\/\/www.visit-ulcinj.com\/blog\/author\/admin\/\"}]}<\/script>\n<!-- \/ Yoast SEO plugin. -->","yoast_head_json":{"title":"Burrat kan\u00eb ngr\u00ebn\u00eb m\u00ebngjes bashk\u00eb - Lajme nga Ulqini","description":"Nazif Cungu, Fatmir Gjeka e Mehmet Zenka duket se jan\u00eb takuar sot n\u00eb nj\u00eb nga lokalet e Podgoric\u00ebs p\u00ebr m\u00ebngjes. Cungu, kryetar i Forc\u00ebs s\u00eb re demokratike,","robots":{"index":"index","follow":"follow","max-snippet":"max-snippet:-1","max-image-preview":"max-image-preview:large","max-video-preview":"max-video-preview:-1"},"canonical":"https:\/\/www.visit-ulcinj.com\/blog\/2014\/01\/29\/burrat-kane-ngrene-mengjes-bashke\/","og_locale":"en_US","og_type":"article","og_title":"Burrat kan\u00eb ngr\u00ebn\u00eb m\u00ebngjes bashk\u00eb - Lajme nga Ulqini","og_description":"Nazif Cungu, Fatmir Gjeka e Mehmet Zenka duket se jan\u00eb takuar sot n\u00eb nj\u00eb nga lokalet e Podgoric\u00ebs p\u00ebr m\u00ebngjes. Cungu, kryetar i Forc\u00ebs s\u00eb re demokratike,","og_url":"https:\/\/www.visit-ulcinj.com\/blog\/2014\/01\/29\/burrat-kane-ngrene-mengjes-bashke\/","og_site_name":"Lajme nga Ulqini","article_published_time":"2014-01-29T18:56:58+00:00","og_image":[{"url":"http:\/\/www.visit-ulcinj.com\/blog\/wp-content\/uploads\/2014\/01\/Gjeka-Cungu-Zenka-1.jpg"}],"twitter_misc":{"Written by":"ulqini","Est. reading time":"2 minutes"},"schema":{"@context":"https:\/\/schema.org","@graph":[{"@type":"WebSite","@id":"https:\/\/www.visit-ulcinj.com\/blog\/#website","url":"https:\/\/www.visit-ulcinj.com\/blog\/","name":"Lajme nga Ulqini","description":"Lajme,Vijesti,Ulqini,Ulqin,Crna Gora,Mali i Zi","potentialAction":[{"@type":"SearchAction","target":{"@type":"EntryPoint","urlTemplate":"https:\/\/www.visit-ulcinj.com\/blog\/?s={search_term_string}"},"query-input":"required name=search_term_string"}],"inLanguage":"en-US"},{"@type":"ImageObject","inLanguage":"en-US","@id":"https:\/\/www.visit-ulcinj.com\/blog\/2014\/01\/29\/burrat-kane-ngrene-mengjes-bashke\/#primaryimage","url":"https:\/\/www.visit-ulcinj.com\/blog\/wp-content\/uploads\/2014\/01\/Gjeka-Cungu-Zenka-1.jpg","contentUrl":"https:\/\/www.visit-ulcinj.com\/blog\/wp-content\/uploads\/2014\/01\/Gjeka-Cungu-Zenka-1.jpg","width":720,"height":647},{"@type":"WebPage","@id":"https:\/\/www.visit-ulcinj.com\/blog\/2014\/01\/29\/burrat-kane-ngrene-mengjes-bashke\/#webpage","url":"https:\/\/www.visit-ulcinj.com\/blog\/2014\/01\/29\/burrat-kane-ngrene-mengjes-bashke\/","name":"Burrat kan\u00eb ngr\u00ebn\u00eb m\u00ebngjes bashk\u00eb - Lajme nga Ulqini","isPartOf":{"@id":"https:\/\/www.visit-ulcinj.com\/blog\/#website"},"primaryImageOfPage":{"@id":"https:\/\/www.visit-ulcinj.com\/blog\/2014\/01\/29\/burrat-kane-ngrene-mengjes-bashke\/#primaryimage"},"datePublished":"2014-01-29T18:56:58+00:00","dateModified":"2014-01-29T18:56:58+00:00","author":{"@id":"https:\/\/www.visit-ulcinj.com\/blog\/#\/schema\/person\/dcab619c614d3038751c63bc2aadc06d"},"description":"Nazif Cungu, Fatmir Gjeka e Mehmet Zenka duket se jan\u00eb takuar sot n\u00eb nj\u00eb nga lokalet e Podgoric\u00ebs p\u00ebr m\u00ebngjes. Cungu, kryetar i Forc\u00ebs s\u00eb re demokratike,","breadcrumb":{"@id":"https:\/\/www.visit-ulcinj.com\/blog\/2014\/01\/29\/burrat-kane-ngrene-mengjes-bashke\/#breadcrumb"},"inLanguage":"en-US","potentialAction":[{"@type":"ReadAction","target":["https:\/\/www.visit-ulcinj.com\/blog\/2014\/01\/29\/burrat-kane-ngrene-mengjes-bashke\/"]}]},{"@type":"BreadcrumbList","@id":"https:\/\/www.visit-ulcinj.com\/blog\/2014\/01\/29\/burrat-kane-ngrene-mengjes-bashke\/#breadcrumb","itemListElement":[{"@type":"ListItem","position":1,"name":"Burrat kan\u00eb ngr\u00ebn\u00eb m\u00ebngjes bashk\u00eb"}]},{"@type":"Person","@id":"https:\/\/www.visit-ulcinj.com\/blog\/#\/schema\/person\/dcab619c614d3038751c63bc2aadc06d","name":"ulqini","sameAs":["http:\/\/www.visit-ulcinj.com"],"url":"https:\/\/www.visit-ulcinj.com\/blog\/author\/admin\/"}]}},"jetpack_featured_media_url":"","jetpack_sharing_enabled":true,"jetpack_shortlink":"https:\/\/wp.me\/pe6lTn-ky7","_links":{"self":[{"href":"https:\/\/www.visit-ulcinj.com\/blog\/wp-json\/wp\/v2\/posts\/78995"}],"collection":[{"href":"https:\/\/www.visit-ulcinj.com\/blog\/wp-json\/wp\/v2\/posts"}],"about":[{"href":"https:\/\/www.visit-ulcinj.com\/blog\/wp-json\/wp\/v2\/types\/post"}],"author":[{"embeddable":true,"href":"https:\/\/www.visit-ulcinj.com\/blog\/wp-json\/wp\/v2\/users\/1"}],"replies":[{"embeddable":true,"href":"https:\/\/www.visit-ulcinj.com\/blog\/wp-json\/wp\/v2\/comments?post=78995"}],"version-history":[{"count":1,"href":"https:\/\/www.visit-ulcinj.com\/blog\/wp-json\/wp\/v2\/posts\/78995\/revisions"}],"predecessor-version":[{"id":78996,"href":"https:\/\/www.visit-ulcinj.com\/blog\/wp-json\/wp\/v2\/posts\/78995\/revisions\/78996"}],"wp:attachment":[{"href":"https:\/\/www.visit-ulcinj.com\/blog\/wp-json\/wp\/v2\/media?parent=78995"}],"wp:term":[{"taxonomy":"category","embeddable":true,"href":"https:\/\/www.visit-ulcinj.com\/blog\/wp-json\/wp\/v2\/categories?post=78995"},{"taxonomy":"post_tag","embeddable":true,"href":"https:\/\/www.visit-ulcinj.com\/blog\/wp-json\/wp\/v2\/tags?post=78995"}],"curies":[{"name":"wp","href":"https:\/\/api.w.org\/{rel}","templated":true}]}}