{"id":78998,"date":"2014-01-29T23:00:57","date_gmt":"2014-01-29T22:00:57","guid":{"rendered":"http:\/\/www.visit-ulcinj.com\/blog\/?p=78998"},"modified":"2014-01-31T16:25:02","modified_gmt":"2014-01-31T15:25:02","slug":"forca-kumtese-per-opinion-koalicion","status":"publish","type":"post","link":"https:\/\/www.visit-ulcinj.com\/blog\/2014\/01\/29\/forca-kumtese-per-opinion-koalicion\/","title":{"rendered":"Forca Kumtes\u00eb p\u00ebr opinion &#038; koalicion"},"content":{"rendered":"<p><b><a href=\"http:\/\/www.visit-ulcinj.com\/blog\/wp-content\/uploads\/2013\/05\/forca-logo-ulcinj-ulqin.jpg\"><img loading=\"lazy\" class=\"alignleft  wp-image-71737\" alt=\"forca-logo-ulcinj-ulqin\" src=\"http:\/\/www.visit-ulcinj.com\/blog\/wp-content\/uploads\/2013\/05\/forca-logo-ulcinj-ulqin.jpg\" width=\"508\" height=\"360\" \/><\/a>Kumtes\u00eb p\u00ebr opinion<\/b><\/p>\n<p align=\"right\">Ulqin 29.01.2014<\/p>\n<p align=\"right\">Nr. 67\/2014<\/p>\n<p>&nbsp;<\/p>\n<p>&nbsp;<\/p>\n<p>N\u00eb mbledhjen e KQ (K\u00ebshillit q\u00ebndror) t\u00eb Forc\u00ebs t\u00eb mbajtur me 29 janar 2014 ku jan shqyrtuar mund\u00ebsit\u00eb p\u00ebr koalicione p\u00ebr formimin e pushtetit n\u00eb Komun\u00ebn e Ulqinit , KQ nj\u00ebz\u00ebrit ka marr vendim q\u00eb t\u00eb nisen negociatat p\u00ebr formimin e pushtetit lokal me subjektet politke shqiptare: Koalicionin \u201cBashk\u00eb p\u00ebr t\u00eb ardhmen e Ulqinit\u201d dhe Unionin Demokratik\u00eb t\u00eb Shqiptar\u00ebve.<\/p>\n<p>Nisur nga q\u00ebllimet programore t\u00eb\u00a0 Forc\u00ebs dhe af\u00ebrsis\u00eb s\u00eb programeve partiake K\u00ebshilli Q\u00ebndror vler\u00ebson q\u00eb koalicioni paszgjedhor\u00eb me subjektet e m\u00ebsip\u00ebrm m\u00eb s\u00eb miri mund\u00ebson realizimin e programit politik\u00a0 t\u00eb Forc\u00ebs n\u00eb interes t\u00eb t\u00eb gjith\u00eb qytetar\u00ebve t\u00eb Komun\u00ebs s\u00eb Ulqinit.<\/p>\n<p>Negociatat duhen t\u00eb nisen pa kusht\u00ebzime\u00a0 duke rrespektuar principet demokratike.<\/p>\n<p>&nbsp;<\/p>\n<p>&nbsp;<\/p>\n<p><strong>Forca e re Demokratike<\/strong><\/p>\n","protected":false},"excerpt":{"rendered":"<p>Kumtes\u00eb p\u00ebr opinion Ulqin 29.01.2014 Nr. 67\/2014 &nbsp; &nbsp; N\u00eb mbledhjen e KQ (K\u00ebshillit q\u00ebndror) t\u00eb Forc\u00ebs t\u00eb mbajtur me 29 janar 2014 ku jan shqyrtuar mund\u00ebsit\u00eb p\u00ebr koalicione p\u00ebr formimin e pushtetit n\u00eb Komun\u00ebn e Ulqinit , KQ nj\u00ebz\u00ebrit ka marr vendim q\u00eb t\u00eb nisen negociatat p\u00ebr formimin e pushtetit lokal me subjektet politke [&hellip;]<\/p>\n","protected":false},"author":1,"featured_media":0,"comment_status":"closed","ping_status":"closed","sticky":false,"template":"","format":"standard","meta":{"spay_email":"","jetpack_publicize_message":"","jetpack_is_tweetstorm":false,"jetpack_publicize_feature_enabled":true},"categories":[6,11],"tags":[],"jetpack_publicize_connections":[],"yoast_head":"<!-- This site is optimized with the Yoast SEO plugin v19.1 - https:\/\/yoast.com\/wordpress\/plugins\/seo\/ -->\n<title>Forca Kumtes\u00eb p\u00ebr opinion &amp; koalicion - Lajme nga Ulqini<\/title>\n<meta name=\"description\" content=\"Kumtes\u00eb p\u00ebr opinion Ulqin 29.01.2014 Nr. 67\/2014 &nbsp; &nbsp; N\u00eb mbledhjen e KQ (K\u00ebshillit q\u00ebndror) t\u00eb Forc\u00ebs t\u00eb mbajtur me 29 janar 2014 ku jan\" \/>\n<meta name=\"robots\" content=\"index, follow, max-snippet:-1, max-image-preview:large, max-video-preview:-1\" \/>\n<link rel=\"canonical\" href=\"https:\/\/www.visit-ulcinj.com\/blog\/2014\/01\/29\/forca-kumtese-per-opinion-koalicion\/\" \/>\n<meta property=\"og:locale\" content=\"en_US\" \/>\n<meta property=\"og:type\" content=\"article\" \/>\n<meta property=\"og:title\" content=\"Forca Kumtes\u00eb p\u00ebr opinion &amp; koalicion - Lajme nga Ulqini\" \/>\n<meta property=\"og:description\" content=\"Kumtes\u00eb p\u00ebr opinion Ulqin 29.01.2014 Nr. 67\/2014 &nbsp; &nbsp; N\u00eb mbledhjen e KQ (K\u00ebshillit q\u00ebndror) t\u00eb Forc\u00ebs t\u00eb mbajtur me 29 janar 2014 ku jan\" \/>\n<meta property=\"og:url\" content=\"https:\/\/www.visit-ulcinj.com\/blog\/2014\/01\/29\/forca-kumtese-per-opinion-koalicion\/\" \/>\n<meta property=\"og:site_name\" content=\"Lajme nga Ulqini\" \/>\n<meta property=\"article:published_time\" content=\"2014-01-29T22:00:57+00:00\" \/>\n<meta property=\"article:modified_time\" content=\"2014-01-31T15:25:02+00:00\" \/>\n<meta property=\"og:image\" content=\"http:\/\/www.visit-ulcinj.com\/blog\/wp-content\/uploads\/2013\/05\/forca-logo-ulcinj-ulqin.jpg\" \/>\n<meta name=\"twitter:label1\" content=\"Written by\" \/>\n\t<meta name=\"twitter:data1\" content=\"ulqini\" \/>\n\t<meta name=\"twitter:label2\" content=\"Est. reading time\" \/>\n\t<meta name=\"twitter:data2\" content=\"1 minute\" \/>\n<script type=\"application\/ld+json\" class=\"yoast-schema-graph\">{\"@context\":\"https:\/\/schema.org\",\"@graph\":[{\"@type\":\"WebSite\",\"@id\":\"https:\/\/www.visit-ulcinj.com\/blog\/#website\",\"url\":\"https:\/\/www.visit-ulcinj.com\/blog\/\",\"name\":\"Lajme nga Ulqini\",\"description\":\"Lajme,Vijesti,Ulqini,Ulqin,Crna Gora,Mali i Zi\",\"potentialAction\":[{\"@type\":\"SearchAction\",\"target\":{\"@type\":\"EntryPoint\",\"urlTemplate\":\"https:\/\/www.visit-ulcinj.com\/blog\/?s={search_term_string}\"},\"query-input\":\"required name=search_term_string\"}],\"inLanguage\":\"en-US\"},{\"@type\":\"ImageObject\",\"inLanguage\":\"en-US\",\"@id\":\"https:\/\/www.visit-ulcinj.com\/blog\/2014\/01\/29\/forca-kumtese-per-opinion-koalicion\/#primaryimage\",\"url\":\"https:\/\/www.visit-ulcinj.com\/blog\/wp-content\/uploads\/2013\/05\/forca-logo-ulcinj-ulqin.jpg\",\"contentUrl\":\"https:\/\/www.visit-ulcinj.com\/blog\/wp-content\/uploads\/2013\/05\/forca-logo-ulcinj-ulqin.jpg\",\"width\":500,\"height\":481},{\"@type\":\"WebPage\",\"@id\":\"https:\/\/www.visit-ulcinj.com\/blog\/2014\/01\/29\/forca-kumtese-per-opinion-koalicion\/#webpage\",\"url\":\"https:\/\/www.visit-ulcinj.com\/blog\/2014\/01\/29\/forca-kumtese-per-opinion-koalicion\/\",\"name\":\"Forca Kumtes\u00eb p\u00ebr opinion & koalicion - Lajme nga Ulqini\",\"isPartOf\":{\"@id\":\"https:\/\/www.visit-ulcinj.com\/blog\/#website\"},\"primaryImageOfPage\":{\"@id\":\"https:\/\/www.visit-ulcinj.com\/blog\/2014\/01\/29\/forca-kumtese-per-opinion-koalicion\/#primaryimage\"},\"datePublished\":\"2014-01-29T22:00:57+00:00\",\"dateModified\":\"2014-01-31T15:25:02+00:00\",\"author\":{\"@id\":\"https:\/\/www.visit-ulcinj.com\/blog\/#\/schema\/person\/dcab619c614d3038751c63bc2aadc06d\"},\"description\":\"Kumtes\u00eb p\u00ebr opinion Ulqin 29.01.2014 Nr. 67\/2014 &nbsp; &nbsp; N\u00eb mbledhjen e KQ (K\u00ebshillit q\u00ebndror) t\u00eb Forc\u00ebs t\u00eb mbajtur me 29 janar 2014 ku jan\",\"breadcrumb\":{\"@id\":\"https:\/\/www.visit-ulcinj.com\/blog\/2014\/01\/29\/forca-kumtese-per-opinion-koalicion\/#breadcrumb\"},\"inLanguage\":\"en-US\",\"potentialAction\":[{\"@type\":\"ReadAction\",\"target\":[\"https:\/\/www.visit-ulcinj.com\/blog\/2014\/01\/29\/forca-kumtese-per-opinion-koalicion\/\"]}]},{\"@type\":\"BreadcrumbList\",\"@id\":\"https:\/\/www.visit-ulcinj.com\/blog\/2014\/01\/29\/forca-kumtese-per-opinion-koalicion\/#breadcrumb\",\"itemListElement\":[{\"@type\":\"ListItem\",\"position\":1,\"name\":\"Forca Kumtes\u00eb p\u00ebr opinion &#038; koalicion\"}]},{\"@type\":\"Person\",\"@id\":\"https:\/\/www.visit-ulcinj.com\/blog\/#\/schema\/person\/dcab619c614d3038751c63bc2aadc06d\",\"name\":\"ulqini\",\"sameAs\":[\"http:\/\/www.visit-ulcinj.com\"],\"url\":\"https:\/\/www.visit-ulcinj.com\/blog\/author\/admin\/\"}]}<\/script>\n<!-- \/ Yoast SEO plugin. -->","yoast_head_json":{"title":"Forca Kumtes\u00eb p\u00ebr opinion & koalicion - Lajme nga Ulqini","description":"Kumtes\u00eb p\u00ebr opinion Ulqin 29.01.2014 Nr. 67\/2014 &nbsp; &nbsp; N\u00eb mbledhjen e KQ (K\u00ebshillit q\u00ebndror) t\u00eb Forc\u00ebs t\u00eb mbajtur me 29 janar 2014 ku jan","robots":{"index":"index","follow":"follow","max-snippet":"max-snippet:-1","max-image-preview":"max-image-preview:large","max-video-preview":"max-video-preview:-1"},"canonical":"https:\/\/www.visit-ulcinj.com\/blog\/2014\/01\/29\/forca-kumtese-per-opinion-koalicion\/","og_locale":"en_US","og_type":"article","og_title":"Forca Kumtes\u00eb p\u00ebr opinion & koalicion - Lajme nga Ulqini","og_description":"Kumtes\u00eb p\u00ebr opinion Ulqin 29.01.2014 Nr. 67\/2014 &nbsp; &nbsp; N\u00eb mbledhjen e KQ (K\u00ebshillit q\u00ebndror) t\u00eb Forc\u00ebs t\u00eb mbajtur me 29 janar 2014 ku jan","og_url":"https:\/\/www.visit-ulcinj.com\/blog\/2014\/01\/29\/forca-kumtese-per-opinion-koalicion\/","og_site_name":"Lajme nga Ulqini","article_published_time":"2014-01-29T22:00:57+00:00","article_modified_time":"2014-01-31T15:25:02+00:00","og_image":[{"url":"http:\/\/www.visit-ulcinj.com\/blog\/wp-content\/uploads\/2013\/05\/forca-logo-ulcinj-ulqin.jpg"}],"twitter_misc":{"Written by":"ulqini","Est. reading time":"1 minute"},"schema":{"@context":"https:\/\/schema.org","@graph":[{"@type":"WebSite","@id":"https:\/\/www.visit-ulcinj.com\/blog\/#website","url":"https:\/\/www.visit-ulcinj.com\/blog\/","name":"Lajme nga Ulqini","description":"Lajme,Vijesti,Ulqini,Ulqin,Crna Gora,Mali i Zi","potentialAction":[{"@type":"SearchAction","target":{"@type":"EntryPoint","urlTemplate":"https:\/\/www.visit-ulcinj.com\/blog\/?s={search_term_string}"},"query-input":"required name=search_term_string"}],"inLanguage":"en-US"},{"@type":"ImageObject","inLanguage":"en-US","@id":"https:\/\/www.visit-ulcinj.com\/blog\/2014\/01\/29\/forca-kumtese-per-opinion-koalicion\/#primaryimage","url":"https:\/\/www.visit-ulcinj.com\/blog\/wp-content\/uploads\/2013\/05\/forca-logo-ulcinj-ulqin.jpg","contentUrl":"https:\/\/www.visit-ulcinj.com\/blog\/wp-content\/uploads\/2013\/05\/forca-logo-ulcinj-ulqin.jpg","width":500,"height":481},{"@type":"WebPage","@id":"https:\/\/www.visit-ulcinj.com\/blog\/2014\/01\/29\/forca-kumtese-per-opinion-koalicion\/#webpage","url":"https:\/\/www.visit-ulcinj.com\/blog\/2014\/01\/29\/forca-kumtese-per-opinion-koalicion\/","name":"Forca Kumtes\u00eb p\u00ebr opinion & koalicion - Lajme nga Ulqini","isPartOf":{"@id":"https:\/\/www.visit-ulcinj.com\/blog\/#website"},"primaryImageOfPage":{"@id":"https:\/\/www.visit-ulcinj.com\/blog\/2014\/01\/29\/forca-kumtese-per-opinion-koalicion\/#primaryimage"},"datePublished":"2014-01-29T22:00:57+00:00","dateModified":"2014-01-31T15:25:02+00:00","author":{"@id":"https:\/\/www.visit-ulcinj.com\/blog\/#\/schema\/person\/dcab619c614d3038751c63bc2aadc06d"},"description":"Kumtes\u00eb p\u00ebr opinion Ulqin 29.01.2014 Nr. 67\/2014 &nbsp; &nbsp; N\u00eb mbledhjen e KQ (K\u00ebshillit q\u00ebndror) t\u00eb Forc\u00ebs t\u00eb mbajtur me 29 janar 2014 ku jan","breadcrumb":{"@id":"https:\/\/www.visit-ulcinj.com\/blog\/2014\/01\/29\/forca-kumtese-per-opinion-koalicion\/#breadcrumb"},"inLanguage":"en-US","potentialAction":[{"@type":"ReadAction","target":["https:\/\/www.visit-ulcinj.com\/blog\/2014\/01\/29\/forca-kumtese-per-opinion-koalicion\/"]}]},{"@type":"BreadcrumbList","@id":"https:\/\/www.visit-ulcinj.com\/blog\/2014\/01\/29\/forca-kumtese-per-opinion-koalicion\/#breadcrumb","itemListElement":[{"@type":"ListItem","position":1,"name":"Forca Kumtes\u00eb p\u00ebr opinion &#038; koalicion"}]},{"@type":"Person","@id":"https:\/\/www.visit-ulcinj.com\/blog\/#\/schema\/person\/dcab619c614d3038751c63bc2aadc06d","name":"ulqini","sameAs":["http:\/\/www.visit-ulcinj.com"],"url":"https:\/\/www.visit-ulcinj.com\/blog\/author\/admin\/"}]}},"jetpack_featured_media_url":"","jetpack_sharing_enabled":true,"jetpack_shortlink":"https:\/\/wp.me\/pe6lTn-kya","_links":{"self":[{"href":"https:\/\/www.visit-ulcinj.com\/blog\/wp-json\/wp\/v2\/posts\/78998"}],"collection":[{"href":"https:\/\/www.visit-ulcinj.com\/blog\/wp-json\/wp\/v2\/posts"}],"about":[{"href":"https:\/\/www.visit-ulcinj.com\/blog\/wp-json\/wp\/v2\/types\/post"}],"author":[{"embeddable":true,"href":"https:\/\/www.visit-ulcinj.com\/blog\/wp-json\/wp\/v2\/users\/1"}],"replies":[{"embeddable":true,"href":"https:\/\/www.visit-ulcinj.com\/blog\/wp-json\/wp\/v2\/comments?post=78998"}],"version-history":[{"count":2,"href":"https:\/\/www.visit-ulcinj.com\/blog\/wp-json\/wp\/v2\/posts\/78998\/revisions"}],"predecessor-version":[{"id":79000,"href":"https:\/\/www.visit-ulcinj.com\/blog\/wp-json\/wp\/v2\/posts\/78998\/revisions\/79000"}],"wp:attachment":[{"href":"https:\/\/www.visit-ulcinj.com\/blog\/wp-json\/wp\/v2\/media?parent=78998"}],"wp:term":[{"taxonomy":"category","embeddable":true,"href":"https:\/\/www.visit-ulcinj.com\/blog\/wp-json\/wp\/v2\/categories?post=78998"},{"taxonomy":"post_tag","embeddable":true,"href":"https:\/\/www.visit-ulcinj.com\/blog\/wp-json\/wp\/v2\/tags?post=78998"}],"curies":[{"name":"wp","href":"https:\/\/api.w.org\/{rel}","templated":true}]}}