{"id":79003,"date":"2014-01-30T07:40:01","date_gmt":"2014-01-30T06:40:01","guid":{"rendered":"http:\/\/www.visit-ulcinj.com\/blog\/?p=79003"},"modified":"2014-01-30T07:40:01","modified_gmt":"2014-01-30T06:40:01","slug":"milosevic-gotovo-nemoguce-formirati-vlast-bez-dps-u-ulcinju","status":"publish","type":"post","link":"https:\/\/www.visit-ulcinj.com\/blog\/2014\/01\/30\/milosevic-gotovo-nemoguce-formirati-vlast-bez-dps-u-ulcinju\/","title":{"rendered":"Milo\u0161evi\u0107: Gotovo nemogu\u0107e formirati vlast bez DPS-a u Ulcinju"},"content":{"rendered":"<div>\n<p><em><a href=\"http:\/\/www.visit-ulcinj.com\/blog\/wp-content\/uploads\/2014\/01\/Tarzan-Milosevic-DPS.jpg\"><img loading=\"lazy\" class=\"alignleft  wp-image-78909\" alt=\"Tarzan-Milosevic-DPS\" src=\"http:\/\/www.visit-ulcinj.com\/blog\/wp-content\/uploads\/2014\/01\/Tarzan-Milosevic-DPS.jpg\" width=\"508\" height=\"360\" \/><\/a>\u0160ta se zaista de\u0161ava iza zatvorenih vrata, jo\u0161 uvijek javnost ne zna. Izvjesno je samo jedno \u2013 dogovor se ne\u0107e posti\u0107i preko no\u0107i. Sa pregovorima \u0107emo po\u010deti sljede\u0107e nedjelje. Na\u0161a ambicija je da to bude \u0161to \u0161ira koalicija sa \u0161to ve\u0107im brojem subjekata, koja \u0107e raditi za dobrobit Ulcinja, uz podr\u0161ku Vlade Crne Gore \u2013 rekao je Pobjedi Tarzan Milo\u0161evi\u0107<\/em><\/p>\n<p><strong>Pi\u0161e\u00a0<em>Ana \u017divanovi\u0107<\/em><\/strong><\/p>\n<p><strong>ULCINJ \u2013 Pregovori o formiranju vlasti u Ulcinju su po\u010deli, a oni koji pregovaraju izbjegavaju pri\u010du za medije. Pokoja informacija procuri do novinara, pa lako nastaju teorije. Ideju o formiranju vlasti u Ulcinju izme\u0111u albanskih nacionalnih partija posebno podgrijavaju mediji koji pri\u017eeljkuju da DPS ne u\u0111e u vlast. \u0160ta se zaista de\u0161ava iza zatvorenih vrata, jo\u0161 uvijek javnost ne zna. Izvjesno je samo jedno \u2013 dogovor se ne\u0107e posti\u0107i preko no\u0107i, jer je najve\u0107i kamen spoticanja borba oko fotelje predsjednika op\u0161tine.<\/strong><\/p>\n<p>&#8211; DPS \u0107e razgovarati sa svim politi\u010dkim subjektima sa kojima je u koaliciji na dr\u017eavnom nivou, a tu spadaju sve albanske partije i SDP. Sa pregovorima \u0107emo po\u010deti sljede\u0107e nedjelje. Na\u0161a ambicija je da to bude \u0161to \u0161ira koalicija sa \u0161to ve\u0107im brojem subjekata, koja \u0107e raditi za dobrobit Ulcinja, uz podr\u0161ku Vlade Crne Gore \u2013 rekao je Pobjedi Tarzan Milo\u0161evi\u0107, politi\u010dki direktor DPS-a.<\/p>\n<p>Kao nova vladaju\u0107a ve\u0107ina nezvani\u010dno se pominje koalicija DPS-DUA i\u00a0Fatmir \u0110eka, ali akteri u pregovorima o tome jo\u0161 uvijek ne\u0107e da pri\u010daju.<\/p>\n<p>Neke konkretnije izjave o mogu\u0107nostima postizbornih koalicijama do sada su dali samo Fatmir \u0110eka, lider Koalicije Zajedno za budu\u0107nost Ulcinja i Genci Nimanbegu, poslanik Force.<\/p>\n<p>\u0110eka je najavio pregovore sa Novom demokratskom snagom \u2013 Forca i Demokratskom unijom Albanaca o formiranju lokalne vlasti, ali bez Nazifa Cungua.<\/p>\n<p>Potpredsjednik Force Genci Nimanbegu i prije \u0110eke je izjavio da albanske nacionalne partije, ako se posmatra ukupan broj mandata, mogu formirati vlast. S druge strane, Nazif Cungu, lider Force i jo\u0161 uvijek aktuelni predsjednik op\u0161tine, nije se izja\u0161njavao o postizbornim koalicijama, ali javnosti je poznato da on ima dobru saradnju sa DPS-om. \u00a0Da li je do\u0161lo do raskola u najve\u0107oj nacionalnoj partiji Ulcinja ili je posrijedi ne\u0161to drugo, pokaza\u0107e vrijeme.<\/p>\n<p>Mogu\u0107e su sljede\u0107e koalicije: DPS \u2013 Koalicija Zajedno za budu\u0107nost \u2013 DUA; ili DPS \u2013 Koalicija \u2013 SDP; ili DPS \u2013 Forca ili blok albanskih partija.<\/p>\n<p>Formiranje vlasti u Ulcinju bez DPS-a je mogu\u0107e, ali samo matemati\u010dki. Koalicija Zajedno za budu\u0107nost Ulcinja, DUA i Forca imaju zajedno 18 mandata, ali kakvi su odnosi izme\u0111u ovih partija? Podsjetimo, Demokratska partija Fatmira \u0110eke je nastala izdvajanjem iz Demokratske unije Albanaca, nakon \u010dega je formirala vlast sa Forcom, a Uniju poslala u opoziciju. Koalicija Demokratske partije i Force je lo\u0161e funkcionisala u prethodne dvije godine, a veliko je pitanje koliko bi DUA, koja je uvijek bila u sukobu sa Forcom, mogla da se slo\u017ei i sa ovom partijom. Pri\u010da o formiranju vlasti bez DPS-a \u00a0vi\u0161e li\u010di na politi\u010dku igru ili utvr\u0111ivanje pazara.<\/p>\n<p>Klju\u010deve grada \u017eele svi u svojim rukama. Jo\u0161 u izbornoj no\u0107i, Tarzan Milo\u0161evi\u0107, politi\u010dki direktor DPS-a, je najavio da \u0107e predsjednik op\u0161tine biti \u010dovjek iz ove partije.<\/p>\n<p>&#8211; Logi\u010dno je da predsjednik op\u0161tine treba da bude iz partije koja ima najve\u0107i broj glasova. Mi \u017eelimo da uz punu odgovornost uradimo za Ulcinj mnogo vi\u0161e nego \u0161to je to ura\u0111eno do sada \u2013 rekao je Milo\u0161evi\u0107 Pobjedi.<\/p>\n<p>Podsje\u0107amo, prema preliminarnim izbornim rezultatima OIK: DPS je osvojila devet mandata \u2013 3.174 glasova, Forca\u00a0 osam mandata \u2013 2.928 glasova, Koalicija Zajedno za budu\u0107nost Ulcinja sedam \u2013 2.345 glasova,\u00a0 DUA tri\u00a0 \u2013 1.058 glasova,\u00a0 SDP\u00a0 dva mandata \u2013 820 glasova, Pozitivna CG dva manadata \u2013 682 glasova, SNP jedan mandat \u2013 479 glasova i DF jedan mandat \u2013 387 glasova.<\/p>\n<p>&#8211; Od ukupno 19.169 gra\u0111ana s pravom glasa, na izborima u Ulcinju 26. januara glasalo je 12.285 bira\u010da, \u0161to je 64,08% od ukupnog bira\u010dkog tijela \u00a0\u2013 rekao je Pobjedi Jakup Murati, predsjednik OIK.<\/p>\n<p>Va\u017ee\u0107ih listi\u0107a je bilo 12.128, a neva\u017ee\u0107ih 157. Putem pisma glasalo je 687 bira\u010da.<\/p>\n<p><strong>Izvor: POBJEDA<\/strong><\/p>\n<p>[flv]http:\/\/www.rtcg.me\/upload\/boxFileData\/2014\/01\/28\/54352\/RADNIIII%2028.1.28%2001%20POST%20MILA%20VUKOVIC%20DN2_001.flv[\/flv]<\/p>\n<\/div>\n","protected":false},"excerpt":{"rendered":"<p>\u0160ta se zaista de\u0161ava iza zatvorenih vrata, jo\u0161 uvijek javnost ne zna. Izvjesno je samo jedno \u2013 dogovor se ne\u0107e posti\u0107i preko no\u0107i. Sa pregovorima \u0107emo po\u010deti sljede\u0107e nedjelje. Na\u0161a ambicija je da to bude \u0161to \u0161ira koalicija sa \u0161to ve\u0107im brojem subjekata, koja \u0107e raditi za dobrobit Ulcinja, uz podr\u0161ku Vlade Crne Gore \u2013 [&hellip;]<\/p>\n","protected":false},"author":1,"featured_media":0,"comment_status":"closed","ping_status":"closed","sticky":false,"template":"","format":"standard","meta":{"spay_email":"","jetpack_publicize_message":"","jetpack_is_tweetstorm":false,"jetpack_publicize_feature_enabled":true},"categories":[8337],"tags":[],"jetpack_publicize_connections":[],"yoast_head":"<!-- This site is optimized with the Yoast SEO plugin v19.1 - https:\/\/yoast.com\/wordpress\/plugins\/seo\/ -->\n<title>Milo\u0161evi\u0107: Gotovo nemogu\u0107e formirati vlast bez DPS-a u Ulcinju - Lajme nga Ulqini<\/title>\n<meta name=\"description\" content=\"\u0160ta se zaista de\u0161ava iza zatvorenih vrata, jo\u0161 uvijek javnost ne zna. Izvjesno je samo jedno \u2013 dogovor se ne\u0107e posti\u0107i preko no\u0107i. Sa pregovorima \u0107emo\" \/>\n<meta name=\"robots\" content=\"index, follow, max-snippet:-1, max-image-preview:large, max-video-preview:-1\" \/>\n<link rel=\"canonical\" href=\"https:\/\/www.visit-ulcinj.com\/blog\/2014\/01\/30\/milosevic-gotovo-nemoguce-formirati-vlast-bez-dps-u-ulcinju\/\" \/>\n<meta property=\"og:locale\" content=\"en_US\" \/>\n<meta property=\"og:type\" content=\"article\" \/>\n<meta property=\"og:title\" content=\"Milo\u0161evi\u0107: Gotovo nemogu\u0107e formirati vlast bez DPS-a u Ulcinju - Lajme nga Ulqini\" \/>\n<meta property=\"og:description\" content=\"\u0160ta se zaista de\u0161ava iza zatvorenih vrata, jo\u0161 uvijek javnost ne zna. Izvjesno je samo jedno \u2013 dogovor se ne\u0107e posti\u0107i preko no\u0107i. Sa pregovorima \u0107emo\" \/>\n<meta property=\"og:url\" content=\"https:\/\/www.visit-ulcinj.com\/blog\/2014\/01\/30\/milosevic-gotovo-nemoguce-formirati-vlast-bez-dps-u-ulcinju\/\" \/>\n<meta property=\"og:site_name\" content=\"Lajme nga Ulqini\" \/>\n<meta property=\"article:published_time\" content=\"2014-01-30T06:40:01+00:00\" \/>\n<meta property=\"og:image\" content=\"http:\/\/www.visit-ulcinj.com\/blog\/wp-content\/uploads\/2014\/01\/Tarzan-Milosevic-DPS.jpg\" \/>\n<meta name=\"twitter:label1\" content=\"Written by\" \/>\n\t<meta name=\"twitter:data1\" content=\"ulqini\" \/>\n\t<meta name=\"twitter:label2\" content=\"Est. reading time\" \/>\n\t<meta name=\"twitter:data2\" content=\"4 minutes\" \/>\n<script type=\"application\/ld+json\" class=\"yoast-schema-graph\">{\"@context\":\"https:\/\/schema.org\",\"@graph\":[{\"@type\":\"WebSite\",\"@id\":\"https:\/\/www.visit-ulcinj.com\/blog\/#website\",\"url\":\"https:\/\/www.visit-ulcinj.com\/blog\/\",\"name\":\"Lajme nga Ulqini\",\"description\":\"Lajme,Vijesti,Ulqini,Ulqin,Crna Gora,Mali i Zi\",\"potentialAction\":[{\"@type\":\"SearchAction\",\"target\":{\"@type\":\"EntryPoint\",\"urlTemplate\":\"https:\/\/www.visit-ulcinj.com\/blog\/?s={search_term_string}\"},\"query-input\":\"required name=search_term_string\"}],\"inLanguage\":\"en-US\"},{\"@type\":\"ImageObject\",\"inLanguage\":\"en-US\",\"@id\":\"https:\/\/www.visit-ulcinj.com\/blog\/2014\/01\/30\/milosevic-gotovo-nemoguce-formirati-vlast-bez-dps-u-ulcinju\/#primaryimage\",\"url\":\"https:\/\/www.visit-ulcinj.com\/blog\/wp-content\/uploads\/2014\/01\/Tarzan-Milosevic-DPS.jpg\",\"contentUrl\":\"https:\/\/www.visit-ulcinj.com\/blog\/wp-content\/uploads\/2014\/01\/Tarzan-Milosevic-DPS.jpg\",\"width\":600,\"height\":413},{\"@type\":\"WebPage\",\"@id\":\"https:\/\/www.visit-ulcinj.com\/blog\/2014\/01\/30\/milosevic-gotovo-nemoguce-formirati-vlast-bez-dps-u-ulcinju\/#webpage\",\"url\":\"https:\/\/www.visit-ulcinj.com\/blog\/2014\/01\/30\/milosevic-gotovo-nemoguce-formirati-vlast-bez-dps-u-ulcinju\/\",\"name\":\"Milo\u0161evi\u0107: Gotovo nemogu\u0107e formirati vlast bez DPS-a u Ulcinju - Lajme nga Ulqini\",\"isPartOf\":{\"@id\":\"https:\/\/www.visit-ulcinj.com\/blog\/#website\"},\"primaryImageOfPage\":{\"@id\":\"https:\/\/www.visit-ulcinj.com\/blog\/2014\/01\/30\/milosevic-gotovo-nemoguce-formirati-vlast-bez-dps-u-ulcinju\/#primaryimage\"},\"datePublished\":\"2014-01-30T06:40:01+00:00\",\"dateModified\":\"2014-01-30T06:40:01+00:00\",\"author\":{\"@id\":\"https:\/\/www.visit-ulcinj.com\/blog\/#\/schema\/person\/dcab619c614d3038751c63bc2aadc06d\"},\"description\":\"\u0160ta se zaista de\u0161ava iza zatvorenih vrata, jo\u0161 uvijek javnost ne zna. Izvjesno je samo jedno \u2013 dogovor se ne\u0107e posti\u0107i preko no\u0107i. Sa pregovorima \u0107emo\",\"breadcrumb\":{\"@id\":\"https:\/\/www.visit-ulcinj.com\/blog\/2014\/01\/30\/milosevic-gotovo-nemoguce-formirati-vlast-bez-dps-u-ulcinju\/#breadcrumb\"},\"inLanguage\":\"en-US\",\"potentialAction\":[{\"@type\":\"ReadAction\",\"target\":[\"https:\/\/www.visit-ulcinj.com\/blog\/2014\/01\/30\/milosevic-gotovo-nemoguce-formirati-vlast-bez-dps-u-ulcinju\/\"]}]},{\"@type\":\"BreadcrumbList\",\"@id\":\"https:\/\/www.visit-ulcinj.com\/blog\/2014\/01\/30\/milosevic-gotovo-nemoguce-formirati-vlast-bez-dps-u-ulcinju\/#breadcrumb\",\"itemListElement\":[{\"@type\":\"ListItem\",\"position\":1,\"name\":\"Milo\u0161evi\u0107: Gotovo nemogu\u0107e formirati vlast bez DPS-a u Ulcinju\"}]},{\"@type\":\"Person\",\"@id\":\"https:\/\/www.visit-ulcinj.com\/blog\/#\/schema\/person\/dcab619c614d3038751c63bc2aadc06d\",\"name\":\"ulqini\",\"sameAs\":[\"http:\/\/www.visit-ulcinj.com\"],\"url\":\"https:\/\/www.visit-ulcinj.com\/blog\/author\/admin\/\"}]}<\/script>\n<!-- \/ Yoast SEO plugin. -->","yoast_head_json":{"title":"Milo\u0161evi\u0107: Gotovo nemogu\u0107e formirati vlast bez DPS-a u Ulcinju - Lajme nga Ulqini","description":"\u0160ta se zaista de\u0161ava iza zatvorenih vrata, jo\u0161 uvijek javnost ne zna. Izvjesno je samo jedno \u2013 dogovor se ne\u0107e posti\u0107i preko no\u0107i. Sa pregovorima \u0107emo","robots":{"index":"index","follow":"follow","max-snippet":"max-snippet:-1","max-image-preview":"max-image-preview:large","max-video-preview":"max-video-preview:-1"},"canonical":"https:\/\/www.visit-ulcinj.com\/blog\/2014\/01\/30\/milosevic-gotovo-nemoguce-formirati-vlast-bez-dps-u-ulcinju\/","og_locale":"en_US","og_type":"article","og_title":"Milo\u0161evi\u0107: Gotovo nemogu\u0107e formirati vlast bez DPS-a u Ulcinju - Lajme nga Ulqini","og_description":"\u0160ta se zaista de\u0161ava iza zatvorenih vrata, jo\u0161 uvijek javnost ne zna. Izvjesno je samo jedno \u2013 dogovor se ne\u0107e posti\u0107i preko no\u0107i. Sa pregovorima \u0107emo","og_url":"https:\/\/www.visit-ulcinj.com\/blog\/2014\/01\/30\/milosevic-gotovo-nemoguce-formirati-vlast-bez-dps-u-ulcinju\/","og_site_name":"Lajme nga Ulqini","article_published_time":"2014-01-30T06:40:01+00:00","og_image":[{"url":"http:\/\/www.visit-ulcinj.com\/blog\/wp-content\/uploads\/2014\/01\/Tarzan-Milosevic-DPS.jpg"}],"twitter_misc":{"Written by":"ulqini","Est. reading time":"4 minutes"},"schema":{"@context":"https:\/\/schema.org","@graph":[{"@type":"WebSite","@id":"https:\/\/www.visit-ulcinj.com\/blog\/#website","url":"https:\/\/www.visit-ulcinj.com\/blog\/","name":"Lajme nga Ulqini","description":"Lajme,Vijesti,Ulqini,Ulqin,Crna Gora,Mali i Zi","potentialAction":[{"@type":"SearchAction","target":{"@type":"EntryPoint","urlTemplate":"https:\/\/www.visit-ulcinj.com\/blog\/?s={search_term_string}"},"query-input":"required name=search_term_string"}],"inLanguage":"en-US"},{"@type":"ImageObject","inLanguage":"en-US","@id":"https:\/\/www.visit-ulcinj.com\/blog\/2014\/01\/30\/milosevic-gotovo-nemoguce-formirati-vlast-bez-dps-u-ulcinju\/#primaryimage","url":"https:\/\/www.visit-ulcinj.com\/blog\/wp-content\/uploads\/2014\/01\/Tarzan-Milosevic-DPS.jpg","contentUrl":"https:\/\/www.visit-ulcinj.com\/blog\/wp-content\/uploads\/2014\/01\/Tarzan-Milosevic-DPS.jpg","width":600,"height":413},{"@type":"WebPage","@id":"https:\/\/www.visit-ulcinj.com\/blog\/2014\/01\/30\/milosevic-gotovo-nemoguce-formirati-vlast-bez-dps-u-ulcinju\/#webpage","url":"https:\/\/www.visit-ulcinj.com\/blog\/2014\/01\/30\/milosevic-gotovo-nemoguce-formirati-vlast-bez-dps-u-ulcinju\/","name":"Milo\u0161evi\u0107: Gotovo nemogu\u0107e formirati vlast bez DPS-a u Ulcinju - Lajme nga Ulqini","isPartOf":{"@id":"https:\/\/www.visit-ulcinj.com\/blog\/#website"},"primaryImageOfPage":{"@id":"https:\/\/www.visit-ulcinj.com\/blog\/2014\/01\/30\/milosevic-gotovo-nemoguce-formirati-vlast-bez-dps-u-ulcinju\/#primaryimage"},"datePublished":"2014-01-30T06:40:01+00:00","dateModified":"2014-01-30T06:40:01+00:00","author":{"@id":"https:\/\/www.visit-ulcinj.com\/blog\/#\/schema\/person\/dcab619c614d3038751c63bc2aadc06d"},"description":"\u0160ta se zaista de\u0161ava iza zatvorenih vrata, jo\u0161 uvijek javnost ne zna. Izvjesno je samo jedno \u2013 dogovor se ne\u0107e posti\u0107i preko no\u0107i. Sa pregovorima \u0107emo","breadcrumb":{"@id":"https:\/\/www.visit-ulcinj.com\/blog\/2014\/01\/30\/milosevic-gotovo-nemoguce-formirati-vlast-bez-dps-u-ulcinju\/#breadcrumb"},"inLanguage":"en-US","potentialAction":[{"@type":"ReadAction","target":["https:\/\/www.visit-ulcinj.com\/blog\/2014\/01\/30\/milosevic-gotovo-nemoguce-formirati-vlast-bez-dps-u-ulcinju\/"]}]},{"@type":"BreadcrumbList","@id":"https:\/\/www.visit-ulcinj.com\/blog\/2014\/01\/30\/milosevic-gotovo-nemoguce-formirati-vlast-bez-dps-u-ulcinju\/#breadcrumb","itemListElement":[{"@type":"ListItem","position":1,"name":"Milo\u0161evi\u0107: Gotovo nemogu\u0107e formirati vlast bez DPS-a u Ulcinju"}]},{"@type":"Person","@id":"https:\/\/www.visit-ulcinj.com\/blog\/#\/schema\/person\/dcab619c614d3038751c63bc2aadc06d","name":"ulqini","sameAs":["http:\/\/www.visit-ulcinj.com"],"url":"https:\/\/www.visit-ulcinj.com\/blog\/author\/admin\/"}]}},"jetpack_featured_media_url":"","jetpack_sharing_enabled":true,"jetpack_shortlink":"https:\/\/wp.me\/pe6lTn-kyf","_links":{"self":[{"href":"https:\/\/www.visit-ulcinj.com\/blog\/wp-json\/wp\/v2\/posts\/79003"}],"collection":[{"href":"https:\/\/www.visit-ulcinj.com\/blog\/wp-json\/wp\/v2\/posts"}],"about":[{"href":"https:\/\/www.visit-ulcinj.com\/blog\/wp-json\/wp\/v2\/types\/post"}],"author":[{"embeddable":true,"href":"https:\/\/www.visit-ulcinj.com\/blog\/wp-json\/wp\/v2\/users\/1"}],"replies":[{"embeddable":true,"href":"https:\/\/www.visit-ulcinj.com\/blog\/wp-json\/wp\/v2\/comments?post=79003"}],"version-history":[{"count":1,"href":"https:\/\/www.visit-ulcinj.com\/blog\/wp-json\/wp\/v2\/posts\/79003\/revisions"}],"predecessor-version":[{"id":79004,"href":"https:\/\/www.visit-ulcinj.com\/blog\/wp-json\/wp\/v2\/posts\/79003\/revisions\/79004"}],"wp:attachment":[{"href":"https:\/\/www.visit-ulcinj.com\/blog\/wp-json\/wp\/v2\/media?parent=79003"}],"wp:term":[{"taxonomy":"category","embeddable":true,"href":"https:\/\/www.visit-ulcinj.com\/blog\/wp-json\/wp\/v2\/categories?post=79003"},{"taxonomy":"post_tag","embeddable":true,"href":"https:\/\/www.visit-ulcinj.com\/blog\/wp-json\/wp\/v2\/tags?post=79003"}],"curies":[{"name":"wp","href":"https:\/\/api.w.org\/{rel}","templated":true}]}}