{"id":79023,"date":"2014-01-30T18:24:04","date_gmt":"2014-01-30T17:24:04","guid":{"rendered":"http:\/\/www.visit-ulcinj.com\/blog\/?p=79023"},"modified":"2014-01-30T18:24:04","modified_gmt":"2014-01-30T17:24:04","slug":"zenka-forca-se-hvata-za-slamku-spasa","status":"publish","type":"post","link":"https:\/\/www.visit-ulcinj.com\/blog\/2014\/01\/30\/zenka-forca-se-hvata-za-slamku-spasa\/","title":{"rendered":"Zenka: Forca se hvata za slamku spasa"},"content":{"rendered":"<p><a href=\"http:\/\/www.visit-ulcinj.com\/blog\/wp-content\/uploads\/2014\/01\/Mehmet-Zenka-UDSH.jpg\"><img loading=\"lazy\" class=\"alignleft  wp-image-78962\" alt=\"Mehmet-Zenka-UDSH\" src=\"http:\/\/www.visit-ulcinj.com\/blog\/wp-content\/uploads\/2014\/01\/Mehmet-Zenka-UDSH.jpg\" width=\"508\" height=\"360\" \/><\/a>Demokratska unija Albanaca (DUA) jo\u0161 nije odlu\u010dila sa kojim strankama \u0107e napraviti koaliciju u Ulcinju, kazao je za Portal RTCG lider DUA, Mehmet Zenka, poru\u010duju\u0107i da se Forca, nude\u0107i postizborni savez albanskim partijama, hvata za \u201eslamku spasa\u201c.<\/p>\n<p>Zenka je, komentari\u0161u\u0107i odluku Glavnog odbora Force koji je zaklju\u010dio da treba po\u010deti pregovore o formiranju lokalne vlasti sa albanskim politi\u010dkim subjektima, Koalicijom &#8220;Zajedno za budu\u0107nost Ulcinja&#8221; i sa DUA, kazao da je Forca imala prilike da se sporazumije sa Albancima i prije izbora, ali je htjela sa drugima da prave razli\u010dite \u201ekombinacije\u201c.<\/p>\n<p>\u201eForca se hvata za ono na \u0161ta su Ulcinjani najosjetljiviji, a trenutno su Albanci najosjetljiviji na svoje nacionalno pitanje. Ne volim kada neko u nacionalnom pitanju tra\u017ei slamku spasa, ve\u0107 kada je neko od srca za Albance i od po\u010detka a ne sezonski\u201c, rekao je Zenka Portalu RTCG.<\/p>\n<p>Prema njegovim rije\u010dima, Forca prvo mora da se izvini Albancima za sve \u0161to je radila.<\/p>\n<p>\u201eForca je imala svoju \u0161ansu da ujedini Albance na jednoj predizbornoj listi a nije to htjela\u201c, dodao je Zenka.<\/p>\n<p>Upitan da li je DUA bli\u017ea formiranju vlasti sa albanskim partijama ili sa koalicijom koju bi formirala Demokratska partija socijalista (DPS), Zenka je rekao da njegova partija jo\u0161 nije o tome odlu\u010dila.<\/p>\n<p>\u201eGlavni odbor DUA-e jo\u0161 o tome nije odlu\u010divao, a za nas je najbitnije koliko je koja stranka iskrena u svojim namjerama, jer smo se od po\u010detka zalagali za emancipovanje albanskog nacionalnog pitanja, dok su druge partije \u0161urovale na sto strana\u201c, naveo je on.<\/p>\n<p>DUA, ka\u017ee njen lider, prvo \u017eeli da vidi ponude, \u201ei koliko su potencijalni partneri ozbiljni u svojim namjerama\u201c.<\/p>\n<p>\u201eA ne samo da prihvatamo ne\u0161to kako bi spasavali jednu ili dvije stolice, jer su pitanja previ\u0161e osjetljiva da bi se na taj na\u010din kalkulisalo\u201c, kazao je Zenka.<\/p>\n<p>Forca je, tvrdi Zenka, ve\u0107 imala svoje prilike, \u201ene jednom ve\u0107 sto puta\u201c.<\/p>\n<p>\u201eDUA je nudila predizborni saveze, a svi su nas odbijali sa gnu\u0161anjem, i gledali su kako da nam kupuju glasove, i to se odnosi na sve stranke, ne samo na Forcu\u201c, dodao je on.<\/p>\n<p>Zenka je kazao da je Forci nudio predizborni savez dva mjeseca pred izbore.<\/p>\n<p>\u201eForca je planirala postizborni savez sa DPS-om, a sada se ne radi o promjeni taktike, ve\u0107 o spa\u0161avanju sopstvene ko\u017ee\u201c<\/p>\n<p>Zenka je potvrdio da postoji pritisak od uticajnih struktura iz Albanije i sa Kosova na albanske partije u Ulcinju da formiraju vlast bez DPS-a.<\/p>\n<p>\u201eNa DUA niko nije uticao, a neka oni koje pritiskaju govore o tome. DUA nije odgovorna prema nikom osim prema na\u0161im\u00a0 bira\u010dima\u201c, naveo je on.<\/p>\n<p><strong>Borislav Vi\u0161nji\u0107<\/strong><\/p>\n<p><strong>Izvor: RTCG<\/strong><\/p>\n","protected":false},"excerpt":{"rendered":"<p>Demokratska unija Albanaca (DUA) jo\u0161 nije odlu\u010dila sa kojim strankama \u0107e napraviti koaliciju u Ulcinju, kazao je za Portal RTCG lider DUA, Mehmet Zenka, poru\u010duju\u0107i da se Forca, nude\u0107i postizborni savez albanskim partijama, hvata za \u201eslamku spasa\u201c. Zenka je, komentari\u0161u\u0107i odluku Glavnog odbora Force koji je zaklju\u010dio da treba po\u010deti pregovore o formiranju lokalne vlasti [&hellip;]<\/p>\n","protected":false},"author":1,"featured_media":0,"comment_status":"closed","ping_status":"closed","sticky":false,"template":"","format":"standard","meta":{"spay_email":"","jetpack_publicize_message":"","jetpack_is_tweetstorm":false,"jetpack_publicize_feature_enabled":true},"categories":[8337],"tags":[],"jetpack_publicize_connections":[],"yoast_head":"<!-- This site is optimized with the Yoast SEO plugin v19.1 - https:\/\/yoast.com\/wordpress\/plugins\/seo\/ -->\n<title>Zenka: Forca se hvata za slamku spasa - Lajme nga Ulqini<\/title>\n<meta name=\"description\" content=\"Demokratska unija Albanaca (DUA) jo\u0161 nije odlu\u010dila sa kojim strankama \u0107e napraviti koaliciju u Ulcinju, kazao je za Portal RTCG lider DUA, Mehmet Zenka,\" \/>\n<meta name=\"robots\" content=\"index, follow, max-snippet:-1, max-image-preview:large, max-video-preview:-1\" \/>\n<link rel=\"canonical\" href=\"https:\/\/www.visit-ulcinj.com\/blog\/2014\/01\/30\/zenka-forca-se-hvata-za-slamku-spasa\/\" \/>\n<meta property=\"og:locale\" content=\"en_US\" \/>\n<meta property=\"og:type\" content=\"article\" \/>\n<meta property=\"og:title\" content=\"Zenka: Forca se hvata za slamku spasa - Lajme nga Ulqini\" \/>\n<meta property=\"og:description\" content=\"Demokratska unija Albanaca (DUA) jo\u0161 nije odlu\u010dila sa kojim strankama \u0107e napraviti koaliciju u Ulcinju, kazao je za Portal RTCG lider DUA, Mehmet Zenka,\" \/>\n<meta property=\"og:url\" content=\"https:\/\/www.visit-ulcinj.com\/blog\/2014\/01\/30\/zenka-forca-se-hvata-za-slamku-spasa\/\" \/>\n<meta property=\"og:site_name\" content=\"Lajme nga Ulqini\" \/>\n<meta property=\"article:published_time\" content=\"2014-01-30T17:24:04+00:00\" \/>\n<meta property=\"og:image\" content=\"http:\/\/www.visit-ulcinj.com\/blog\/wp-content\/uploads\/2014\/01\/Mehmet-Zenka-UDSH.jpg\" \/>\n<meta name=\"twitter:label1\" content=\"Written by\" \/>\n\t<meta name=\"twitter:data1\" content=\"ulqini\" \/>\n\t<meta name=\"twitter:label2\" content=\"Est. reading time\" \/>\n\t<meta name=\"twitter:data2\" content=\"2 minutes\" \/>\n<script type=\"application\/ld+json\" class=\"yoast-schema-graph\">{\"@context\":\"https:\/\/schema.org\",\"@graph\":[{\"@type\":\"WebSite\",\"@id\":\"https:\/\/www.visit-ulcinj.com\/blog\/#website\",\"url\":\"https:\/\/www.visit-ulcinj.com\/blog\/\",\"name\":\"Lajme nga Ulqini\",\"description\":\"Lajme,Vijesti,Ulqini,Ulqin,Crna Gora,Mali i Zi\",\"potentialAction\":[{\"@type\":\"SearchAction\",\"target\":{\"@type\":\"EntryPoint\",\"urlTemplate\":\"https:\/\/www.visit-ulcinj.com\/blog\/?s={search_term_string}\"},\"query-input\":\"required name=search_term_string\"}],\"inLanguage\":\"en-US\"},{\"@type\":\"ImageObject\",\"inLanguage\":\"en-US\",\"@id\":\"https:\/\/www.visit-ulcinj.com\/blog\/2014\/01\/30\/zenka-forca-se-hvata-za-slamku-spasa\/#primaryimage\",\"url\":\"https:\/\/www.visit-ulcinj.com\/blog\/wp-content\/uploads\/2014\/01\/Mehmet-Zenka-UDSH.jpg\",\"contentUrl\":\"https:\/\/www.visit-ulcinj.com\/blog\/wp-content\/uploads\/2014\/01\/Mehmet-Zenka-UDSH.jpg\",\"width\":960,\"height\":856},{\"@type\":\"WebPage\",\"@id\":\"https:\/\/www.visit-ulcinj.com\/blog\/2014\/01\/30\/zenka-forca-se-hvata-za-slamku-spasa\/#webpage\",\"url\":\"https:\/\/www.visit-ulcinj.com\/blog\/2014\/01\/30\/zenka-forca-se-hvata-za-slamku-spasa\/\",\"name\":\"Zenka: Forca se hvata za slamku spasa - Lajme nga Ulqini\",\"isPartOf\":{\"@id\":\"https:\/\/www.visit-ulcinj.com\/blog\/#website\"},\"primaryImageOfPage\":{\"@id\":\"https:\/\/www.visit-ulcinj.com\/blog\/2014\/01\/30\/zenka-forca-se-hvata-za-slamku-spasa\/#primaryimage\"},\"datePublished\":\"2014-01-30T17:24:04+00:00\",\"dateModified\":\"2014-01-30T17:24:04+00:00\",\"author\":{\"@id\":\"https:\/\/www.visit-ulcinj.com\/blog\/#\/schema\/person\/dcab619c614d3038751c63bc2aadc06d\"},\"description\":\"Demokratska unija Albanaca (DUA) jo\u0161 nije odlu\u010dila sa kojim strankama \u0107e napraviti koaliciju u Ulcinju, kazao je za Portal RTCG lider DUA, Mehmet Zenka,\",\"breadcrumb\":{\"@id\":\"https:\/\/www.visit-ulcinj.com\/blog\/2014\/01\/30\/zenka-forca-se-hvata-za-slamku-spasa\/#breadcrumb\"},\"inLanguage\":\"en-US\",\"potentialAction\":[{\"@type\":\"ReadAction\",\"target\":[\"https:\/\/www.visit-ulcinj.com\/blog\/2014\/01\/30\/zenka-forca-se-hvata-za-slamku-spasa\/\"]}]},{\"@type\":\"BreadcrumbList\",\"@id\":\"https:\/\/www.visit-ulcinj.com\/blog\/2014\/01\/30\/zenka-forca-se-hvata-za-slamku-spasa\/#breadcrumb\",\"itemListElement\":[{\"@type\":\"ListItem\",\"position\":1,\"name\":\"Zenka: Forca se hvata za slamku spasa\"}]},{\"@type\":\"Person\",\"@id\":\"https:\/\/www.visit-ulcinj.com\/blog\/#\/schema\/person\/dcab619c614d3038751c63bc2aadc06d\",\"name\":\"ulqini\",\"sameAs\":[\"http:\/\/www.visit-ulcinj.com\"],\"url\":\"https:\/\/www.visit-ulcinj.com\/blog\/author\/admin\/\"}]}<\/script>\n<!-- \/ Yoast SEO plugin. -->","yoast_head_json":{"title":"Zenka: Forca se hvata za slamku spasa - Lajme nga Ulqini","description":"Demokratska unija Albanaca (DUA) jo\u0161 nije odlu\u010dila sa kojim strankama \u0107e napraviti koaliciju u Ulcinju, kazao je za Portal RTCG lider DUA, Mehmet Zenka,","robots":{"index":"index","follow":"follow","max-snippet":"max-snippet:-1","max-image-preview":"max-image-preview:large","max-video-preview":"max-video-preview:-1"},"canonical":"https:\/\/www.visit-ulcinj.com\/blog\/2014\/01\/30\/zenka-forca-se-hvata-za-slamku-spasa\/","og_locale":"en_US","og_type":"article","og_title":"Zenka: Forca se hvata za slamku spasa - Lajme nga Ulqini","og_description":"Demokratska unija Albanaca (DUA) jo\u0161 nije odlu\u010dila sa kojim strankama \u0107e napraviti koaliciju u Ulcinju, kazao je za Portal RTCG lider DUA, Mehmet Zenka,","og_url":"https:\/\/www.visit-ulcinj.com\/blog\/2014\/01\/30\/zenka-forca-se-hvata-za-slamku-spasa\/","og_site_name":"Lajme nga Ulqini","article_published_time":"2014-01-30T17:24:04+00:00","og_image":[{"url":"http:\/\/www.visit-ulcinj.com\/blog\/wp-content\/uploads\/2014\/01\/Mehmet-Zenka-UDSH.jpg"}],"twitter_misc":{"Written by":"ulqini","Est. reading time":"2 minutes"},"schema":{"@context":"https:\/\/schema.org","@graph":[{"@type":"WebSite","@id":"https:\/\/www.visit-ulcinj.com\/blog\/#website","url":"https:\/\/www.visit-ulcinj.com\/blog\/","name":"Lajme nga Ulqini","description":"Lajme,Vijesti,Ulqini,Ulqin,Crna Gora,Mali i Zi","potentialAction":[{"@type":"SearchAction","target":{"@type":"EntryPoint","urlTemplate":"https:\/\/www.visit-ulcinj.com\/blog\/?s={search_term_string}"},"query-input":"required name=search_term_string"}],"inLanguage":"en-US"},{"@type":"ImageObject","inLanguage":"en-US","@id":"https:\/\/www.visit-ulcinj.com\/blog\/2014\/01\/30\/zenka-forca-se-hvata-za-slamku-spasa\/#primaryimage","url":"https:\/\/www.visit-ulcinj.com\/blog\/wp-content\/uploads\/2014\/01\/Mehmet-Zenka-UDSH.jpg","contentUrl":"https:\/\/www.visit-ulcinj.com\/blog\/wp-content\/uploads\/2014\/01\/Mehmet-Zenka-UDSH.jpg","width":960,"height":856},{"@type":"WebPage","@id":"https:\/\/www.visit-ulcinj.com\/blog\/2014\/01\/30\/zenka-forca-se-hvata-za-slamku-spasa\/#webpage","url":"https:\/\/www.visit-ulcinj.com\/blog\/2014\/01\/30\/zenka-forca-se-hvata-za-slamku-spasa\/","name":"Zenka: Forca se hvata za slamku spasa - Lajme nga Ulqini","isPartOf":{"@id":"https:\/\/www.visit-ulcinj.com\/blog\/#website"},"primaryImageOfPage":{"@id":"https:\/\/www.visit-ulcinj.com\/blog\/2014\/01\/30\/zenka-forca-se-hvata-za-slamku-spasa\/#primaryimage"},"datePublished":"2014-01-30T17:24:04+00:00","dateModified":"2014-01-30T17:24:04+00:00","author":{"@id":"https:\/\/www.visit-ulcinj.com\/blog\/#\/schema\/person\/dcab619c614d3038751c63bc2aadc06d"},"description":"Demokratska unija Albanaca (DUA) jo\u0161 nije odlu\u010dila sa kojim strankama \u0107e napraviti koaliciju u Ulcinju, kazao je za Portal RTCG lider DUA, Mehmet Zenka,","breadcrumb":{"@id":"https:\/\/www.visit-ulcinj.com\/blog\/2014\/01\/30\/zenka-forca-se-hvata-za-slamku-spasa\/#breadcrumb"},"inLanguage":"en-US","potentialAction":[{"@type":"ReadAction","target":["https:\/\/www.visit-ulcinj.com\/blog\/2014\/01\/30\/zenka-forca-se-hvata-za-slamku-spasa\/"]}]},{"@type":"BreadcrumbList","@id":"https:\/\/www.visit-ulcinj.com\/blog\/2014\/01\/30\/zenka-forca-se-hvata-za-slamku-spasa\/#breadcrumb","itemListElement":[{"@type":"ListItem","position":1,"name":"Zenka: Forca se hvata za slamku spasa"}]},{"@type":"Person","@id":"https:\/\/www.visit-ulcinj.com\/blog\/#\/schema\/person\/dcab619c614d3038751c63bc2aadc06d","name":"ulqini","sameAs":["http:\/\/www.visit-ulcinj.com"],"url":"https:\/\/www.visit-ulcinj.com\/blog\/author\/admin\/"}]}},"jetpack_featured_media_url":"","jetpack_sharing_enabled":true,"jetpack_shortlink":"https:\/\/wp.me\/pe6lTn-kyz","_links":{"self":[{"href":"https:\/\/www.visit-ulcinj.com\/blog\/wp-json\/wp\/v2\/posts\/79023"}],"collection":[{"href":"https:\/\/www.visit-ulcinj.com\/blog\/wp-json\/wp\/v2\/posts"}],"about":[{"href":"https:\/\/www.visit-ulcinj.com\/blog\/wp-json\/wp\/v2\/types\/post"}],"author":[{"embeddable":true,"href":"https:\/\/www.visit-ulcinj.com\/blog\/wp-json\/wp\/v2\/users\/1"}],"replies":[{"embeddable":true,"href":"https:\/\/www.visit-ulcinj.com\/blog\/wp-json\/wp\/v2\/comments?post=79023"}],"version-history":[{"count":1,"href":"https:\/\/www.visit-ulcinj.com\/blog\/wp-json\/wp\/v2\/posts\/79023\/revisions"}],"predecessor-version":[{"id":79024,"href":"https:\/\/www.visit-ulcinj.com\/blog\/wp-json\/wp\/v2\/posts\/79023\/revisions\/79024"}],"wp:attachment":[{"href":"https:\/\/www.visit-ulcinj.com\/blog\/wp-json\/wp\/v2\/media?parent=79023"}],"wp:term":[{"taxonomy":"category","embeddable":true,"href":"https:\/\/www.visit-ulcinj.com\/blog\/wp-json\/wp\/v2\/categories?post=79023"},{"taxonomy":"post_tag","embeddable":true,"href":"https:\/\/www.visit-ulcinj.com\/blog\/wp-json\/wp\/v2\/tags?post=79023"}],"curies":[{"name":"wp","href":"https:\/\/api.w.org\/{rel}","templated":true}]}}