{"id":79027,"date":"2014-01-30T18:35:23","date_gmt":"2014-01-30T17:35:23","guid":{"rendered":"http:\/\/www.visit-ulcinj.com\/blog\/?p=79027"},"modified":"2014-01-30T19:33:35","modified_gmt":"2014-01-30T18:33:35","slug":"nastavljaju-strajk-u-ulcinjskoj-solani","status":"publish","type":"post","link":"https:\/\/www.visit-ulcinj.com\/blog\/2014\/01\/30\/nastavljaju-strajk-u-ulcinjskoj-solani\/","title":{"rendered":"Nastavljaju \u0161trajk u Ulcinjskoj Solani + Foto"},"content":{"rendered":"<p><a href=\"http:\/\/www.visit-ulcinj.com\/blog\/wp-content\/uploads\/2014\/01\/Greva-ne-kripore-te-ulqinit.jpg\"><img loading=\"lazy\" class=\"alignleft  wp-image-78563\" alt=\"Greva-ne-kripore-te-ulqinit\" src=\"http:\/\/www.visit-ulcinj.com\/blog\/wp-content\/uploads\/2014\/01\/Greva-ne-kripore-te-ulqinit.jpg\" width=\"508\" height=\"360\" \/><\/a>Pregovori predstavnika Eurofonda, ve\u0107inskog vlasnika Solane i sindikalne organizacije tog preduze\u0107a nijesu dali rezultate, pa su zaposleni odlu\u010dili da nastave generalni \u0161trajk.<\/p>\n<p>Radnici \u0161trajkuju od 21. januara, jer plate nijesu dobili deset mjeseci, a doprinosi nijesu upla\u0107eni od 2009. godine.<\/p>\n<p>Kako prenosi Dan, predsjednik Sindikata Solane, Marko Miranovi\u0107 saop\u0161tio je da je sastanak sa predstavnicima Eurofonda, kojeg i dalje kontroli\u0161e Veselin Barovi\u0107, bio neuspje\u0161an jer su odbijeni uslovi radnika.<\/p>\n<p>\u201eTra\u017eili smo da poslodavac odmah izmiri dug za plate od 1. marta pro\u0161le godine, uklju\u010duju\u0107i i zarade iz pro\u0161logodi\u0161nje berbe i sve doprinose, i da se knjigovodstveno evidentiraju sve obaveze prema zaposlenima\u201c, kazao je Miranovi\u0107.<\/p>\n<p><a href=\"http:\/\/www.visit-ulcinj.com\/blog\/wp-content\/uploads\/2014\/01\/strajk-ulcinjska-solana.jpg\"><img loading=\"lazy\" class=\"alignleft  wp-image-79029\" alt=\"strajk-ulcinjska-solana\" src=\"http:\/\/www.visit-ulcinj.com\/blog\/wp-content\/uploads\/2014\/01\/strajk-ulcinjska-solana.jpg\" width=\"508\" height=\"324\" \/><\/a><\/p>\n<p>On je dodao da je predsjednik borda Eurofonda, Boj\u0161a \u0160otra rekao da ne postoje uslovi da se ispune zahtjevi zaposlenih i da jedino mo\u017ee da ponudi da se prodajom zaliha izmiri dio plata.<\/p>\n<p>\u201e\u0160otra nam je jasno rekao da para nema i da su na\u0161i zahtjevi nerealni, \u0161to za nas nije prihvatljivo, jer je i do sada so prodavana, a mi nijesmo vidjeli nijedan eura. Samo u novembru pro\u0161le godine isporu\u010deno je 500 tona soli, u vrijednosti od 50 hiljada eura&#8221;, rekao je Miranovi\u0107.<\/p>\n<p>I dio pro\u0161logodi\u0161nje berbe je, kako dodaje, prodat, a so iz 2012. godine je prodata od maja do juna pro\u0161le godine, kao i oprema i velike koli\u010dine \u017eeljeza, tako da u pri\u010du o nesta\u0161ici para niko ne vjeruje.<\/p>\n<p>\u0160otra, me\u0111utim, tvrdi da je poku\u0161ao sve kako bi isplatio dug i obezbijedio uslove za sljede\u0107u berbu.<\/p>\n<p>Me\u0111utim, kako tvrdi, radnici imaju \u201etvrd stav\u201d, ne popu\u0161taju i \u017eele sve i odmah. Podsjetio je da je Solana u ste\u010daju, koji ne poznaje sindikat i \u0161trajk.<\/p>\n<p><strong>Izvor: RTCG<\/strong><\/p>\n<p><strong>Foto: <a id=\"js_40\" href=\"https:\/\/www.facebook.com\/sindikat.solanaulcinj?hc_location=timeline\" data-hovercard=\"\/ajax\/hovercard\/user.php?id=100003742510899&amp;extragetparams=%7B%22hc_location%22%3A%22timeline%22%7D\">Sindikat Solana Ulcinj Facebook<\/a><\/strong><\/p>\n\n\t\t<style type=\"text\/css\">\n\t\t\t#gallery-1 {\n\t\t\t\tmargin: auto;\n\t\t\t}\n\t\t\t#gallery-1 .gallery-item {\n\t\t\t\tfloat: left;\n\t\t\t\tmargin-top: 10px;\n\t\t\t\ttext-align: center;\n\t\t\t\twidth: 33%;\n\t\t\t}\n\t\t\t#gallery-1 img {\n\t\t\t\tborder: 2px solid #cfcfcf;\n\t\t\t}\n\t\t\t#gallery-1 .gallery-caption {\n\t\t\t\tmargin-left: 0;\n\t\t\t}\n\t\t\t\/* see gallery_shortcode() in wp-includes\/media.php *\/\n\t\t<\/style>\n\t\t<div id='gallery-1' class='gallery galleryid-79027 gallery-columns-3 gallery-size-thumbnail'><dl class='gallery-item'>\n\t\t\t<dt class='gallery-icon landscape'>\n\t\t\t\t<a href='https:\/\/www.visit-ulcinj.com\/blog\/2014\/01\/30\/nastavljaju-strajk-u-ulcinjskoj-solani\/ulcinjska-solana-7-3\/'><img width=\"150\" height=\"150\" src=\"https:\/\/www.visit-ulcinj.com\/blog\/wp-content\/uploads\/2014\/01\/Ulcinjska-Solana-7-150x150.jpg\" class=\"attachment-thumbnail size-thumbnail\" alt=\"\" loading=\"lazy\" \/><\/a>\n\t\t\t<\/dt><\/dl><dl class='gallery-item'>\n\t\t\t<dt class='gallery-icon portrait'>\n\t\t\t\t<a href='https:\/\/www.visit-ulcinj.com\/blog\/2014\/01\/30\/nastavljaju-strajk-u-ulcinjskoj-solani\/ulcinjska-solana-8-2\/'><img width=\"150\" height=\"150\" src=\"https:\/\/www.visit-ulcinj.com\/blog\/wp-content\/uploads\/2014\/01\/Ulcinjska-Solana-8-150x150.jpg\" class=\"attachment-thumbnail size-thumbnail\" alt=\"\" loading=\"lazy\" \/><\/a>\n\t\t\t<\/dt><\/dl><dl class='gallery-item'>\n\t\t\t<dt class='gallery-icon landscape'>\n\t\t\t\t<a href='https:\/\/www.visit-ulcinj.com\/blog\/2014\/01\/30\/nastavljaju-strajk-u-ulcinjskoj-solani\/ulcinjska-solana-6-2\/'><img width=\"150\" height=\"150\" src=\"https:\/\/www.visit-ulcinj.com\/blog\/wp-content\/uploads\/2014\/01\/Ulcinjska-Solana-6-150x150.jpg\" class=\"attachment-thumbnail size-thumbnail\" alt=\"\" loading=\"lazy\" \/><\/a>\n\t\t\t<\/dt><\/dl><br style=\"clear: both\" \/><dl class='gallery-item'>\n\t\t\t<dt class='gallery-icon portrait'>\n\t\t\t\t<a href='https:\/\/www.visit-ulcinj.com\/blog\/2014\/01\/30\/nastavljaju-strajk-u-ulcinjskoj-solani\/ulcinjska-solana-5-2\/'><img width=\"150\" height=\"150\" src=\"https:\/\/www.visit-ulcinj.com\/blog\/wp-content\/uploads\/2014\/01\/Ulcinjska-Solana-5-150x150.jpg\" class=\"attachment-thumbnail size-thumbnail\" alt=\"\" loading=\"lazy\" \/><\/a>\n\t\t\t<\/dt><\/dl><dl class='gallery-item'>\n\t\t\t<dt class='gallery-icon portrait'>\n\t\t\t\t<a href='https:\/\/www.visit-ulcinj.com\/blog\/2014\/01\/30\/nastavljaju-strajk-u-ulcinjskoj-solani\/ulcinjska-solana-4-2\/'><img width=\"150\" height=\"150\" src=\"https:\/\/www.visit-ulcinj.com\/blog\/wp-content\/uploads\/2014\/01\/Ulcinjska-Solana-4-150x150.jpg\" class=\"attachment-thumbnail size-thumbnail\" alt=\"\" loading=\"lazy\" \/><\/a>\n\t\t\t<\/dt><\/dl><dl class='gallery-item'>\n\t\t\t<dt class='gallery-icon landscape'>\n\t\t\t\t<a href='https:\/\/www.visit-ulcinj.com\/blog\/2014\/01\/30\/nastavljaju-strajk-u-ulcinjskoj-solani\/strajk-ulcinjska-solana\/'><img width=\"150\" height=\"150\" src=\"https:\/\/www.visit-ulcinj.com\/blog\/wp-content\/uploads\/2014\/01\/strajk-ulcinjska-solana-150x150.jpg\" class=\"attachment-thumbnail size-thumbnail\" alt=\"\" loading=\"lazy\" \/><\/a>\n\t\t\t<\/dt><\/dl><br style=\"clear: both\" \/><dl class='gallery-item'>\n\t\t\t<dt class='gallery-icon portrait'>\n\t\t\t\t<a href='https:\/\/www.visit-ulcinj.com\/blog\/2014\/01\/30\/u-ulcinjskoj-solani-prodavali-kilo-soli-za-2-po-centa\/ulcinjska-solana-3-3\/'><img width=\"150\" height=\"150\" src=\"https:\/\/www.visit-ulcinj.com\/blog\/wp-content\/uploads\/2014\/01\/Ulcinjska-Solana-3-150x150.jpg\" class=\"attachment-thumbnail size-thumbnail\" alt=\"\" loading=\"lazy\" \/><\/a>\n\t\t\t<\/dt><\/dl><dl class='gallery-item'>\n\t\t\t<dt class='gallery-icon landscape'>\n\t\t\t\t<a href='https:\/\/www.visit-ulcinj.com\/blog\/2014\/01\/30\/u-ulcinjskoj-solani-prodavali-kilo-soli-za-2-po-centa\/ulcinjska-solana-2-4\/'><img width=\"150\" height=\"150\" src=\"https:\/\/www.visit-ulcinj.com\/blog\/wp-content\/uploads\/2014\/01\/Ulcinjska-Solana-2-150x150.jpg\" class=\"attachment-thumbnail size-thumbnail\" alt=\"\" loading=\"lazy\" \/><\/a>\n\t\t\t<\/dt><\/dl><dl class='gallery-item'>\n\t\t\t<dt class='gallery-icon landscape'>\n\t\t\t\t<a href='https:\/\/www.visit-ulcinj.com\/blog\/2014\/01\/30\/u-ulcinjskoj-solani-prodavali-kilo-soli-za-2-po-centa\/ulcinjska-solana-1-5\/'><img width=\"150\" height=\"150\" src=\"https:\/\/www.visit-ulcinj.com\/blog\/wp-content\/uploads\/2014\/01\/Ulcinjska-Solana-1-150x150.jpg\" class=\"attachment-thumbnail size-thumbnail\" alt=\"\" loading=\"lazy\" \/><\/a>\n\t\t\t<\/dt><\/dl><br style=\"clear: both\" \/><dl class='gallery-item'>\n\t\t\t<dt class='gallery-icon landscape'>\n\t\t\t\t<a href='https:\/\/www.visit-ulcinj.com\/blog\/2014\/01\/30\/u-ulcinjskoj-solani-prodavali-kilo-soli-za-2-po-centa\/ulcinjska-solana-18\/'><img width=\"150\" height=\"150\" src=\"https:\/\/www.visit-ulcinj.com\/blog\/wp-content\/uploads\/2014\/01\/Ulcinjska-Solana-150x150.jpg\" class=\"attachment-thumbnail size-thumbnail\" alt=\"\" loading=\"lazy\" \/><\/a>\n\t\t\t<\/dt><\/dl>\n\t\t\t<br style='clear: both' \/>\n\t\t<\/div>\n\n","protected":false},"excerpt":{"rendered":"<p>Pregovori predstavnika Eurofonda, ve\u0107inskog vlasnika Solane i sindikalne organizacije tog preduze\u0107a nijesu dali rezultate, pa su zaposleni odlu\u010dili da nastave generalni \u0161trajk. Radnici \u0161trajkuju od 21. januara, jer plate nijesu dobili deset mjeseci, a doprinosi nijesu upla\u0107eni od 2009. godine. Kako prenosi Dan, predsjednik Sindikata Solane, Marko Miranovi\u0107 saop\u0161tio je da je sastanak sa predstavnicima [&hellip;]<\/p>\n","protected":false},"author":1,"featured_media":0,"comment_status":"closed","ping_status":"closed","sticky":false,"template":"","format":"standard","meta":{"spay_email":"","jetpack_publicize_message":"","jetpack_is_tweetstorm":false,"jetpack_publicize_feature_enabled":true},"categories":[8337],"tags":[],"jetpack_publicize_connections":[],"yoast_head":"<!-- This site is optimized with the Yoast SEO plugin v19.1 - https:\/\/yoast.com\/wordpress\/plugins\/seo\/ -->\n<title>Nastavljaju \u0161trajk u Ulcinjskoj Solani + Foto - Lajme nga Ulqini<\/title>\n<meta name=\"description\" content=\"Pregovori predstavnika Eurofonda, ve\u0107inskog vlasnika Solane i sindikalne organizacije tog preduze\u0107a nijesu dali rezultate, pa su zaposleni odlu\u010dili da\" \/>\n<meta name=\"robots\" content=\"index, follow, max-snippet:-1, max-image-preview:large, max-video-preview:-1\" \/>\n<link rel=\"canonical\" href=\"https:\/\/www.visit-ulcinj.com\/blog\/2014\/01\/30\/nastavljaju-strajk-u-ulcinjskoj-solani\/\" \/>\n<meta property=\"og:locale\" content=\"en_US\" \/>\n<meta property=\"og:type\" content=\"article\" \/>\n<meta property=\"og:title\" content=\"Nastavljaju \u0161trajk u Ulcinjskoj Solani + Foto - Lajme nga Ulqini\" \/>\n<meta property=\"og:description\" content=\"Pregovori predstavnika Eurofonda, ve\u0107inskog vlasnika Solane i sindikalne organizacije tog preduze\u0107a nijesu dali rezultate, pa su zaposleni odlu\u010dili da\" \/>\n<meta property=\"og:url\" content=\"https:\/\/www.visit-ulcinj.com\/blog\/2014\/01\/30\/nastavljaju-strajk-u-ulcinjskoj-solani\/\" \/>\n<meta property=\"og:site_name\" content=\"Lajme nga Ulqini\" \/>\n<meta property=\"article:published_time\" content=\"2014-01-30T17:35:23+00:00\" \/>\n<meta property=\"article:modified_time\" content=\"2014-01-30T18:33:35+00:00\" \/>\n<meta property=\"og:image\" content=\"https:\/\/www.visit-ulcinj.com\/blog\/wp-content\/uploads\/2014\/01\/Ulcinjska-Solana-7-150x150.jpg\" \/>\n<meta name=\"twitter:label1\" content=\"Written by\" \/>\n\t<meta name=\"twitter:data1\" content=\"ulqini\" \/>\n\t<meta name=\"twitter:label2\" content=\"Est. reading time\" \/>\n\t<meta name=\"twitter:data2\" content=\"2 minutes\" \/>\n<script type=\"application\/ld+json\" class=\"yoast-schema-graph\">{\"@context\":\"https:\/\/schema.org\",\"@graph\":[{\"@type\":\"WebSite\",\"@id\":\"https:\/\/www.visit-ulcinj.com\/blog\/#website\",\"url\":\"https:\/\/www.visit-ulcinj.com\/blog\/\",\"name\":\"Lajme nga Ulqini\",\"description\":\"Lajme,Vijesti,Ulqini,Ulqin,Crna Gora,Mali i Zi\",\"potentialAction\":[{\"@type\":\"SearchAction\",\"target\":{\"@type\":\"EntryPoint\",\"urlTemplate\":\"https:\/\/www.visit-ulcinj.com\/blog\/?s={search_term_string}\"},\"query-input\":\"required name=search_term_string\"}],\"inLanguage\":\"en-US\"},{\"@type\":\"ImageObject\",\"inLanguage\":\"en-US\",\"@id\":\"https:\/\/www.visit-ulcinj.com\/blog\/2014\/01\/30\/nastavljaju-strajk-u-ulcinjskoj-solani\/#primaryimage\",\"url\":\"https:\/\/www.visit-ulcinj.com\/blog\/wp-content\/uploads\/2014\/01\/Greva-ne-kripore-te-ulqinit.jpg\",\"contentUrl\":\"https:\/\/www.visit-ulcinj.com\/blog\/wp-content\/uploads\/2014\/01\/Greva-ne-kripore-te-ulqinit.jpg\",\"width\":960,\"height\":720},{\"@type\":\"WebPage\",\"@id\":\"https:\/\/www.visit-ulcinj.com\/blog\/2014\/01\/30\/nastavljaju-strajk-u-ulcinjskoj-solani\/#webpage\",\"url\":\"https:\/\/www.visit-ulcinj.com\/blog\/2014\/01\/30\/nastavljaju-strajk-u-ulcinjskoj-solani\/\",\"name\":\"Nastavljaju \u0161trajk u Ulcinjskoj Solani + Foto - Lajme nga Ulqini\",\"isPartOf\":{\"@id\":\"https:\/\/www.visit-ulcinj.com\/blog\/#website\"},\"primaryImageOfPage\":{\"@id\":\"https:\/\/www.visit-ulcinj.com\/blog\/2014\/01\/30\/nastavljaju-strajk-u-ulcinjskoj-solani\/#primaryimage\"},\"datePublished\":\"2014-01-30T17:35:23+00:00\",\"dateModified\":\"2014-01-30T18:33:35+00:00\",\"author\":{\"@id\":\"https:\/\/www.visit-ulcinj.com\/blog\/#\/schema\/person\/dcab619c614d3038751c63bc2aadc06d\"},\"description\":\"Pregovori predstavnika Eurofonda, ve\u0107inskog vlasnika Solane i sindikalne organizacije tog preduze\u0107a nijesu dali rezultate, pa su zaposleni odlu\u010dili da\",\"breadcrumb\":{\"@id\":\"https:\/\/www.visit-ulcinj.com\/blog\/2014\/01\/30\/nastavljaju-strajk-u-ulcinjskoj-solani\/#breadcrumb\"},\"inLanguage\":\"en-US\",\"potentialAction\":[{\"@type\":\"ReadAction\",\"target\":[\"https:\/\/www.visit-ulcinj.com\/blog\/2014\/01\/30\/nastavljaju-strajk-u-ulcinjskoj-solani\/\"]}]},{\"@type\":\"BreadcrumbList\",\"@id\":\"https:\/\/www.visit-ulcinj.com\/blog\/2014\/01\/30\/nastavljaju-strajk-u-ulcinjskoj-solani\/#breadcrumb\",\"itemListElement\":[{\"@type\":\"ListItem\",\"position\":1,\"name\":\"Nastavljaju \u0161trajk u Ulcinjskoj Solani + Foto\"}]},{\"@type\":\"Person\",\"@id\":\"https:\/\/www.visit-ulcinj.com\/blog\/#\/schema\/person\/dcab619c614d3038751c63bc2aadc06d\",\"name\":\"ulqini\",\"sameAs\":[\"http:\/\/www.visit-ulcinj.com\"],\"url\":\"https:\/\/www.visit-ulcinj.com\/blog\/author\/admin\/\"}]}<\/script>\n<!-- \/ Yoast SEO plugin. -->","yoast_head_json":{"title":"Nastavljaju \u0161trajk u Ulcinjskoj Solani + Foto - Lajme nga Ulqini","description":"Pregovori predstavnika Eurofonda, ve\u0107inskog vlasnika Solane i sindikalne organizacije tog preduze\u0107a nijesu dali rezultate, pa su zaposleni odlu\u010dili da","robots":{"index":"index","follow":"follow","max-snippet":"max-snippet:-1","max-image-preview":"max-image-preview:large","max-video-preview":"max-video-preview:-1"},"canonical":"https:\/\/www.visit-ulcinj.com\/blog\/2014\/01\/30\/nastavljaju-strajk-u-ulcinjskoj-solani\/","og_locale":"en_US","og_type":"article","og_title":"Nastavljaju \u0161trajk u Ulcinjskoj Solani + Foto - Lajme nga Ulqini","og_description":"Pregovori predstavnika Eurofonda, ve\u0107inskog vlasnika Solane i sindikalne organizacije tog preduze\u0107a nijesu dali rezultate, pa su zaposleni odlu\u010dili da","og_url":"https:\/\/www.visit-ulcinj.com\/blog\/2014\/01\/30\/nastavljaju-strajk-u-ulcinjskoj-solani\/","og_site_name":"Lajme nga Ulqini","article_published_time":"2014-01-30T17:35:23+00:00","article_modified_time":"2014-01-30T18:33:35+00:00","og_image":[{"url":"https:\/\/www.visit-ulcinj.com\/blog\/wp-content\/uploads\/2014\/01\/Ulcinjska-Solana-7-150x150.jpg"}],"twitter_misc":{"Written by":"ulqini","Est. reading time":"2 minutes"},"schema":{"@context":"https:\/\/schema.org","@graph":[{"@type":"WebSite","@id":"https:\/\/www.visit-ulcinj.com\/blog\/#website","url":"https:\/\/www.visit-ulcinj.com\/blog\/","name":"Lajme nga Ulqini","description":"Lajme,Vijesti,Ulqini,Ulqin,Crna Gora,Mali i Zi","potentialAction":[{"@type":"SearchAction","target":{"@type":"EntryPoint","urlTemplate":"https:\/\/www.visit-ulcinj.com\/blog\/?s={search_term_string}"},"query-input":"required name=search_term_string"}],"inLanguage":"en-US"},{"@type":"ImageObject","inLanguage":"en-US","@id":"https:\/\/www.visit-ulcinj.com\/blog\/2014\/01\/30\/nastavljaju-strajk-u-ulcinjskoj-solani\/#primaryimage","url":"https:\/\/www.visit-ulcinj.com\/blog\/wp-content\/uploads\/2014\/01\/Greva-ne-kripore-te-ulqinit.jpg","contentUrl":"https:\/\/www.visit-ulcinj.com\/blog\/wp-content\/uploads\/2014\/01\/Greva-ne-kripore-te-ulqinit.jpg","width":960,"height":720},{"@type":"WebPage","@id":"https:\/\/www.visit-ulcinj.com\/blog\/2014\/01\/30\/nastavljaju-strajk-u-ulcinjskoj-solani\/#webpage","url":"https:\/\/www.visit-ulcinj.com\/blog\/2014\/01\/30\/nastavljaju-strajk-u-ulcinjskoj-solani\/","name":"Nastavljaju \u0161trajk u Ulcinjskoj Solani + Foto - Lajme nga Ulqini","isPartOf":{"@id":"https:\/\/www.visit-ulcinj.com\/blog\/#website"},"primaryImageOfPage":{"@id":"https:\/\/www.visit-ulcinj.com\/blog\/2014\/01\/30\/nastavljaju-strajk-u-ulcinjskoj-solani\/#primaryimage"},"datePublished":"2014-01-30T17:35:23+00:00","dateModified":"2014-01-30T18:33:35+00:00","author":{"@id":"https:\/\/www.visit-ulcinj.com\/blog\/#\/schema\/person\/dcab619c614d3038751c63bc2aadc06d"},"description":"Pregovori predstavnika Eurofonda, ve\u0107inskog vlasnika Solane i sindikalne organizacije tog preduze\u0107a nijesu dali rezultate, pa su zaposleni odlu\u010dili da","breadcrumb":{"@id":"https:\/\/www.visit-ulcinj.com\/blog\/2014\/01\/30\/nastavljaju-strajk-u-ulcinjskoj-solani\/#breadcrumb"},"inLanguage":"en-US","potentialAction":[{"@type":"ReadAction","target":["https:\/\/www.visit-ulcinj.com\/blog\/2014\/01\/30\/nastavljaju-strajk-u-ulcinjskoj-solani\/"]}]},{"@type":"BreadcrumbList","@id":"https:\/\/www.visit-ulcinj.com\/blog\/2014\/01\/30\/nastavljaju-strajk-u-ulcinjskoj-solani\/#breadcrumb","itemListElement":[{"@type":"ListItem","position":1,"name":"Nastavljaju \u0161trajk u Ulcinjskoj Solani + Foto"}]},{"@type":"Person","@id":"https:\/\/www.visit-ulcinj.com\/blog\/#\/schema\/person\/dcab619c614d3038751c63bc2aadc06d","name":"ulqini","sameAs":["http:\/\/www.visit-ulcinj.com"],"url":"https:\/\/www.visit-ulcinj.com\/blog\/author\/admin\/"}]}},"jetpack_featured_media_url":"","jetpack_sharing_enabled":true,"jetpack_shortlink":"https:\/\/wp.me\/pe6lTn-kyD","_links":{"self":[{"href":"https:\/\/www.visit-ulcinj.com\/blog\/wp-json\/wp\/v2\/posts\/79027"}],"collection":[{"href":"https:\/\/www.visit-ulcinj.com\/blog\/wp-json\/wp\/v2\/posts"}],"about":[{"href":"https:\/\/www.visit-ulcinj.com\/blog\/wp-json\/wp\/v2\/types\/post"}],"author":[{"embeddable":true,"href":"https:\/\/www.visit-ulcinj.com\/blog\/wp-json\/wp\/v2\/users\/1"}],"replies":[{"embeddable":true,"href":"https:\/\/www.visit-ulcinj.com\/blog\/wp-json\/wp\/v2\/comments?post=79027"}],"version-history":[{"count":5,"href":"https:\/\/www.visit-ulcinj.com\/blog\/wp-json\/wp\/v2\/posts\/79027\/revisions"}],"predecessor-version":[{"id":79050,"href":"https:\/\/www.visit-ulcinj.com\/blog\/wp-json\/wp\/v2\/posts\/79027\/revisions\/79050"}],"wp:attachment":[{"href":"https:\/\/www.visit-ulcinj.com\/blog\/wp-json\/wp\/v2\/media?parent=79027"}],"wp:term":[{"taxonomy":"category","embeddable":true,"href":"https:\/\/www.visit-ulcinj.com\/blog\/wp-json\/wp\/v2\/categories?post=79027"},{"taxonomy":"post_tag","embeddable":true,"href":"https:\/\/www.visit-ulcinj.com\/blog\/wp-json\/wp\/v2\/tags?post=79027"}],"curies":[{"name":"wp","href":"https:\/\/api.w.org\/{rel}","templated":true}]}}