{"id":7903,"date":"2008-12-30T20:27:42","date_gmt":"2008-12-30T19:27:42","guid":{"rendered":"http:\/\/www.visit-ulcinj.com\/blog\/?p=7903"},"modified":"2008-12-30T20:31:41","modified_gmt":"2008-12-30T19:31:41","slug":"mungon-miloti-hallakatet-genta","status":"publish","type":"post","link":"https:\/\/www.visit-ulcinj.com\/blog\/2008\/12\/30\/mungon-miloti-hallakatet-genta\/","title":{"rendered":"Mungon Miloti, hallakatet Genta"},"content":{"rendered":"<p><img loading=\"lazy\" class=\"alignleft size-full wp-image-7904\" title=\"genta-ismajli-eshte-hallakatur\" src=\"http:\/\/www.visit-ulcinj.com\/blog\/wp-content\/uploads\/2008\/12\/genta-ismajli-eshte-hallakatur.jpg\" alt=\"genta-ismajli-eshte-hallakatur\" width=\"550\" height=\"348\" \/>K\u00ebng\u00ebtarja Genta Ismajli \u00ebsht\u00eb hallakatur t\u00eb shtun\u00ebn n\u00eb mbr\u00ebmje n\u00eb klubin \u201cFlirt&#8221; t\u00eb Prishtin\u00ebs. E shoq\u00ebruar me nj\u00eb grup vajzash ajo k\u00ebt\u00eb rradh\u00eb ka qen\u00eb e vetmuar dhe pa t\u00eb dashurin e saj Milotin. Mir\u00ebpo p\u00ebr Genten nuk \u00ebsht\u00eb hera e par\u00eb q\u00eb del n\u00eb mbr\u00ebmje t\u00eb tilla e pashoq\u00ebruar me t\u00eb dashurin e saj, edhe pse disa her\u00eb n\u00ebp\u00ebr intervista ka treguar se \u00ebsht\u00eb e dashuruar marr\u00ebzisht n\u00eb t\u00eb. P\u00ebrve\u00e7 k\u00ebsaj, k\u00ebt\u00eb her\u00eb vihej re edhe nj\u00eb r\u00ebnie e madhe nga pesha, dhe me siguri b\u00ebhet fjal\u00eb p\u00ebr ndonj\u00eb diet\u00eb t\u00eb cil\u00ebn k\u00ebng\u00ebtarja e ka filluar koh\u00ebt e fundit. Kjo shihet qart\u00eb edhe n\u00eb foton q\u00eb \u00ebsht\u00eb shk\u00ebputur nga paparaci n\u00eb at\u00eb mbr\u00ebmje ku e shoq\u00ebruar ka qen\u00eb edhe me Getoar Selimin dhe t\u00eb dashur\u00ebn e tij Han\u00ebn.<br \/>\nKoh\u00ebve t\u00eb fundit m\u00ebsohet se k\u00ebng\u00ebtarja \u00ebsht\u00eb shum\u00eb e z\u00ebn\u00eb me xhirime t\u00eb programit t\u00eb Vitit t\u00eb Ri por dhe dihet mir\u00eb se ajo k\u00ebt\u00eb rradh\u00eb n\u00ebp\u00ebr k\u00ebto emisione dhe programe, do t\u00eb paraqitet me k\u00ebng\u00ebt e albumit t\u00eb fundit &#8220;Zero zero&#8221; pasi ajo ka shtuar se k\u00ebng\u00ebt jan\u00eb t\u00eb reja dhe t\u00eb bukura k\u00ebshtu q\u00eb \u00ebsht\u00eb e natyrshme q\u00eb ajo t\u00eb mos shfaqet m\u00eb k\u00ebng\u00eb t\u00eb reja.Por sipas informacioneve tona, ajo e ka l\u00ebn\u00eb q\u00eb klipin e k\u00ebng\u00ebs \u201cE pambaruar\u201d ta lan\u00e7oj\u00eb n\u00ebp\u00ebr televizione n\u00eb muajin shkurt t\u00eb vitit q\u00eb po vjen. P\u00ebr k\u00ebt\u00eb vit Genta ka realizuar nj\u00eb s\u00ebr\u00eb klipesh p\u00ebr t\u00eb cil\u00ebt ka marr\u00eb edhe vler\u00ebsime pozitive. Nd\u00ebrkoh\u00eb q\u00eb fest\u00ebn p\u00ebr k\u00ebt\u00eb vit Genta do ta kaloj\u00eb pran\u00eb familjes s\u00eb saj.<br \/>\n<strong>Vip.Shqiperia<\/strong><\/p>\n<p><strong><!--YouTube Error: bad URL entered--><br \/>\n<\/strong><\/p>\n","protected":false},"excerpt":{"rendered":"<p>K\u00ebng\u00ebtarja Genta Ismajli \u00ebsht\u00eb hallakatur t\u00eb shtun\u00ebn n\u00eb mbr\u00ebmje n\u00eb klubin \u201cFlirt&#8221; t\u00eb Prishtin\u00ebs. E shoq\u00ebruar me nj\u00eb grup vajzash ajo k\u00ebt\u00eb rradh\u00eb ka qen\u00eb e vetmuar dhe pa t\u00eb dashurin e saj Milotin. Mir\u00ebpo p\u00ebr Genten nuk \u00ebsht\u00eb hera e par\u00eb q\u00eb del n\u00eb mbr\u00ebmje t\u00eb tilla e pashoq\u00ebruar me t\u00eb dashurin e saj, [&hellip;]<\/p>\n","protected":false},"author":1,"featured_media":0,"comment_status":"open","ping_status":"closed","sticky":false,"template":"","format":"standard","meta":{"spay_email":"","jetpack_publicize_message":"","jetpack_is_tweetstorm":false,"jetpack_publicize_feature_enabled":true},"categories":[1],"tags":[323,5512,5511,5513],"jetpack_publicize_connections":[],"yoast_head":"<!-- This site is optimized with the Yoast SEO plugin v19.1 - https:\/\/yoast.com\/wordpress\/plugins\/seo\/ -->\n<title>Mungon Miloti, hallakatet Genta - Lajme nga Ulqini<\/title>\n<meta name=\"description\" content=\"K\u00ebng\u00ebtarja Genta Ismajli \u00ebsht\u00eb hallakatur t\u00eb shtun\u00ebn n\u00eb mbr\u00ebmje n\u00eb klubin \u201cFlirt&quot; t\u00eb Prishtin\u00ebs. E shoq\u00ebruar me nj\u00eb grup vajzash ajo k\u00ebt\u00eb rradh\u00eb ka qen\u00eb e\" \/>\n<meta name=\"robots\" content=\"index, follow, max-snippet:-1, max-image-preview:large, max-video-preview:-1\" \/>\n<link rel=\"canonical\" href=\"https:\/\/www.visit-ulcinj.com\/blog\/2008\/12\/30\/mungon-miloti-hallakatet-genta\/\" \/>\n<meta property=\"og:locale\" content=\"en_US\" \/>\n<meta property=\"og:type\" content=\"article\" \/>\n<meta property=\"og:title\" content=\"Mungon Miloti, hallakatet Genta - Lajme nga Ulqini\" \/>\n<meta property=\"og:description\" content=\"K\u00ebng\u00ebtarja Genta Ismajli \u00ebsht\u00eb hallakatur t\u00eb shtun\u00ebn n\u00eb mbr\u00ebmje n\u00eb klubin \u201cFlirt&quot; t\u00eb Prishtin\u00ebs. E shoq\u00ebruar me nj\u00eb grup vajzash ajo k\u00ebt\u00eb rradh\u00eb ka qen\u00eb e\" \/>\n<meta property=\"og:url\" content=\"https:\/\/www.visit-ulcinj.com\/blog\/2008\/12\/30\/mungon-miloti-hallakatet-genta\/\" \/>\n<meta property=\"og:site_name\" content=\"Lajme nga Ulqini\" \/>\n<meta property=\"article:published_time\" content=\"2008-12-30T19:27:42+00:00\" \/>\n<meta property=\"article:modified_time\" content=\"2008-12-30T19:31:41+00:00\" \/>\n<meta property=\"og:image\" content=\"http:\/\/www.visit-ulcinj.com\/blog\/wp-content\/uploads\/2008\/12\/genta-ismajli-eshte-hallakatur.jpg\" \/>\n<meta name=\"twitter:label1\" content=\"Written by\" \/>\n\t<meta name=\"twitter:data1\" content=\"ulqini\" \/>\n\t<meta name=\"twitter:label2\" content=\"Est. reading time\" \/>\n\t<meta name=\"twitter:data2\" content=\"2 minutes\" \/>\n<script type=\"application\/ld+json\" class=\"yoast-schema-graph\">{\"@context\":\"https:\/\/schema.org\",\"@graph\":[{\"@type\":\"WebSite\",\"@id\":\"https:\/\/www.visit-ulcinj.com\/blog\/#website\",\"url\":\"https:\/\/www.visit-ulcinj.com\/blog\/\",\"name\":\"Lajme nga Ulqini\",\"description\":\"Lajme,Vijesti,Ulqini,Ulqin,Crna Gora,Mali i Zi\",\"potentialAction\":[{\"@type\":\"SearchAction\",\"target\":{\"@type\":\"EntryPoint\",\"urlTemplate\":\"https:\/\/www.visit-ulcinj.com\/blog\/?s={search_term_string}\"},\"query-input\":\"required name=search_term_string\"}],\"inLanguage\":\"en-US\"},{\"@type\":\"ImageObject\",\"inLanguage\":\"en-US\",\"@id\":\"https:\/\/www.visit-ulcinj.com\/blog\/2008\/12\/30\/mungon-miloti-hallakatet-genta\/#primaryimage\",\"url\":\"http:\/\/www.visit-ulcinj.com\/blog\/wp-content\/uploads\/2008\/12\/genta-ismajli-eshte-hallakatur.jpg\",\"contentUrl\":\"http:\/\/www.visit-ulcinj.com\/blog\/wp-content\/uploads\/2008\/12\/genta-ismajli-eshte-hallakatur.jpg\"},{\"@type\":\"WebPage\",\"@id\":\"https:\/\/www.visit-ulcinj.com\/blog\/2008\/12\/30\/mungon-miloti-hallakatet-genta\/#webpage\",\"url\":\"https:\/\/www.visit-ulcinj.com\/blog\/2008\/12\/30\/mungon-miloti-hallakatet-genta\/\",\"name\":\"Mungon Miloti, hallakatet Genta - Lajme nga Ulqini\",\"isPartOf\":{\"@id\":\"https:\/\/www.visit-ulcinj.com\/blog\/#website\"},\"primaryImageOfPage\":{\"@id\":\"https:\/\/www.visit-ulcinj.com\/blog\/2008\/12\/30\/mungon-miloti-hallakatet-genta\/#primaryimage\"},\"datePublished\":\"2008-12-30T19:27:42+00:00\",\"dateModified\":\"2008-12-30T19:31:41+00:00\",\"author\":{\"@id\":\"https:\/\/www.visit-ulcinj.com\/blog\/#\/schema\/person\/dcab619c614d3038751c63bc2aadc06d\"},\"description\":\"K\u00ebng\u00ebtarja Genta Ismajli \u00ebsht\u00eb hallakatur t\u00eb shtun\u00ebn n\u00eb mbr\u00ebmje n\u00eb klubin \u201cFlirt\\\" t\u00eb Prishtin\u00ebs. E shoq\u00ebruar me nj\u00eb grup vajzash ajo k\u00ebt\u00eb rradh\u00eb ka qen\u00eb e\",\"breadcrumb\":{\"@id\":\"https:\/\/www.visit-ulcinj.com\/blog\/2008\/12\/30\/mungon-miloti-hallakatet-genta\/#breadcrumb\"},\"inLanguage\":\"en-US\",\"potentialAction\":[{\"@type\":\"ReadAction\",\"target\":[\"https:\/\/www.visit-ulcinj.com\/blog\/2008\/12\/30\/mungon-miloti-hallakatet-genta\/\"]}]},{\"@type\":\"BreadcrumbList\",\"@id\":\"https:\/\/www.visit-ulcinj.com\/blog\/2008\/12\/30\/mungon-miloti-hallakatet-genta\/#breadcrumb\",\"itemListElement\":[{\"@type\":\"ListItem\",\"position\":1,\"name\":\"Mungon Miloti, hallakatet Genta\"}]},{\"@type\":\"Person\",\"@id\":\"https:\/\/www.visit-ulcinj.com\/blog\/#\/schema\/person\/dcab619c614d3038751c63bc2aadc06d\",\"name\":\"ulqini\",\"sameAs\":[\"http:\/\/www.visit-ulcinj.com\"],\"url\":\"https:\/\/www.visit-ulcinj.com\/blog\/author\/admin\/\"}]}<\/script>\n<!-- \/ Yoast SEO plugin. -->","yoast_head_json":{"title":"Mungon Miloti, hallakatet Genta - Lajme nga Ulqini","description":"K\u00ebng\u00ebtarja Genta Ismajli \u00ebsht\u00eb hallakatur t\u00eb shtun\u00ebn n\u00eb mbr\u00ebmje n\u00eb klubin \u201cFlirt\" t\u00eb Prishtin\u00ebs. E shoq\u00ebruar me nj\u00eb grup vajzash ajo k\u00ebt\u00eb rradh\u00eb ka qen\u00eb e","robots":{"index":"index","follow":"follow","max-snippet":"max-snippet:-1","max-image-preview":"max-image-preview:large","max-video-preview":"max-video-preview:-1"},"canonical":"https:\/\/www.visit-ulcinj.com\/blog\/2008\/12\/30\/mungon-miloti-hallakatet-genta\/","og_locale":"en_US","og_type":"article","og_title":"Mungon Miloti, hallakatet Genta - Lajme nga Ulqini","og_description":"K\u00ebng\u00ebtarja Genta Ismajli \u00ebsht\u00eb hallakatur t\u00eb shtun\u00ebn n\u00eb mbr\u00ebmje n\u00eb klubin \u201cFlirt\" t\u00eb Prishtin\u00ebs. E shoq\u00ebruar me nj\u00eb grup vajzash ajo k\u00ebt\u00eb rradh\u00eb ka qen\u00eb e","og_url":"https:\/\/www.visit-ulcinj.com\/blog\/2008\/12\/30\/mungon-miloti-hallakatet-genta\/","og_site_name":"Lajme nga Ulqini","article_published_time":"2008-12-30T19:27:42+00:00","article_modified_time":"2008-12-30T19:31:41+00:00","og_image":[{"url":"http:\/\/www.visit-ulcinj.com\/blog\/wp-content\/uploads\/2008\/12\/genta-ismajli-eshte-hallakatur.jpg"}],"twitter_misc":{"Written by":"ulqini","Est. reading time":"2 minutes"},"schema":{"@context":"https:\/\/schema.org","@graph":[{"@type":"WebSite","@id":"https:\/\/www.visit-ulcinj.com\/blog\/#website","url":"https:\/\/www.visit-ulcinj.com\/blog\/","name":"Lajme nga Ulqini","description":"Lajme,Vijesti,Ulqini,Ulqin,Crna Gora,Mali i Zi","potentialAction":[{"@type":"SearchAction","target":{"@type":"EntryPoint","urlTemplate":"https:\/\/www.visit-ulcinj.com\/blog\/?s={search_term_string}"},"query-input":"required name=search_term_string"}],"inLanguage":"en-US"},{"@type":"ImageObject","inLanguage":"en-US","@id":"https:\/\/www.visit-ulcinj.com\/blog\/2008\/12\/30\/mungon-miloti-hallakatet-genta\/#primaryimage","url":"http:\/\/www.visit-ulcinj.com\/blog\/wp-content\/uploads\/2008\/12\/genta-ismajli-eshte-hallakatur.jpg","contentUrl":"http:\/\/www.visit-ulcinj.com\/blog\/wp-content\/uploads\/2008\/12\/genta-ismajli-eshte-hallakatur.jpg"},{"@type":"WebPage","@id":"https:\/\/www.visit-ulcinj.com\/blog\/2008\/12\/30\/mungon-miloti-hallakatet-genta\/#webpage","url":"https:\/\/www.visit-ulcinj.com\/blog\/2008\/12\/30\/mungon-miloti-hallakatet-genta\/","name":"Mungon Miloti, hallakatet Genta - Lajme nga Ulqini","isPartOf":{"@id":"https:\/\/www.visit-ulcinj.com\/blog\/#website"},"primaryImageOfPage":{"@id":"https:\/\/www.visit-ulcinj.com\/blog\/2008\/12\/30\/mungon-miloti-hallakatet-genta\/#primaryimage"},"datePublished":"2008-12-30T19:27:42+00:00","dateModified":"2008-12-30T19:31:41+00:00","author":{"@id":"https:\/\/www.visit-ulcinj.com\/blog\/#\/schema\/person\/dcab619c614d3038751c63bc2aadc06d"},"description":"K\u00ebng\u00ebtarja Genta Ismajli \u00ebsht\u00eb hallakatur t\u00eb shtun\u00ebn n\u00eb mbr\u00ebmje n\u00eb klubin \u201cFlirt\" t\u00eb Prishtin\u00ebs. E shoq\u00ebruar me nj\u00eb grup vajzash ajo k\u00ebt\u00eb rradh\u00eb ka qen\u00eb e","breadcrumb":{"@id":"https:\/\/www.visit-ulcinj.com\/blog\/2008\/12\/30\/mungon-miloti-hallakatet-genta\/#breadcrumb"},"inLanguage":"en-US","potentialAction":[{"@type":"ReadAction","target":["https:\/\/www.visit-ulcinj.com\/blog\/2008\/12\/30\/mungon-miloti-hallakatet-genta\/"]}]},{"@type":"BreadcrumbList","@id":"https:\/\/www.visit-ulcinj.com\/blog\/2008\/12\/30\/mungon-miloti-hallakatet-genta\/#breadcrumb","itemListElement":[{"@type":"ListItem","position":1,"name":"Mungon Miloti, hallakatet Genta"}]},{"@type":"Person","@id":"https:\/\/www.visit-ulcinj.com\/blog\/#\/schema\/person\/dcab619c614d3038751c63bc2aadc06d","name":"ulqini","sameAs":["http:\/\/www.visit-ulcinj.com"],"url":"https:\/\/www.visit-ulcinj.com\/blog\/author\/admin\/"}]}},"jetpack_featured_media_url":"","jetpack_sharing_enabled":true,"jetpack_shortlink":"https:\/\/wp.me\/pe6lTn-23t","_links":{"self":[{"href":"https:\/\/www.visit-ulcinj.com\/blog\/wp-json\/wp\/v2\/posts\/7903"}],"collection":[{"href":"https:\/\/www.visit-ulcinj.com\/blog\/wp-json\/wp\/v2\/posts"}],"about":[{"href":"https:\/\/www.visit-ulcinj.com\/blog\/wp-json\/wp\/v2\/types\/post"}],"author":[{"embeddable":true,"href":"https:\/\/www.visit-ulcinj.com\/blog\/wp-json\/wp\/v2\/users\/1"}],"replies":[{"embeddable":true,"href":"https:\/\/www.visit-ulcinj.com\/blog\/wp-json\/wp\/v2\/comments?post=7903"}],"version-history":[{"count":0,"href":"https:\/\/www.visit-ulcinj.com\/blog\/wp-json\/wp\/v2\/posts\/7903\/revisions"}],"wp:attachment":[{"href":"https:\/\/www.visit-ulcinj.com\/blog\/wp-json\/wp\/v2\/media?parent=7903"}],"wp:term":[{"taxonomy":"category","embeddable":true,"href":"https:\/\/www.visit-ulcinj.com\/blog\/wp-json\/wp\/v2\/categories?post=7903"},{"taxonomy":"post_tag","embeddable":true,"href":"https:\/\/www.visit-ulcinj.com\/blog\/wp-json\/wp\/v2\/tags?post=7903"}],"curies":[{"name":"wp","href":"https:\/\/api.w.org\/{rel}","templated":true}]}}