{"id":79037,"date":"2014-01-30T19:24:16","date_gmt":"2014-01-30T18:24:16","guid":{"rendered":"http:\/\/www.visit-ulcinj.com\/blog\/?p=79037"},"modified":"2014-01-30T19:24:16","modified_gmt":"2014-01-30T18:24:16","slug":"dijaspora-iz-njemacke-ulagala-bi-u-cg","status":"publish","type":"post","link":"https:\/\/www.visit-ulcinj.com\/blog\/2014\/01\/30\/dijaspora-iz-njemacke-ulagala-bi-u-cg\/","title":{"rendered":"Dijaspora iz Njema\u010dke ulagala bi u CG"},"content":{"rendered":"<p><strong><a href=\"http:\/\/www.visit-ulcinj.com\/blog\/wp-content\/uploads\/2014\/01\/Vladimir-Kavaric-Nikolla-Shabani-2.jpg\"><img loading=\"lazy\" class=\"alignleft  wp-image-79038\" alt=\"Vladimir-Kavaric-Nikolla-Shabani-2\" src=\"http:\/\/www.visit-ulcinj.com\/blog\/wp-content\/uploads\/2014\/01\/Vladimir-Kavaric-Nikolla-Shabani-2.jpg\" width=\"508\" height=\"266\" \/><\/a>Potpisan Memorandum o razumijevanju izme\u0111u Vlade Crne Gore i Saveza Crnogorskih Asocijacija Njema\u010dke o ekonomskoj saradnji i investicionim mogu\u0107nostima<\/strong><\/p>\n<p>Ministar ekonomije dr Vladimir Kavari\u0107 i predsjednik Savjeta za privredu u Savezu crnogorskih asocijacija Njema\u010dke Nikola \u0160aban potpisali su danas Memorandum o razumijevanju izme\u0111u Vlade Crne Gore i Saveza Crnogorskih Asocijacija Njema\u010dke o ekonomskoj saradnji i investicionim mogu\u0107nostima.<\/p>\n<p>Nakon potpisivanja Memoranduma zajedni\u010dki je konstatovano da Crna Gora pru\u017ea velike mogu\u0107nosti sa stanovi\u0161ta ulaganja, kao i to da \u0107e Memorandum biti dobra osnova za nastavak saradnje izme\u0111u Crne Gore i njene dijaspore u Njema\u010dkoj.<br \/>\n<a href=\"http:\/\/www.visit-ulcinj.com\/blog\/wp-content\/uploads\/2014\/01\/Vladimir-Kavaric-Nikolla-Shabani.jpg\"><img loading=\"lazy\" class=\"alignleft  wp-image-79039\" alt=\"Vladimir-Kavaric-Nikolla-Shabani\" src=\"http:\/\/www.visit-ulcinj.com\/blog\/wp-content\/uploads\/2014\/01\/Vladimir-Kavaric-Nikolla-Shabani.jpg\" width=\"508\" height=\"360\" \/><\/a><\/p>\n<p>Ministar Kavari\u0107 je kazao da sjever Crne Gore pru\u017ea brojne mogu\u0107nosti za ulaganje i podsjetio na projekat biznis zona koji u crnogorskim op\u0161tinama na sjeveru, ali i na jugu, pru\u017ea brojne poreske i administrativne olak\u0161ice.<br \/>\n\u201eMi smo spremni da \u010dujemo \u0161ta su inicijative ljudi iz dijaspore i spremni smo da ono \u0161to je na\u0161 regulatorni okvir prilagodimo potrebama trenutka i isklju\u010divo u pravcu pobolj\u0161anja biznis ambijenta\u201c, kazao je ministar Kavari\u0107 predstavnicima dijaspore.<\/p>\n<p>Predsjednik Savjeta za privredu u Savezu crnogorskih asocijacija Njema\u010dke Nikola \u0160aban kazao je da je crnogorska dijaspora u Njema\u010dkoj zainteresovana za ulaganja u Crnoj Gori. On je ocijenio da je Memorandum primjer za \u010ditav region.<br \/>\n\u201eOvaj dokument otvara put da se ostvari san jednog iseljenika da se vrati u svoj rodni kraj\u201c, kazao je \u0160aban.<br \/>\n<a href=\"http:\/\/www.visit-ulcinj.com\/blog\/wp-content\/uploads\/2014\/01\/Vladimir-Kavaric-Nikolla-Shabani-1.jpg\"><img loading=\"lazy\" class=\"alignleft  wp-image-79040\" alt=\"Vladimir-Kavaric-Nikolla-Shabani-1\" src=\"http:\/\/www.visit-ulcinj.com\/blog\/wp-content\/uploads\/2014\/01\/Vladimir-Kavaric-Nikolla-Shabani-1.jpg\" width=\"508\" height=\"600\" \/><\/a><br \/>\nMemorandumom se defini\u0161u op\u0161ti uslovi saradnje izme\u0111u Vlade i SCANJ. Op\u0161ti cilj saradnje je podr\u0161ka SCANJ-u i svim pripadnicima dijaspore u investicionim projektima u Crnoj Gori i pru\u017eanje neophodnih informacija potencijanim investitorima iz Njema\u010dke, podr\u0161ka u obezbje\u0111ivanju potrebnih dokumenata i upoznavanje sa pravnom regulativom u Crnoj Gori. Podr\u0161kom SCANJ-u \u017eeli se dati puna podr\u0161ka i priu\u0161titi neophodna pomo\u0107 u procesu realizacije investicije.<\/p>\n<p>Potpisivanju Memoranduma prisustvovao je generalni konzul Crne Gore u Frankfurtu \u017deljko Stamatovi\u0107.<\/p>\n<p>Izvor: RTCG<strong><br \/>\n<\/strong><\/p>\n","protected":false},"excerpt":{"rendered":"<p>Potpisan Memorandum o razumijevanju izme\u0111u Vlade Crne Gore i Saveza Crnogorskih Asocijacija Njema\u010dke o ekonomskoj saradnji i investicionim mogu\u0107nostima Ministar ekonomije dr Vladimir Kavari\u0107 i predsjednik Savjeta za privredu u Savezu crnogorskih asocijacija Njema\u010dke Nikola \u0160aban potpisali su danas Memorandum o razumijevanju izme\u0111u Vlade Crne Gore i Saveza Crnogorskih Asocijacija Njema\u010dke o ekonomskoj saradnji i [&hellip;]<\/p>\n","protected":false},"author":1,"featured_media":0,"comment_status":"closed","ping_status":"closed","sticky":false,"template":"","format":"standard","meta":{"spay_email":"","jetpack_publicize_message":"","jetpack_is_tweetstorm":false,"jetpack_publicize_feature_enabled":true},"categories":[6950],"tags":[],"jetpack_publicize_connections":[],"yoast_head":"<!-- This site is optimized with the Yoast SEO plugin v19.1 - https:\/\/yoast.com\/wordpress\/plugins\/seo\/ -->\n<title>Dijaspora iz Njema\u010dke ulagala bi u CG - Lajme nga Ulqini<\/title>\n<meta name=\"description\" content=\"Potpisan Memorandum o razumijevanju izme\u0111u Vlade Crne Gore i Saveza Crnogorskih Asocijacija Njema\u010dke o ekonomskoj saradnji i investicionim mogu\u0107nostima\" \/>\n<meta name=\"robots\" content=\"index, follow, max-snippet:-1, max-image-preview:large, max-video-preview:-1\" \/>\n<link rel=\"canonical\" href=\"https:\/\/www.visit-ulcinj.com\/blog\/2014\/01\/30\/dijaspora-iz-njemacke-ulagala-bi-u-cg\/\" \/>\n<meta property=\"og:locale\" content=\"en_US\" \/>\n<meta property=\"og:type\" content=\"article\" \/>\n<meta property=\"og:title\" content=\"Dijaspora iz Njema\u010dke ulagala bi u CG - Lajme nga Ulqini\" \/>\n<meta property=\"og:description\" content=\"Potpisan Memorandum o razumijevanju izme\u0111u Vlade Crne Gore i Saveza Crnogorskih Asocijacija Njema\u010dke o ekonomskoj saradnji i investicionim mogu\u0107nostima\" \/>\n<meta property=\"og:url\" content=\"https:\/\/www.visit-ulcinj.com\/blog\/2014\/01\/30\/dijaspora-iz-njemacke-ulagala-bi-u-cg\/\" \/>\n<meta property=\"og:site_name\" content=\"Lajme nga Ulqini\" \/>\n<meta property=\"article:published_time\" content=\"2014-01-30T18:24:16+00:00\" \/>\n<meta property=\"og:image\" content=\"http:\/\/www.visit-ulcinj.com\/blog\/wp-content\/uploads\/2014\/01\/Vladimir-Kavaric-Nikolla-Shabani-2.jpg\" \/>\n<meta name=\"twitter:label1\" content=\"Written by\" \/>\n\t<meta name=\"twitter:data1\" content=\"ulqini\" \/>\n\t<meta name=\"twitter:label2\" content=\"Est. reading time\" \/>\n\t<meta name=\"twitter:data2\" content=\"2 minutes\" \/>\n<script type=\"application\/ld+json\" class=\"yoast-schema-graph\">{\"@context\":\"https:\/\/schema.org\",\"@graph\":[{\"@type\":\"WebSite\",\"@id\":\"https:\/\/www.visit-ulcinj.com\/blog\/#website\",\"url\":\"https:\/\/www.visit-ulcinj.com\/blog\/\",\"name\":\"Lajme nga Ulqini\",\"description\":\"Lajme,Vijesti,Ulqini,Ulqin,Crna Gora,Mali i Zi\",\"potentialAction\":[{\"@type\":\"SearchAction\",\"target\":{\"@type\":\"EntryPoint\",\"urlTemplate\":\"https:\/\/www.visit-ulcinj.com\/blog\/?s={search_term_string}\"},\"query-input\":\"required name=search_term_string\"}],\"inLanguage\":\"en-US\"},{\"@type\":\"ImageObject\",\"inLanguage\":\"en-US\",\"@id\":\"https:\/\/www.visit-ulcinj.com\/blog\/2014\/01\/30\/dijaspora-iz-njemacke-ulagala-bi-u-cg\/#primaryimage\",\"url\":\"https:\/\/www.visit-ulcinj.com\/blog\/wp-content\/uploads\/2014\/01\/Vladimir-Kavaric-Nikolla-Shabani-2.jpg\",\"contentUrl\":\"https:\/\/www.visit-ulcinj.com\/blog\/wp-content\/uploads\/2014\/01\/Vladimir-Kavaric-Nikolla-Shabani-2.jpg\",\"width\":470,\"height\":266},{\"@type\":\"WebPage\",\"@id\":\"https:\/\/www.visit-ulcinj.com\/blog\/2014\/01\/30\/dijaspora-iz-njemacke-ulagala-bi-u-cg\/#webpage\",\"url\":\"https:\/\/www.visit-ulcinj.com\/blog\/2014\/01\/30\/dijaspora-iz-njemacke-ulagala-bi-u-cg\/\",\"name\":\"Dijaspora iz Njema\u010dke ulagala bi u CG - Lajme nga Ulqini\",\"isPartOf\":{\"@id\":\"https:\/\/www.visit-ulcinj.com\/blog\/#website\"},\"primaryImageOfPage\":{\"@id\":\"https:\/\/www.visit-ulcinj.com\/blog\/2014\/01\/30\/dijaspora-iz-njemacke-ulagala-bi-u-cg\/#primaryimage\"},\"datePublished\":\"2014-01-30T18:24:16+00:00\",\"dateModified\":\"2014-01-30T18:24:16+00:00\",\"author\":{\"@id\":\"https:\/\/www.visit-ulcinj.com\/blog\/#\/schema\/person\/dcab619c614d3038751c63bc2aadc06d\"},\"description\":\"Potpisan Memorandum o razumijevanju izme\u0111u Vlade Crne Gore i Saveza Crnogorskih Asocijacija Njema\u010dke o ekonomskoj saradnji i investicionim mogu\u0107nostima\",\"breadcrumb\":{\"@id\":\"https:\/\/www.visit-ulcinj.com\/blog\/2014\/01\/30\/dijaspora-iz-njemacke-ulagala-bi-u-cg\/#breadcrumb\"},\"inLanguage\":\"en-US\",\"potentialAction\":[{\"@type\":\"ReadAction\",\"target\":[\"https:\/\/www.visit-ulcinj.com\/blog\/2014\/01\/30\/dijaspora-iz-njemacke-ulagala-bi-u-cg\/\"]}]},{\"@type\":\"BreadcrumbList\",\"@id\":\"https:\/\/www.visit-ulcinj.com\/blog\/2014\/01\/30\/dijaspora-iz-njemacke-ulagala-bi-u-cg\/#breadcrumb\",\"itemListElement\":[{\"@type\":\"ListItem\",\"position\":1,\"name\":\"Dijaspora iz Njema\u010dke ulagala bi u CG\"}]},{\"@type\":\"Person\",\"@id\":\"https:\/\/www.visit-ulcinj.com\/blog\/#\/schema\/person\/dcab619c614d3038751c63bc2aadc06d\",\"name\":\"ulqini\",\"sameAs\":[\"http:\/\/www.visit-ulcinj.com\"],\"url\":\"https:\/\/www.visit-ulcinj.com\/blog\/author\/admin\/\"}]}<\/script>\n<!-- \/ Yoast SEO plugin. -->","yoast_head_json":{"title":"Dijaspora iz Njema\u010dke ulagala bi u CG - Lajme nga Ulqini","description":"Potpisan Memorandum o razumijevanju izme\u0111u Vlade Crne Gore i Saveza Crnogorskih Asocijacija Njema\u010dke o ekonomskoj saradnji i investicionim mogu\u0107nostima","robots":{"index":"index","follow":"follow","max-snippet":"max-snippet:-1","max-image-preview":"max-image-preview:large","max-video-preview":"max-video-preview:-1"},"canonical":"https:\/\/www.visit-ulcinj.com\/blog\/2014\/01\/30\/dijaspora-iz-njemacke-ulagala-bi-u-cg\/","og_locale":"en_US","og_type":"article","og_title":"Dijaspora iz Njema\u010dke ulagala bi u CG - Lajme nga Ulqini","og_description":"Potpisan Memorandum o razumijevanju izme\u0111u Vlade Crne Gore i Saveza Crnogorskih Asocijacija Njema\u010dke o ekonomskoj saradnji i investicionim mogu\u0107nostima","og_url":"https:\/\/www.visit-ulcinj.com\/blog\/2014\/01\/30\/dijaspora-iz-njemacke-ulagala-bi-u-cg\/","og_site_name":"Lajme nga Ulqini","article_published_time":"2014-01-30T18:24:16+00:00","og_image":[{"url":"http:\/\/www.visit-ulcinj.com\/blog\/wp-content\/uploads\/2014\/01\/Vladimir-Kavaric-Nikolla-Shabani-2.jpg"}],"twitter_misc":{"Written by":"ulqini","Est. reading time":"2 minutes"},"schema":{"@context":"https:\/\/schema.org","@graph":[{"@type":"WebSite","@id":"https:\/\/www.visit-ulcinj.com\/blog\/#website","url":"https:\/\/www.visit-ulcinj.com\/blog\/","name":"Lajme nga Ulqini","description":"Lajme,Vijesti,Ulqini,Ulqin,Crna Gora,Mali i Zi","potentialAction":[{"@type":"SearchAction","target":{"@type":"EntryPoint","urlTemplate":"https:\/\/www.visit-ulcinj.com\/blog\/?s={search_term_string}"},"query-input":"required name=search_term_string"}],"inLanguage":"en-US"},{"@type":"ImageObject","inLanguage":"en-US","@id":"https:\/\/www.visit-ulcinj.com\/blog\/2014\/01\/30\/dijaspora-iz-njemacke-ulagala-bi-u-cg\/#primaryimage","url":"https:\/\/www.visit-ulcinj.com\/blog\/wp-content\/uploads\/2014\/01\/Vladimir-Kavaric-Nikolla-Shabani-2.jpg","contentUrl":"https:\/\/www.visit-ulcinj.com\/blog\/wp-content\/uploads\/2014\/01\/Vladimir-Kavaric-Nikolla-Shabani-2.jpg","width":470,"height":266},{"@type":"WebPage","@id":"https:\/\/www.visit-ulcinj.com\/blog\/2014\/01\/30\/dijaspora-iz-njemacke-ulagala-bi-u-cg\/#webpage","url":"https:\/\/www.visit-ulcinj.com\/blog\/2014\/01\/30\/dijaspora-iz-njemacke-ulagala-bi-u-cg\/","name":"Dijaspora iz Njema\u010dke ulagala bi u CG - Lajme nga Ulqini","isPartOf":{"@id":"https:\/\/www.visit-ulcinj.com\/blog\/#website"},"primaryImageOfPage":{"@id":"https:\/\/www.visit-ulcinj.com\/blog\/2014\/01\/30\/dijaspora-iz-njemacke-ulagala-bi-u-cg\/#primaryimage"},"datePublished":"2014-01-30T18:24:16+00:00","dateModified":"2014-01-30T18:24:16+00:00","author":{"@id":"https:\/\/www.visit-ulcinj.com\/blog\/#\/schema\/person\/dcab619c614d3038751c63bc2aadc06d"},"description":"Potpisan Memorandum o razumijevanju izme\u0111u Vlade Crne Gore i Saveza Crnogorskih Asocijacija Njema\u010dke o ekonomskoj saradnji i investicionim mogu\u0107nostima","breadcrumb":{"@id":"https:\/\/www.visit-ulcinj.com\/blog\/2014\/01\/30\/dijaspora-iz-njemacke-ulagala-bi-u-cg\/#breadcrumb"},"inLanguage":"en-US","potentialAction":[{"@type":"ReadAction","target":["https:\/\/www.visit-ulcinj.com\/blog\/2014\/01\/30\/dijaspora-iz-njemacke-ulagala-bi-u-cg\/"]}]},{"@type":"BreadcrumbList","@id":"https:\/\/www.visit-ulcinj.com\/blog\/2014\/01\/30\/dijaspora-iz-njemacke-ulagala-bi-u-cg\/#breadcrumb","itemListElement":[{"@type":"ListItem","position":1,"name":"Dijaspora iz Njema\u010dke ulagala bi u CG"}]},{"@type":"Person","@id":"https:\/\/www.visit-ulcinj.com\/blog\/#\/schema\/person\/dcab619c614d3038751c63bc2aadc06d","name":"ulqini","sameAs":["http:\/\/www.visit-ulcinj.com"],"url":"https:\/\/www.visit-ulcinj.com\/blog\/author\/admin\/"}]}},"jetpack_featured_media_url":"","jetpack_sharing_enabled":true,"jetpack_shortlink":"https:\/\/wp.me\/pe6lTn-kyN","_links":{"self":[{"href":"https:\/\/www.visit-ulcinj.com\/blog\/wp-json\/wp\/v2\/posts\/79037"}],"collection":[{"href":"https:\/\/www.visit-ulcinj.com\/blog\/wp-json\/wp\/v2\/posts"}],"about":[{"href":"https:\/\/www.visit-ulcinj.com\/blog\/wp-json\/wp\/v2\/types\/post"}],"author":[{"embeddable":true,"href":"https:\/\/www.visit-ulcinj.com\/blog\/wp-json\/wp\/v2\/users\/1"}],"replies":[{"embeddable":true,"href":"https:\/\/www.visit-ulcinj.com\/blog\/wp-json\/wp\/v2\/comments?post=79037"}],"version-history":[{"count":1,"href":"https:\/\/www.visit-ulcinj.com\/blog\/wp-json\/wp\/v2\/posts\/79037\/revisions"}],"predecessor-version":[{"id":79041,"href":"https:\/\/www.visit-ulcinj.com\/blog\/wp-json\/wp\/v2\/posts\/79037\/revisions\/79041"}],"wp:attachment":[{"href":"https:\/\/www.visit-ulcinj.com\/blog\/wp-json\/wp\/v2\/media?parent=79037"}],"wp:term":[{"taxonomy":"category","embeddable":true,"href":"https:\/\/www.visit-ulcinj.com\/blog\/wp-json\/wp\/v2\/categories?post=79037"},{"taxonomy":"post_tag","embeddable":true,"href":"https:\/\/www.visit-ulcinj.com\/blog\/wp-json\/wp\/v2\/tags?post=79037"}],"curies":[{"name":"wp","href":"https:\/\/api.w.org\/{rel}","templated":true}]}}