{"id":79054,"date":"2014-01-30T19:53:25","date_gmt":"2014-01-30T18:53:25","guid":{"rendered":"http:\/\/www.visit-ulcinj.com\/blog\/?p=79054"},"modified":"2014-01-30T19:53:25","modified_gmt":"2014-01-30T18:53:25","slug":"abazovic-u-ulcinju-formirati-koaliciju-bez-dps","status":"publish","type":"post","link":"https:\/\/www.visit-ulcinj.com\/blog\/2014\/01\/30\/abazovic-u-ulcinju-formirati-koaliciju-bez-dps\/","title":{"rendered":"Abazovic: U Ulcinju formirati koaliciju bez DPS"},"content":{"rendered":"<p><a href=\"http:\/\/www.visit-ulcinj.com\/blog\/wp-content\/uploads\/2014\/01\/dritan-abazovic-ulqin-ulcinj.jpg\"><img loading=\"lazy\" class=\"alignleft  wp-image-79055\" alt=\"dritan-abazovic-ulqin-ulcinj\" src=\"http:\/\/www.visit-ulcinj.com\/blog\/wp-content\/uploads\/2014\/01\/dritan-abazovic-ulqin-ulcinj.jpg\" width=\"508\" height=\"360\" \/><\/a>Pozitivna Crna Gora podr\u017eava sve opcije koje vode ka tome da koaliciju u Ulcinju naprave stranke koje bi Demokratsku partiju socijalista ostavile u opoziciji,saop\u0161tio je poslanik Pozitivne i nosilac lisle te partije u Ulcinju <strong>Dritan Abazovi\u0107<\/strong>. Nakon \u0161to je DPS osvojila devet mandata, Forca osam, koalicija okupljena oko DP Fatmira \u0110eke sedam, DUA tri. Pozitivna i SDP po dva, jasno je da je vlast u najju\u017enijoj crnogorskoj op\u0161tini mogu\u0107e formirati bez DPS. Pozitivna Crna Gora nudi podr\u0161ku.<\/p>\n<p>\u201cPozivam lidere albanskih nacionalnih stranaka da se udru\u017ee, Pozitivna Crna Gora je tu da im ponudi moralnu podr\u0161ku, a ako ho\u0107e, tu smo i da ponudimo politi\u010dku podr\u0161ku. Pozivamo lidere albanskih partija da ispo\u0161tuju volju gra\u0111ana Ulcinja, koja se protivi politici DPS,kazao je Abazovic.<\/p>\n<p>On je napomenuo da je Pozitivna jedina stranka koja je i prije izbora jasno saop\u0161tila da ne\u0107e praviti nikakve dogovore sa DPS. Partije su ve\u0107 po\u010dele razgovore o vladaju\u0107oj koaliciji, a najbli\u017ee dogovoru su DPS, DUA i koalicija za Ulcinj, na \u010delu sa Fatmirom \u0110ekom.<\/p>\n<p>Abazovi\u0107 vjeruje da \u0107e se u zavisnosti od dogovora albanskih partija sa DPS pokazati da su interesi i funkcije primarni u odnosu na partijske programe.<\/p>\n<p>\u201cAko DPS oko sebe okupi albanske partije i napravi koaliciju, onda \u0107e biti jasno koji su lideri albanskih stranaka ostali dosljedni servilnosti DPS i nedosljedni svojim izbornim programima i na taj na\u010din \u0107e biti pokazano da od patriotizma nema ni\u0161ta i da im je najbitnije osvajanje fotelja\u201d, zaklju\u010dio je Abazovi\u0107.<\/p>\n<p><strong>Preuzeto: Dnevne novine,30.01.2014.<\/strong><\/p>\n<p><strong>Izvor: Pozitivna Crna Gora<\/strong><\/p>\n","protected":false},"excerpt":{"rendered":"<p>Pozitivna Crna Gora podr\u017eava sve opcije koje vode ka tome da koaliciju u Ulcinju naprave stranke koje bi Demokratsku partiju socijalista ostavile u opoziciji,saop\u0161tio je poslanik Pozitivne i nosilac lisle te partije u Ulcinju Dritan Abazovi\u0107. Nakon \u0161to je DPS osvojila devet mandata, Forca osam, koalicija okupljena oko DP Fatmira \u0110eke sedam, DUA tri. Pozitivna [&hellip;]<\/p>\n","protected":false},"author":1,"featured_media":0,"comment_status":"closed","ping_status":"closed","sticky":false,"template":"","format":"standard","meta":{"spay_email":"","jetpack_publicize_message":"","jetpack_is_tweetstorm":false,"jetpack_publicize_feature_enabled":true},"categories":[6950],"tags":[],"jetpack_publicize_connections":[],"yoast_head":"<!-- This site is optimized with the Yoast SEO plugin v19.1 - https:\/\/yoast.com\/wordpress\/plugins\/seo\/ -->\n<title>Abazovic: U Ulcinju formirati koaliciju bez DPS - Lajme nga Ulqini<\/title>\n<meta name=\"description\" content=\"Pozitivna Crna Gora podr\u017eava sve opcije koje vode ka tome da koaliciju u Ulcinju naprave stranke koje bi Demokratsku partiju socijalista ostavile u\" \/>\n<meta name=\"robots\" content=\"index, follow, max-snippet:-1, max-image-preview:large, max-video-preview:-1\" \/>\n<link rel=\"canonical\" href=\"https:\/\/www.visit-ulcinj.com\/blog\/2014\/01\/30\/abazovic-u-ulcinju-formirati-koaliciju-bez-dps\/\" \/>\n<meta property=\"og:locale\" content=\"en_US\" \/>\n<meta property=\"og:type\" content=\"article\" \/>\n<meta property=\"og:title\" content=\"Abazovic: U Ulcinju formirati koaliciju bez DPS - Lajme nga Ulqini\" \/>\n<meta property=\"og:description\" content=\"Pozitivna Crna Gora podr\u017eava sve opcije koje vode ka tome da koaliciju u Ulcinju naprave stranke koje bi Demokratsku partiju socijalista ostavile u\" \/>\n<meta property=\"og:url\" content=\"https:\/\/www.visit-ulcinj.com\/blog\/2014\/01\/30\/abazovic-u-ulcinju-formirati-koaliciju-bez-dps\/\" \/>\n<meta property=\"og:site_name\" content=\"Lajme nga Ulqini\" \/>\n<meta property=\"article:published_time\" content=\"2014-01-30T18:53:25+00:00\" \/>\n<meta property=\"og:image\" content=\"http:\/\/www.visit-ulcinj.com\/blog\/wp-content\/uploads\/2014\/01\/dritan-abazovic-ulqin-ulcinj.jpg\" \/>\n<meta name=\"twitter:label1\" content=\"Written by\" \/>\n\t<meta name=\"twitter:data1\" content=\"ulqini\" \/>\n\t<meta name=\"twitter:label2\" content=\"Est. reading time\" \/>\n\t<meta name=\"twitter:data2\" content=\"1 minute\" \/>\n<script type=\"application\/ld+json\" class=\"yoast-schema-graph\">{\"@context\":\"https:\/\/schema.org\",\"@graph\":[{\"@type\":\"WebSite\",\"@id\":\"https:\/\/www.visit-ulcinj.com\/blog\/#website\",\"url\":\"https:\/\/www.visit-ulcinj.com\/blog\/\",\"name\":\"Lajme nga Ulqini\",\"description\":\"Lajme,Vijesti,Ulqini,Ulqin,Crna Gora,Mali i Zi\",\"potentialAction\":[{\"@type\":\"SearchAction\",\"target\":{\"@type\":\"EntryPoint\",\"urlTemplate\":\"https:\/\/www.visit-ulcinj.com\/blog\/?s={search_term_string}\"},\"query-input\":\"required name=search_term_string\"}],\"inLanguage\":\"en-US\"},{\"@type\":\"ImageObject\",\"inLanguage\":\"en-US\",\"@id\":\"https:\/\/www.visit-ulcinj.com\/blog\/2014\/01\/30\/abazovic-u-ulcinju-formirati-koaliciju-bez-dps\/#primaryimage\",\"url\":\"https:\/\/www.visit-ulcinj.com\/blog\/wp-content\/uploads\/2014\/01\/dritan-abazovic-ulqin-ulcinj.jpg\",\"contentUrl\":\"https:\/\/www.visit-ulcinj.com\/blog\/wp-content\/uploads\/2014\/01\/dritan-abazovic-ulqin-ulcinj.jpg\",\"width\":1024,\"height\":749},{\"@type\":\"WebPage\",\"@id\":\"https:\/\/www.visit-ulcinj.com\/blog\/2014\/01\/30\/abazovic-u-ulcinju-formirati-koaliciju-bez-dps\/#webpage\",\"url\":\"https:\/\/www.visit-ulcinj.com\/blog\/2014\/01\/30\/abazovic-u-ulcinju-formirati-koaliciju-bez-dps\/\",\"name\":\"Abazovic: U Ulcinju formirati koaliciju bez DPS - Lajme nga Ulqini\",\"isPartOf\":{\"@id\":\"https:\/\/www.visit-ulcinj.com\/blog\/#website\"},\"primaryImageOfPage\":{\"@id\":\"https:\/\/www.visit-ulcinj.com\/blog\/2014\/01\/30\/abazovic-u-ulcinju-formirati-koaliciju-bez-dps\/#primaryimage\"},\"datePublished\":\"2014-01-30T18:53:25+00:00\",\"dateModified\":\"2014-01-30T18:53:25+00:00\",\"author\":{\"@id\":\"https:\/\/www.visit-ulcinj.com\/blog\/#\/schema\/person\/dcab619c614d3038751c63bc2aadc06d\"},\"description\":\"Pozitivna Crna Gora podr\u017eava sve opcije koje vode ka tome da koaliciju u Ulcinju naprave stranke koje bi Demokratsku partiju socijalista ostavile u\",\"breadcrumb\":{\"@id\":\"https:\/\/www.visit-ulcinj.com\/blog\/2014\/01\/30\/abazovic-u-ulcinju-formirati-koaliciju-bez-dps\/#breadcrumb\"},\"inLanguage\":\"en-US\",\"potentialAction\":[{\"@type\":\"ReadAction\",\"target\":[\"https:\/\/www.visit-ulcinj.com\/blog\/2014\/01\/30\/abazovic-u-ulcinju-formirati-koaliciju-bez-dps\/\"]}]},{\"@type\":\"BreadcrumbList\",\"@id\":\"https:\/\/www.visit-ulcinj.com\/blog\/2014\/01\/30\/abazovic-u-ulcinju-formirati-koaliciju-bez-dps\/#breadcrumb\",\"itemListElement\":[{\"@type\":\"ListItem\",\"position\":1,\"name\":\"Abazovic: U Ulcinju formirati koaliciju bez DPS\"}]},{\"@type\":\"Person\",\"@id\":\"https:\/\/www.visit-ulcinj.com\/blog\/#\/schema\/person\/dcab619c614d3038751c63bc2aadc06d\",\"name\":\"ulqini\",\"sameAs\":[\"http:\/\/www.visit-ulcinj.com\"],\"url\":\"https:\/\/www.visit-ulcinj.com\/blog\/author\/admin\/\"}]}<\/script>\n<!-- \/ Yoast SEO plugin. -->","yoast_head_json":{"title":"Abazovic: U Ulcinju formirati koaliciju bez DPS - Lajme nga Ulqini","description":"Pozitivna Crna Gora podr\u017eava sve opcije koje vode ka tome da koaliciju u Ulcinju naprave stranke koje bi Demokratsku partiju socijalista ostavile u","robots":{"index":"index","follow":"follow","max-snippet":"max-snippet:-1","max-image-preview":"max-image-preview:large","max-video-preview":"max-video-preview:-1"},"canonical":"https:\/\/www.visit-ulcinj.com\/blog\/2014\/01\/30\/abazovic-u-ulcinju-formirati-koaliciju-bez-dps\/","og_locale":"en_US","og_type":"article","og_title":"Abazovic: U Ulcinju formirati koaliciju bez DPS - Lajme nga Ulqini","og_description":"Pozitivna Crna Gora podr\u017eava sve opcije koje vode ka tome da koaliciju u Ulcinju naprave stranke koje bi Demokratsku partiju socijalista ostavile u","og_url":"https:\/\/www.visit-ulcinj.com\/blog\/2014\/01\/30\/abazovic-u-ulcinju-formirati-koaliciju-bez-dps\/","og_site_name":"Lajme nga Ulqini","article_published_time":"2014-01-30T18:53:25+00:00","og_image":[{"url":"http:\/\/www.visit-ulcinj.com\/blog\/wp-content\/uploads\/2014\/01\/dritan-abazovic-ulqin-ulcinj.jpg"}],"twitter_misc":{"Written by":"ulqini","Est. reading time":"1 minute"},"schema":{"@context":"https:\/\/schema.org","@graph":[{"@type":"WebSite","@id":"https:\/\/www.visit-ulcinj.com\/blog\/#website","url":"https:\/\/www.visit-ulcinj.com\/blog\/","name":"Lajme nga Ulqini","description":"Lajme,Vijesti,Ulqini,Ulqin,Crna Gora,Mali i Zi","potentialAction":[{"@type":"SearchAction","target":{"@type":"EntryPoint","urlTemplate":"https:\/\/www.visit-ulcinj.com\/blog\/?s={search_term_string}"},"query-input":"required name=search_term_string"}],"inLanguage":"en-US"},{"@type":"ImageObject","inLanguage":"en-US","@id":"https:\/\/www.visit-ulcinj.com\/blog\/2014\/01\/30\/abazovic-u-ulcinju-formirati-koaliciju-bez-dps\/#primaryimage","url":"https:\/\/www.visit-ulcinj.com\/blog\/wp-content\/uploads\/2014\/01\/dritan-abazovic-ulqin-ulcinj.jpg","contentUrl":"https:\/\/www.visit-ulcinj.com\/blog\/wp-content\/uploads\/2014\/01\/dritan-abazovic-ulqin-ulcinj.jpg","width":1024,"height":749},{"@type":"WebPage","@id":"https:\/\/www.visit-ulcinj.com\/blog\/2014\/01\/30\/abazovic-u-ulcinju-formirati-koaliciju-bez-dps\/#webpage","url":"https:\/\/www.visit-ulcinj.com\/blog\/2014\/01\/30\/abazovic-u-ulcinju-formirati-koaliciju-bez-dps\/","name":"Abazovic: U Ulcinju formirati koaliciju bez DPS - Lajme nga Ulqini","isPartOf":{"@id":"https:\/\/www.visit-ulcinj.com\/blog\/#website"},"primaryImageOfPage":{"@id":"https:\/\/www.visit-ulcinj.com\/blog\/2014\/01\/30\/abazovic-u-ulcinju-formirati-koaliciju-bez-dps\/#primaryimage"},"datePublished":"2014-01-30T18:53:25+00:00","dateModified":"2014-01-30T18:53:25+00:00","author":{"@id":"https:\/\/www.visit-ulcinj.com\/blog\/#\/schema\/person\/dcab619c614d3038751c63bc2aadc06d"},"description":"Pozitivna Crna Gora podr\u017eava sve opcije koje vode ka tome da koaliciju u Ulcinju naprave stranke koje bi Demokratsku partiju socijalista ostavile u","breadcrumb":{"@id":"https:\/\/www.visit-ulcinj.com\/blog\/2014\/01\/30\/abazovic-u-ulcinju-formirati-koaliciju-bez-dps\/#breadcrumb"},"inLanguage":"en-US","potentialAction":[{"@type":"ReadAction","target":["https:\/\/www.visit-ulcinj.com\/blog\/2014\/01\/30\/abazovic-u-ulcinju-formirati-koaliciju-bez-dps\/"]}]},{"@type":"BreadcrumbList","@id":"https:\/\/www.visit-ulcinj.com\/blog\/2014\/01\/30\/abazovic-u-ulcinju-formirati-koaliciju-bez-dps\/#breadcrumb","itemListElement":[{"@type":"ListItem","position":1,"name":"Abazovic: U Ulcinju formirati koaliciju bez DPS"}]},{"@type":"Person","@id":"https:\/\/www.visit-ulcinj.com\/blog\/#\/schema\/person\/dcab619c614d3038751c63bc2aadc06d","name":"ulqini","sameAs":["http:\/\/www.visit-ulcinj.com"],"url":"https:\/\/www.visit-ulcinj.com\/blog\/author\/admin\/"}]}},"jetpack_featured_media_url":"","jetpack_sharing_enabled":true,"jetpack_shortlink":"https:\/\/wp.me\/pe6lTn-kz4","_links":{"self":[{"href":"https:\/\/www.visit-ulcinj.com\/blog\/wp-json\/wp\/v2\/posts\/79054"}],"collection":[{"href":"https:\/\/www.visit-ulcinj.com\/blog\/wp-json\/wp\/v2\/posts"}],"about":[{"href":"https:\/\/www.visit-ulcinj.com\/blog\/wp-json\/wp\/v2\/types\/post"}],"author":[{"embeddable":true,"href":"https:\/\/www.visit-ulcinj.com\/blog\/wp-json\/wp\/v2\/users\/1"}],"replies":[{"embeddable":true,"href":"https:\/\/www.visit-ulcinj.com\/blog\/wp-json\/wp\/v2\/comments?post=79054"}],"version-history":[{"count":1,"href":"https:\/\/www.visit-ulcinj.com\/blog\/wp-json\/wp\/v2\/posts\/79054\/revisions"}],"predecessor-version":[{"id":79056,"href":"https:\/\/www.visit-ulcinj.com\/blog\/wp-json\/wp\/v2\/posts\/79054\/revisions\/79056"}],"wp:attachment":[{"href":"https:\/\/www.visit-ulcinj.com\/blog\/wp-json\/wp\/v2\/media?parent=79054"}],"wp:term":[{"taxonomy":"category","embeddable":true,"href":"https:\/\/www.visit-ulcinj.com\/blog\/wp-json\/wp\/v2\/categories?post=79054"},{"taxonomy":"post_tag","embeddable":true,"href":"https:\/\/www.visit-ulcinj.com\/blog\/wp-json\/wp\/v2\/tags?post=79054"}],"curies":[{"name":"wp","href":"https:\/\/api.w.org\/{rel}","templated":true}]}}