{"id":79057,"date":"2014-01-30T22:22:10","date_gmt":"2014-01-30T21:22:10","guid":{"rendered":"http:\/\/www.visit-ulcinj.com\/blog\/?p=79057"},"modified":"2014-01-30T22:22:10","modified_gmt":"2014-01-30T21:22:10","slug":"ot-e-ulqinit-merr-pjes-ne-panairin-e-turizmit-ne-bratislave-2","status":"publish","type":"post","link":"https:\/\/www.visit-ulcinj.com\/blog\/2014\/01\/30\/ot-e-ulqinit-merr-pjes-ne-panairin-e-turizmit-ne-bratislave-2\/","title":{"rendered":"OT e Ulqinit merr pjes n\u00eb panairin e turizmit n\u00eb Bratislave"},"content":{"rendered":"<p><strong><a href=\"http:\/\/www.visit-ulcinj.com\/blog\/wp-content\/uploads\/2014\/01\/OT-e-Ulqinit-Panairi-Bratislave.jpg\"><img loading=\"lazy\" class=\"alignleft  wp-image-79058\" alt=\"OT e Ulqinit-Panairi-Bratislave\" src=\"http:\/\/www.visit-ulcinj.com\/blog\/wp-content\/uploads\/2014\/01\/OT-e-Ulqinit-Panairi-Bratislave.jpg\" width=\"508\" height=\"360\" \/><\/a>Panairi n\u00eb Bratislav\u00eb 2014<\/strong><\/p>\n<p>Organizata Turistike e Ulqinit n\u00eb bashk\u00ebpunim me organizatat lokale t\u00eb Tivarit, Tivatit, Herceg Novit dhe Kotorrit \u00ebsht\u00eb duke marr\u00eb pjes\u00eb n\u00eb panairin e Bratislav\u00ebs *ITF Slovakia* i cili nj\u00ebher \u00ebsht\u00eb panairi m\u00eb i r\u00ebnd\u00ebsish\u00ebm i turizmit n\u00eb Sllovaki dhe k\u00ebt\u00eb vit mbahet prej 30 janarit deri me 2 shkurt t\u00eb vitit 2014.<\/p>\n<p>Dit\u00ebn e par\u00eb t\u00eb panairit vizita ishte mjaft e mir\u00eb kurse sipas t\u00eb dh\u00ebnave t\u00eb organizator\u00ebve n\u00eb k\u00ebt\u00eb panair ofert\u00ebn e vet turistike do ta prezentojn\u00eb rreth 400 ekspozues nga 20 vende t\u00eb ndryshme ku edhe presin viziten prej 75.000 si profesionist\u00eb nga l\u00ebmia e turizmit poashtu edhe individ\u00eb q\u00eb k\u00ebrkojn\u00eb destinacionin e tyre p\u00ebr pushime vjetore. Poashtu, n\u00eb stend\u00ebn e p\u00ebrbashk\u00ebt t\u00eb Malit t\u00eb Zi dit\u00ebn e par\u00eb jan\u00eb mbajtur takime pun\u00eb me p\u00ebrfaq\u00ebsues t\u00eb agjensive turistike dhe turoperatere t\u00eb ndrysh\u00ebm p\u00ebr bashk\u00ebpunime t\u00eb m\u00ebtejshme. Vizituesve t\u00eb stend\u00ebs tone i \u00ebsht\u00eb ofruar materijal promovues n\u00eb gjuh\u00ebn angleze n\u00eb baz\u00eb t\u00eb cilit mund t\u00eb njoftohen p\u00ebr ofert\u00ebn turistike si t\u00eb Ulqinit poashtu edhe t\u00eb Malit t\u00eb Zi p\u00ebr vitin 2014.<\/p>\n<p>P\u00ebrve\u00e7 pjes\u00ebmarrjes aktive t\u00eb Organizat\u00ebs Turistike t\u00eb Ulqinit e cila promovon qytetin n\u00ebp\u00ebrmjet katalogjeve dhe broshurave t\u00eb ndryshme, Ulqini do t\u00eb prezentohet si destinacioni m\u00eb i preferuar p\u00ebr pushim aktiv si\u00e7 \u00ebsht\u00eb Kite dhe Wind surfing, zhytja, kal\u00ebrimi n\u00eb Ad\u00eb etj.<\/p>\n<p>&nbsp;<\/p>\n<p><strong>Sh\u00ebrbimi i OT Ulqin<\/strong><\/p>\n\n\t\t<style type=\"text\/css\">\n\t\t\t#gallery-1 {\n\t\t\t\tmargin: auto;\n\t\t\t}\n\t\t\t#gallery-1 .gallery-item {\n\t\t\t\tfloat: left;\n\t\t\t\tmargin-top: 10px;\n\t\t\t\ttext-align: center;\n\t\t\t\twidth: 33%;\n\t\t\t}\n\t\t\t#gallery-1 img {\n\t\t\t\tborder: 2px solid #cfcfcf;\n\t\t\t}\n\t\t\t#gallery-1 .gallery-caption {\n\t\t\t\tmargin-left: 0;\n\t\t\t}\n\t\t\t\/* see gallery_shortcode() in wp-includes\/media.php *\/\n\t\t<\/style>\n\t\t<div id='gallery-1' class='gallery galleryid-79057 gallery-columns-3 gallery-size-thumbnail'><dl class='gallery-item'>\n\t\t\t<dt class='gallery-icon landscape'>\n\t\t\t\t<a href='https:\/\/www.visit-ulcinj.com\/blog\/2014\/01\/30\/ot-e-ulqinit-merr-pjes-ne-panairin-e-turizmit-ne-bratislave-2\/ot-e-ulqinit-panairi-bratislave-1\/'><img width=\"150\" height=\"150\" src=\"https:\/\/www.visit-ulcinj.com\/blog\/wp-content\/uploads\/2014\/01\/OT-e-Ulqinit-Panairi-Bratislave-1-150x150.jpg\" class=\"attachment-thumbnail size-thumbnail\" alt=\"\" loading=\"lazy\" \/><\/a>\n\t\t\t<\/dt><\/dl><dl class='gallery-item'>\n\t\t\t<dt class='gallery-icon landscape'>\n\t\t\t\t<a href='https:\/\/www.visit-ulcinj.com\/blog\/2014\/01\/30\/ot-e-ulqinit-merr-pjes-ne-panairin-e-turizmit-ne-bratislave-2\/ot-e-ulqinit-panairi-bratislave-2\/'><img width=\"150\" height=\"150\" src=\"https:\/\/www.visit-ulcinj.com\/blog\/wp-content\/uploads\/2014\/01\/OT-e-Ulqinit-Panairi-Bratislave-2-150x150.jpg\" class=\"attachment-thumbnail size-thumbnail\" alt=\"\" loading=\"lazy\" \/><\/a>\n\t\t\t<\/dt><\/dl><dl class='gallery-item'>\n\t\t\t<dt class='gallery-icon landscape'>\n\t\t\t\t<a href='https:\/\/www.visit-ulcinj.com\/blog\/2014\/01\/30\/ot-e-ulqinit-merr-pjes-ne-panairin-e-turizmit-ne-bratislave-2\/ot-e-ulqinit-panairi-bratislave-3\/'><img width=\"150\" height=\"150\" src=\"https:\/\/www.visit-ulcinj.com\/blog\/wp-content\/uploads\/2014\/01\/OT-e-Ulqinit-Panairi-Bratislave-3-150x150.jpg\" class=\"attachment-thumbnail size-thumbnail\" alt=\"\" loading=\"lazy\" \/><\/a>\n\t\t\t<\/dt><\/dl><br style=\"clear: both\" \/><dl class='gallery-item'>\n\t\t\t<dt class='gallery-icon landscape'>\n\t\t\t\t<a href='https:\/\/www.visit-ulcinj.com\/blog\/2014\/01\/30\/ot-e-ulqinit-merr-pjes-ne-panairin-e-turizmit-ne-bratislave-2\/ot-e-ulqinit-panairi-bratislave-4\/'><img width=\"150\" height=\"150\" src=\"https:\/\/www.visit-ulcinj.com\/blog\/wp-content\/uploads\/2014\/01\/OT-e-Ulqinit-Panairi-Bratislave-4-150x150.jpg\" class=\"attachment-thumbnail size-thumbnail\" alt=\"\" loading=\"lazy\" \/><\/a>\n\t\t\t<\/dt><\/dl><dl class='gallery-item'>\n\t\t\t<dt class='gallery-icon landscape'>\n\t\t\t\t<a href='https:\/\/www.visit-ulcinj.com\/blog\/2014\/01\/30\/ot-e-ulqinit-merr-pjes-ne-panairin-e-turizmit-ne-bratislave-2\/ot-e-ulqinit-panairi-bratislave\/'><img width=\"150\" height=\"150\" src=\"https:\/\/www.visit-ulcinj.com\/blog\/wp-content\/uploads\/2014\/01\/OT-e-Ulqinit-Panairi-Bratislave-150x150.jpg\" class=\"attachment-thumbnail size-thumbnail\" alt=\"\" loading=\"lazy\" \/><\/a>\n\t\t\t<\/dt><\/dl>\n\t\t\t<br style='clear: both' \/>\n\t\t<\/div>\n\n","protected":false},"excerpt":{"rendered":"<p>Panairi n\u00eb Bratislav\u00eb 2014 Organizata Turistike e Ulqinit n\u00eb bashk\u00ebpunim me organizatat lokale t\u00eb Tivarit, Tivatit, Herceg Novit dhe Kotorrit \u00ebsht\u00eb duke marr\u00eb pjes\u00eb n\u00eb panairin e Bratislav\u00ebs *ITF Slovakia* i cili nj\u00ebher \u00ebsht\u00eb panairi m\u00eb i r\u00ebnd\u00ebsish\u00ebm i turizmit n\u00eb Sllovaki dhe k\u00ebt\u00eb vit mbahet prej 30 janarit deri me 2 shkurt t\u00eb vitit [&hellip;]<\/p>\n","protected":false},"author":1,"featured_media":0,"comment_status":"closed","ping_status":"closed","sticky":false,"template":"","format":"standard","meta":{"spay_email":"","jetpack_publicize_message":"","jetpack_is_tweetstorm":false,"jetpack_publicize_feature_enabled":true},"categories":[15],"tags":[],"jetpack_publicize_connections":[],"yoast_head":"<!-- This site is optimized with the Yoast SEO plugin v19.1 - https:\/\/yoast.com\/wordpress\/plugins\/seo\/ -->\n<title>OT e Ulqinit merr pjes n\u00eb panairin e turizmit n\u00eb Bratislave - Lajme nga Ulqini<\/title>\n<meta name=\"description\" content=\"Panairi n\u00eb Bratislav\u00eb 2014 Organizata Turistike e Ulqinit n\u00eb bashk\u00ebpunim me organizatat lokale t\u00eb Tivarit, Tivatit, Herceg Novit dhe Kotorrit \u00ebsht\u00eb duke\" \/>\n<meta name=\"robots\" content=\"index, follow, max-snippet:-1, max-image-preview:large, max-video-preview:-1\" \/>\n<link rel=\"canonical\" href=\"https:\/\/www.visit-ulcinj.com\/blog\/2014\/01\/30\/ot-e-ulqinit-merr-pjes-ne-panairin-e-turizmit-ne-bratislave-2\/\" \/>\n<meta property=\"og:locale\" content=\"en_US\" \/>\n<meta property=\"og:type\" content=\"article\" \/>\n<meta property=\"og:title\" content=\"OT e Ulqinit merr pjes n\u00eb panairin e turizmit n\u00eb Bratislave - Lajme nga Ulqini\" \/>\n<meta property=\"og:description\" content=\"Panairi n\u00eb Bratislav\u00eb 2014 Organizata Turistike e Ulqinit n\u00eb bashk\u00ebpunim me organizatat lokale t\u00eb Tivarit, Tivatit, Herceg Novit dhe Kotorrit \u00ebsht\u00eb duke\" \/>\n<meta property=\"og:url\" content=\"https:\/\/www.visit-ulcinj.com\/blog\/2014\/01\/30\/ot-e-ulqinit-merr-pjes-ne-panairin-e-turizmit-ne-bratislave-2\/\" \/>\n<meta property=\"og:site_name\" content=\"Lajme nga Ulqini\" \/>\n<meta property=\"article:published_time\" content=\"2014-01-30T21:22:10+00:00\" \/>\n<meta property=\"og:image\" content=\"https:\/\/www.visit-ulcinj.com\/blog\/wp-content\/uploads\/2014\/01\/OT-e-Ulqinit-Panairi-Bratislave-1-150x150.jpg\" \/>\n<meta name=\"twitter:label1\" content=\"Written by\" \/>\n\t<meta name=\"twitter:data1\" content=\"ulqini\" \/>\n\t<meta name=\"twitter:label2\" content=\"Est. reading time\" \/>\n\t<meta name=\"twitter:data2\" content=\"1 minute\" \/>\n<script type=\"application\/ld+json\" class=\"yoast-schema-graph\">{\"@context\":\"https:\/\/schema.org\",\"@graph\":[{\"@type\":\"WebSite\",\"@id\":\"https:\/\/www.visit-ulcinj.com\/blog\/#website\",\"url\":\"https:\/\/www.visit-ulcinj.com\/blog\/\",\"name\":\"Lajme nga Ulqini\",\"description\":\"Lajme,Vijesti,Ulqini,Ulqin,Crna Gora,Mali i Zi\",\"potentialAction\":[{\"@type\":\"SearchAction\",\"target\":{\"@type\":\"EntryPoint\",\"urlTemplate\":\"https:\/\/www.visit-ulcinj.com\/blog\/?s={search_term_string}\"},\"query-input\":\"required name=search_term_string\"}],\"inLanguage\":\"en-US\"},{\"@type\":\"ImageObject\",\"inLanguage\":\"en-US\",\"@id\":\"https:\/\/www.visit-ulcinj.com\/blog\/2014\/01\/30\/ot-e-ulqinit-merr-pjes-ne-panairin-e-turizmit-ne-bratislave-2\/#primaryimage\",\"url\":\"https:\/\/www.visit-ulcinj.com\/blog\/wp-content\/uploads\/2014\/01\/OT-e-Ulqinit-Panairi-Bratislave.jpg\",\"contentUrl\":\"https:\/\/www.visit-ulcinj.com\/blog\/wp-content\/uploads\/2014\/01\/OT-e-Ulqinit-Panairi-Bratislave.jpg\",\"width\":681,\"height\":511},{\"@type\":\"WebPage\",\"@id\":\"https:\/\/www.visit-ulcinj.com\/blog\/2014\/01\/30\/ot-e-ulqinit-merr-pjes-ne-panairin-e-turizmit-ne-bratislave-2\/#webpage\",\"url\":\"https:\/\/www.visit-ulcinj.com\/blog\/2014\/01\/30\/ot-e-ulqinit-merr-pjes-ne-panairin-e-turizmit-ne-bratislave-2\/\",\"name\":\"OT e Ulqinit merr pjes n\u00eb panairin e turizmit n\u00eb Bratislave - Lajme nga Ulqini\",\"isPartOf\":{\"@id\":\"https:\/\/www.visit-ulcinj.com\/blog\/#website\"},\"primaryImageOfPage\":{\"@id\":\"https:\/\/www.visit-ulcinj.com\/blog\/2014\/01\/30\/ot-e-ulqinit-merr-pjes-ne-panairin-e-turizmit-ne-bratislave-2\/#primaryimage\"},\"datePublished\":\"2014-01-30T21:22:10+00:00\",\"dateModified\":\"2014-01-30T21:22:10+00:00\",\"author\":{\"@id\":\"https:\/\/www.visit-ulcinj.com\/blog\/#\/schema\/person\/dcab619c614d3038751c63bc2aadc06d\"},\"description\":\"Panairi n\u00eb Bratislav\u00eb 2014 Organizata Turistike e Ulqinit n\u00eb bashk\u00ebpunim me organizatat lokale t\u00eb Tivarit, Tivatit, Herceg Novit dhe Kotorrit \u00ebsht\u00eb duke\",\"breadcrumb\":{\"@id\":\"https:\/\/www.visit-ulcinj.com\/blog\/2014\/01\/30\/ot-e-ulqinit-merr-pjes-ne-panairin-e-turizmit-ne-bratislave-2\/#breadcrumb\"},\"inLanguage\":\"en-US\",\"potentialAction\":[{\"@type\":\"ReadAction\",\"target\":[\"https:\/\/www.visit-ulcinj.com\/blog\/2014\/01\/30\/ot-e-ulqinit-merr-pjes-ne-panairin-e-turizmit-ne-bratislave-2\/\"]}]},{\"@type\":\"BreadcrumbList\",\"@id\":\"https:\/\/www.visit-ulcinj.com\/blog\/2014\/01\/30\/ot-e-ulqinit-merr-pjes-ne-panairin-e-turizmit-ne-bratislave-2\/#breadcrumb\",\"itemListElement\":[{\"@type\":\"ListItem\",\"position\":1,\"name\":\"OT e Ulqinit merr pjes n\u00eb panairin e turizmit n\u00eb Bratislave\"}]},{\"@type\":\"Person\",\"@id\":\"https:\/\/www.visit-ulcinj.com\/blog\/#\/schema\/person\/dcab619c614d3038751c63bc2aadc06d\",\"name\":\"ulqini\",\"sameAs\":[\"http:\/\/www.visit-ulcinj.com\"],\"url\":\"https:\/\/www.visit-ulcinj.com\/blog\/author\/admin\/\"}]}<\/script>\n<!-- \/ Yoast SEO plugin. -->","yoast_head_json":{"title":"OT e Ulqinit merr pjes n\u00eb panairin e turizmit n\u00eb Bratislave - Lajme nga Ulqini","description":"Panairi n\u00eb Bratislav\u00eb 2014 Organizata Turistike e Ulqinit n\u00eb bashk\u00ebpunim me organizatat lokale t\u00eb Tivarit, Tivatit, Herceg Novit dhe Kotorrit \u00ebsht\u00eb duke","robots":{"index":"index","follow":"follow","max-snippet":"max-snippet:-1","max-image-preview":"max-image-preview:large","max-video-preview":"max-video-preview:-1"},"canonical":"https:\/\/www.visit-ulcinj.com\/blog\/2014\/01\/30\/ot-e-ulqinit-merr-pjes-ne-panairin-e-turizmit-ne-bratislave-2\/","og_locale":"en_US","og_type":"article","og_title":"OT e Ulqinit merr pjes n\u00eb panairin e turizmit n\u00eb Bratislave - Lajme nga Ulqini","og_description":"Panairi n\u00eb Bratislav\u00eb 2014 Organizata Turistike e Ulqinit n\u00eb bashk\u00ebpunim me organizatat lokale t\u00eb Tivarit, Tivatit, Herceg Novit dhe Kotorrit \u00ebsht\u00eb duke","og_url":"https:\/\/www.visit-ulcinj.com\/blog\/2014\/01\/30\/ot-e-ulqinit-merr-pjes-ne-panairin-e-turizmit-ne-bratislave-2\/","og_site_name":"Lajme nga Ulqini","article_published_time":"2014-01-30T21:22:10+00:00","og_image":[{"url":"https:\/\/www.visit-ulcinj.com\/blog\/wp-content\/uploads\/2014\/01\/OT-e-Ulqinit-Panairi-Bratislave-1-150x150.jpg"}],"twitter_misc":{"Written by":"ulqini","Est. reading time":"1 minute"},"schema":{"@context":"https:\/\/schema.org","@graph":[{"@type":"WebSite","@id":"https:\/\/www.visit-ulcinj.com\/blog\/#website","url":"https:\/\/www.visit-ulcinj.com\/blog\/","name":"Lajme nga Ulqini","description":"Lajme,Vijesti,Ulqini,Ulqin,Crna Gora,Mali i Zi","potentialAction":[{"@type":"SearchAction","target":{"@type":"EntryPoint","urlTemplate":"https:\/\/www.visit-ulcinj.com\/blog\/?s={search_term_string}"},"query-input":"required name=search_term_string"}],"inLanguage":"en-US"},{"@type":"ImageObject","inLanguage":"en-US","@id":"https:\/\/www.visit-ulcinj.com\/blog\/2014\/01\/30\/ot-e-ulqinit-merr-pjes-ne-panairin-e-turizmit-ne-bratislave-2\/#primaryimage","url":"https:\/\/www.visit-ulcinj.com\/blog\/wp-content\/uploads\/2014\/01\/OT-e-Ulqinit-Panairi-Bratislave.jpg","contentUrl":"https:\/\/www.visit-ulcinj.com\/blog\/wp-content\/uploads\/2014\/01\/OT-e-Ulqinit-Panairi-Bratislave.jpg","width":681,"height":511},{"@type":"WebPage","@id":"https:\/\/www.visit-ulcinj.com\/blog\/2014\/01\/30\/ot-e-ulqinit-merr-pjes-ne-panairin-e-turizmit-ne-bratislave-2\/#webpage","url":"https:\/\/www.visit-ulcinj.com\/blog\/2014\/01\/30\/ot-e-ulqinit-merr-pjes-ne-panairin-e-turizmit-ne-bratislave-2\/","name":"OT e Ulqinit merr pjes n\u00eb panairin e turizmit n\u00eb Bratislave - Lajme nga Ulqini","isPartOf":{"@id":"https:\/\/www.visit-ulcinj.com\/blog\/#website"},"primaryImageOfPage":{"@id":"https:\/\/www.visit-ulcinj.com\/blog\/2014\/01\/30\/ot-e-ulqinit-merr-pjes-ne-panairin-e-turizmit-ne-bratislave-2\/#primaryimage"},"datePublished":"2014-01-30T21:22:10+00:00","dateModified":"2014-01-30T21:22:10+00:00","author":{"@id":"https:\/\/www.visit-ulcinj.com\/blog\/#\/schema\/person\/dcab619c614d3038751c63bc2aadc06d"},"description":"Panairi n\u00eb Bratislav\u00eb 2014 Organizata Turistike e Ulqinit n\u00eb bashk\u00ebpunim me organizatat lokale t\u00eb Tivarit, Tivatit, Herceg Novit dhe Kotorrit \u00ebsht\u00eb duke","breadcrumb":{"@id":"https:\/\/www.visit-ulcinj.com\/blog\/2014\/01\/30\/ot-e-ulqinit-merr-pjes-ne-panairin-e-turizmit-ne-bratislave-2\/#breadcrumb"},"inLanguage":"en-US","potentialAction":[{"@type":"ReadAction","target":["https:\/\/www.visit-ulcinj.com\/blog\/2014\/01\/30\/ot-e-ulqinit-merr-pjes-ne-panairin-e-turizmit-ne-bratislave-2\/"]}]},{"@type":"BreadcrumbList","@id":"https:\/\/www.visit-ulcinj.com\/blog\/2014\/01\/30\/ot-e-ulqinit-merr-pjes-ne-panairin-e-turizmit-ne-bratislave-2\/#breadcrumb","itemListElement":[{"@type":"ListItem","position":1,"name":"OT e Ulqinit merr pjes n\u00eb panairin e turizmit n\u00eb Bratislave"}]},{"@type":"Person","@id":"https:\/\/www.visit-ulcinj.com\/blog\/#\/schema\/person\/dcab619c614d3038751c63bc2aadc06d","name":"ulqini","sameAs":["http:\/\/www.visit-ulcinj.com"],"url":"https:\/\/www.visit-ulcinj.com\/blog\/author\/admin\/"}]}},"jetpack_featured_media_url":"","jetpack_sharing_enabled":true,"jetpack_shortlink":"https:\/\/wp.me\/pe6lTn-kz7","_links":{"self":[{"href":"https:\/\/www.visit-ulcinj.com\/blog\/wp-json\/wp\/v2\/posts\/79057"}],"collection":[{"href":"https:\/\/www.visit-ulcinj.com\/blog\/wp-json\/wp\/v2\/posts"}],"about":[{"href":"https:\/\/www.visit-ulcinj.com\/blog\/wp-json\/wp\/v2\/types\/post"}],"author":[{"embeddable":true,"href":"https:\/\/www.visit-ulcinj.com\/blog\/wp-json\/wp\/v2\/users\/1"}],"replies":[{"embeddable":true,"href":"https:\/\/www.visit-ulcinj.com\/blog\/wp-json\/wp\/v2\/comments?post=79057"}],"version-history":[{"count":1,"href":"https:\/\/www.visit-ulcinj.com\/blog\/wp-json\/wp\/v2\/posts\/79057\/revisions"}],"predecessor-version":[{"id":79063,"href":"https:\/\/www.visit-ulcinj.com\/blog\/wp-json\/wp\/v2\/posts\/79057\/revisions\/79063"}],"wp:attachment":[{"href":"https:\/\/www.visit-ulcinj.com\/blog\/wp-json\/wp\/v2\/media?parent=79057"}],"wp:term":[{"taxonomy":"category","embeddable":true,"href":"https:\/\/www.visit-ulcinj.com\/blog\/wp-json\/wp\/v2\/categories?post=79057"},{"taxonomy":"post_tag","embeddable":true,"href":"https:\/\/www.visit-ulcinj.com\/blog\/wp-json\/wp\/v2\/tags?post=79057"}],"curies":[{"name":"wp","href":"https:\/\/api.w.org\/{rel}","templated":true}]}}