{"id":79064,"date":"2014-01-30T22:25:46","date_gmt":"2014-01-30T21:25:46","guid":{"rendered":"http:\/\/www.visit-ulcinj.com\/blog\/?p=79064"},"modified":"2014-01-30T22:25:46","modified_gmt":"2014-01-30T21:25:46","slug":"sajam-u-bratislavi-2014-turisticka-organizacija-ulcinj","status":"publish","type":"post","link":"https:\/\/www.visit-ulcinj.com\/blog\/2014\/01\/30\/sajam-u-bratislavi-2014-turisticka-organizacija-ulcinj\/","title":{"rendered":"Sajam u Bratislavi 2014 &#8211; Turisti\u010dka Organizacija Ulcinj"},"content":{"rendered":"<p><strong><a href=\"http:\/\/www.visit-ulcinj.com\/blog\/wp-content\/uploads\/2014\/01\/OT-e-Ulqinit-Panairi-Bratislave-4.jpg\"><img loading=\"lazy\" class=\"alignleft  wp-image-79062\" alt=\"OT e Ulqinit-Panairi-Bratislave-4\" src=\"http:\/\/www.visit-ulcinj.com\/blog\/wp-content\/uploads\/2014\/01\/OT-e-Ulqinit-Panairi-Bratislave-4.jpg\" width=\"508\" height=\"360\" \/><\/a>Sajam u Bratislavi 2014<\/strong><\/p>\n<p>Turisti\u010dka organizacija Ulcinj u saradnji sa lokalnim organizacijama Bara, Tivta, Herceg Novog i Kotora nastupaju na zajedni\u010dkom \u0161tandu na sajmu turizma u Bratislavi *ITF Slovakia* koji je ujedno jedan od najve\u0107ih sajmova turizma u Slova\u010dkoj a koji se ove godine odr\u017eava od 30.januara do 02.februara 2014.godine.<\/p>\n<p>Prvog dana sajma posjeta je bila izuzetno velika a prema procjenama organizatora na sajmu svoju turisti\u010dku ponudu predstavlja preko 400 izlaga\u010da iz preko 20 zemalja, dok isti o\u010dekuju da \u0107e sajam do kraja posjetiti preko 75.000 kako profesionalaca iz oblasti turizma tako i individualnih turista koji tra\u017ee destinaciju za odmor. Tako\u0111e na zajedni\u010dkom \u0161tandu Crne Gore prvog dana su odr\u017eani brojni poslovni susreti sa predstavnicima turisti\u010dkih agencija i turoperatora uz najavu nastavka dobre saradnje . Posjetiocima na\u0161eg standa je ponu\u0111en raznovrstan materijal uz pomo\u0107 kojeg se na engleskom jeziku posjetioci mogu informisati o ponudi kako Ulcinja tako i cijele Crne Gore u 2014.godini.<\/p>\n<p>Pored aktivnog u\u010de\u0161\u0107a Turisti\u010dke Organizacije Ulcinj koja \u0107e grad promovisati kroz razne kataloge, Ulcinj \u0107e tako\u0111e biti promovisan kao jedna od najpo\u017eeljnijih primorskih destinacija u Crnoj Gori za provo\u0111enje aktivnog odmora kao \u0161to su Kite i wind surfing, ronjenje, pje\u0161a\u010denje itd.<\/p>\n<p>&nbsp;<\/p>\n<div>\n<p><strong>Stru\u010dna slu\u017eba TO Ulcinj<\/strong><\/p>\n\n\t\t<style type=\"text\/css\">\n\t\t\t#gallery-1 {\n\t\t\t\tmargin: auto;\n\t\t\t}\n\t\t\t#gallery-1 .gallery-item {\n\t\t\t\tfloat: left;\n\t\t\t\tmargin-top: 10px;\n\t\t\t\ttext-align: center;\n\t\t\t\twidth: 33%;\n\t\t\t}\n\t\t\t#gallery-1 img {\n\t\t\t\tborder: 2px solid #cfcfcf;\n\t\t\t}\n\t\t\t#gallery-1 .gallery-caption {\n\t\t\t\tmargin-left: 0;\n\t\t\t}\n\t\t\t\/* see gallery_shortcode() in wp-includes\/media.php *\/\n\t\t<\/style>\n\t\t<div id='gallery-1' class='gallery galleryid-79064 gallery-columns-3 gallery-size-thumbnail'><dl class='gallery-item'>\n\t\t\t<dt class='gallery-icon landscape'>\n\t\t\t\t<a href='https:\/\/www.visit-ulcinj.com\/blog\/2014\/01\/30\/ot-e-ulqinit-merr-pjes-ne-panairin-e-turizmit-ne-bratislave-2\/ot-e-ulqinit-panairi-bratislave-4\/'><img width=\"150\" height=\"150\" src=\"https:\/\/www.visit-ulcinj.com\/blog\/wp-content\/uploads\/2014\/01\/OT-e-Ulqinit-Panairi-Bratislave-4-150x150.jpg\" class=\"attachment-thumbnail size-thumbnail\" alt=\"\" loading=\"lazy\" \/><\/a>\n\t\t\t<\/dt><\/dl><dl class='gallery-item'>\n\t\t\t<dt class='gallery-icon landscape'>\n\t\t\t\t<a href='https:\/\/www.visit-ulcinj.com\/blog\/2014\/01\/30\/ot-e-ulqinit-merr-pjes-ne-panairin-e-turizmit-ne-bratislave-2\/ot-e-ulqinit-panairi-bratislave-3\/'><img width=\"150\" height=\"150\" src=\"https:\/\/www.visit-ulcinj.com\/blog\/wp-content\/uploads\/2014\/01\/OT-e-Ulqinit-Panairi-Bratislave-3-150x150.jpg\" class=\"attachment-thumbnail size-thumbnail\" alt=\"\" loading=\"lazy\" \/><\/a>\n\t\t\t<\/dt><\/dl><dl class='gallery-item'>\n\t\t\t<dt class='gallery-icon landscape'>\n\t\t\t\t<a href='https:\/\/www.visit-ulcinj.com\/blog\/2014\/01\/30\/ot-e-ulqinit-merr-pjes-ne-panairin-e-turizmit-ne-bratislave-2\/ot-e-ulqinit-panairi-bratislave-2\/'><img width=\"150\" height=\"150\" src=\"https:\/\/www.visit-ulcinj.com\/blog\/wp-content\/uploads\/2014\/01\/OT-e-Ulqinit-Panairi-Bratislave-2-150x150.jpg\" class=\"attachment-thumbnail size-thumbnail\" alt=\"\" loading=\"lazy\" \/><\/a>\n\t\t\t<\/dt><\/dl><br style=\"clear: both\" \/><dl class='gallery-item'>\n\t\t\t<dt class='gallery-icon landscape'>\n\t\t\t\t<a href='https:\/\/www.visit-ulcinj.com\/blog\/2014\/01\/30\/ot-e-ulqinit-merr-pjes-ne-panairin-e-turizmit-ne-bratislave-2\/ot-e-ulqinit-panairi-bratislave-1\/'><img width=\"150\" height=\"150\" src=\"https:\/\/www.visit-ulcinj.com\/blog\/wp-content\/uploads\/2014\/01\/OT-e-Ulqinit-Panairi-Bratislave-1-150x150.jpg\" class=\"attachment-thumbnail size-thumbnail\" alt=\"\" loading=\"lazy\" \/><\/a>\n\t\t\t<\/dt><\/dl><dl class='gallery-item'>\n\t\t\t<dt class='gallery-icon landscape'>\n\t\t\t\t<a href='https:\/\/www.visit-ulcinj.com\/blog\/2014\/01\/30\/ot-e-ulqinit-merr-pjes-ne-panairin-e-turizmit-ne-bratislave-2\/ot-e-ulqinit-panairi-bratislave\/'><img width=\"150\" height=\"150\" src=\"https:\/\/www.visit-ulcinj.com\/blog\/wp-content\/uploads\/2014\/01\/OT-e-Ulqinit-Panairi-Bratislave-150x150.jpg\" class=\"attachment-thumbnail size-thumbnail\" alt=\"\" loading=\"lazy\" \/><\/a>\n\t\t\t<\/dt><\/dl>\n\t\t\t<br style='clear: both' \/>\n\t\t<\/div>\n\n<\/div>\n","protected":false},"excerpt":{"rendered":"<p>Sajam u Bratislavi 2014 Turisti\u010dka organizacija Ulcinj u saradnji sa lokalnim organizacijama Bara, Tivta, Herceg Novog i Kotora nastupaju na zajedni\u010dkom \u0161tandu na sajmu turizma u Bratislavi *ITF Slovakia* koji je ujedno jedan od najve\u0107ih sajmova turizma u Slova\u010dkoj a koji se ove godine odr\u017eava od 30.januara do 02.februara 2014.godine. Prvog dana sajma posjeta je [&hellip;]<\/p>\n","protected":false},"author":1,"featured_media":0,"comment_status":"closed","ping_status":"closed","sticky":false,"template":"","format":"standard","meta":{"spay_email":"","jetpack_publicize_message":"","jetpack_is_tweetstorm":false,"jetpack_publicize_feature_enabled":true},"categories":[6950],"tags":[],"jetpack_publicize_connections":[],"yoast_head":"<!-- This site is optimized with the Yoast SEO plugin v19.1 - https:\/\/yoast.com\/wordpress\/plugins\/seo\/ -->\n<title>Sajam u Bratislavi 2014 - Turisti\u010dka Organizacija Ulcinj - Lajme nga Ulqini<\/title>\n<meta name=\"description\" content=\"Sajam u Bratislavi 2014 Turisti\u010dka organizacija Ulcinj u saradnji sa lokalnim organizacijama Bara, Tivta, Herceg Novog i Kotora nastupaju na zajedni\u010dkom\" \/>\n<meta name=\"robots\" content=\"index, follow, max-snippet:-1, max-image-preview:large, max-video-preview:-1\" \/>\n<link rel=\"canonical\" href=\"https:\/\/www.visit-ulcinj.com\/blog\/2014\/01\/30\/sajam-u-bratislavi-2014-turisticka-organizacija-ulcinj\/\" \/>\n<meta property=\"og:locale\" content=\"en_US\" \/>\n<meta property=\"og:type\" content=\"article\" \/>\n<meta property=\"og:title\" content=\"Sajam u Bratislavi 2014 - Turisti\u010dka Organizacija Ulcinj - Lajme nga Ulqini\" \/>\n<meta property=\"og:description\" content=\"Sajam u Bratislavi 2014 Turisti\u010dka organizacija Ulcinj u saradnji sa lokalnim organizacijama Bara, Tivta, Herceg Novog i Kotora nastupaju na zajedni\u010dkom\" \/>\n<meta property=\"og:url\" content=\"https:\/\/www.visit-ulcinj.com\/blog\/2014\/01\/30\/sajam-u-bratislavi-2014-turisticka-organizacija-ulcinj\/\" \/>\n<meta property=\"og:site_name\" content=\"Lajme nga Ulqini\" \/>\n<meta property=\"article:published_time\" content=\"2014-01-30T21:25:46+00:00\" \/>\n<meta property=\"og:image\" content=\"https:\/\/www.visit-ulcinj.com\/blog\/wp-content\/uploads\/2014\/01\/OT-e-Ulqinit-Panairi-Bratislave-4-150x150.jpg\" \/>\n<meta name=\"twitter:label1\" content=\"Written by\" \/>\n\t<meta name=\"twitter:data1\" content=\"ulqini\" \/>\n\t<meta name=\"twitter:label2\" content=\"Est. reading time\" \/>\n\t<meta name=\"twitter:data2\" content=\"1 minute\" \/>\n<script type=\"application\/ld+json\" class=\"yoast-schema-graph\">{\"@context\":\"https:\/\/schema.org\",\"@graph\":[{\"@type\":\"WebSite\",\"@id\":\"https:\/\/www.visit-ulcinj.com\/blog\/#website\",\"url\":\"https:\/\/www.visit-ulcinj.com\/blog\/\",\"name\":\"Lajme nga Ulqini\",\"description\":\"Lajme,Vijesti,Ulqini,Ulqin,Crna Gora,Mali i Zi\",\"potentialAction\":[{\"@type\":\"SearchAction\",\"target\":{\"@type\":\"EntryPoint\",\"urlTemplate\":\"https:\/\/www.visit-ulcinj.com\/blog\/?s={search_term_string}\"},\"query-input\":\"required name=search_term_string\"}],\"inLanguage\":\"en-US\"},{\"@type\":\"ImageObject\",\"inLanguage\":\"en-US\",\"@id\":\"https:\/\/www.visit-ulcinj.com\/blog\/2014\/01\/30\/sajam-u-bratislavi-2014-turisticka-organizacija-ulcinj\/#primaryimage\",\"url\":\"https:\/\/www.visit-ulcinj.com\/blog\/wp-content\/uploads\/2014\/01\/OT-e-Ulqinit-Panairi-Bratislave-4.jpg\",\"contentUrl\":\"https:\/\/www.visit-ulcinj.com\/blog\/wp-content\/uploads\/2014\/01\/OT-e-Ulqinit-Panairi-Bratislave-4.jpg\",\"width\":681,\"height\":511},{\"@type\":\"WebPage\",\"@id\":\"https:\/\/www.visit-ulcinj.com\/blog\/2014\/01\/30\/sajam-u-bratislavi-2014-turisticka-organizacija-ulcinj\/#webpage\",\"url\":\"https:\/\/www.visit-ulcinj.com\/blog\/2014\/01\/30\/sajam-u-bratislavi-2014-turisticka-organizacija-ulcinj\/\",\"name\":\"Sajam u Bratislavi 2014 - Turisti\u010dka Organizacija Ulcinj - Lajme nga Ulqini\",\"isPartOf\":{\"@id\":\"https:\/\/www.visit-ulcinj.com\/blog\/#website\"},\"primaryImageOfPage\":{\"@id\":\"https:\/\/www.visit-ulcinj.com\/blog\/2014\/01\/30\/sajam-u-bratislavi-2014-turisticka-organizacija-ulcinj\/#primaryimage\"},\"datePublished\":\"2014-01-30T21:25:46+00:00\",\"dateModified\":\"2014-01-30T21:25:46+00:00\",\"author\":{\"@id\":\"https:\/\/www.visit-ulcinj.com\/blog\/#\/schema\/person\/dcab619c614d3038751c63bc2aadc06d\"},\"description\":\"Sajam u Bratislavi 2014 Turisti\u010dka organizacija Ulcinj u saradnji sa lokalnim organizacijama Bara, Tivta, Herceg Novog i Kotora nastupaju na zajedni\u010dkom\",\"breadcrumb\":{\"@id\":\"https:\/\/www.visit-ulcinj.com\/blog\/2014\/01\/30\/sajam-u-bratislavi-2014-turisticka-organizacija-ulcinj\/#breadcrumb\"},\"inLanguage\":\"en-US\",\"potentialAction\":[{\"@type\":\"ReadAction\",\"target\":[\"https:\/\/www.visit-ulcinj.com\/blog\/2014\/01\/30\/sajam-u-bratislavi-2014-turisticka-organizacija-ulcinj\/\"]}]},{\"@type\":\"BreadcrumbList\",\"@id\":\"https:\/\/www.visit-ulcinj.com\/blog\/2014\/01\/30\/sajam-u-bratislavi-2014-turisticka-organizacija-ulcinj\/#breadcrumb\",\"itemListElement\":[{\"@type\":\"ListItem\",\"position\":1,\"name\":\"Sajam u Bratislavi 2014 &#8211; Turisti\u010dka Organizacija Ulcinj\"}]},{\"@type\":\"Person\",\"@id\":\"https:\/\/www.visit-ulcinj.com\/blog\/#\/schema\/person\/dcab619c614d3038751c63bc2aadc06d\",\"name\":\"ulqini\",\"sameAs\":[\"http:\/\/www.visit-ulcinj.com\"],\"url\":\"https:\/\/www.visit-ulcinj.com\/blog\/author\/admin\/\"}]}<\/script>\n<!-- \/ Yoast SEO plugin. -->","yoast_head_json":{"title":"Sajam u Bratislavi 2014 - Turisti\u010dka Organizacija Ulcinj - Lajme nga Ulqini","description":"Sajam u Bratislavi 2014 Turisti\u010dka organizacija Ulcinj u saradnji sa lokalnim organizacijama Bara, Tivta, Herceg Novog i Kotora nastupaju na zajedni\u010dkom","robots":{"index":"index","follow":"follow","max-snippet":"max-snippet:-1","max-image-preview":"max-image-preview:large","max-video-preview":"max-video-preview:-1"},"canonical":"https:\/\/www.visit-ulcinj.com\/blog\/2014\/01\/30\/sajam-u-bratislavi-2014-turisticka-organizacija-ulcinj\/","og_locale":"en_US","og_type":"article","og_title":"Sajam u Bratislavi 2014 - Turisti\u010dka Organizacija Ulcinj - Lajme nga Ulqini","og_description":"Sajam u Bratislavi 2014 Turisti\u010dka organizacija Ulcinj u saradnji sa lokalnim organizacijama Bara, Tivta, Herceg Novog i Kotora nastupaju na zajedni\u010dkom","og_url":"https:\/\/www.visit-ulcinj.com\/blog\/2014\/01\/30\/sajam-u-bratislavi-2014-turisticka-organizacija-ulcinj\/","og_site_name":"Lajme nga Ulqini","article_published_time":"2014-01-30T21:25:46+00:00","og_image":[{"url":"https:\/\/www.visit-ulcinj.com\/blog\/wp-content\/uploads\/2014\/01\/OT-e-Ulqinit-Panairi-Bratislave-4-150x150.jpg"}],"twitter_misc":{"Written by":"ulqini","Est. reading time":"1 minute"},"schema":{"@context":"https:\/\/schema.org","@graph":[{"@type":"WebSite","@id":"https:\/\/www.visit-ulcinj.com\/blog\/#website","url":"https:\/\/www.visit-ulcinj.com\/blog\/","name":"Lajme nga Ulqini","description":"Lajme,Vijesti,Ulqini,Ulqin,Crna Gora,Mali i Zi","potentialAction":[{"@type":"SearchAction","target":{"@type":"EntryPoint","urlTemplate":"https:\/\/www.visit-ulcinj.com\/blog\/?s={search_term_string}"},"query-input":"required name=search_term_string"}],"inLanguage":"en-US"},{"@type":"ImageObject","inLanguage":"en-US","@id":"https:\/\/www.visit-ulcinj.com\/blog\/2014\/01\/30\/sajam-u-bratislavi-2014-turisticka-organizacija-ulcinj\/#primaryimage","url":"https:\/\/www.visit-ulcinj.com\/blog\/wp-content\/uploads\/2014\/01\/OT-e-Ulqinit-Panairi-Bratislave-4.jpg","contentUrl":"https:\/\/www.visit-ulcinj.com\/blog\/wp-content\/uploads\/2014\/01\/OT-e-Ulqinit-Panairi-Bratislave-4.jpg","width":681,"height":511},{"@type":"WebPage","@id":"https:\/\/www.visit-ulcinj.com\/blog\/2014\/01\/30\/sajam-u-bratislavi-2014-turisticka-organizacija-ulcinj\/#webpage","url":"https:\/\/www.visit-ulcinj.com\/blog\/2014\/01\/30\/sajam-u-bratislavi-2014-turisticka-organizacija-ulcinj\/","name":"Sajam u Bratislavi 2014 - Turisti\u010dka Organizacija Ulcinj - Lajme nga Ulqini","isPartOf":{"@id":"https:\/\/www.visit-ulcinj.com\/blog\/#website"},"primaryImageOfPage":{"@id":"https:\/\/www.visit-ulcinj.com\/blog\/2014\/01\/30\/sajam-u-bratislavi-2014-turisticka-organizacija-ulcinj\/#primaryimage"},"datePublished":"2014-01-30T21:25:46+00:00","dateModified":"2014-01-30T21:25:46+00:00","author":{"@id":"https:\/\/www.visit-ulcinj.com\/blog\/#\/schema\/person\/dcab619c614d3038751c63bc2aadc06d"},"description":"Sajam u Bratislavi 2014 Turisti\u010dka organizacija Ulcinj u saradnji sa lokalnim organizacijama Bara, Tivta, Herceg Novog i Kotora nastupaju na zajedni\u010dkom","breadcrumb":{"@id":"https:\/\/www.visit-ulcinj.com\/blog\/2014\/01\/30\/sajam-u-bratislavi-2014-turisticka-organizacija-ulcinj\/#breadcrumb"},"inLanguage":"en-US","potentialAction":[{"@type":"ReadAction","target":["https:\/\/www.visit-ulcinj.com\/blog\/2014\/01\/30\/sajam-u-bratislavi-2014-turisticka-organizacija-ulcinj\/"]}]},{"@type":"BreadcrumbList","@id":"https:\/\/www.visit-ulcinj.com\/blog\/2014\/01\/30\/sajam-u-bratislavi-2014-turisticka-organizacija-ulcinj\/#breadcrumb","itemListElement":[{"@type":"ListItem","position":1,"name":"Sajam u Bratislavi 2014 &#8211; Turisti\u010dka Organizacija Ulcinj"}]},{"@type":"Person","@id":"https:\/\/www.visit-ulcinj.com\/blog\/#\/schema\/person\/dcab619c614d3038751c63bc2aadc06d","name":"ulqini","sameAs":["http:\/\/www.visit-ulcinj.com"],"url":"https:\/\/www.visit-ulcinj.com\/blog\/author\/admin\/"}]}},"jetpack_featured_media_url":"","jetpack_sharing_enabled":true,"jetpack_shortlink":"https:\/\/wp.me\/pe6lTn-kze","_links":{"self":[{"href":"https:\/\/www.visit-ulcinj.com\/blog\/wp-json\/wp\/v2\/posts\/79064"}],"collection":[{"href":"https:\/\/www.visit-ulcinj.com\/blog\/wp-json\/wp\/v2\/posts"}],"about":[{"href":"https:\/\/www.visit-ulcinj.com\/blog\/wp-json\/wp\/v2\/types\/post"}],"author":[{"embeddable":true,"href":"https:\/\/www.visit-ulcinj.com\/blog\/wp-json\/wp\/v2\/users\/1"}],"replies":[{"embeddable":true,"href":"https:\/\/www.visit-ulcinj.com\/blog\/wp-json\/wp\/v2\/comments?post=79064"}],"version-history":[{"count":1,"href":"https:\/\/www.visit-ulcinj.com\/blog\/wp-json\/wp\/v2\/posts\/79064\/revisions"}],"predecessor-version":[{"id":79065,"href":"https:\/\/www.visit-ulcinj.com\/blog\/wp-json\/wp\/v2\/posts\/79064\/revisions\/79065"}],"wp:attachment":[{"href":"https:\/\/www.visit-ulcinj.com\/blog\/wp-json\/wp\/v2\/media?parent=79064"}],"wp:term":[{"taxonomy":"category","embeddable":true,"href":"https:\/\/www.visit-ulcinj.com\/blog\/wp-json\/wp\/v2\/categories?post=79064"},{"taxonomy":"post_tag","embeddable":true,"href":"https:\/\/www.visit-ulcinj.com\/blog\/wp-json\/wp\/v2\/tags?post=79064"}],"curies":[{"name":"wp","href":"https:\/\/api.w.org\/{rel}","templated":true}]}}