{"id":79066,"date":"2014-01-31T08:12:55","date_gmt":"2014-01-31T07:12:55","guid":{"rendered":"http:\/\/www.visit-ulcinj.com\/blog\/?p=79066"},"modified":"2014-02-02T00:22:13","modified_gmt":"2014-02-01T23:22:13","slug":"zenka-forca-kapet-per-shkume-te-detit","status":"publish","type":"post","link":"https:\/\/www.visit-ulcinj.com\/blog\/2014\/01\/31\/zenka-forca-kapet-per-shkume-te-detit\/","title":{"rendered":"Zenka: Forca kapet p\u00ebr \u201cshkum\u00eb t\u00eb detit\u201d &#8211; Video"},"content":{"rendered":"<p><a href=\"http:\/\/www.visit-ulcinj.com\/blog\/wp-content\/uploads\/2014\/01\/Mehmet-Zenka-UDSH.jpg\"><img loading=\"lazy\" class=\"alignleft  wp-image-78962\" alt=\"Mehmet-Zenka-UDSH\" src=\"http:\/\/www.visit-ulcinj.com\/blog\/wp-content\/uploads\/2014\/01\/Mehmet-Zenka-UDSH.jpg\" width=\"508\" height=\"360\" \/><\/a>UDSH akoma nuk ka vendos se me cil\u00ebn parti do t\u00eb hyj\u00eb n\u00eb koalicion n\u00eb Ulqin, ka theksuar p\u00ebr portalin e RTMZ lideri i UDSH Mehmet Zenka, duke shtuar se forca\u00a0 duke u ofruar partive shqiptare aleanc\u00eb paszgjedhore\u00a0 po kapet p\u00ebr shkum\u00ebve q\u00eb t\u00eb shp\u00ebtoj\u00eb.<\/p>\n<p>Zenka duke komentuar vendimin e k\u00ebshillit kryesor t\u00eb FORCA-\u00ebs i cili ka konkludar se duhet filluar bisedimet p\u00ebr formimin e pushtetit lokal me subjekte politike shqiptare, koalicionin \u201cS\u00eb bashku p\u00ebr t\u00eb ardhmen e Ulqinit dhe me UDSH\u201d, ka theksuar se FORCA e ka pasur rastin q\u00eb t\u00eb merret vesh me partit\u00eb shqiptare edhe par zgjedhjeve por ka d\u00ebshiruar q\u00eb me tjer\u00ebt t\u00eb b\u00ebj\u00eb kombinime t\u00eb ndryshme. K\u00ebshilli Qendror i FORCA-s\u00eb mbr\u00ebm\u00eb nj\u00ebz\u00ebri ka vendosur t\u00eb filloj\u00eb bisedimet p\u00ebr koalicionin paszgjedhor me PD dhe UDSH nd\u00ebrkoh\u00eb q\u00eb pret vendimin e subjekteve tjera nacionale shqiptare.\u00a0 Zenka ka v\u00ebrtetuar se ekziston presion nga strukturat me ndikim n\u00eb Shqip\u00ebri dhe n\u00eb Kosov\u00eb\u00a0 n\u00eb Partit\u00eb shqiptare n\u00eb Ulqin q\u00eb pushtetin ta formojn\u00eb pa PDS.<\/p>\n<p><strong>RTCG<\/strong><\/p>\n<!--YouTube Error: bad URL entered-->\n","protected":false},"excerpt":{"rendered":"<p>UDSH akoma nuk ka vendos se me cil\u00ebn parti do t\u00eb hyj\u00eb n\u00eb koalicion n\u00eb Ulqin, ka theksuar p\u00ebr portalin e RTMZ lideri i UDSH Mehmet Zenka, duke shtuar se forca\u00a0 duke u ofruar partive shqiptare aleanc\u00eb paszgjedhore\u00a0 po kapet p\u00ebr shkum\u00ebve q\u00eb t\u00eb shp\u00ebtoj\u00eb. Zenka duke komentuar vendimin e k\u00ebshillit kryesor t\u00eb FORCA-\u00ebs i [&hellip;]<\/p>\n","protected":false},"author":1,"featured_media":0,"comment_status":"closed","ping_status":"closed","sticky":false,"template":"","format":"standard","meta":{"spay_email":"","jetpack_publicize_message":"","jetpack_is_tweetstorm":false,"jetpack_publicize_feature_enabled":true},"categories":[1,11],"tags":[],"jetpack_publicize_connections":[],"yoast_head":"<!-- This site is optimized with the Yoast SEO plugin v19.1 - https:\/\/yoast.com\/wordpress\/plugins\/seo\/ -->\n<title>Zenka: Forca kapet p\u00ebr \u201cshkum\u00eb t\u00eb detit\u201d - Video - Lajme nga Ulqini<\/title>\n<meta name=\"description\" content=\"UDSH akoma nuk ka vendos se me cil\u00ebn parti do t\u00eb hyj\u00eb n\u00eb koalicion n\u00eb Ulqin, ka theksuar p\u00ebr portalin e RTMZ lideri i UDSH Mehmet Zenka, duke shtuar se\" \/>\n<meta name=\"robots\" content=\"index, follow, max-snippet:-1, max-image-preview:large, max-video-preview:-1\" \/>\n<link rel=\"canonical\" href=\"https:\/\/www.visit-ulcinj.com\/blog\/2014\/01\/31\/zenka-forca-kapet-per-shkume-te-detit\/\" \/>\n<meta property=\"og:locale\" content=\"en_US\" \/>\n<meta property=\"og:type\" content=\"article\" \/>\n<meta property=\"og:title\" content=\"Zenka: Forca kapet p\u00ebr \u201cshkum\u00eb t\u00eb detit\u201d - Video - Lajme nga Ulqini\" \/>\n<meta property=\"og:description\" content=\"UDSH akoma nuk ka vendos se me cil\u00ebn parti do t\u00eb hyj\u00eb n\u00eb koalicion n\u00eb Ulqin, ka theksuar p\u00ebr portalin e RTMZ lideri i UDSH Mehmet Zenka, duke shtuar se\" \/>\n<meta property=\"og:url\" content=\"https:\/\/www.visit-ulcinj.com\/blog\/2014\/01\/31\/zenka-forca-kapet-per-shkume-te-detit\/\" \/>\n<meta property=\"og:site_name\" content=\"Lajme nga Ulqini\" \/>\n<meta property=\"article:published_time\" content=\"2014-01-31T07:12:55+00:00\" \/>\n<meta property=\"article:modified_time\" content=\"2014-02-01T23:22:13+00:00\" \/>\n<meta property=\"og:image\" content=\"http:\/\/www.visit-ulcinj.com\/blog\/wp-content\/uploads\/2014\/01\/Mehmet-Zenka-UDSH.jpg\" \/>\n<meta name=\"twitter:label1\" content=\"Written by\" \/>\n\t<meta name=\"twitter:data1\" content=\"ulqini\" \/>\n\t<meta name=\"twitter:label2\" content=\"Est. reading time\" \/>\n\t<meta name=\"twitter:data2\" content=\"1 minute\" \/>\n<script type=\"application\/ld+json\" class=\"yoast-schema-graph\">{\"@context\":\"https:\/\/schema.org\",\"@graph\":[{\"@type\":\"WebSite\",\"@id\":\"https:\/\/www.visit-ulcinj.com\/blog\/#website\",\"url\":\"https:\/\/www.visit-ulcinj.com\/blog\/\",\"name\":\"Lajme nga Ulqini\",\"description\":\"Lajme,Vijesti,Ulqini,Ulqin,Crna Gora,Mali i Zi\",\"potentialAction\":[{\"@type\":\"SearchAction\",\"target\":{\"@type\":\"EntryPoint\",\"urlTemplate\":\"https:\/\/www.visit-ulcinj.com\/blog\/?s={search_term_string}\"},\"query-input\":\"required name=search_term_string\"}],\"inLanguage\":\"en-US\"},{\"@type\":\"ImageObject\",\"inLanguage\":\"en-US\",\"@id\":\"https:\/\/www.visit-ulcinj.com\/blog\/2014\/01\/31\/zenka-forca-kapet-per-shkume-te-detit\/#primaryimage\",\"url\":\"https:\/\/www.visit-ulcinj.com\/blog\/wp-content\/uploads\/2014\/01\/Mehmet-Zenka-UDSH.jpg\",\"contentUrl\":\"https:\/\/www.visit-ulcinj.com\/blog\/wp-content\/uploads\/2014\/01\/Mehmet-Zenka-UDSH.jpg\",\"width\":960,\"height\":856},{\"@type\":\"WebPage\",\"@id\":\"https:\/\/www.visit-ulcinj.com\/blog\/2014\/01\/31\/zenka-forca-kapet-per-shkume-te-detit\/#webpage\",\"url\":\"https:\/\/www.visit-ulcinj.com\/blog\/2014\/01\/31\/zenka-forca-kapet-per-shkume-te-detit\/\",\"name\":\"Zenka: Forca kapet p\u00ebr \u201cshkum\u00eb t\u00eb detit\u201d - Video - Lajme nga Ulqini\",\"isPartOf\":{\"@id\":\"https:\/\/www.visit-ulcinj.com\/blog\/#website\"},\"primaryImageOfPage\":{\"@id\":\"https:\/\/www.visit-ulcinj.com\/blog\/2014\/01\/31\/zenka-forca-kapet-per-shkume-te-detit\/#primaryimage\"},\"datePublished\":\"2014-01-31T07:12:55+00:00\",\"dateModified\":\"2014-02-01T23:22:13+00:00\",\"author\":{\"@id\":\"https:\/\/www.visit-ulcinj.com\/blog\/#\/schema\/person\/dcab619c614d3038751c63bc2aadc06d\"},\"description\":\"UDSH akoma nuk ka vendos se me cil\u00ebn parti do t\u00eb hyj\u00eb n\u00eb koalicion n\u00eb Ulqin, ka theksuar p\u00ebr portalin e RTMZ lideri i UDSH Mehmet Zenka, duke shtuar se\",\"breadcrumb\":{\"@id\":\"https:\/\/www.visit-ulcinj.com\/blog\/2014\/01\/31\/zenka-forca-kapet-per-shkume-te-detit\/#breadcrumb\"},\"inLanguage\":\"en-US\",\"potentialAction\":[{\"@type\":\"ReadAction\",\"target\":[\"https:\/\/www.visit-ulcinj.com\/blog\/2014\/01\/31\/zenka-forca-kapet-per-shkume-te-detit\/\"]}]},{\"@type\":\"BreadcrumbList\",\"@id\":\"https:\/\/www.visit-ulcinj.com\/blog\/2014\/01\/31\/zenka-forca-kapet-per-shkume-te-detit\/#breadcrumb\",\"itemListElement\":[{\"@type\":\"ListItem\",\"position\":1,\"name\":\"Zenka: Forca kapet p\u00ebr \u201cshkum\u00eb t\u00eb detit\u201d &#8211; Video\"}]},{\"@type\":\"Person\",\"@id\":\"https:\/\/www.visit-ulcinj.com\/blog\/#\/schema\/person\/dcab619c614d3038751c63bc2aadc06d\",\"name\":\"ulqini\",\"sameAs\":[\"http:\/\/www.visit-ulcinj.com\"],\"url\":\"https:\/\/www.visit-ulcinj.com\/blog\/author\/admin\/\"}]}<\/script>\n<!-- \/ Yoast SEO plugin. -->","yoast_head_json":{"title":"Zenka: Forca kapet p\u00ebr \u201cshkum\u00eb t\u00eb detit\u201d - Video - Lajme nga Ulqini","description":"UDSH akoma nuk ka vendos se me cil\u00ebn parti do t\u00eb hyj\u00eb n\u00eb koalicion n\u00eb Ulqin, ka theksuar p\u00ebr portalin e RTMZ lideri i UDSH Mehmet Zenka, duke shtuar se","robots":{"index":"index","follow":"follow","max-snippet":"max-snippet:-1","max-image-preview":"max-image-preview:large","max-video-preview":"max-video-preview:-1"},"canonical":"https:\/\/www.visit-ulcinj.com\/blog\/2014\/01\/31\/zenka-forca-kapet-per-shkume-te-detit\/","og_locale":"en_US","og_type":"article","og_title":"Zenka: Forca kapet p\u00ebr \u201cshkum\u00eb t\u00eb detit\u201d - Video - Lajme nga Ulqini","og_description":"UDSH akoma nuk ka vendos se me cil\u00ebn parti do t\u00eb hyj\u00eb n\u00eb koalicion n\u00eb Ulqin, ka theksuar p\u00ebr portalin e RTMZ lideri i UDSH Mehmet Zenka, duke shtuar se","og_url":"https:\/\/www.visit-ulcinj.com\/blog\/2014\/01\/31\/zenka-forca-kapet-per-shkume-te-detit\/","og_site_name":"Lajme nga Ulqini","article_published_time":"2014-01-31T07:12:55+00:00","article_modified_time":"2014-02-01T23:22:13+00:00","og_image":[{"url":"http:\/\/www.visit-ulcinj.com\/blog\/wp-content\/uploads\/2014\/01\/Mehmet-Zenka-UDSH.jpg"}],"twitter_misc":{"Written by":"ulqini","Est. reading time":"1 minute"},"schema":{"@context":"https:\/\/schema.org","@graph":[{"@type":"WebSite","@id":"https:\/\/www.visit-ulcinj.com\/blog\/#website","url":"https:\/\/www.visit-ulcinj.com\/blog\/","name":"Lajme nga Ulqini","description":"Lajme,Vijesti,Ulqini,Ulqin,Crna Gora,Mali i Zi","potentialAction":[{"@type":"SearchAction","target":{"@type":"EntryPoint","urlTemplate":"https:\/\/www.visit-ulcinj.com\/blog\/?s={search_term_string}"},"query-input":"required name=search_term_string"}],"inLanguage":"en-US"},{"@type":"ImageObject","inLanguage":"en-US","@id":"https:\/\/www.visit-ulcinj.com\/blog\/2014\/01\/31\/zenka-forca-kapet-per-shkume-te-detit\/#primaryimage","url":"https:\/\/www.visit-ulcinj.com\/blog\/wp-content\/uploads\/2014\/01\/Mehmet-Zenka-UDSH.jpg","contentUrl":"https:\/\/www.visit-ulcinj.com\/blog\/wp-content\/uploads\/2014\/01\/Mehmet-Zenka-UDSH.jpg","width":960,"height":856},{"@type":"WebPage","@id":"https:\/\/www.visit-ulcinj.com\/blog\/2014\/01\/31\/zenka-forca-kapet-per-shkume-te-detit\/#webpage","url":"https:\/\/www.visit-ulcinj.com\/blog\/2014\/01\/31\/zenka-forca-kapet-per-shkume-te-detit\/","name":"Zenka: Forca kapet p\u00ebr \u201cshkum\u00eb t\u00eb detit\u201d - Video - Lajme nga Ulqini","isPartOf":{"@id":"https:\/\/www.visit-ulcinj.com\/blog\/#website"},"primaryImageOfPage":{"@id":"https:\/\/www.visit-ulcinj.com\/blog\/2014\/01\/31\/zenka-forca-kapet-per-shkume-te-detit\/#primaryimage"},"datePublished":"2014-01-31T07:12:55+00:00","dateModified":"2014-02-01T23:22:13+00:00","author":{"@id":"https:\/\/www.visit-ulcinj.com\/blog\/#\/schema\/person\/dcab619c614d3038751c63bc2aadc06d"},"description":"UDSH akoma nuk ka vendos se me cil\u00ebn parti do t\u00eb hyj\u00eb n\u00eb koalicion n\u00eb Ulqin, ka theksuar p\u00ebr portalin e RTMZ lideri i UDSH Mehmet Zenka, duke shtuar se","breadcrumb":{"@id":"https:\/\/www.visit-ulcinj.com\/blog\/2014\/01\/31\/zenka-forca-kapet-per-shkume-te-detit\/#breadcrumb"},"inLanguage":"en-US","potentialAction":[{"@type":"ReadAction","target":["https:\/\/www.visit-ulcinj.com\/blog\/2014\/01\/31\/zenka-forca-kapet-per-shkume-te-detit\/"]}]},{"@type":"BreadcrumbList","@id":"https:\/\/www.visit-ulcinj.com\/blog\/2014\/01\/31\/zenka-forca-kapet-per-shkume-te-detit\/#breadcrumb","itemListElement":[{"@type":"ListItem","position":1,"name":"Zenka: Forca kapet p\u00ebr \u201cshkum\u00eb t\u00eb detit\u201d &#8211; Video"}]},{"@type":"Person","@id":"https:\/\/www.visit-ulcinj.com\/blog\/#\/schema\/person\/dcab619c614d3038751c63bc2aadc06d","name":"ulqini","sameAs":["http:\/\/www.visit-ulcinj.com"],"url":"https:\/\/www.visit-ulcinj.com\/blog\/author\/admin\/"}]}},"jetpack_featured_media_url":"","jetpack_sharing_enabled":true,"jetpack_shortlink":"https:\/\/wp.me\/pe6lTn-kzg","_links":{"self":[{"href":"https:\/\/www.visit-ulcinj.com\/blog\/wp-json\/wp\/v2\/posts\/79066"}],"collection":[{"href":"https:\/\/www.visit-ulcinj.com\/blog\/wp-json\/wp\/v2\/posts"}],"about":[{"href":"https:\/\/www.visit-ulcinj.com\/blog\/wp-json\/wp\/v2\/types\/post"}],"author":[{"embeddable":true,"href":"https:\/\/www.visit-ulcinj.com\/blog\/wp-json\/wp\/v2\/users\/1"}],"replies":[{"embeddable":true,"href":"https:\/\/www.visit-ulcinj.com\/blog\/wp-json\/wp\/v2\/comments?post=79066"}],"version-history":[{"count":2,"href":"https:\/\/www.visit-ulcinj.com\/blog\/wp-json\/wp\/v2\/posts\/79066\/revisions"}],"predecessor-version":[{"id":79156,"href":"https:\/\/www.visit-ulcinj.com\/blog\/wp-json\/wp\/v2\/posts\/79066\/revisions\/79156"}],"wp:attachment":[{"href":"https:\/\/www.visit-ulcinj.com\/blog\/wp-json\/wp\/v2\/media?parent=79066"}],"wp:term":[{"taxonomy":"category","embeddable":true,"href":"https:\/\/www.visit-ulcinj.com\/blog\/wp-json\/wp\/v2\/categories?post=79066"},{"taxonomy":"post_tag","embeddable":true,"href":"https:\/\/www.visit-ulcinj.com\/blog\/wp-json\/wp\/v2\/tags?post=79066"}],"curies":[{"name":"wp","href":"https:\/\/api.w.org\/{rel}","templated":true}]}}