{"id":79068,"date":"2014-01-31T08:24:43","date_gmt":"2014-01-31T07:24:43","guid":{"rendered":"http:\/\/www.visit-ulcinj.com\/blog\/?p=79068"},"modified":"2014-01-31T08:25:02","modified_gmt":"2014-01-31T07:25:02","slug":"ulcinj-svako-sa-svakim-pregovara","status":"publish","type":"post","link":"https:\/\/www.visit-ulcinj.com\/blog\/2014\/01\/31\/ulcinj-svako-sa-svakim-pregovara\/","title":{"rendered":"Ulcinj: Svako sa svakim pregovara"},"content":{"rendered":"<p><strong>ULCINJ \u2013 U DUA i Koaliciji \u201eZajedno za budu\u0107nost Ulcinja\u201c jo\u0161 nije odlu\u010deno sa kojim \u0107e strankama stupiti u postizbornu koaliciju. Obje \u0107e se odazvati pozivu Force na razgovore, potvrdili su Fatmir \u0110eka, \u010delnik Koalicije \u201eZajedno za budu\u0107nost Ulcinja\u201c, i Mehmet Zenka, \u010delnik DUA. Prvi \u010dovjek ulcinjskog DPS-a Ljoro Nreki\u0107 je rekao da \u0107e sljede\u0107e nedjelje razgovor obaviti sa DUA, Koalicijom, Forcom i SDP-om.<\/strong><\/p>\n<p>&#8211; U skladu sa odlukom Glavnog odbora, a polaze\u0107i od programskih ciljeva Force kao i bliskosti partijskih programa, Glavni odbor je ocijenio da postizborna koalicija sa Koalicijom \u201eZajedno za budu\u0107nost Ulcinja\u201c i DUA na najbolji na\u010din omogu\u0107ava realizaciju politi\u010dkog programa Force, koja je u interesu svih gra\u0111ana Ulcinja \u2013 rekao je Pobjedi Nazif Cungu, lider Force.<\/p>\n<p>Lider Koalicije \u201eZajedno za budu\u0107nost Ulcinja\u201c Fatmir \u0110eka potvrdio je Pobjedi da su dobili poziv od Force i da su otvoreni za razgovore sa njima.<\/p>\n<p><a href=\"http:\/\/www.visit-ulcinj.com\/blog\/wp-content\/uploads\/2014\/01\/Sot-heshtje-zgjedhore-n\u00eb-Ulqin.jpg\"><img loading=\"lazy\" class=\"alignleft  wp-image-78678\" alt=\"Sot heshtje zgjedhore n\u00eb Ulqin\" src=\"http:\/\/www.visit-ulcinj.com\/blog\/wp-content\/uploads\/2014\/01\/Sot-heshtje-zgjedhore-n\u00eb-Ulqin.jpg\" width=\"508\" height=\"360\" \/><\/a>&#8211; Mi \u0107emo se odazvati pozivu i s obzirom na to \u0161ta se tu bude prezentovalo takvu \u0107emo odluku i donijeti. DUA nikada nije svoju politiku usmjeravala prema ponu\u0111enim stolicama, pa \u0107e tako biti i sada i ubudu\u0107e. Po\u0161to nije iskreno po\u010delo, sumnjam da \u0107e se iskreno i zavr\u0161iti. Mi \u0107emo ostati pri na\u0161em stavu i ispo\u0161tovati na\u0161e glasa\u010de. Albanska stvar je bila i prije izbora, pa su se tada mnogi utrkivali ko \u0107e biti bli\u017ee DPS-u. Sada je krenula pri\u010da koja apsolutno ne treba Albancima u Crnoj Gori, jer nije iskrena. DUA je uvijek bila iskrena sa svojim stavovima. Dok god smo mi bili jaki na sceni, ni onakve smicalice nijesu bile mogu\u0107e. Ovdje imamo posao sa politikama koje apsolutno ne znaju \u0161ta \u0107e, ni kako \u0107e, ni kuda \u0107e. Mi \u0107emo se odazvati svakom pozivu i razgovarati sa svima, ali \u0161ta \u0107e biti odlu\u010deno zavisi isklju\u010divo od toga da li je u interesu na\u0161ih bira\u010da \u2013 rekao je Pobjedi Mehmet Zenka.<\/p>\n<p>&#8211; Pregovori DPS-a \u0107e po\u010deti sljede\u0107e nedjelje. Sasta\u0107emo se sa svakom partijom: Demokratskom unijom, Koalicijom \u201eZajedno za budu\u0107nost Ulcinja\u201c, Forcom, SDP-om \u2013 rekao je Pobjedi Ljoro Nreki\u0107, nosilac liste DPS-a.<\/p>\n<p>Prema preliminarnim rezultatima OIK, DPS je osvojila devet mandata \u2013 3174 glasova, Forca\u00a0 osam mandata \u2013 2928 glasova, Koalicija ,,Zajedno za bolji Ulcinj\u201c sedam \u2013 2345 glasova,\u00a0 DUA tri\u00a0 \u2013 1058 glasova,\u00a0 SDP\u00a0 dva mandata \u2013 820 glasova, Pozitivna CG dva mandata \u2013 682 glasova, SNP jedan mandat -479 glasova i DF jedan mandat \u2013 387 glasova.<\/p>\n<p><em><strong>Ana \u017divanovi\u0107<\/strong><\/em><\/p>\n<p><strong>Izvor: POBJEDA<\/strong><\/p>\n","protected":false},"excerpt":{"rendered":"<p>ULCINJ \u2013 U DUA i Koaliciji \u201eZajedno za budu\u0107nost Ulcinja\u201c jo\u0161 nije odlu\u010deno sa kojim \u0107e strankama stupiti u postizbornu koaliciju. Obje \u0107e se odazvati pozivu Force na razgovore, potvrdili su Fatmir \u0110eka, \u010delnik Koalicije \u201eZajedno za budu\u0107nost Ulcinja\u201c, i Mehmet Zenka, \u010delnik DUA. Prvi \u010dovjek ulcinjskog DPS-a Ljoro Nreki\u0107 je rekao da \u0107e sljede\u0107e [&hellip;]<\/p>\n","protected":false},"author":1,"featured_media":0,"comment_status":"closed","ping_status":"closed","sticky":false,"template":"","format":"standard","meta":{"spay_email":"","jetpack_publicize_message":"","jetpack_is_tweetstorm":false,"jetpack_publicize_feature_enabled":true},"categories":[8337],"tags":[],"jetpack_publicize_connections":[],"yoast_head":"<!-- This site is optimized with the Yoast SEO plugin v19.1 - https:\/\/yoast.com\/wordpress\/plugins\/seo\/ -->\n<title>Ulcinj: Svako sa svakim pregovara - Lajme nga Ulqini<\/title>\n<meta name=\"description\" content=\"ULCINJ \u2013 U DUA i Koaliciji \u201eZajedno za budu\u0107nost Ulcinja\u201c jo\u0161 nije odlu\u010deno sa kojim \u0107e strankama stupiti u postizbornu koaliciju. Obje \u0107e se odazvati\" \/>\n<meta name=\"robots\" content=\"index, follow, max-snippet:-1, max-image-preview:large, max-video-preview:-1\" \/>\n<link rel=\"canonical\" href=\"https:\/\/www.visit-ulcinj.com\/blog\/2014\/01\/31\/ulcinj-svako-sa-svakim-pregovara\/\" \/>\n<meta property=\"og:locale\" content=\"en_US\" \/>\n<meta property=\"og:type\" content=\"article\" \/>\n<meta property=\"og:title\" content=\"Ulcinj: Svako sa svakim pregovara - Lajme nga Ulqini\" \/>\n<meta property=\"og:description\" content=\"ULCINJ \u2013 U DUA i Koaliciji \u201eZajedno za budu\u0107nost Ulcinja\u201c jo\u0161 nije odlu\u010deno sa kojim \u0107e strankama stupiti u postizbornu koaliciju. Obje \u0107e se odazvati\" \/>\n<meta property=\"og:url\" content=\"https:\/\/www.visit-ulcinj.com\/blog\/2014\/01\/31\/ulcinj-svako-sa-svakim-pregovara\/\" \/>\n<meta property=\"og:site_name\" content=\"Lajme nga Ulqini\" \/>\n<meta property=\"article:published_time\" content=\"2014-01-31T07:24:43+00:00\" \/>\n<meta property=\"article:modified_time\" content=\"2014-01-31T07:25:02+00:00\" \/>\n<meta name=\"twitter:label1\" content=\"Written by\" \/>\n\t<meta name=\"twitter:data1\" content=\"ulqini\" \/>\n\t<meta name=\"twitter:label2\" content=\"Est. reading time\" \/>\n\t<meta name=\"twitter:data2\" content=\"2 minutes\" \/>\n<script type=\"application\/ld+json\" class=\"yoast-schema-graph\">{\"@context\":\"https:\/\/schema.org\",\"@graph\":[{\"@type\":\"WebSite\",\"@id\":\"https:\/\/www.visit-ulcinj.com\/blog\/#website\",\"url\":\"https:\/\/www.visit-ulcinj.com\/blog\/\",\"name\":\"Lajme nga Ulqini\",\"description\":\"Lajme,Vijesti,Ulqini,Ulqin,Crna Gora,Mali i Zi\",\"potentialAction\":[{\"@type\":\"SearchAction\",\"target\":{\"@type\":\"EntryPoint\",\"urlTemplate\":\"https:\/\/www.visit-ulcinj.com\/blog\/?s={search_term_string}\"},\"query-input\":\"required name=search_term_string\"}],\"inLanguage\":\"en-US\"},{\"@type\":\"WebPage\",\"@id\":\"https:\/\/www.visit-ulcinj.com\/blog\/2014\/01\/31\/ulcinj-svako-sa-svakim-pregovara\/#webpage\",\"url\":\"https:\/\/www.visit-ulcinj.com\/blog\/2014\/01\/31\/ulcinj-svako-sa-svakim-pregovara\/\",\"name\":\"Ulcinj: Svako sa svakim pregovara - Lajme nga Ulqini\",\"isPartOf\":{\"@id\":\"https:\/\/www.visit-ulcinj.com\/blog\/#website\"},\"datePublished\":\"2014-01-31T07:24:43+00:00\",\"dateModified\":\"2014-01-31T07:25:02+00:00\",\"author\":{\"@id\":\"https:\/\/www.visit-ulcinj.com\/blog\/#\/schema\/person\/dcab619c614d3038751c63bc2aadc06d\"},\"description\":\"ULCINJ \u2013 U DUA i Koaliciji \u201eZajedno za budu\u0107nost Ulcinja\u201c jo\u0161 nije odlu\u010deno sa kojim \u0107e strankama stupiti u postizbornu koaliciju. Obje \u0107e se odazvati\",\"breadcrumb\":{\"@id\":\"https:\/\/www.visit-ulcinj.com\/blog\/2014\/01\/31\/ulcinj-svako-sa-svakim-pregovara\/#breadcrumb\"},\"inLanguage\":\"en-US\",\"potentialAction\":[{\"@type\":\"ReadAction\",\"target\":[\"https:\/\/www.visit-ulcinj.com\/blog\/2014\/01\/31\/ulcinj-svako-sa-svakim-pregovara\/\"]}]},{\"@type\":\"BreadcrumbList\",\"@id\":\"https:\/\/www.visit-ulcinj.com\/blog\/2014\/01\/31\/ulcinj-svako-sa-svakim-pregovara\/#breadcrumb\",\"itemListElement\":[{\"@type\":\"ListItem\",\"position\":1,\"name\":\"Ulcinj: Svako sa svakim pregovara\"}]},{\"@type\":\"Person\",\"@id\":\"https:\/\/www.visit-ulcinj.com\/blog\/#\/schema\/person\/dcab619c614d3038751c63bc2aadc06d\",\"name\":\"ulqini\",\"sameAs\":[\"http:\/\/www.visit-ulcinj.com\"],\"url\":\"https:\/\/www.visit-ulcinj.com\/blog\/author\/admin\/\"}]}<\/script>\n<!-- \/ Yoast SEO plugin. -->","yoast_head_json":{"title":"Ulcinj: Svako sa svakim pregovara - Lajme nga Ulqini","description":"ULCINJ \u2013 U DUA i Koaliciji \u201eZajedno za budu\u0107nost Ulcinja\u201c jo\u0161 nije odlu\u010deno sa kojim \u0107e strankama stupiti u postizbornu koaliciju. Obje \u0107e se odazvati","robots":{"index":"index","follow":"follow","max-snippet":"max-snippet:-1","max-image-preview":"max-image-preview:large","max-video-preview":"max-video-preview:-1"},"canonical":"https:\/\/www.visit-ulcinj.com\/blog\/2014\/01\/31\/ulcinj-svako-sa-svakim-pregovara\/","og_locale":"en_US","og_type":"article","og_title":"Ulcinj: Svako sa svakim pregovara - Lajme nga Ulqini","og_description":"ULCINJ \u2013 U DUA i Koaliciji \u201eZajedno za budu\u0107nost Ulcinja\u201c jo\u0161 nije odlu\u010deno sa kojim \u0107e strankama stupiti u postizbornu koaliciju. Obje \u0107e se odazvati","og_url":"https:\/\/www.visit-ulcinj.com\/blog\/2014\/01\/31\/ulcinj-svako-sa-svakim-pregovara\/","og_site_name":"Lajme nga Ulqini","article_published_time":"2014-01-31T07:24:43+00:00","article_modified_time":"2014-01-31T07:25:02+00:00","twitter_misc":{"Written by":"ulqini","Est. reading time":"2 minutes"},"schema":{"@context":"https:\/\/schema.org","@graph":[{"@type":"WebSite","@id":"https:\/\/www.visit-ulcinj.com\/blog\/#website","url":"https:\/\/www.visit-ulcinj.com\/blog\/","name":"Lajme nga Ulqini","description":"Lajme,Vijesti,Ulqini,Ulqin,Crna Gora,Mali i Zi","potentialAction":[{"@type":"SearchAction","target":{"@type":"EntryPoint","urlTemplate":"https:\/\/www.visit-ulcinj.com\/blog\/?s={search_term_string}"},"query-input":"required name=search_term_string"}],"inLanguage":"en-US"},{"@type":"WebPage","@id":"https:\/\/www.visit-ulcinj.com\/blog\/2014\/01\/31\/ulcinj-svako-sa-svakim-pregovara\/#webpage","url":"https:\/\/www.visit-ulcinj.com\/blog\/2014\/01\/31\/ulcinj-svako-sa-svakim-pregovara\/","name":"Ulcinj: Svako sa svakim pregovara - Lajme nga Ulqini","isPartOf":{"@id":"https:\/\/www.visit-ulcinj.com\/blog\/#website"},"datePublished":"2014-01-31T07:24:43+00:00","dateModified":"2014-01-31T07:25:02+00:00","author":{"@id":"https:\/\/www.visit-ulcinj.com\/blog\/#\/schema\/person\/dcab619c614d3038751c63bc2aadc06d"},"description":"ULCINJ \u2013 U DUA i Koaliciji \u201eZajedno za budu\u0107nost Ulcinja\u201c jo\u0161 nije odlu\u010deno sa kojim \u0107e strankama stupiti u postizbornu koaliciju. Obje \u0107e se odazvati","breadcrumb":{"@id":"https:\/\/www.visit-ulcinj.com\/blog\/2014\/01\/31\/ulcinj-svako-sa-svakim-pregovara\/#breadcrumb"},"inLanguage":"en-US","potentialAction":[{"@type":"ReadAction","target":["https:\/\/www.visit-ulcinj.com\/blog\/2014\/01\/31\/ulcinj-svako-sa-svakim-pregovara\/"]}]},{"@type":"BreadcrumbList","@id":"https:\/\/www.visit-ulcinj.com\/blog\/2014\/01\/31\/ulcinj-svako-sa-svakim-pregovara\/#breadcrumb","itemListElement":[{"@type":"ListItem","position":1,"name":"Ulcinj: Svako sa svakim pregovara"}]},{"@type":"Person","@id":"https:\/\/www.visit-ulcinj.com\/blog\/#\/schema\/person\/dcab619c614d3038751c63bc2aadc06d","name":"ulqini","sameAs":["http:\/\/www.visit-ulcinj.com"],"url":"https:\/\/www.visit-ulcinj.com\/blog\/author\/admin\/"}]}},"jetpack_featured_media_url":"","jetpack_sharing_enabled":true,"jetpack_shortlink":"https:\/\/wp.me\/pe6lTn-kzi","_links":{"self":[{"href":"https:\/\/www.visit-ulcinj.com\/blog\/wp-json\/wp\/v2\/posts\/79068"}],"collection":[{"href":"https:\/\/www.visit-ulcinj.com\/blog\/wp-json\/wp\/v2\/posts"}],"about":[{"href":"https:\/\/www.visit-ulcinj.com\/blog\/wp-json\/wp\/v2\/types\/post"}],"author":[{"embeddable":true,"href":"https:\/\/www.visit-ulcinj.com\/blog\/wp-json\/wp\/v2\/users\/1"}],"replies":[{"embeddable":true,"href":"https:\/\/www.visit-ulcinj.com\/blog\/wp-json\/wp\/v2\/comments?post=79068"}],"version-history":[{"count":2,"href":"https:\/\/www.visit-ulcinj.com\/blog\/wp-json\/wp\/v2\/posts\/79068\/revisions"}],"predecessor-version":[{"id":79070,"href":"https:\/\/www.visit-ulcinj.com\/blog\/wp-json\/wp\/v2\/posts\/79068\/revisions\/79070"}],"wp:attachment":[{"href":"https:\/\/www.visit-ulcinj.com\/blog\/wp-json\/wp\/v2\/media?parent=79068"}],"wp:term":[{"taxonomy":"category","embeddable":true,"href":"https:\/\/www.visit-ulcinj.com\/blog\/wp-json\/wp\/v2\/categories?post=79068"},{"taxonomy":"post_tag","embeddable":true,"href":"https:\/\/www.visit-ulcinj.com\/blog\/wp-json\/wp\/v2\/tags?post=79068"}],"curies":[{"name":"wp","href":"https:\/\/api.w.org\/{rel}","templated":true}]}}