{"id":79071,"date":"2014-01-31T08:37:51","date_gmt":"2014-01-31T07:37:51","guid":{"rendered":"http:\/\/www.visit-ulcinj.com\/blog\/?p=79071"},"modified":"2014-01-31T08:39:09","modified_gmt":"2014-01-31T07:39:09","slug":"ulqin-banoret-shqetesohen-per-pronat-e-veta-video","status":"publish","type":"post","link":"https:\/\/www.visit-ulcinj.com\/blog\/2014\/01\/31\/ulqin-banoret-shqetesohen-per-pronat-e-veta-video\/","title":{"rendered":"Ulqin: Banor\u00ebt shqet\u00ebsohen p\u00ebr pronat e veta &#8211; Video"},"content":{"rendered":"<p><a href=\"http:\/\/www.visit-ulcinj.com\/blog\/wp-content\/uploads\/2014\/01\/NA-KTHENI-PRONAT-NE-VALDANOS_ULQIN.jpg\"><img loading=\"lazy\" class=\"alignleft  wp-image-79072\" alt=\"NA-KTHENI-PRONAT-NE-VALDANOS_ULQIN\" src=\"http:\/\/www.visit-ulcinj.com\/blog\/wp-content\/uploads\/2014\/01\/NA-KTHENI-PRONAT-NE-VALDANOS_ULQIN.jpg\" width=\"508\" height=\"360\" \/><\/a>Ulqini \u00ebsht\u00eb qyteti q\u00eb popullohet thuajse t\u00ebr\u00ebsisht nga shqiptar\u00ebt n\u00eb Mal t\u00eb Zi. Banor\u00ebt e Ulqinit thon\u00eb se po rrezikohen pronat e tyre, t\u00eb trash\u00ebguara nd\u00ebr shekuj. P\u00ebr mbrojtjen e tyre ata kan\u00eb krijuar nj\u00eb grupim t\u00eb gj\u00ebr\u00eb, ku b\u00ebjn\u00eb pjes\u00eb disa shoqata joqeveritare, p\u00ebrfaq\u00ebsues t\u00eb komuniteteve fetare dhe disa prej partive politike.<\/p>\n<p><strong>Pllumb Sulo<\/strong><\/p>\n<p><strong>VAO<\/strong><br \/>\n<iframe loading=\"lazy\" src=\"http:\/\/zeriamerikes.share.voanews.eu\/flashembed.aspx?t=vid&amp;id=1841139&amp;w=640&amp;h=363&amp;skin=embeded\" scrolling=\"no\" frameborder=\"0\" width=\"508\" height=\"363\"><\/iframe><\/p>\n","protected":false},"excerpt":{"rendered":"<p>Ulqini \u00ebsht\u00eb qyteti q\u00eb popullohet thuajse t\u00ebr\u00ebsisht nga shqiptar\u00ebt n\u00eb Mal t\u00eb Zi. Banor\u00ebt e Ulqinit thon\u00eb se po rrezikohen pronat e tyre, t\u00eb trash\u00ebguara nd\u00ebr shekuj. P\u00ebr mbrojtjen e tyre ata kan\u00eb krijuar nj\u00eb grupim t\u00eb gj\u00ebr\u00eb, ku b\u00ebjn\u00eb pjes\u00eb disa shoqata joqeveritare, p\u00ebrfaq\u00ebsues t\u00eb komuniteteve fetare dhe disa prej partive politike. Pllumb Sulo [&hellip;]<\/p>\n","protected":false},"author":1,"featured_media":0,"comment_status":"closed","ping_status":"closed","sticky":false,"template":"","format":"standard","meta":{"spay_email":"","jetpack_publicize_message":"","jetpack_is_tweetstorm":false,"jetpack_publicize_feature_enabled":true},"categories":[10],"tags":[],"jetpack_publicize_connections":[],"yoast_head":"<!-- This site is optimized with the Yoast SEO plugin v19.1 - https:\/\/yoast.com\/wordpress\/plugins\/seo\/ -->\n<title>Ulqin: Banor\u00ebt shqet\u00ebsohen p\u00ebr pronat e veta - Video - Lajme nga Ulqini<\/title>\n<meta name=\"description\" content=\"Ulqini \u00ebsht\u00eb qyteti q\u00eb popullohet thuajse t\u00ebr\u00ebsisht nga shqiptar\u00ebt n\u00eb Mal t\u00eb Zi. Banor\u00ebt e Ulqinit thon\u00eb se po rrezikohen pronat e tyre, t\u00eb trash\u00ebguara\" \/>\n<meta name=\"robots\" content=\"index, follow, max-snippet:-1, max-image-preview:large, max-video-preview:-1\" \/>\n<link rel=\"canonical\" href=\"https:\/\/www.visit-ulcinj.com\/blog\/2014\/01\/31\/ulqin-banoret-shqetesohen-per-pronat-e-veta-video\/\" \/>\n<meta property=\"og:locale\" content=\"en_US\" \/>\n<meta property=\"og:type\" content=\"article\" \/>\n<meta property=\"og:title\" content=\"Ulqin: Banor\u00ebt shqet\u00ebsohen p\u00ebr pronat e veta - Video - Lajme nga Ulqini\" \/>\n<meta property=\"og:description\" content=\"Ulqini \u00ebsht\u00eb qyteti q\u00eb popullohet thuajse t\u00ebr\u00ebsisht nga shqiptar\u00ebt n\u00eb Mal t\u00eb Zi. Banor\u00ebt e Ulqinit thon\u00eb se po rrezikohen pronat e tyre, t\u00eb trash\u00ebguara\" \/>\n<meta property=\"og:url\" content=\"https:\/\/www.visit-ulcinj.com\/blog\/2014\/01\/31\/ulqin-banoret-shqetesohen-per-pronat-e-veta-video\/\" \/>\n<meta property=\"og:site_name\" content=\"Lajme nga Ulqini\" \/>\n<meta property=\"article:published_time\" content=\"2014-01-31T07:37:51+00:00\" \/>\n<meta property=\"article:modified_time\" content=\"2014-01-31T07:39:09+00:00\" \/>\n<meta property=\"og:image\" content=\"http:\/\/www.visit-ulcinj.com\/blog\/wp-content\/uploads\/2014\/01\/NA-KTHENI-PRONAT-NE-VALDANOS_ULQIN.jpg\" \/>\n<meta name=\"twitter:label1\" content=\"Written by\" \/>\n\t<meta name=\"twitter:data1\" content=\"ulqini\" \/>\n<script type=\"application\/ld+json\" class=\"yoast-schema-graph\">{\"@context\":\"https:\/\/schema.org\",\"@graph\":[{\"@type\":\"WebSite\",\"@id\":\"https:\/\/www.visit-ulcinj.com\/blog\/#website\",\"url\":\"https:\/\/www.visit-ulcinj.com\/blog\/\",\"name\":\"Lajme nga Ulqini\",\"description\":\"Lajme,Vijesti,Ulqini,Ulqin,Crna Gora,Mali i Zi\",\"potentialAction\":[{\"@type\":\"SearchAction\",\"target\":{\"@type\":\"EntryPoint\",\"urlTemplate\":\"https:\/\/www.visit-ulcinj.com\/blog\/?s={search_term_string}\"},\"query-input\":\"required name=search_term_string\"}],\"inLanguage\":\"en-US\"},{\"@type\":\"ImageObject\",\"inLanguage\":\"en-US\",\"@id\":\"https:\/\/www.visit-ulcinj.com\/blog\/2014\/01\/31\/ulqin-banoret-shqetesohen-per-pronat-e-veta-video\/#primaryimage\",\"url\":\"https:\/\/www.visit-ulcinj.com\/blog\/wp-content\/uploads\/2014\/01\/NA-KTHENI-PRONAT-NE-VALDANOS_ULQIN.jpg\",\"contentUrl\":\"https:\/\/www.visit-ulcinj.com\/blog\/wp-content\/uploads\/2014\/01\/NA-KTHENI-PRONAT-NE-VALDANOS_ULQIN.jpg\",\"width\":604,\"height\":402},{\"@type\":\"WebPage\",\"@id\":\"https:\/\/www.visit-ulcinj.com\/blog\/2014\/01\/31\/ulqin-banoret-shqetesohen-per-pronat-e-veta-video\/#webpage\",\"url\":\"https:\/\/www.visit-ulcinj.com\/blog\/2014\/01\/31\/ulqin-banoret-shqetesohen-per-pronat-e-veta-video\/\",\"name\":\"Ulqin: Banor\u00ebt shqet\u00ebsohen p\u00ebr pronat e veta - Video - Lajme nga Ulqini\",\"isPartOf\":{\"@id\":\"https:\/\/www.visit-ulcinj.com\/blog\/#website\"},\"primaryImageOfPage\":{\"@id\":\"https:\/\/www.visit-ulcinj.com\/blog\/2014\/01\/31\/ulqin-banoret-shqetesohen-per-pronat-e-veta-video\/#primaryimage\"},\"datePublished\":\"2014-01-31T07:37:51+00:00\",\"dateModified\":\"2014-01-31T07:39:09+00:00\",\"author\":{\"@id\":\"https:\/\/www.visit-ulcinj.com\/blog\/#\/schema\/person\/dcab619c614d3038751c63bc2aadc06d\"},\"description\":\"Ulqini \u00ebsht\u00eb qyteti q\u00eb popullohet thuajse t\u00ebr\u00ebsisht nga shqiptar\u00ebt n\u00eb Mal t\u00eb Zi. Banor\u00ebt e Ulqinit thon\u00eb se po rrezikohen pronat e tyre, t\u00eb trash\u00ebguara\",\"breadcrumb\":{\"@id\":\"https:\/\/www.visit-ulcinj.com\/blog\/2014\/01\/31\/ulqin-banoret-shqetesohen-per-pronat-e-veta-video\/#breadcrumb\"},\"inLanguage\":\"en-US\",\"potentialAction\":[{\"@type\":\"ReadAction\",\"target\":[\"https:\/\/www.visit-ulcinj.com\/blog\/2014\/01\/31\/ulqin-banoret-shqetesohen-per-pronat-e-veta-video\/\"]}]},{\"@type\":\"BreadcrumbList\",\"@id\":\"https:\/\/www.visit-ulcinj.com\/blog\/2014\/01\/31\/ulqin-banoret-shqetesohen-per-pronat-e-veta-video\/#breadcrumb\",\"itemListElement\":[{\"@type\":\"ListItem\",\"position\":1,\"name\":\"Ulqin: Banor\u00ebt shqet\u00ebsohen p\u00ebr pronat e veta &#8211; Video\"}]},{\"@type\":\"Person\",\"@id\":\"https:\/\/www.visit-ulcinj.com\/blog\/#\/schema\/person\/dcab619c614d3038751c63bc2aadc06d\",\"name\":\"ulqini\",\"sameAs\":[\"http:\/\/www.visit-ulcinj.com\"],\"url\":\"https:\/\/www.visit-ulcinj.com\/blog\/author\/admin\/\"}]}<\/script>\n<!-- \/ Yoast SEO plugin. -->","yoast_head_json":{"title":"Ulqin: Banor\u00ebt shqet\u00ebsohen p\u00ebr pronat e veta - Video - Lajme nga Ulqini","description":"Ulqini \u00ebsht\u00eb qyteti q\u00eb popullohet thuajse t\u00ebr\u00ebsisht nga shqiptar\u00ebt n\u00eb Mal t\u00eb Zi. Banor\u00ebt e Ulqinit thon\u00eb se po rrezikohen pronat e tyre, t\u00eb trash\u00ebguara","robots":{"index":"index","follow":"follow","max-snippet":"max-snippet:-1","max-image-preview":"max-image-preview:large","max-video-preview":"max-video-preview:-1"},"canonical":"https:\/\/www.visit-ulcinj.com\/blog\/2014\/01\/31\/ulqin-banoret-shqetesohen-per-pronat-e-veta-video\/","og_locale":"en_US","og_type":"article","og_title":"Ulqin: Banor\u00ebt shqet\u00ebsohen p\u00ebr pronat e veta - Video - Lajme nga Ulqini","og_description":"Ulqini \u00ebsht\u00eb qyteti q\u00eb popullohet thuajse t\u00ebr\u00ebsisht nga shqiptar\u00ebt n\u00eb Mal t\u00eb Zi. Banor\u00ebt e Ulqinit thon\u00eb se po rrezikohen pronat e tyre, t\u00eb trash\u00ebguara","og_url":"https:\/\/www.visit-ulcinj.com\/blog\/2014\/01\/31\/ulqin-banoret-shqetesohen-per-pronat-e-veta-video\/","og_site_name":"Lajme nga Ulqini","article_published_time":"2014-01-31T07:37:51+00:00","article_modified_time":"2014-01-31T07:39:09+00:00","og_image":[{"url":"http:\/\/www.visit-ulcinj.com\/blog\/wp-content\/uploads\/2014\/01\/NA-KTHENI-PRONAT-NE-VALDANOS_ULQIN.jpg"}],"twitter_misc":{"Written by":"ulqini"},"schema":{"@context":"https:\/\/schema.org","@graph":[{"@type":"WebSite","@id":"https:\/\/www.visit-ulcinj.com\/blog\/#website","url":"https:\/\/www.visit-ulcinj.com\/blog\/","name":"Lajme nga Ulqini","description":"Lajme,Vijesti,Ulqini,Ulqin,Crna Gora,Mali i Zi","potentialAction":[{"@type":"SearchAction","target":{"@type":"EntryPoint","urlTemplate":"https:\/\/www.visit-ulcinj.com\/blog\/?s={search_term_string}"},"query-input":"required name=search_term_string"}],"inLanguage":"en-US"},{"@type":"ImageObject","inLanguage":"en-US","@id":"https:\/\/www.visit-ulcinj.com\/blog\/2014\/01\/31\/ulqin-banoret-shqetesohen-per-pronat-e-veta-video\/#primaryimage","url":"https:\/\/www.visit-ulcinj.com\/blog\/wp-content\/uploads\/2014\/01\/NA-KTHENI-PRONAT-NE-VALDANOS_ULQIN.jpg","contentUrl":"https:\/\/www.visit-ulcinj.com\/blog\/wp-content\/uploads\/2014\/01\/NA-KTHENI-PRONAT-NE-VALDANOS_ULQIN.jpg","width":604,"height":402},{"@type":"WebPage","@id":"https:\/\/www.visit-ulcinj.com\/blog\/2014\/01\/31\/ulqin-banoret-shqetesohen-per-pronat-e-veta-video\/#webpage","url":"https:\/\/www.visit-ulcinj.com\/blog\/2014\/01\/31\/ulqin-banoret-shqetesohen-per-pronat-e-veta-video\/","name":"Ulqin: Banor\u00ebt shqet\u00ebsohen p\u00ebr pronat e veta - Video - Lajme nga Ulqini","isPartOf":{"@id":"https:\/\/www.visit-ulcinj.com\/blog\/#website"},"primaryImageOfPage":{"@id":"https:\/\/www.visit-ulcinj.com\/blog\/2014\/01\/31\/ulqin-banoret-shqetesohen-per-pronat-e-veta-video\/#primaryimage"},"datePublished":"2014-01-31T07:37:51+00:00","dateModified":"2014-01-31T07:39:09+00:00","author":{"@id":"https:\/\/www.visit-ulcinj.com\/blog\/#\/schema\/person\/dcab619c614d3038751c63bc2aadc06d"},"description":"Ulqini \u00ebsht\u00eb qyteti q\u00eb popullohet thuajse t\u00ebr\u00ebsisht nga shqiptar\u00ebt n\u00eb Mal t\u00eb Zi. Banor\u00ebt e Ulqinit thon\u00eb se po rrezikohen pronat e tyre, t\u00eb trash\u00ebguara","breadcrumb":{"@id":"https:\/\/www.visit-ulcinj.com\/blog\/2014\/01\/31\/ulqin-banoret-shqetesohen-per-pronat-e-veta-video\/#breadcrumb"},"inLanguage":"en-US","potentialAction":[{"@type":"ReadAction","target":["https:\/\/www.visit-ulcinj.com\/blog\/2014\/01\/31\/ulqin-banoret-shqetesohen-per-pronat-e-veta-video\/"]}]},{"@type":"BreadcrumbList","@id":"https:\/\/www.visit-ulcinj.com\/blog\/2014\/01\/31\/ulqin-banoret-shqetesohen-per-pronat-e-veta-video\/#breadcrumb","itemListElement":[{"@type":"ListItem","position":1,"name":"Ulqin: Banor\u00ebt shqet\u00ebsohen p\u00ebr pronat e veta &#8211; Video"}]},{"@type":"Person","@id":"https:\/\/www.visit-ulcinj.com\/blog\/#\/schema\/person\/dcab619c614d3038751c63bc2aadc06d","name":"ulqini","sameAs":["http:\/\/www.visit-ulcinj.com"],"url":"https:\/\/www.visit-ulcinj.com\/blog\/author\/admin\/"}]}},"jetpack_featured_media_url":"","jetpack_sharing_enabled":true,"jetpack_shortlink":"https:\/\/wp.me\/pe6lTn-kzl","_links":{"self":[{"href":"https:\/\/www.visit-ulcinj.com\/blog\/wp-json\/wp\/v2\/posts\/79071"}],"collection":[{"href":"https:\/\/www.visit-ulcinj.com\/blog\/wp-json\/wp\/v2\/posts"}],"about":[{"href":"https:\/\/www.visit-ulcinj.com\/blog\/wp-json\/wp\/v2\/types\/post"}],"author":[{"embeddable":true,"href":"https:\/\/www.visit-ulcinj.com\/blog\/wp-json\/wp\/v2\/users\/1"}],"replies":[{"embeddable":true,"href":"https:\/\/www.visit-ulcinj.com\/blog\/wp-json\/wp\/v2\/comments?post=79071"}],"version-history":[{"count":2,"href":"https:\/\/www.visit-ulcinj.com\/blog\/wp-json\/wp\/v2\/posts\/79071\/revisions"}],"predecessor-version":[{"id":79074,"href":"https:\/\/www.visit-ulcinj.com\/blog\/wp-json\/wp\/v2\/posts\/79071\/revisions\/79074"}],"wp:attachment":[{"href":"https:\/\/www.visit-ulcinj.com\/blog\/wp-json\/wp\/v2\/media?parent=79071"}],"wp:term":[{"taxonomy":"category","embeddable":true,"href":"https:\/\/www.visit-ulcinj.com\/blog\/wp-json\/wp\/v2\/categories?post=79071"},{"taxonomy":"post_tag","embeddable":true,"href":"https:\/\/www.visit-ulcinj.com\/blog\/wp-json\/wp\/v2\/tags?post=79071"}],"curies":[{"name":"wp","href":"https:\/\/api.w.org\/{rel}","templated":true}]}}