{"id":79084,"date":"2014-01-31T19:38:06","date_gmt":"2014-01-31T18:38:06","guid":{"rendered":"http:\/\/www.visit-ulcinj.com\/blog\/?p=79084"},"modified":"2014-01-31T19:39:48","modified_gmt":"2014-01-31T18:39:48","slug":"zoran-piperovic-barovic-izasao-iz-solane","status":"publish","type":"post","link":"https:\/\/www.visit-ulcinj.com\/blog\/2014\/01\/31\/zoran-piperovic-barovic-izasao-iz-solane\/","title":{"rendered":"Zoran Piperovi\u0107: Barovi\u0107 &#8220;iza\u0161ao&#8221; iz Solane"},"content":{"rendered":"<p><a href=\"http:\/\/www.visit-ulcinj.com\/blog\/wp-content\/uploads\/2013\/04\/ULCINJSKA-SOLANA.jpg\"><img loading=\"lazy\" class=\"alignleft  wp-image-70529\" alt=\"ULCINJSKA SOLANA\" src=\"http:\/\/www.visit-ulcinj.com\/blog\/wp-content\/uploads\/2013\/04\/ULCINJSKA-SOLANA.jpg\" width=\"508\" height=\"360\" \/><\/a>Biznismen Veselin Barovi\u0107 je, prema rije\u010dima njegovog pravnog zastupnika advokata Zorana Piperovi\u0107a, iza\u0161ao iz ulcinjske Solane.<\/p>\n<p>\u00bbIz dokumentacije koju prila\u017eem evidentno je da moj vlastodavac nije vi\u0161e u Eurofondu. Shodno tome, nije ni u Solani \u00bbBajo Sekuli\u0107\u00ab, \u0161to zna\u010di da ne duguje plate nikome, jer vi\u0161e nema nikakve pravne i poslovne veze s tim preduze\u0107em\u00ab, rekao je Piperovi\u0107 Danu.<\/p>\n<p>Prema rje\u0161enju Poreske uprave od 25. jula pro\u0161le godine, koje je Piperovi\u0107 dostavio Danu, u Centralni registar privrednih subjekata unesene su izmjene podataka o licima u dru\u0161tvu, a to su sada Armin Mulahusi\u0107, Boi\u0161a \u0160otra, Fahrudin Kajo\u0161evi\u0107, Milanko Damjanovi\u0107, Mili\u0107 Popovi\u0107, Nenad \u0160tibilj, Blatko Aprcovi\u0107, Vuk Rajkovi\u0107 i Euroinvest, dru\u0161tvo za upravljanje fondom Euroinvest.<\/p>\n<p>Prema podacima Centralne depozitarne agencije (CDA) od 12. decembra pro\u0161le godine, najve\u0107i akcionar Euroinvesta kompanija Fle\u0161, ljubljanska Ilirika Brozno, Izbor Bar u ste\u010daju, a od gra\u0111ana koji posjeduju ukupno 55 odsto akcija, najve\u0107i pojedina\u010dni vlasnici su Azim Bujak, Adnan Husi\u0107, Fadil \u0106osibegovi\u0107 i Kenan Terzi\u0107.<\/p>\n<p>Piperovi\u0107 je kazao da je Barovi\u0107 &#8220;iza\u0161ao&#8221; iz Eurofonda i svih kopmanija koje su u portfelju tog fonda.<\/p>\n<p><strong>Izvor: RTCG<\/strong><\/p>\n","protected":false},"excerpt":{"rendered":"<p>Biznismen Veselin Barovi\u0107 je, prema rije\u010dima njegovog pravnog zastupnika advokata Zorana Piperovi\u0107a, iza\u0161ao iz ulcinjske Solane. \u00bbIz dokumentacije koju prila\u017eem evidentno je da moj vlastodavac nije vi\u0161e u Eurofondu. Shodno tome, nije ni u Solani \u00bbBajo Sekuli\u0107\u00ab, \u0161to zna\u010di da ne duguje plate nikome, jer vi\u0161e nema nikakve pravne i poslovne veze s tim preduze\u0107em\u00ab, [&hellip;]<\/p>\n","protected":false},"author":1,"featured_media":0,"comment_status":"closed","ping_status":"closed","sticky":false,"template":"","format":"standard","meta":{"spay_email":"","jetpack_publicize_message":"","jetpack_is_tweetstorm":false,"jetpack_publicize_feature_enabled":true},"categories":[8337],"tags":[],"jetpack_publicize_connections":[],"yoast_head":"<!-- This site is optimized with the Yoast SEO plugin v19.1 - https:\/\/yoast.com\/wordpress\/plugins\/seo\/ -->\n<title>Zoran Piperovi\u0107: Barovi\u0107 &quot;iza\u0161ao&quot; iz Solane - Lajme nga Ulqini<\/title>\n<meta name=\"description\" content=\"Biznismen Veselin Barovi\u0107 je, prema rije\u010dima njegovog pravnog zastupnika advokata Zorana Piperovi\u0107a, iza\u0161ao iz ulcinjske Solane. \u00bbIz dokumentacije koju\" \/>\n<meta name=\"robots\" content=\"index, follow, max-snippet:-1, max-image-preview:large, max-video-preview:-1\" \/>\n<link rel=\"canonical\" href=\"https:\/\/www.visit-ulcinj.com\/blog\/2014\/01\/31\/zoran-piperovic-barovic-izasao-iz-solane\/\" \/>\n<meta property=\"og:locale\" content=\"en_US\" \/>\n<meta property=\"og:type\" content=\"article\" \/>\n<meta property=\"og:title\" content=\"Zoran Piperovi\u0107: Barovi\u0107 &quot;iza\u0161ao&quot; iz Solane - Lajme nga Ulqini\" \/>\n<meta property=\"og:description\" content=\"Biznismen Veselin Barovi\u0107 je, prema rije\u010dima njegovog pravnog zastupnika advokata Zorana Piperovi\u0107a, iza\u0161ao iz ulcinjske Solane. \u00bbIz dokumentacije koju\" \/>\n<meta property=\"og:url\" content=\"https:\/\/www.visit-ulcinj.com\/blog\/2014\/01\/31\/zoran-piperovic-barovic-izasao-iz-solane\/\" \/>\n<meta property=\"og:site_name\" content=\"Lajme nga Ulqini\" \/>\n<meta property=\"article:published_time\" content=\"2014-01-31T18:38:06+00:00\" \/>\n<meta property=\"article:modified_time\" content=\"2014-01-31T18:39:48+00:00\" \/>\n<meta property=\"og:image\" content=\"http:\/\/www.visit-ulcinj.com\/blog\/wp-content\/uploads\/2013\/04\/ULCINJSKA-SOLANA.jpg\" \/>\n<meta name=\"twitter:label1\" content=\"Written by\" \/>\n\t<meta name=\"twitter:data1\" content=\"ulqini\" \/>\n\t<meta name=\"twitter:label2\" content=\"Est. reading time\" \/>\n\t<meta name=\"twitter:data2\" content=\"1 minute\" \/>\n<script type=\"application\/ld+json\" class=\"yoast-schema-graph\">{\"@context\":\"https:\/\/schema.org\",\"@graph\":[{\"@type\":\"WebSite\",\"@id\":\"https:\/\/www.visit-ulcinj.com\/blog\/#website\",\"url\":\"https:\/\/www.visit-ulcinj.com\/blog\/\",\"name\":\"Lajme nga Ulqini\",\"description\":\"Lajme,Vijesti,Ulqini,Ulqin,Crna Gora,Mali i Zi\",\"potentialAction\":[{\"@type\":\"SearchAction\",\"target\":{\"@type\":\"EntryPoint\",\"urlTemplate\":\"https:\/\/www.visit-ulcinj.com\/blog\/?s={search_term_string}\"},\"query-input\":\"required name=search_term_string\"}],\"inLanguage\":\"en-US\"},{\"@type\":\"ImageObject\",\"inLanguage\":\"en-US\",\"@id\":\"https:\/\/www.visit-ulcinj.com\/blog\/2014\/01\/31\/zoran-piperovic-barovic-izasao-iz-solane\/#primaryimage\",\"url\":\"https:\/\/www.visit-ulcinj.com\/blog\/wp-content\/uploads\/2013\/04\/ULCINJSKA-SOLANA.jpg\",\"contentUrl\":\"https:\/\/www.visit-ulcinj.com\/blog\/wp-content\/uploads\/2013\/04\/ULCINJSKA-SOLANA.jpg\",\"width\":960,\"height\":561},{\"@type\":\"WebPage\",\"@id\":\"https:\/\/www.visit-ulcinj.com\/blog\/2014\/01\/31\/zoran-piperovic-barovic-izasao-iz-solane\/#webpage\",\"url\":\"https:\/\/www.visit-ulcinj.com\/blog\/2014\/01\/31\/zoran-piperovic-barovic-izasao-iz-solane\/\",\"name\":\"Zoran Piperovi\u0107: Barovi\u0107 \\\"iza\u0161ao\\\" iz Solane - Lajme nga Ulqini\",\"isPartOf\":{\"@id\":\"https:\/\/www.visit-ulcinj.com\/blog\/#website\"},\"primaryImageOfPage\":{\"@id\":\"https:\/\/www.visit-ulcinj.com\/blog\/2014\/01\/31\/zoran-piperovic-barovic-izasao-iz-solane\/#primaryimage\"},\"datePublished\":\"2014-01-31T18:38:06+00:00\",\"dateModified\":\"2014-01-31T18:39:48+00:00\",\"author\":{\"@id\":\"https:\/\/www.visit-ulcinj.com\/blog\/#\/schema\/person\/dcab619c614d3038751c63bc2aadc06d\"},\"description\":\"Biznismen Veselin Barovi\u0107 je, prema rije\u010dima njegovog pravnog zastupnika advokata Zorana Piperovi\u0107a, iza\u0161ao iz ulcinjske Solane. \u00bbIz dokumentacije koju\",\"breadcrumb\":{\"@id\":\"https:\/\/www.visit-ulcinj.com\/blog\/2014\/01\/31\/zoran-piperovic-barovic-izasao-iz-solane\/#breadcrumb\"},\"inLanguage\":\"en-US\",\"potentialAction\":[{\"@type\":\"ReadAction\",\"target\":[\"https:\/\/www.visit-ulcinj.com\/blog\/2014\/01\/31\/zoran-piperovic-barovic-izasao-iz-solane\/\"]}]},{\"@type\":\"BreadcrumbList\",\"@id\":\"https:\/\/www.visit-ulcinj.com\/blog\/2014\/01\/31\/zoran-piperovic-barovic-izasao-iz-solane\/#breadcrumb\",\"itemListElement\":[{\"@type\":\"ListItem\",\"position\":1,\"name\":\"Zoran Piperovi\u0107: Barovi\u0107 &#8220;iza\u0161ao&#8221; iz Solane\"}]},{\"@type\":\"Person\",\"@id\":\"https:\/\/www.visit-ulcinj.com\/blog\/#\/schema\/person\/dcab619c614d3038751c63bc2aadc06d\",\"name\":\"ulqini\",\"sameAs\":[\"http:\/\/www.visit-ulcinj.com\"],\"url\":\"https:\/\/www.visit-ulcinj.com\/blog\/author\/admin\/\"}]}<\/script>\n<!-- \/ Yoast SEO plugin. -->","yoast_head_json":{"title":"Zoran Piperovi\u0107: Barovi\u0107 \"iza\u0161ao\" iz Solane - Lajme nga Ulqini","description":"Biznismen Veselin Barovi\u0107 je, prema rije\u010dima njegovog pravnog zastupnika advokata Zorana Piperovi\u0107a, iza\u0161ao iz ulcinjske Solane. \u00bbIz dokumentacije koju","robots":{"index":"index","follow":"follow","max-snippet":"max-snippet:-1","max-image-preview":"max-image-preview:large","max-video-preview":"max-video-preview:-1"},"canonical":"https:\/\/www.visit-ulcinj.com\/blog\/2014\/01\/31\/zoran-piperovic-barovic-izasao-iz-solane\/","og_locale":"en_US","og_type":"article","og_title":"Zoran Piperovi\u0107: Barovi\u0107 \"iza\u0161ao\" iz Solane - Lajme nga Ulqini","og_description":"Biznismen Veselin Barovi\u0107 je, prema rije\u010dima njegovog pravnog zastupnika advokata Zorana Piperovi\u0107a, iza\u0161ao iz ulcinjske Solane. \u00bbIz dokumentacije koju","og_url":"https:\/\/www.visit-ulcinj.com\/blog\/2014\/01\/31\/zoran-piperovic-barovic-izasao-iz-solane\/","og_site_name":"Lajme nga Ulqini","article_published_time":"2014-01-31T18:38:06+00:00","article_modified_time":"2014-01-31T18:39:48+00:00","og_image":[{"url":"http:\/\/www.visit-ulcinj.com\/blog\/wp-content\/uploads\/2013\/04\/ULCINJSKA-SOLANA.jpg"}],"twitter_misc":{"Written by":"ulqini","Est. reading time":"1 minute"},"schema":{"@context":"https:\/\/schema.org","@graph":[{"@type":"WebSite","@id":"https:\/\/www.visit-ulcinj.com\/blog\/#website","url":"https:\/\/www.visit-ulcinj.com\/blog\/","name":"Lajme nga Ulqini","description":"Lajme,Vijesti,Ulqini,Ulqin,Crna Gora,Mali i Zi","potentialAction":[{"@type":"SearchAction","target":{"@type":"EntryPoint","urlTemplate":"https:\/\/www.visit-ulcinj.com\/blog\/?s={search_term_string}"},"query-input":"required name=search_term_string"}],"inLanguage":"en-US"},{"@type":"ImageObject","inLanguage":"en-US","@id":"https:\/\/www.visit-ulcinj.com\/blog\/2014\/01\/31\/zoran-piperovic-barovic-izasao-iz-solane\/#primaryimage","url":"https:\/\/www.visit-ulcinj.com\/blog\/wp-content\/uploads\/2013\/04\/ULCINJSKA-SOLANA.jpg","contentUrl":"https:\/\/www.visit-ulcinj.com\/blog\/wp-content\/uploads\/2013\/04\/ULCINJSKA-SOLANA.jpg","width":960,"height":561},{"@type":"WebPage","@id":"https:\/\/www.visit-ulcinj.com\/blog\/2014\/01\/31\/zoran-piperovic-barovic-izasao-iz-solane\/#webpage","url":"https:\/\/www.visit-ulcinj.com\/blog\/2014\/01\/31\/zoran-piperovic-barovic-izasao-iz-solane\/","name":"Zoran Piperovi\u0107: Barovi\u0107 \"iza\u0161ao\" iz Solane - Lajme nga Ulqini","isPartOf":{"@id":"https:\/\/www.visit-ulcinj.com\/blog\/#website"},"primaryImageOfPage":{"@id":"https:\/\/www.visit-ulcinj.com\/blog\/2014\/01\/31\/zoran-piperovic-barovic-izasao-iz-solane\/#primaryimage"},"datePublished":"2014-01-31T18:38:06+00:00","dateModified":"2014-01-31T18:39:48+00:00","author":{"@id":"https:\/\/www.visit-ulcinj.com\/blog\/#\/schema\/person\/dcab619c614d3038751c63bc2aadc06d"},"description":"Biznismen Veselin Barovi\u0107 je, prema rije\u010dima njegovog pravnog zastupnika advokata Zorana Piperovi\u0107a, iza\u0161ao iz ulcinjske Solane. \u00bbIz dokumentacije koju","breadcrumb":{"@id":"https:\/\/www.visit-ulcinj.com\/blog\/2014\/01\/31\/zoran-piperovic-barovic-izasao-iz-solane\/#breadcrumb"},"inLanguage":"en-US","potentialAction":[{"@type":"ReadAction","target":["https:\/\/www.visit-ulcinj.com\/blog\/2014\/01\/31\/zoran-piperovic-barovic-izasao-iz-solane\/"]}]},{"@type":"BreadcrumbList","@id":"https:\/\/www.visit-ulcinj.com\/blog\/2014\/01\/31\/zoran-piperovic-barovic-izasao-iz-solane\/#breadcrumb","itemListElement":[{"@type":"ListItem","position":1,"name":"Zoran Piperovi\u0107: Barovi\u0107 &#8220;iza\u0161ao&#8221; iz Solane"}]},{"@type":"Person","@id":"https:\/\/www.visit-ulcinj.com\/blog\/#\/schema\/person\/dcab619c614d3038751c63bc2aadc06d","name":"ulqini","sameAs":["http:\/\/www.visit-ulcinj.com"],"url":"https:\/\/www.visit-ulcinj.com\/blog\/author\/admin\/"}]}},"jetpack_featured_media_url":"","jetpack_sharing_enabled":true,"jetpack_shortlink":"https:\/\/wp.me\/pe6lTn-kzy","_links":{"self":[{"href":"https:\/\/www.visit-ulcinj.com\/blog\/wp-json\/wp\/v2\/posts\/79084"}],"collection":[{"href":"https:\/\/www.visit-ulcinj.com\/blog\/wp-json\/wp\/v2\/posts"}],"about":[{"href":"https:\/\/www.visit-ulcinj.com\/blog\/wp-json\/wp\/v2\/types\/post"}],"author":[{"embeddable":true,"href":"https:\/\/www.visit-ulcinj.com\/blog\/wp-json\/wp\/v2\/users\/1"}],"replies":[{"embeddable":true,"href":"https:\/\/www.visit-ulcinj.com\/blog\/wp-json\/wp\/v2\/comments?post=79084"}],"version-history":[{"count":1,"href":"https:\/\/www.visit-ulcinj.com\/blog\/wp-json\/wp\/v2\/posts\/79084\/revisions"}],"predecessor-version":[{"id":79085,"href":"https:\/\/www.visit-ulcinj.com\/blog\/wp-json\/wp\/v2\/posts\/79084\/revisions\/79085"}],"wp:attachment":[{"href":"https:\/\/www.visit-ulcinj.com\/blog\/wp-json\/wp\/v2\/media?parent=79084"}],"wp:term":[{"taxonomy":"category","embeddable":true,"href":"https:\/\/www.visit-ulcinj.com\/blog\/wp-json\/wp\/v2\/categories?post=79084"},{"taxonomy":"post_tag","embeddable":true,"href":"https:\/\/www.visit-ulcinj.com\/blog\/wp-json\/wp\/v2\/tags?post=79084"}],"curies":[{"name":"wp","href":"https:\/\/api.w.org\/{rel}","templated":true}]}}