{"id":79086,"date":"2014-01-31T19:52:02","date_gmt":"2014-01-31T18:52:02","guid":{"rendered":"http:\/\/www.visit-ulcinj.com\/blog\/?p=79086"},"modified":"2014-01-31T19:52:02","modified_gmt":"2014-01-31T18:52:02","slug":"mehmet-bardhi-o-savezu-sa-forcom-dua","status":"publish","type":"post","link":"https:\/\/www.visit-ulcinj.com\/blog\/2014\/01\/31\/mehmet-bardhi-o-savezu-sa-forcom-dua\/","title":{"rendered":"Mehmet Bardhi o savezu sa Forcom i DUA"},"content":{"rendered":"<div id=\"article_text\">\n<p><a href=\"http:\/\/www.visit-ulcinj.com\/blog\/wp-content\/uploads\/2014\/01\/Mehmet-Bardhi.jpg\"><img loading=\"lazy\" class=\"alignleft  wp-image-79087\" alt=\"Mehmet-Bardhi\" src=\"http:\/\/www.visit-ulcinj.com\/blog\/wp-content\/uploads\/2014\/01\/Mehmet-Bardhi.jpg\" width=\"508\" height=\"360\" \/><\/a>\u00a0Koalicija \u201dZajedno za budu\u0107nost Ulcinja\u201d i Demokratska unija Albanaca (DUA) jo\u0161 nijesu zauzele zvani\u010dan stav da li \u0107e o formiranju vlasti pregovarati sa DPS-om ili Forcom, koja im je ju\u010de i zvani\u010dno uputila poziv za pregovore.<\/p>\n<p>Koalicija, koju predvodi Fatmir \u0110eka (Demokratska partija), osvojila je sedam mandata, od kojih DP pripadaju \u010detiri, Perspektivi Amira Holaja dva, a Demokratskom savezu Mehmeta Bardhija mandat. Da jo\u0161 nije bilo dogovora unutar Koalicije \u201cVijestima\u201d je potvrdio Bardhi.<\/p>\n<p>\u201cNismo razgovarali zasada oko tih stvari, barem nas jo\u0161 niko nije konsultovao, ali mislim da \u0107emo zauzeti jedinstven stav\u201d, kazao je Bardhi.<\/p>\n<p>On je odbio da precizira da li \u0107e njegova stranka zagovarati formiranje vlasti sa Forcom, koja je osvojila osam, ili sa DPS-om, koji ima devet mandata.<\/p>\n<p>Bardhi je najavio da \u0107e DS danas imati konsultacije na tu temu, a nakon toga \u0107e uslijediti konsultacije unutar Koalicije.<\/p>\n<p>\u201cDS ima jedan mandat od ukupno sedam, tako da se negdje i kotiramo u tom smislu, mada je ponekad i jedan mandat dosta. Mislim da bi unutar na\u0161e koalicije trebalo da bude jedinstven stav. Principijelno bi moglo da to bude savez sa Forcom i DUA, ali se ipak moramo dogovoriti u na\u0161oj stranci i nakon tog imati stav i onda slijedi dogovor unutar koalicione liste. Oni koji imaju vi\u0161e mandata imaju i vi\u0161e obaveza da trasiraju put\u201d, kazao je Bardhi.<\/p>\n<p>Holaj se sino\u0107 nije javljao na telefone dostupne \u201cVijestima\u201d. DUA je osvojila tri mandata, a Mehmet Zenka je kazao \u201cVijestima da \u0107e ta partija kona\u010dan stav donijeti nakon konsultacija u stranci. Za formiranje vlasti potrebno je 17 mandata, tako da su na stolu tri opcije &#8211; koalicija DPS i Force, DPS-a sa \u0110ekinom koalicijom i sa DUA ili SDP-om, kao i savez tri albanske liste.<\/p>\n<p><strong>Pi\u0161e: Samir Adrovi\u0107, Dejan Peruni\u010di\u0107<\/strong><\/p>\n<p><strong>Izvor: Vijesti Online<\/strong><\/p>\n<\/div>\n","protected":false},"excerpt":{"rendered":"<p>\u00a0Koalicija \u201dZajedno za budu\u0107nost Ulcinja\u201d i Demokratska unija Albanaca (DUA) jo\u0161 nijesu zauzele zvani\u010dan stav da li \u0107e o formiranju vlasti pregovarati sa DPS-om ili Forcom, koja im je ju\u010de i zvani\u010dno uputila poziv za pregovore. Koalicija, koju predvodi Fatmir \u0110eka (Demokratska partija), osvojila je sedam mandata, od kojih DP pripadaju \u010detiri, Perspektivi Amira Holaja [&hellip;]<\/p>\n","protected":false},"author":1,"featured_media":0,"comment_status":"closed","ping_status":"closed","sticky":false,"template":"","format":"standard","meta":{"spay_email":"","jetpack_publicize_message":"","jetpack_is_tweetstorm":false,"jetpack_publicize_feature_enabled":true},"categories":[8337],"tags":[],"jetpack_publicize_connections":[],"yoast_head":"<!-- This site is optimized with the Yoast SEO plugin v19.1 - https:\/\/yoast.com\/wordpress\/plugins\/seo\/ -->\n<title>Mehmet Bardhi o savezu sa Forcom i DUA - Lajme nga Ulqini<\/title>\n<meta name=\"description\" content=\"\u00a0Koalicija \u201dZajedno za budu\u0107nost Ulcinja\u201d i Demokratska unija Albanaca (DUA) jo\u0161 nijesu zauzele zvani\u010dan stav da li \u0107e o formiranju vlasti pregovarati sa\" \/>\n<meta name=\"robots\" content=\"index, follow, max-snippet:-1, max-image-preview:large, max-video-preview:-1\" \/>\n<link rel=\"canonical\" href=\"https:\/\/www.visit-ulcinj.com\/blog\/2014\/01\/31\/mehmet-bardhi-o-savezu-sa-forcom-dua\/\" \/>\n<meta property=\"og:locale\" content=\"en_US\" \/>\n<meta property=\"og:type\" content=\"article\" \/>\n<meta property=\"og:title\" content=\"Mehmet Bardhi o savezu sa Forcom i DUA - Lajme nga Ulqini\" \/>\n<meta property=\"og:description\" content=\"\u00a0Koalicija \u201dZajedno za budu\u0107nost Ulcinja\u201d i Demokratska unija Albanaca (DUA) jo\u0161 nijesu zauzele zvani\u010dan stav da li \u0107e o formiranju vlasti pregovarati sa\" \/>\n<meta property=\"og:url\" content=\"https:\/\/www.visit-ulcinj.com\/blog\/2014\/01\/31\/mehmet-bardhi-o-savezu-sa-forcom-dua\/\" \/>\n<meta property=\"og:site_name\" content=\"Lajme nga Ulqini\" \/>\n<meta property=\"article:published_time\" content=\"2014-01-31T18:52:02+00:00\" \/>\n<meta property=\"og:image\" content=\"http:\/\/www.visit-ulcinj.com\/blog\/wp-content\/uploads\/2014\/01\/Mehmet-Bardhi.jpg\" \/>\n<meta name=\"twitter:label1\" content=\"Written by\" \/>\n\t<meta name=\"twitter:data1\" content=\"ulqini\" \/>\n\t<meta name=\"twitter:label2\" content=\"Est. reading time\" \/>\n\t<meta name=\"twitter:data2\" content=\"2 minutes\" \/>\n<script type=\"application\/ld+json\" class=\"yoast-schema-graph\">{\"@context\":\"https:\/\/schema.org\",\"@graph\":[{\"@type\":\"WebSite\",\"@id\":\"https:\/\/www.visit-ulcinj.com\/blog\/#website\",\"url\":\"https:\/\/www.visit-ulcinj.com\/blog\/\",\"name\":\"Lajme nga Ulqini\",\"description\":\"Lajme,Vijesti,Ulqini,Ulqin,Crna Gora,Mali i Zi\",\"potentialAction\":[{\"@type\":\"SearchAction\",\"target\":{\"@type\":\"EntryPoint\",\"urlTemplate\":\"https:\/\/www.visit-ulcinj.com\/blog\/?s={search_term_string}\"},\"query-input\":\"required name=search_term_string\"}],\"inLanguage\":\"en-US\"},{\"@type\":\"ImageObject\",\"inLanguage\":\"en-US\",\"@id\":\"https:\/\/www.visit-ulcinj.com\/blog\/2014\/01\/31\/mehmet-bardhi-o-savezu-sa-forcom-dua\/#primaryimage\",\"url\":\"https:\/\/www.visit-ulcinj.com\/blog\/wp-content\/uploads\/2014\/01\/Mehmet-Bardhi.jpg\",\"contentUrl\":\"https:\/\/www.visit-ulcinj.com\/blog\/wp-content\/uploads\/2014\/01\/Mehmet-Bardhi.jpg\",\"width\":731,\"height\":483},{\"@type\":\"WebPage\",\"@id\":\"https:\/\/www.visit-ulcinj.com\/blog\/2014\/01\/31\/mehmet-bardhi-o-savezu-sa-forcom-dua\/#webpage\",\"url\":\"https:\/\/www.visit-ulcinj.com\/blog\/2014\/01\/31\/mehmet-bardhi-o-savezu-sa-forcom-dua\/\",\"name\":\"Mehmet Bardhi o savezu sa Forcom i DUA - Lajme nga Ulqini\",\"isPartOf\":{\"@id\":\"https:\/\/www.visit-ulcinj.com\/blog\/#website\"},\"primaryImageOfPage\":{\"@id\":\"https:\/\/www.visit-ulcinj.com\/blog\/2014\/01\/31\/mehmet-bardhi-o-savezu-sa-forcom-dua\/#primaryimage\"},\"datePublished\":\"2014-01-31T18:52:02+00:00\",\"dateModified\":\"2014-01-31T18:52:02+00:00\",\"author\":{\"@id\":\"https:\/\/www.visit-ulcinj.com\/blog\/#\/schema\/person\/dcab619c614d3038751c63bc2aadc06d\"},\"description\":\"\u00a0Koalicija \u201dZajedno za budu\u0107nost Ulcinja\u201d i Demokratska unija Albanaca (DUA) jo\u0161 nijesu zauzele zvani\u010dan stav da li \u0107e o formiranju vlasti pregovarati sa\",\"breadcrumb\":{\"@id\":\"https:\/\/www.visit-ulcinj.com\/blog\/2014\/01\/31\/mehmet-bardhi-o-savezu-sa-forcom-dua\/#breadcrumb\"},\"inLanguage\":\"en-US\",\"potentialAction\":[{\"@type\":\"ReadAction\",\"target\":[\"https:\/\/www.visit-ulcinj.com\/blog\/2014\/01\/31\/mehmet-bardhi-o-savezu-sa-forcom-dua\/\"]}]},{\"@type\":\"BreadcrumbList\",\"@id\":\"https:\/\/www.visit-ulcinj.com\/blog\/2014\/01\/31\/mehmet-bardhi-o-savezu-sa-forcom-dua\/#breadcrumb\",\"itemListElement\":[{\"@type\":\"ListItem\",\"position\":1,\"name\":\"Mehmet Bardhi o savezu sa Forcom i DUA\"}]},{\"@type\":\"Person\",\"@id\":\"https:\/\/www.visit-ulcinj.com\/blog\/#\/schema\/person\/dcab619c614d3038751c63bc2aadc06d\",\"name\":\"ulqini\",\"sameAs\":[\"http:\/\/www.visit-ulcinj.com\"],\"url\":\"https:\/\/www.visit-ulcinj.com\/blog\/author\/admin\/\"}]}<\/script>\n<!-- \/ Yoast SEO plugin. -->","yoast_head_json":{"title":"Mehmet Bardhi o savezu sa Forcom i DUA - Lajme nga Ulqini","description":"\u00a0Koalicija \u201dZajedno za budu\u0107nost Ulcinja\u201d i Demokratska unija Albanaca (DUA) jo\u0161 nijesu zauzele zvani\u010dan stav da li \u0107e o formiranju vlasti pregovarati sa","robots":{"index":"index","follow":"follow","max-snippet":"max-snippet:-1","max-image-preview":"max-image-preview:large","max-video-preview":"max-video-preview:-1"},"canonical":"https:\/\/www.visit-ulcinj.com\/blog\/2014\/01\/31\/mehmet-bardhi-o-savezu-sa-forcom-dua\/","og_locale":"en_US","og_type":"article","og_title":"Mehmet Bardhi o savezu sa Forcom i DUA - Lajme nga Ulqini","og_description":"\u00a0Koalicija \u201dZajedno za budu\u0107nost Ulcinja\u201d i Demokratska unija Albanaca (DUA) jo\u0161 nijesu zauzele zvani\u010dan stav da li \u0107e o formiranju vlasti pregovarati sa","og_url":"https:\/\/www.visit-ulcinj.com\/blog\/2014\/01\/31\/mehmet-bardhi-o-savezu-sa-forcom-dua\/","og_site_name":"Lajme nga Ulqini","article_published_time":"2014-01-31T18:52:02+00:00","og_image":[{"url":"http:\/\/www.visit-ulcinj.com\/blog\/wp-content\/uploads\/2014\/01\/Mehmet-Bardhi.jpg"}],"twitter_misc":{"Written by":"ulqini","Est. reading time":"2 minutes"},"schema":{"@context":"https:\/\/schema.org","@graph":[{"@type":"WebSite","@id":"https:\/\/www.visit-ulcinj.com\/blog\/#website","url":"https:\/\/www.visit-ulcinj.com\/blog\/","name":"Lajme nga Ulqini","description":"Lajme,Vijesti,Ulqini,Ulqin,Crna Gora,Mali i Zi","potentialAction":[{"@type":"SearchAction","target":{"@type":"EntryPoint","urlTemplate":"https:\/\/www.visit-ulcinj.com\/blog\/?s={search_term_string}"},"query-input":"required name=search_term_string"}],"inLanguage":"en-US"},{"@type":"ImageObject","inLanguage":"en-US","@id":"https:\/\/www.visit-ulcinj.com\/blog\/2014\/01\/31\/mehmet-bardhi-o-savezu-sa-forcom-dua\/#primaryimage","url":"https:\/\/www.visit-ulcinj.com\/blog\/wp-content\/uploads\/2014\/01\/Mehmet-Bardhi.jpg","contentUrl":"https:\/\/www.visit-ulcinj.com\/blog\/wp-content\/uploads\/2014\/01\/Mehmet-Bardhi.jpg","width":731,"height":483},{"@type":"WebPage","@id":"https:\/\/www.visit-ulcinj.com\/blog\/2014\/01\/31\/mehmet-bardhi-o-savezu-sa-forcom-dua\/#webpage","url":"https:\/\/www.visit-ulcinj.com\/blog\/2014\/01\/31\/mehmet-bardhi-o-savezu-sa-forcom-dua\/","name":"Mehmet Bardhi o savezu sa Forcom i DUA - Lajme nga Ulqini","isPartOf":{"@id":"https:\/\/www.visit-ulcinj.com\/blog\/#website"},"primaryImageOfPage":{"@id":"https:\/\/www.visit-ulcinj.com\/blog\/2014\/01\/31\/mehmet-bardhi-o-savezu-sa-forcom-dua\/#primaryimage"},"datePublished":"2014-01-31T18:52:02+00:00","dateModified":"2014-01-31T18:52:02+00:00","author":{"@id":"https:\/\/www.visit-ulcinj.com\/blog\/#\/schema\/person\/dcab619c614d3038751c63bc2aadc06d"},"description":"\u00a0Koalicija \u201dZajedno za budu\u0107nost Ulcinja\u201d i Demokratska unija Albanaca (DUA) jo\u0161 nijesu zauzele zvani\u010dan stav da li \u0107e o formiranju vlasti pregovarati sa","breadcrumb":{"@id":"https:\/\/www.visit-ulcinj.com\/blog\/2014\/01\/31\/mehmet-bardhi-o-savezu-sa-forcom-dua\/#breadcrumb"},"inLanguage":"en-US","potentialAction":[{"@type":"ReadAction","target":["https:\/\/www.visit-ulcinj.com\/blog\/2014\/01\/31\/mehmet-bardhi-o-savezu-sa-forcom-dua\/"]}]},{"@type":"BreadcrumbList","@id":"https:\/\/www.visit-ulcinj.com\/blog\/2014\/01\/31\/mehmet-bardhi-o-savezu-sa-forcom-dua\/#breadcrumb","itemListElement":[{"@type":"ListItem","position":1,"name":"Mehmet Bardhi o savezu sa Forcom i DUA"}]},{"@type":"Person","@id":"https:\/\/www.visit-ulcinj.com\/blog\/#\/schema\/person\/dcab619c614d3038751c63bc2aadc06d","name":"ulqini","sameAs":["http:\/\/www.visit-ulcinj.com"],"url":"https:\/\/www.visit-ulcinj.com\/blog\/author\/admin\/"}]}},"jetpack_featured_media_url":"","jetpack_sharing_enabled":true,"jetpack_shortlink":"https:\/\/wp.me\/pe6lTn-kzA","_links":{"self":[{"href":"https:\/\/www.visit-ulcinj.com\/blog\/wp-json\/wp\/v2\/posts\/79086"}],"collection":[{"href":"https:\/\/www.visit-ulcinj.com\/blog\/wp-json\/wp\/v2\/posts"}],"about":[{"href":"https:\/\/www.visit-ulcinj.com\/blog\/wp-json\/wp\/v2\/types\/post"}],"author":[{"embeddable":true,"href":"https:\/\/www.visit-ulcinj.com\/blog\/wp-json\/wp\/v2\/users\/1"}],"replies":[{"embeddable":true,"href":"https:\/\/www.visit-ulcinj.com\/blog\/wp-json\/wp\/v2\/comments?post=79086"}],"version-history":[{"count":1,"href":"https:\/\/www.visit-ulcinj.com\/blog\/wp-json\/wp\/v2\/posts\/79086\/revisions"}],"predecessor-version":[{"id":79088,"href":"https:\/\/www.visit-ulcinj.com\/blog\/wp-json\/wp\/v2\/posts\/79086\/revisions\/79088"}],"wp:attachment":[{"href":"https:\/\/www.visit-ulcinj.com\/blog\/wp-json\/wp\/v2\/media?parent=79086"}],"wp:term":[{"taxonomy":"category","embeddable":true,"href":"https:\/\/www.visit-ulcinj.com\/blog\/wp-json\/wp\/v2\/categories?post=79086"},{"taxonomy":"post_tag","embeddable":true,"href":"https:\/\/www.visit-ulcinj.com\/blog\/wp-json\/wp\/v2\/tags?post=79086"}],"curies":[{"name":"wp","href":"https:\/\/api.w.org\/{rel}","templated":true}]}}