{"id":79098,"date":"2014-02-01T15:32:39","date_gmt":"2014-02-01T14:32:39","guid":{"rendered":"http:\/\/www.visit-ulcinj.com\/blog\/?p=79098"},"modified":"2014-02-02T09:15:27","modified_gmt":"2014-02-02T08:15:27","slug":"nika-ded-luli-je-ded-milo-rifresh-bejteve","status":"publish","type":"post","link":"https:\/\/www.visit-ulcinj.com\/blog\/2014\/02\/01\/nika-ded-luli-je-ded-milo-rifresh-bejteve\/","title":{"rendered":"Nika: \u201cDed \u0110o Luli je Ded \u0110o Milo\u201d- Rifresh i do Bejteve&#8230;.,- Video"},"content":{"rendered":"<p><b><a href=\"http:\/\/www.visit-ulcinj.com\/blog\/wp-content\/uploads\/2014\/02\/Muhamet-Nika-001.jpg\"><img loading=\"lazy\" class=\"alignleft  wp-image-79099\" alt=\"Muhamet-Nika-001\" src=\"http:\/\/www.visit-ulcinj.com\/blog\/wp-content\/uploads\/2014\/02\/Muhamet-Nika-001.jpg\" width=\"508\" height=\"360\" \/><\/a>Shkruan Muhamet Nika<\/b><\/p>\n<p><b>\u00a0<\/b><\/p>\n<p><b>\u00a0\u201c DED \u0110O LULI JE DED \u0110O MILO\u201d- RIFRESH I DO BEJTEVE&#8230;.,<\/b><\/p>\n<p>&nbsp;<\/p>\n<p>Po t\u00eb mos isha p\u00ebrmendur, n\u00eb bejte, k\u00ebsaj radhe, nuk do t\u00eb kisha shkruar-reaguar, andaj:<\/p>\n<p>&nbsp;<\/p>\n<p><b><i>Gjylavero more vlla<\/i><\/b><\/p>\n<p><b><i>hapi syt \u00e7ka je tuj ba<\/i><\/b><\/p>\n<p><b><i>prej kalajet\u00a0 dikush thirri<\/i><\/b><\/p>\n<p><b><i>\u00a0ky Silveri \u00ebsht\u00eb mai miri<\/i><\/b><\/p>\n<p><b><i>sa per partit q\u00eb ja nda<\/i><\/b><\/p>\n<p><b><i>kat e kan\u00eb se sna bajn\u00a0 gja<\/i><\/b><\/p>\n<p><b><i>tash hilja\u00a0 u\u00a0 dul nteren<\/i><\/b><\/p>\n<p><b><i>nji kyt\u00a0 pun\u00eb\u00a0 kush se man\u00a0 mend<\/i><\/b><\/p>\n<p><b><i>\u00a0smbahet mend \u00e7ka i ka gjet<\/i><\/b><\/p>\n<p><b><i>nzgjedhje t funit kan\u00eb\u00a0 la durt<\/i><\/b><\/p>\n<p><b><i>\u00a0e nji tesh jan\u00eb shtri me dek&#8230;.<\/i><\/b><\/p>\n<p><b><i>\u00a0Mas na permen prap ti lista<\/i><\/b><\/p>\n<p><b><i>Ke fillu me i qit puns bishta<\/i><\/b><\/p>\n<p><b><i>\u00a0\u00a0A prep thu\u00a0 kem pun\u00eb \u00a0me gishta&#8230;.?!!!<\/i><\/b><\/p>\n<p>&nbsp;<\/p>\n<p>Kam\u00a0 d\u00ebgjuar q\u00eb n\u00eb Zvic\u00ebr, ekziston nj\u00eb qend\u00ebr speciale, p\u00ebr sajimin e \u201cvicave\u201d politik, thuhet se ato jan\u00eb mjaft t\u00eb r\u00ebnd\u00ebsish\u00ebm n\u00eb koh\u00eb fushatash, sepse p\u00ebrhapen n\u00eb m\u00ebnyr\u00eb t\u00eb rrufeshme, dhe b\u00ebjn\u00eb pun\u00eb n\u00eb m\u00ebnyr\u00eb t\u00eb mrekullueshme n\u00eb\u00a0 nd\u00ebrrimin e opinioneve. K\u00ebtu te ne shqiptar\u00ebt,e basenit t\u00eb Shkodr\u00ebs, puna e thurjes s\u00eb tyre b\u00ebhet, zakonisht, p\u00ebr mes\u00a0 vargjeve t\u00eb rimuara dhe quhen- bejte. Ka pasur, kritik\u00eb letrar\u00eb, t\u00eb cil\u00ebt, kan\u00eb kujtuar, se bejtet, mund t\u00eb b\u00ebhen edhe rrym\u00eb letrare, mir\u00ebpo, ka rezultuar, se ata jan\u00eb, krijime t\u00eb nivelit t\u00eb ult\u00eb, dhe kan\u00eb vet\u00ebm nj\u00eb p\u00ebrdorim disa ditor e pastaj harrohen. P\u00ebr nga stili i tyre , jan\u00eb gazmore, dhe , zakonisht, formohen, n\u00eb agonin\u00eb e nj\u00eb pushteti, i cili , duket, se paraqet tragjedi, mir\u00ebpo, kalimi i tij \u00ebsht\u00eb i pa evituesh\u00ebm andaj \u00ebsht\u00eb edhe \u00a0komik. Marksi, p\u00ebr k\u00ebto, raste mendon, se ata- bejtet, jan\u00eb (Komedi) e cila, si gjeni letrare, \u00a0paraqitet pas tragjedis\u00eb- rasti n\u00eb let\u00ebrsin\u00eb greke. Dhe si ilustrim, ai,p\u00ebrmend, komedit\u00eb\u00a0\u00a0 e \u00a0Lukianit , q\u00eb p\u00ebrqeshnin \u201czotrat e tragjedive \u201c t\u00eb Eskilit, n\u00eb\u00a0 t\u00eb cil\u00ebt, grek\u00ebt, ishin m\u00ebsuar, t\u2019i shikojn\u00eb se si i mundojn\u00eb njer\u00ebzit e natyrsh\u00ebm. Sipas Marksit , p\u00ebrqeshja, b\u00ebhet sepse, njer\u00ebzimi, ka nevoj\u00eb, t\u00eb ndahet, n\u00eb m\u00ebnyr\u00eb t\u00eb ngaz\u00ebllyer e t\u00eb hareshme , nga e kaluara e hidhur e vet&#8230;?!!!<\/p>\n<p>Ky fenomen, po duket , preku, edhe shqiptar\u00ebt, n\u00eb Mal t\u00eb Zi. Bejtet e para politike u paraqiten\u00a0 pas centralizimit statutar, dhe bunkerizimit t\u00eb disa vetave\u00a0 pas funksioneve partiake e shtet\u00ebrore\u00a0\u00a0 t\u00eb Lidhjes Demokratike\u00a0 e\u00a0 preku kulmin, me keqp\u00ebrdorimet e mjeteve, ndihm\u00eb p\u00ebr refugjat\u00ebt kosovar\u00eb , si kompensim p\u00ebr familjet q\u00eb strehuan ata. Por , ata-bejt\u00ebt, \u00a0u paraqiten, edhe kur,\u00a0 Udsh, krijoi koalicion parazgjedhor,me partin\u00eb n\u00eb pushtet.Si dhe kur u b\u00eb\u00a0 p\u00ebrher\u00eb t\u00eb par\u00eb nj\u00eb shumic\u00eb parlamentare n\u00eb Ulqin, \u00a0kur Prosperiteti, u shk\u00ebput nga blloku shqiptar, dhe pa\u00a0\u00a0 shkuar n\u00eb zgjedhje t\u00eb parakohshme, t\u00eb cilat iu ofroi partive nacionale iu bashk\u00ebngjit koalicionit qeveritar.<\/p>\n<p>Duke ,\u00a0 u b\u00ebr\u00eb, nj\u00eb Rifresh, bejteve t\u00eb asaj kohe, e duke replikuar,\u00a0 ose duke v\u00ebrtetuar, disa vargje t\u00eb asaj q\u00eb shp\u00ebrndani ju, \u00a0po sjellim n\u00eb kujtes\u00eb vargjet e tyre , duke rikujtuar, se si u k\u00ebndonte populli , k\u00ebtyre, situatave, duke e ditur , se dikush, mund t\u00eb mendoj\u00eb, se isha autor i tyre, po them se jo, por q\u00eb i kam m\u00ebsuar , p\u00ebr mendsh, ashtu \u00a0si do t\u00eb m\u00ebsoj disa vargje t\u00eb k\u00ebsaj q\u00eb shp\u00ebrndani Ju. Do t\u00eb kisha dashur, t\u00eb\u00a0 kem edhe at\u00eb e cila m\u00eb kritikonte edhe mua si kryetar&#8230;. Thuhet se edhe kanga eLucit, u shkrua deri sa ai , ishte gjall\u00eb, por nga friga, e ij, ajo mbeti anonime&#8230;?!!! Po t\u00eb ishte, at\u00eb her\u00eb, n\u00eb p\u00ebrdorim t\u00eb gj\u00ebr\u00eb, rrjeti social, ndoshta, do ti kishim, n\u00eb p\u00ebrdorim edhe sot bejt\u00ebn e till\u00eb. N\u00ebse dikush \u00a0e ruan ende, pa marr\u00eb parasysh, se p\u00ebr ke \u00ebsht\u00eb fjala, nuk b\u00ebn\u00eb keq, t\u2019i publikoj\u00eb&#8230;, kurse un\u00eb nuk e mbaj mend?!!<\/p>\n<p>&nbsp;<\/p>\n<p>P\u00ebr sherret e LD-se, n\u00eb prag t\u00eb nj\u00eb fushate, pas kriz\u00ebs s\u00eb refugjat\u00ebve, u shp\u00ebrnda,\u00a0 N\u00cb BEJTE, disa nga vargjet e t\u00eb cil\u00ebs, jan\u00eb:<\/p>\n<p>&nbsp;<\/p>\n<p><b><i>Pyet Mehmeti p\u00ebr Alin <\/i><\/b><\/p>\n<p><b><i>Sa te madhe e ka ushtrin<\/i><\/b><\/p>\n<p><b><i>&#8230;&#8230;&#8230;&#8230;&#8230;&#8230;&#8230;&#8230;&#8230;&#8230;<\/i><\/b><\/p>\n<p><b><i>Prej n\u2019Shtegvash e der n\u2019Firusha <\/i><\/b><\/p>\n<p><b><i>I kamgjet da sylarusha,<\/i><\/b><\/p>\n<p><b><i>\u00a0maj hyqem\u00a0 me karabusha<\/i><\/b><\/p>\n<p><b><i>\u00a0&#8230;&#8230;&#8230;&#8230;&#8230;&#8230;&#8230;&#8230;&#8230;&#8230;&#8230;&#8230;..<\/i><\/b><\/p>\n<p><b><i>ose,kur ishin n\u00eb pyetje paret e refugjat\u00ebve, k\u00ebnga vazhdonte:<\/i><\/b><\/p>\n<p><b><i>\u00a0<\/i><\/b><\/p>\n<p><b><i>U\u00a0 kan dal da thash e thusha,<\/i><\/b><\/p>\n<p><b><i>\u00a0i kan\u00eb pa tuj da me grushta, <\/i><\/b><\/p>\n<p><b><i>Po ti dvetsh, i dan ta man, <\/i><\/b><\/p>\n<p><b><i>Si bumbonat per Bajram, <\/i><\/b><\/p>\n<p><b><i>Dikush s\u2019mori, as nji san, <\/i><\/b><\/p>\n<p><b><i>Pjeter Marku, me pas kjen, <\/i><\/b><\/p>\n<p><b><i>Kish knu kang, per me xan men,<\/i><\/b><\/p>\n<p><b><i>Ba bashk ishin turq e kshten, nuk e njihte qeni qen&#8230;<\/i><\/b><\/p>\n<p><b><i>\u00a0<\/i><\/b><\/p>\n<p><b><i>&#8230;..dhe k\u00ebnga vazhdonte.<\/i><\/b><\/p>\n<p><b><i>\u00a0<\/i><\/b><\/p>\n<p><b><i>Zoti madh gjithmon t\u2019jam lut.<\/i><\/b><\/p>\n<p><b><i>Se i veti po na fut,<\/i><\/b><\/p>\n<p><b><i>Moj komun a e ke me zori, <\/i><\/b><\/p>\n<p><b><i>Fort tkem dasht, por dreqi tmori, <\/i><\/b><\/p>\n<p><b><i>Para popllit t\u2019thrasin nan,por ta fusin ntjeter\u00a0 an, <\/i><\/b><\/p>\n<p><b><i>Gjithkush kap sa mund t\u00eb kapi, <\/i><\/b><\/p>\n<p><b><i>\u00c7ka me ba shqiptar hesapi&#8230;<\/i><\/b><\/p>\n<p>N\u00eb k\u00ebto situata, kuptohet q\u00eb u formua, at\u00eb her\u00eb, Partia e Prosperitetit, e cila i fitoi \u00a0votat n\u00eb adres\u00eb t\u00eb kthimit, t\u00eb pareve t\u00eb refugjat\u00ebve, dhe p\u00ebrmir\u00ebsimin, e situat\u00ebs , n\u00eb organizimin partiak. Pra nuk u formua nga shteti, por nga populli, mir\u00ebpo u shkatrrua, nga shteti. Ajo , nuk i kthej parat\u00eb edhe pse pati mund\u00ebsi- bile n\u00eb kuvend edhe k\u00ebshilltar\u00ebt e Udsh-s\u00eb , votuan hetimin e \u00e7\u00ebshtjes- afer\u00ebs, por e pengoi, zoti Bardhi, bashk\u00eb me k\u00ebshilltar\u00ebt e PPD-s\u00eb. Ajo tradh\u00ebtoi votuesit, bashk\u00eb me kryesin\u00eb e ngusht t\u00eb saj, duke p\u00ebrfunduar n\u00eb vet\u00ebtradh\u00ebti&#8230;?!!M\u00ebsohet se kryetari i saj i par\u00eb Osman Rexha, dhe i fundit, Ali Rexha, pasi paskan , zhvilluar bisedime me Millon, pa antar\u00ebsi, n\u00eb em\u00ebr, t\u00eb 100 votave, pa kushte, kan\u00eb p\u00ebrkrahur\u00a0 Dps-in, bashk\u00eb me Nikoll\u00eb\u00a0 Shabanin e diaspor\u00ebs&#8230;..\u00a0\u00a0 P\u00ebr metamorfoz\u00ebn e tyre n\u00eb parti, po t\u00eb ishte gjall\u00eb, <b><i>Risto Siliqi, do kish shkruar: Jallanyz, Jallanyz, \u00e7on flamurin bedynyz\/ po ti qenke ka fryn era he depsyz<\/i><\/b>, ose Noli : <b><i>Dhe Feridi, faqe ndrron\/ dje shante sot l\u00ebvdon&#8230;<\/i><\/b><\/p>\n<p>Edhe, kalimi i Unionit, n\u00eb koalicion, parazgjedhor me DPS, ku G\u00ebzim Hajdinaga, si kamndidat i k\u00ebtij koalicioni, fitoj 6000 vota nuk kaloi pa bejte. Po ti b\u00ebm\u00eb , rifresh k\u00ebsaj kohe shohim se\u00a0 ky koalicion u thye n\u00eb Kravar, dhe at\u00ebher\u00eb u k\u00ebndua:<\/p>\n<p><b><i>Haram i kjoft ksaj An\u00ebs Mali<\/i><\/b><\/p>\n<p><b><i>Sidomos nja tij Kravarit<\/i><\/b><\/p>\n<p><b><i>Saher\u00eb brylin, iu godita, vu kena edhe drita<\/i><\/b><\/p>\n<p><b><i>Shtru \u00e7iment deri te dera,<\/i><\/b><\/p>\n<p><b><i>Ve\u00e7 na dojn me ba bunkera<\/i><\/b><\/p>\n<p>Pastaj , k\u00ebg\u00ebtari popullor, arrin e zbulon hilen e Dinosh\u00ebs,disa vite p\u00ebrpara, duke zbuluar se ai , \u00ebndrron fotel\u00ebn, e deputetit, dhe k\u00ebndon:<\/p>\n<p><b><i>\u00a0Masanej foli Dinosha- brate Millo un\u00eb mos kjosha<\/i><\/b><\/p>\n<p><b><i>\u00c7ka mu desht ambasadorlleku<\/i><\/b><\/p>\n<p><b><i>Se me te , mdoli horlleku<\/i><\/b><\/p>\n<p><b><i>\u00a0<\/i><\/b><\/p>\n<p><b><i>Njat her\u00eb Milloja u prek nzem\u00ebr<\/i><\/b><\/p>\n<p><b><i>\u00a0Ntelefon\u00a0 i thirri nem\u00ebn<\/i><\/b><\/p>\n<p><b><i>Hajd Ferate ti ne mari<\/i><\/b><\/p>\n<p><b><i>Viste po\u0161teni \u0161iptari<\/i><\/b><\/p>\n<p><b><i>Niko ti zamjerit ne\u0107e jerse i zemlja okre\u0107e<\/i><\/b><\/p>\n<p><b><i>Po jutru se dan poznaje<\/i><\/b><\/p>\n<p><b><i>\u00a0Ne treba vam puno znanje<\/i><\/b><\/p>\n<p><b><i>&#8230;&#8230;&#8230;&#8230;&#8230;&#8230;&#8230;&#8230;&#8230;&#8230;&#8230;&#8230;&#8230;&#8230;<\/i><\/b><\/p>\n<p><b><i>Dam ti Mide dam ti Bojke, Selitu, do Lisne Bore<\/i><\/b><\/p>\n<p><b><i>I orahe tamo lju\u0161ti, u\u010di malo pri\u010dat ruski<\/i><\/b><\/p>\n<p><b><i>Nije vi\u0161e \u0161to jebilo Ded Gjo Luli je\u00a0 Ded \u0110o Milo&#8230;.<\/i><\/b><\/p>\n<p>&nbsp;<\/p>\n<p>Sa p\u00ebr, \u201e kryetarin luftarak \u2013Bardhin\u201c, ju preferojm\u00eb, t\u00eb lexoni, librin <b><i><span style=\"text-decoration: underline;\">Momir Bullatoviq,Pravila \u0106utanja,Narodna Knjiga-ALFA,2004,F,260-261&#8230;.?!!! E p\u00ebr do adresa tjera tjera, besoj q\u00eb nuk ke nevoj\u00eb, shpresoj , q\u00eb kjo mjafton&#8230;.?!!!<\/span><\/i><\/b><\/p>\n<!--YouTube Error: bad URL entered-->\n","protected":false},"excerpt":{"rendered":"<p>Shkruan Muhamet Nika \u00a0 \u00a0\u201c DED \u0110O LULI JE DED \u0110O MILO\u201d- RIFRESH I DO BEJTEVE&#8230;., &nbsp; Po t\u00eb mos isha p\u00ebrmendur, n\u00eb bejte, k\u00ebsaj radhe, nuk do t\u00eb kisha shkruar-reaguar, andaj: &nbsp; Gjylavero more vlla hapi syt \u00e7ka je tuj ba prej kalajet\u00a0 dikush thirri \u00a0ky Silveri \u00ebsht\u00eb mai miri sa per partit q\u00eb [&hellip;]<\/p>\n","protected":false},"author":1,"featured_media":0,"comment_status":"closed","ping_status":"closed","sticky":false,"template":"","format":"standard","meta":{"spay_email":"","jetpack_publicize_message":"","jetpack_is_tweetstorm":false,"jetpack_publicize_feature_enabled":true},"categories":[5,1],"tags":[],"jetpack_publicize_connections":[],"yoast_head":"<!-- This site is optimized with the Yoast SEO plugin v19.1 - https:\/\/yoast.com\/wordpress\/plugins\/seo\/ -->\n<title>Nika: \u201cDed \u0110o Luli je Ded \u0110o Milo\u201d- Rifresh i do Bejteve....,- Video - Lajme nga Ulqini<\/title>\n<meta name=\"description\" content=\"Shkruan Muhamet Nika \u00a0 \u00a0\u201c DED \u0110O LULI JE DED \u0110O MILO\u201d- RIFRESH I DO BEJTEVE...., &nbsp; Po t\u00eb mos isha p\u00ebrmendur, n\u00eb bejte, k\u00ebsaj radhe, nuk do t\u00eb kisha\" \/>\n<meta name=\"robots\" content=\"index, follow, max-snippet:-1, max-image-preview:large, max-video-preview:-1\" \/>\n<link rel=\"canonical\" href=\"https:\/\/www.visit-ulcinj.com\/blog\/2014\/02\/01\/nika-ded-luli-je-ded-milo-rifresh-bejteve\/\" \/>\n<meta property=\"og:locale\" content=\"en_US\" \/>\n<meta property=\"og:type\" content=\"article\" \/>\n<meta property=\"og:title\" content=\"Nika: \u201cDed \u0110o Luli je Ded \u0110o Milo\u201d- Rifresh i do Bejteve....,- Video - Lajme nga Ulqini\" \/>\n<meta property=\"og:description\" content=\"Shkruan Muhamet Nika \u00a0 \u00a0\u201c DED \u0110O LULI JE DED \u0110O MILO\u201d- RIFRESH I DO BEJTEVE...., &nbsp; Po t\u00eb mos isha p\u00ebrmendur, n\u00eb bejte, k\u00ebsaj radhe, nuk do t\u00eb kisha\" \/>\n<meta property=\"og:url\" content=\"https:\/\/www.visit-ulcinj.com\/blog\/2014\/02\/01\/nika-ded-luli-je-ded-milo-rifresh-bejteve\/\" \/>\n<meta property=\"og:site_name\" content=\"Lajme nga Ulqini\" \/>\n<meta property=\"article:published_time\" content=\"2014-02-01T14:32:39+00:00\" \/>\n<meta property=\"article:modified_time\" content=\"2014-02-02T08:15:27+00:00\" \/>\n<meta property=\"og:image\" content=\"http:\/\/www.visit-ulcinj.com\/blog\/wp-content\/uploads\/2014\/02\/Muhamet-Nika-001.jpg\" \/>\n<meta name=\"twitter:label1\" content=\"Written by\" \/>\n\t<meta name=\"twitter:data1\" content=\"ulqini\" \/>\n\t<meta name=\"twitter:label2\" content=\"Est. reading time\" \/>\n\t<meta name=\"twitter:data2\" content=\"6 minutes\" \/>\n<script type=\"application\/ld+json\" class=\"yoast-schema-graph\">{\"@context\":\"https:\/\/schema.org\",\"@graph\":[{\"@type\":\"WebSite\",\"@id\":\"https:\/\/www.visit-ulcinj.com\/blog\/#website\",\"url\":\"https:\/\/www.visit-ulcinj.com\/blog\/\",\"name\":\"Lajme nga Ulqini\",\"description\":\"Lajme,Vijesti,Ulqini,Ulqin,Crna Gora,Mali i Zi\",\"potentialAction\":[{\"@type\":\"SearchAction\",\"target\":{\"@type\":\"EntryPoint\",\"urlTemplate\":\"https:\/\/www.visit-ulcinj.com\/blog\/?s={search_term_string}\"},\"query-input\":\"required name=search_term_string\"}],\"inLanguage\":\"en-US\"},{\"@type\":\"ImageObject\",\"inLanguage\":\"en-US\",\"@id\":\"https:\/\/www.visit-ulcinj.com\/blog\/2014\/02\/01\/nika-ded-luli-je-ded-milo-rifresh-bejteve\/#primaryimage\",\"url\":\"https:\/\/www.visit-ulcinj.com\/blog\/wp-content\/uploads\/2014\/02\/Muhamet-Nika-001.jpg\",\"contentUrl\":\"https:\/\/www.visit-ulcinj.com\/blog\/wp-content\/uploads\/2014\/02\/Muhamet-Nika-001.jpg\",\"width\":527,\"height\":415},{\"@type\":\"WebPage\",\"@id\":\"https:\/\/www.visit-ulcinj.com\/blog\/2014\/02\/01\/nika-ded-luli-je-ded-milo-rifresh-bejteve\/#webpage\",\"url\":\"https:\/\/www.visit-ulcinj.com\/blog\/2014\/02\/01\/nika-ded-luli-je-ded-milo-rifresh-bejteve\/\",\"name\":\"Nika: \u201cDed \u0110o Luli je Ded \u0110o Milo\u201d- Rifresh i do Bejteve....,- Video - Lajme nga Ulqini\",\"isPartOf\":{\"@id\":\"https:\/\/www.visit-ulcinj.com\/blog\/#website\"},\"primaryImageOfPage\":{\"@id\":\"https:\/\/www.visit-ulcinj.com\/blog\/2014\/02\/01\/nika-ded-luli-je-ded-milo-rifresh-bejteve\/#primaryimage\"},\"datePublished\":\"2014-02-01T14:32:39+00:00\",\"dateModified\":\"2014-02-02T08:15:27+00:00\",\"author\":{\"@id\":\"https:\/\/www.visit-ulcinj.com\/blog\/#\/schema\/person\/dcab619c614d3038751c63bc2aadc06d\"},\"description\":\"Shkruan Muhamet Nika \u00a0 \u00a0\u201c DED \u0110O LULI JE DED \u0110O MILO\u201d- RIFRESH I DO BEJTEVE...., &nbsp; Po t\u00eb mos isha p\u00ebrmendur, n\u00eb bejte, k\u00ebsaj radhe, nuk do t\u00eb kisha\",\"breadcrumb\":{\"@id\":\"https:\/\/www.visit-ulcinj.com\/blog\/2014\/02\/01\/nika-ded-luli-je-ded-milo-rifresh-bejteve\/#breadcrumb\"},\"inLanguage\":\"en-US\",\"potentialAction\":[{\"@type\":\"ReadAction\",\"target\":[\"https:\/\/www.visit-ulcinj.com\/blog\/2014\/02\/01\/nika-ded-luli-je-ded-milo-rifresh-bejteve\/\"]}]},{\"@type\":\"BreadcrumbList\",\"@id\":\"https:\/\/www.visit-ulcinj.com\/blog\/2014\/02\/01\/nika-ded-luli-je-ded-milo-rifresh-bejteve\/#breadcrumb\",\"itemListElement\":[{\"@type\":\"ListItem\",\"position\":1,\"name\":\"Nika: \u201cDed \u0110o Luli je Ded \u0110o Milo\u201d- Rifresh i do Bejteve&#8230;.,- Video\"}]},{\"@type\":\"Person\",\"@id\":\"https:\/\/www.visit-ulcinj.com\/blog\/#\/schema\/person\/dcab619c614d3038751c63bc2aadc06d\",\"name\":\"ulqini\",\"sameAs\":[\"http:\/\/www.visit-ulcinj.com\"],\"url\":\"https:\/\/www.visit-ulcinj.com\/blog\/author\/admin\/\"}]}<\/script>\n<!-- \/ Yoast SEO plugin. -->","yoast_head_json":{"title":"Nika: \u201cDed \u0110o Luli je Ded \u0110o Milo\u201d- Rifresh i do Bejteve....,- Video - Lajme nga Ulqini","description":"Shkruan Muhamet Nika \u00a0 \u00a0\u201c DED \u0110O LULI JE DED \u0110O MILO\u201d- RIFRESH I DO BEJTEVE...., &nbsp; Po t\u00eb mos isha p\u00ebrmendur, n\u00eb bejte, k\u00ebsaj radhe, nuk do t\u00eb kisha","robots":{"index":"index","follow":"follow","max-snippet":"max-snippet:-1","max-image-preview":"max-image-preview:large","max-video-preview":"max-video-preview:-1"},"canonical":"https:\/\/www.visit-ulcinj.com\/blog\/2014\/02\/01\/nika-ded-luli-je-ded-milo-rifresh-bejteve\/","og_locale":"en_US","og_type":"article","og_title":"Nika: \u201cDed \u0110o Luli je Ded \u0110o Milo\u201d- Rifresh i do Bejteve....,- Video - Lajme nga Ulqini","og_description":"Shkruan Muhamet Nika \u00a0 \u00a0\u201c DED \u0110O LULI JE DED \u0110O MILO\u201d- RIFRESH I DO BEJTEVE...., &nbsp; Po t\u00eb mos isha p\u00ebrmendur, n\u00eb bejte, k\u00ebsaj radhe, nuk do t\u00eb kisha","og_url":"https:\/\/www.visit-ulcinj.com\/blog\/2014\/02\/01\/nika-ded-luli-je-ded-milo-rifresh-bejteve\/","og_site_name":"Lajme nga Ulqini","article_published_time":"2014-02-01T14:32:39+00:00","article_modified_time":"2014-02-02T08:15:27+00:00","og_image":[{"url":"http:\/\/www.visit-ulcinj.com\/blog\/wp-content\/uploads\/2014\/02\/Muhamet-Nika-001.jpg"}],"twitter_misc":{"Written by":"ulqini","Est. reading time":"6 minutes"},"schema":{"@context":"https:\/\/schema.org","@graph":[{"@type":"WebSite","@id":"https:\/\/www.visit-ulcinj.com\/blog\/#website","url":"https:\/\/www.visit-ulcinj.com\/blog\/","name":"Lajme nga Ulqini","description":"Lajme,Vijesti,Ulqini,Ulqin,Crna Gora,Mali i Zi","potentialAction":[{"@type":"SearchAction","target":{"@type":"EntryPoint","urlTemplate":"https:\/\/www.visit-ulcinj.com\/blog\/?s={search_term_string}"},"query-input":"required name=search_term_string"}],"inLanguage":"en-US"},{"@type":"ImageObject","inLanguage":"en-US","@id":"https:\/\/www.visit-ulcinj.com\/blog\/2014\/02\/01\/nika-ded-luli-je-ded-milo-rifresh-bejteve\/#primaryimage","url":"https:\/\/www.visit-ulcinj.com\/blog\/wp-content\/uploads\/2014\/02\/Muhamet-Nika-001.jpg","contentUrl":"https:\/\/www.visit-ulcinj.com\/blog\/wp-content\/uploads\/2014\/02\/Muhamet-Nika-001.jpg","width":527,"height":415},{"@type":"WebPage","@id":"https:\/\/www.visit-ulcinj.com\/blog\/2014\/02\/01\/nika-ded-luli-je-ded-milo-rifresh-bejteve\/#webpage","url":"https:\/\/www.visit-ulcinj.com\/blog\/2014\/02\/01\/nika-ded-luli-je-ded-milo-rifresh-bejteve\/","name":"Nika: \u201cDed \u0110o Luli je Ded \u0110o Milo\u201d- Rifresh i do Bejteve....,- Video - Lajme nga Ulqini","isPartOf":{"@id":"https:\/\/www.visit-ulcinj.com\/blog\/#website"},"primaryImageOfPage":{"@id":"https:\/\/www.visit-ulcinj.com\/blog\/2014\/02\/01\/nika-ded-luli-je-ded-milo-rifresh-bejteve\/#primaryimage"},"datePublished":"2014-02-01T14:32:39+00:00","dateModified":"2014-02-02T08:15:27+00:00","author":{"@id":"https:\/\/www.visit-ulcinj.com\/blog\/#\/schema\/person\/dcab619c614d3038751c63bc2aadc06d"},"description":"Shkruan Muhamet Nika \u00a0 \u00a0\u201c DED \u0110O LULI JE DED \u0110O MILO\u201d- RIFRESH I DO BEJTEVE...., &nbsp; Po t\u00eb mos isha p\u00ebrmendur, n\u00eb bejte, k\u00ebsaj radhe, nuk do t\u00eb kisha","breadcrumb":{"@id":"https:\/\/www.visit-ulcinj.com\/blog\/2014\/02\/01\/nika-ded-luli-je-ded-milo-rifresh-bejteve\/#breadcrumb"},"inLanguage":"en-US","potentialAction":[{"@type":"ReadAction","target":["https:\/\/www.visit-ulcinj.com\/blog\/2014\/02\/01\/nika-ded-luli-je-ded-milo-rifresh-bejteve\/"]}]},{"@type":"BreadcrumbList","@id":"https:\/\/www.visit-ulcinj.com\/blog\/2014\/02\/01\/nika-ded-luli-je-ded-milo-rifresh-bejteve\/#breadcrumb","itemListElement":[{"@type":"ListItem","position":1,"name":"Nika: \u201cDed \u0110o Luli je Ded \u0110o Milo\u201d- Rifresh i do Bejteve&#8230;.,- Video"}]},{"@type":"Person","@id":"https:\/\/www.visit-ulcinj.com\/blog\/#\/schema\/person\/dcab619c614d3038751c63bc2aadc06d","name":"ulqini","sameAs":["http:\/\/www.visit-ulcinj.com"],"url":"https:\/\/www.visit-ulcinj.com\/blog\/author\/admin\/"}]}},"jetpack_featured_media_url":"","jetpack_sharing_enabled":true,"jetpack_shortlink":"https:\/\/wp.me\/pe6lTn-kzM","_links":{"self":[{"href":"https:\/\/www.visit-ulcinj.com\/blog\/wp-json\/wp\/v2\/posts\/79098"}],"collection":[{"href":"https:\/\/www.visit-ulcinj.com\/blog\/wp-json\/wp\/v2\/posts"}],"about":[{"href":"https:\/\/www.visit-ulcinj.com\/blog\/wp-json\/wp\/v2\/types\/post"}],"author":[{"embeddable":true,"href":"https:\/\/www.visit-ulcinj.com\/blog\/wp-json\/wp\/v2\/users\/1"}],"replies":[{"embeddable":true,"href":"https:\/\/www.visit-ulcinj.com\/blog\/wp-json\/wp\/v2\/comments?post=79098"}],"version-history":[{"count":2,"href":"https:\/\/www.visit-ulcinj.com\/blog\/wp-json\/wp\/v2\/posts\/79098\/revisions"}],"predecessor-version":[{"id":79154,"href":"https:\/\/www.visit-ulcinj.com\/blog\/wp-json\/wp\/v2\/posts\/79098\/revisions\/79154"}],"wp:attachment":[{"href":"https:\/\/www.visit-ulcinj.com\/blog\/wp-json\/wp\/v2\/media?parent=79098"}],"wp:term":[{"taxonomy":"category","embeddable":true,"href":"https:\/\/www.visit-ulcinj.com\/blog\/wp-json\/wp\/v2\/categories?post=79098"},{"taxonomy":"post_tag","embeddable":true,"href":"https:\/\/www.visit-ulcinj.com\/blog\/wp-json\/wp\/v2\/tags?post=79098"}],"curies":[{"name":"wp","href":"https:\/\/api.w.org\/{rel}","templated":true}]}}