{"id":79106,"date":"2014-02-01T16:04:15","date_gmt":"2014-02-01T15:04:15","guid":{"rendered":"http:\/\/www.visit-ulcinj.com\/blog\/?p=79106"},"modified":"2014-02-02T21:23:13","modified_gmt":"2014-02-02T20:23:13","slug":"nimanbegu-mi-bismo-sa-nasima-mozemo-sa-dps-om","status":"publish","type":"post","link":"https:\/\/www.visit-ulcinj.com\/blog\/2014\/02\/01\/nimanbegu-mi-bismo-sa-nasima-mozemo-sa-dps-om\/","title":{"rendered":"Nimanbegu: Mi bismo sa na\u0161ima, a mo\u017eemo i sa DPS-om"},"content":{"rendered":"<p><a href=\"http:\/\/www.visit-ulcinj.com\/blog\/wp-content\/uploads\/2014\/02\/CUNGU-NIMANBEGU.jpg\"><img loading=\"lazy\" class=\"alignleft  wp-image-79107\" alt=\"CUNGU-NIMANBEGU\" src=\"http:\/\/www.visit-ulcinj.com\/blog\/wp-content\/uploads\/2014\/02\/CUNGU-NIMANBEGU.jpg\" width=\"508\" height=\"360\" \/><\/a><strong>Foto: Vijesti<\/strong><\/p>\n<p>Forca je uputila poziv za razgovore ostalim albanskim partijama o formiranju koalicione vlasti u Ulcinju jer takvo rje\u0161enje smatra najprirodnijim, ali u slu\u010daju njihovog negativnog odgovora, ne zatvara vrata ni dogovorima sa Demokratskom partijom socijalista, kazao je Danu funkcioner Force Genci Nimanbegu.<\/p>\n<div>\n<p>On o\u010dekuje da \u0107e se ostale albanske nacionalne partije \u0161to prije izjasniti o njihovom pozivu o formiranju koalicione vlasti.<\/p>\n<p>\u201eNezvani\u010dni kontakti ve\u0107 postoje gotovo svakodnevno, ali o\u010dekujemo da vidimo i zvani\u010dne reakcije na na\u0161 poziv. Posloje toga \u0107emo definisati kada \u0107e po\u010deti razgovori. U slu\u010daju negativnog odgovora vidje\u0107emo ne\u0161to drugo\u201c, kazao je Nimanbegu.<\/p>\n<p>Upitan \u201eda li ne\u0161to drugo\u201c podrazumijeva razgovore sa DPS-om kazao je da Forca nije unaprijed nikome zatvorila vrata.<\/p>\n<p>\u201eDPS je na izborima osvojio devet odborni\u010dkih mandata, \u0161to je iznena\u0111uju\u0107e za Ulcinj\u201c, kazao je on izme\u0111u ostalog.<\/p>\n<p>Podsje\u0107amo da je na izborima odr\u017eanim 26. januara u Ulcinju Demokratska partija socijalsita osvojila devet mandata, Forca osam, koalicija Zajedno za budu\u0107nost Ulcinja koju \u010dine Demokratska partija-Demokratski savez i Perspektiva sedam, Demokratska unija Albanaca tri, Socijaldemokratska partija se dva, Pozitivna Crna Gora dva, Socijalisti\u010dka narodna partija i Demokratski front po jedan.<\/p>\n<p><strong>Izvor: DAN \/ CDM<\/strong><\/p>\n<\/div>\n","protected":false},"excerpt":{"rendered":"<p>Foto: Vijesti Forca je uputila poziv za razgovore ostalim albanskim partijama o formiranju koalicione vlasti u Ulcinju jer takvo rje\u0161enje smatra najprirodnijim, ali u slu\u010daju njihovog negativnog odgovora, ne zatvara vrata ni dogovorima sa Demokratskom partijom socijalista, kazao je Danu funkcioner Force Genci Nimanbegu. On o\u010dekuje da \u0107e se ostale albanske nacionalne partije \u0161to prije [&hellip;]<\/p>\n","protected":false},"author":1,"featured_media":0,"comment_status":"closed","ping_status":"closed","sticky":false,"template":"","format":"standard","meta":{"spay_email":"","jetpack_publicize_message":"","jetpack_is_tweetstorm":false,"jetpack_publicize_feature_enabled":true},"categories":[8337,6950],"tags":[],"jetpack_publicize_connections":[],"yoast_head":"<!-- This site is optimized with the Yoast SEO plugin v19.1 - https:\/\/yoast.com\/wordpress\/plugins\/seo\/ -->\n<title>Nimanbegu: Mi bismo sa na\u0161ima, a mo\u017eemo i sa DPS-om - Lajme nga Ulqini<\/title>\n<meta name=\"description\" content=\"Foto: Vijesti Forca je uputila poziv za razgovore ostalim albanskim partijama o formiranju koalicione vlasti u Ulcinju jer takvo rje\u0161enje smatra\" \/>\n<meta name=\"robots\" content=\"index, follow, max-snippet:-1, max-image-preview:large, max-video-preview:-1\" \/>\n<link rel=\"canonical\" href=\"https:\/\/www.visit-ulcinj.com\/blog\/2014\/02\/01\/nimanbegu-mi-bismo-sa-nasima-mozemo-sa-dps-om\/\" \/>\n<meta property=\"og:locale\" content=\"en_US\" \/>\n<meta property=\"og:type\" content=\"article\" \/>\n<meta property=\"og:title\" content=\"Nimanbegu: Mi bismo sa na\u0161ima, a mo\u017eemo i sa DPS-om - Lajme nga Ulqini\" \/>\n<meta property=\"og:description\" content=\"Foto: Vijesti Forca je uputila poziv za razgovore ostalim albanskim partijama o formiranju koalicione vlasti u Ulcinju jer takvo rje\u0161enje smatra\" \/>\n<meta property=\"og:url\" content=\"https:\/\/www.visit-ulcinj.com\/blog\/2014\/02\/01\/nimanbegu-mi-bismo-sa-nasima-mozemo-sa-dps-om\/\" \/>\n<meta property=\"og:site_name\" content=\"Lajme nga Ulqini\" \/>\n<meta property=\"article:published_time\" content=\"2014-02-01T15:04:15+00:00\" \/>\n<meta property=\"article:modified_time\" content=\"2014-02-02T20:23:13+00:00\" \/>\n<meta property=\"og:image\" content=\"http:\/\/www.visit-ulcinj.com\/blog\/wp-content\/uploads\/2014\/02\/CUNGU-NIMANBEGU.jpg\" \/>\n<meta name=\"twitter:label1\" content=\"Written by\" \/>\n\t<meta name=\"twitter:data1\" content=\"ulqini\" \/>\n\t<meta name=\"twitter:label2\" content=\"Est. reading time\" \/>\n\t<meta name=\"twitter:data2\" content=\"1 minute\" \/>\n<script type=\"application\/ld+json\" class=\"yoast-schema-graph\">{\"@context\":\"https:\/\/schema.org\",\"@graph\":[{\"@type\":\"WebSite\",\"@id\":\"https:\/\/www.visit-ulcinj.com\/blog\/#website\",\"url\":\"https:\/\/www.visit-ulcinj.com\/blog\/\",\"name\":\"Lajme nga Ulqini\",\"description\":\"Lajme,Vijesti,Ulqini,Ulqin,Crna Gora,Mali i Zi\",\"potentialAction\":[{\"@type\":\"SearchAction\",\"target\":{\"@type\":\"EntryPoint\",\"urlTemplate\":\"https:\/\/www.visit-ulcinj.com\/blog\/?s={search_term_string}\"},\"query-input\":\"required name=search_term_string\"}],\"inLanguage\":\"en-US\"},{\"@type\":\"ImageObject\",\"inLanguage\":\"en-US\",\"@id\":\"https:\/\/www.visit-ulcinj.com\/blog\/2014\/02\/01\/nimanbegu-mi-bismo-sa-nasima-mozemo-sa-dps-om\/#primaryimage\",\"url\":\"https:\/\/www.visit-ulcinj.com\/blog\/wp-content\/uploads\/2014\/02\/CUNGU-NIMANBEGU.jpg\",\"contentUrl\":\"https:\/\/www.visit-ulcinj.com\/blog\/wp-content\/uploads\/2014\/02\/CUNGU-NIMANBEGU.jpg\",\"width\":1000,\"height\":642},{\"@type\":\"WebPage\",\"@id\":\"https:\/\/www.visit-ulcinj.com\/blog\/2014\/02\/01\/nimanbegu-mi-bismo-sa-nasima-mozemo-sa-dps-om\/#webpage\",\"url\":\"https:\/\/www.visit-ulcinj.com\/blog\/2014\/02\/01\/nimanbegu-mi-bismo-sa-nasima-mozemo-sa-dps-om\/\",\"name\":\"Nimanbegu: Mi bismo sa na\u0161ima, a mo\u017eemo i sa DPS-om - Lajme nga Ulqini\",\"isPartOf\":{\"@id\":\"https:\/\/www.visit-ulcinj.com\/blog\/#website\"},\"primaryImageOfPage\":{\"@id\":\"https:\/\/www.visit-ulcinj.com\/blog\/2014\/02\/01\/nimanbegu-mi-bismo-sa-nasima-mozemo-sa-dps-om\/#primaryimage\"},\"datePublished\":\"2014-02-01T15:04:15+00:00\",\"dateModified\":\"2014-02-02T20:23:13+00:00\",\"author\":{\"@id\":\"https:\/\/www.visit-ulcinj.com\/blog\/#\/schema\/person\/dcab619c614d3038751c63bc2aadc06d\"},\"description\":\"Foto: Vijesti Forca je uputila poziv za razgovore ostalim albanskim partijama o formiranju koalicione vlasti u Ulcinju jer takvo rje\u0161enje smatra\",\"breadcrumb\":{\"@id\":\"https:\/\/www.visit-ulcinj.com\/blog\/2014\/02\/01\/nimanbegu-mi-bismo-sa-nasima-mozemo-sa-dps-om\/#breadcrumb\"},\"inLanguage\":\"en-US\",\"potentialAction\":[{\"@type\":\"ReadAction\",\"target\":[\"https:\/\/www.visit-ulcinj.com\/blog\/2014\/02\/01\/nimanbegu-mi-bismo-sa-nasima-mozemo-sa-dps-om\/\"]}]},{\"@type\":\"BreadcrumbList\",\"@id\":\"https:\/\/www.visit-ulcinj.com\/blog\/2014\/02\/01\/nimanbegu-mi-bismo-sa-nasima-mozemo-sa-dps-om\/#breadcrumb\",\"itemListElement\":[{\"@type\":\"ListItem\",\"position\":1,\"name\":\"Nimanbegu: Mi bismo sa na\u0161ima, a mo\u017eemo i sa DPS-om\"}]},{\"@type\":\"Person\",\"@id\":\"https:\/\/www.visit-ulcinj.com\/blog\/#\/schema\/person\/dcab619c614d3038751c63bc2aadc06d\",\"name\":\"ulqini\",\"sameAs\":[\"http:\/\/www.visit-ulcinj.com\"],\"url\":\"https:\/\/www.visit-ulcinj.com\/blog\/author\/admin\/\"}]}<\/script>\n<!-- \/ Yoast SEO plugin. -->","yoast_head_json":{"title":"Nimanbegu: Mi bismo sa na\u0161ima, a mo\u017eemo i sa DPS-om - Lajme nga Ulqini","description":"Foto: Vijesti Forca je uputila poziv za razgovore ostalim albanskim partijama o formiranju koalicione vlasti u Ulcinju jer takvo rje\u0161enje smatra","robots":{"index":"index","follow":"follow","max-snippet":"max-snippet:-1","max-image-preview":"max-image-preview:large","max-video-preview":"max-video-preview:-1"},"canonical":"https:\/\/www.visit-ulcinj.com\/blog\/2014\/02\/01\/nimanbegu-mi-bismo-sa-nasima-mozemo-sa-dps-om\/","og_locale":"en_US","og_type":"article","og_title":"Nimanbegu: Mi bismo sa na\u0161ima, a mo\u017eemo i sa DPS-om - Lajme nga Ulqini","og_description":"Foto: Vijesti Forca je uputila poziv za razgovore ostalim albanskim partijama o formiranju koalicione vlasti u Ulcinju jer takvo rje\u0161enje smatra","og_url":"https:\/\/www.visit-ulcinj.com\/blog\/2014\/02\/01\/nimanbegu-mi-bismo-sa-nasima-mozemo-sa-dps-om\/","og_site_name":"Lajme nga Ulqini","article_published_time":"2014-02-01T15:04:15+00:00","article_modified_time":"2014-02-02T20:23:13+00:00","og_image":[{"url":"http:\/\/www.visit-ulcinj.com\/blog\/wp-content\/uploads\/2014\/02\/CUNGU-NIMANBEGU.jpg"}],"twitter_misc":{"Written by":"ulqini","Est. reading time":"1 minute"},"schema":{"@context":"https:\/\/schema.org","@graph":[{"@type":"WebSite","@id":"https:\/\/www.visit-ulcinj.com\/blog\/#website","url":"https:\/\/www.visit-ulcinj.com\/blog\/","name":"Lajme nga Ulqini","description":"Lajme,Vijesti,Ulqini,Ulqin,Crna Gora,Mali i Zi","potentialAction":[{"@type":"SearchAction","target":{"@type":"EntryPoint","urlTemplate":"https:\/\/www.visit-ulcinj.com\/blog\/?s={search_term_string}"},"query-input":"required name=search_term_string"}],"inLanguage":"en-US"},{"@type":"ImageObject","inLanguage":"en-US","@id":"https:\/\/www.visit-ulcinj.com\/blog\/2014\/02\/01\/nimanbegu-mi-bismo-sa-nasima-mozemo-sa-dps-om\/#primaryimage","url":"https:\/\/www.visit-ulcinj.com\/blog\/wp-content\/uploads\/2014\/02\/CUNGU-NIMANBEGU.jpg","contentUrl":"https:\/\/www.visit-ulcinj.com\/blog\/wp-content\/uploads\/2014\/02\/CUNGU-NIMANBEGU.jpg","width":1000,"height":642},{"@type":"WebPage","@id":"https:\/\/www.visit-ulcinj.com\/blog\/2014\/02\/01\/nimanbegu-mi-bismo-sa-nasima-mozemo-sa-dps-om\/#webpage","url":"https:\/\/www.visit-ulcinj.com\/blog\/2014\/02\/01\/nimanbegu-mi-bismo-sa-nasima-mozemo-sa-dps-om\/","name":"Nimanbegu: Mi bismo sa na\u0161ima, a mo\u017eemo i sa DPS-om - Lajme nga Ulqini","isPartOf":{"@id":"https:\/\/www.visit-ulcinj.com\/blog\/#website"},"primaryImageOfPage":{"@id":"https:\/\/www.visit-ulcinj.com\/blog\/2014\/02\/01\/nimanbegu-mi-bismo-sa-nasima-mozemo-sa-dps-om\/#primaryimage"},"datePublished":"2014-02-01T15:04:15+00:00","dateModified":"2014-02-02T20:23:13+00:00","author":{"@id":"https:\/\/www.visit-ulcinj.com\/blog\/#\/schema\/person\/dcab619c614d3038751c63bc2aadc06d"},"description":"Foto: Vijesti Forca je uputila poziv za razgovore ostalim albanskim partijama o formiranju koalicione vlasti u Ulcinju jer takvo rje\u0161enje smatra","breadcrumb":{"@id":"https:\/\/www.visit-ulcinj.com\/blog\/2014\/02\/01\/nimanbegu-mi-bismo-sa-nasima-mozemo-sa-dps-om\/#breadcrumb"},"inLanguage":"en-US","potentialAction":[{"@type":"ReadAction","target":["https:\/\/www.visit-ulcinj.com\/blog\/2014\/02\/01\/nimanbegu-mi-bismo-sa-nasima-mozemo-sa-dps-om\/"]}]},{"@type":"BreadcrumbList","@id":"https:\/\/www.visit-ulcinj.com\/blog\/2014\/02\/01\/nimanbegu-mi-bismo-sa-nasima-mozemo-sa-dps-om\/#breadcrumb","itemListElement":[{"@type":"ListItem","position":1,"name":"Nimanbegu: Mi bismo sa na\u0161ima, a mo\u017eemo i sa DPS-om"}]},{"@type":"Person","@id":"https:\/\/www.visit-ulcinj.com\/blog\/#\/schema\/person\/dcab619c614d3038751c63bc2aadc06d","name":"ulqini","sameAs":["http:\/\/www.visit-ulcinj.com"],"url":"https:\/\/www.visit-ulcinj.com\/blog\/author\/admin\/"}]}},"jetpack_featured_media_url":"","jetpack_sharing_enabled":true,"jetpack_shortlink":"https:\/\/wp.me\/pe6lTn-kzU","_links":{"self":[{"href":"https:\/\/www.visit-ulcinj.com\/blog\/wp-json\/wp\/v2\/posts\/79106"}],"collection":[{"href":"https:\/\/www.visit-ulcinj.com\/blog\/wp-json\/wp\/v2\/posts"}],"about":[{"href":"https:\/\/www.visit-ulcinj.com\/blog\/wp-json\/wp\/v2\/types\/post"}],"author":[{"embeddable":true,"href":"https:\/\/www.visit-ulcinj.com\/blog\/wp-json\/wp\/v2\/users\/1"}],"replies":[{"embeddable":true,"href":"https:\/\/www.visit-ulcinj.com\/blog\/wp-json\/wp\/v2\/comments?post=79106"}],"version-history":[{"count":1,"href":"https:\/\/www.visit-ulcinj.com\/blog\/wp-json\/wp\/v2\/posts\/79106\/revisions"}],"predecessor-version":[{"id":79108,"href":"https:\/\/www.visit-ulcinj.com\/blog\/wp-json\/wp\/v2\/posts\/79106\/revisions\/79108"}],"wp:attachment":[{"href":"https:\/\/www.visit-ulcinj.com\/blog\/wp-json\/wp\/v2\/media?parent=79106"}],"wp:term":[{"taxonomy":"category","embeddable":true,"href":"https:\/\/www.visit-ulcinj.com\/blog\/wp-json\/wp\/v2\/categories?post=79106"},{"taxonomy":"post_tag","embeddable":true,"href":"https:\/\/www.visit-ulcinj.com\/blog\/wp-json\/wp\/v2\/tags?post=79106"}],"curies":[{"name":"wp","href":"https:\/\/api.w.org\/{rel}","templated":true}]}}