{"id":79136,"date":"2014-02-01T19:24:02","date_gmt":"2014-02-01T18:24:02","guid":{"rendered":"http:\/\/www.visit-ulcinj.com\/blog\/?p=79136"},"modified":"2014-02-01T19:26:15","modified_gmt":"2014-02-01T18:26:15","slug":"ulqini-i-lene-vetem-nuk-e-shpeton-dot-ulqinin-nga-gjoke-dabaj","status":"publish","type":"post","link":"https:\/\/www.visit-ulcinj.com\/blog\/2014\/02\/01\/ulqini-i-lene-vetem-nuk-e-shpeton-dot-ulqinin-nga-gjoke-dabaj\/","title":{"rendered":"Ulqini, i l\u00ebn\u00eb vet\u00ebm, nuk e shp\u00ebton dot Ulqinin nga Gjok\u00eb Dabaj  &#8211; Video"},"content":{"rendered":"<p><em><strong><a href=\"http:\/\/www.visit-ulcinj.com\/blog\/wp-content\/uploads\/2014\/02\/Gjoke-Dabaj-001.jpg\"><img loading=\"lazy\" class=\"alignleft  wp-image-79137\" alt=\"Gjoke-Dabaj-001\" src=\"http:\/\/www.visit-ulcinj.com\/blog\/wp-content\/uploads\/2014\/02\/Gjoke-Dabaj-001.jpg\" width=\"350\" height=\"450\" \/><\/a>Durr\u00ebs, 30. 01. 2014 &#8211; Jam i detyruar t\u00eb jem i ashp\u00ebr n\u00eb trajtimin e k\u00ebtij problemi. Sot u publikua n\u00eb gazetat e Tiran\u00ebs nj\u00eb shkrim me titull \u201cA do t\u00eb dor\u00ebzohet Ulqini\u201d, dhe kjo m\u00eb nxiti edhe m\u00eb shum\u00eb t\u00eb prononcohem. M\u00eb nxiti edhe nj\u00eb bised\u00eb n\u00eb Top\u00e7en\u00ebll lidhur me garat ilegale t\u00eb qenvet n\u00eb Tiran\u00eb e n\u00eb Durr\u00ebs. Nuk jam kund\u00ebr asaj q\u00eb Top\u00e7en\u00eblli t\u00eb flas\u00eb edhe p\u00ebr rr\u00ebzikun e garavet ilegale me qen, por: Sa her\u00eb ka folur ky televizion p\u00ebr garat, legale dhe ilegale, kund\u00ebr t\u00eb drejtavet t\u00eb shqiptar\u00ebvet t\u00eb Tivarit?!<\/strong><\/em><\/p>\n<p>\u00c7\u00ebshtja e par\u00eb, detyrimisht nga historia.<\/p>\n<p>N\u00eb vitin 1479, Shkodra u pushtua nga Perandoria Osmane. Ulqini e Tivari u pushtuan n\u00eb vitin 1571. Plot 92 vjet Ulqini dhe Tivari kan\u00eb p\u00ebrjetuar nj\u00eb T\u00cb MBETUR GJALL\u00cb, n\u00ebn nj\u00eb rrethim t\u00eb pand\u00ebrprer\u00eb prej forcash ushtarake osmane. Jo 92 dit\u00eb, por 92 vjet! Sulme, pla\u00e7kitje, rr\u00ebmbime njer\u00ebzish dhe rr\u00ebmbime t\u00eb \u00e7do lloj pasurie. Vrasje dit\u00eb p\u00ebr dit\u00eb\u2026 Por, n\u00ebse i shfletojm\u00eb dokumentet me kujdesin e duhur, na del q\u00eb, pla\u00e7kit\u00ebsit, dhunuesit dhe vras\u00ebsit, n\u00eb shumic\u00ebn e tyre, nuk ishin as nga Anadolli, as nga Egjipti. Ata ishin shumica shkodran\u00eb tashm\u00eb t\u00eb islamizuar dhe banor\u00eb t\u00eb rrethinavet t\u00eb Shkodr\u00ebs. \u00cbsht\u00eb indinjuese, \u00ebsht\u00eb revoltuese, por kjo \u00ebsht\u00eb e v\u00ebrteta dhe s\u2019kemi si t\u2019i shmangemi, ve\u00e7 duke i v\u00ebn\u00eb gishtin kok\u00ebs, ne t\u00eb sotmit. Studuesit le t\u2019i marrin nj\u00eb p\u00ebr nj\u00eb dokumentet e informacionet dhe le t\u00eb v\u00ebrtetojn\u00eb t\u00eb kund\u00ebrt\u00ebn! Mua do t\u00eb m\u00eb vij\u00eb mir\u00eb.<\/p>\n<p>as k\u00ebsaj, kur edhe Ulqini e Tivari ran\u00eb n\u00ebn Perandorin\u00eb Osmane, ka shum\u00eb raste bashk\u00ebpunimi e bashk\u00ebveprimi n\u00eb p\u00ebrpjekjet p\u00ebr t\u2019u \u00e7liruar prej pushtuesit osman, por ka edhe nj\u00eb tjet\u00ebr aspekt rr\u00ebnqeth\u00ebs: Ulqini u shnd\u00ebrrua n\u00eb liman kusar\u00ebsh t\u00eb detit dhe shumica e pla\u00e7k\u00ebs derdhej n\u00eb thesar\u00ebt e pashallar\u00ebvet t\u00eb Shkodr\u00ebs, sepse ata mendonin P\u00cbR VETE, jo p\u00ebr Shkodr\u00ebn, as p\u00ebr Ulqinin.<\/p>\n<p>Vitet 1878-1881, kan\u00eb qen\u00eb vitet m\u00eb t\u00eb lavdish\u00ebm, kur forcat patriotike shqiptare u pat\u00ebn bashkuar m\u00eb vrullsh\u00ebm se kurr\u00eb, n\u00eb mbrojtje t\u00eb qytetevet t\u00eb Tivarit dhe Ulqinit. Mir\u00ebpo, edhe aty na bie n\u00eb sy nj\u00eb dukuri e jona p\u00ebrjet\u00ebsisht e kritikueshme. Shqiptar\u00ebt, jo vet\u00ebm k\u00ebta t\u00eb Shkodr\u00ebs, por t\u00eb krejt Shqip\u00ebris\u00eb (Nuk duhet t\u00eb harrojm\u00eb q\u00eb n\u00eb ata vite qen\u00eb ngritur n\u00eb k\u00ebmb\u00eb vet\u00ebm n\u00eb Veri mbi 240 mij\u00eb luft\u00ebtar\u00eb t\u00eb armatosur.) DUAN t\u2019i mbrojn\u00eb Ulqinin dhe Tivarin, por NUK DIN\u00cb t\u2019i mbrojn\u00eb. Mbi t\u00eb gjitha, nuk kan\u00eb strategji dhe taktik\u00eb ushtarake p\u00ebr t\u00eb realizuar at\u00eb q\u00eb populli e k\u00ebrkonte me k\u00ebmb\u00ebngulje. (Shqip\u00ebria, kjo prodhuese n\u00eb seri e gjeneral\u00ebvet q\u00eb jepnin jet\u00ebn p\u00ebr Bab\u00ebn Mbret, nuk qe n\u00eb gjendje t\u00eb nxjerr\u00eb nj\u00eb gjeneral, p\u00ebr t\u00eb mbrojtur vatanin prej sllav\u00ebvet dhe prej grek\u00ebvet!)<\/p>\n<p>N\u00eb ata vite, u thur\u00ebn shum\u00eb k\u00ebng\u00eb p\u00ebr Tivarin e p\u00ebr Ulqinin, por un\u00eb po sjell k\u00ebtu vet\u00eb 3 a 4 vargje. \u201cT\u00eb shtat\u00eb krajlat me ba urdi\/ pa kris\u00eb pushka, nuk e lshojm\u00eb\u201d Kemi, nga nj\u00ebra an\u00eb, nj\u00eb realitet q\u00eb Evropa ish kund\u00ebr Ulqinit, por kemi, n\u00eb an\u00eb tjet\u00ebr, PSIKOZ\u00cbN E T\u00cb DOR\u00cbZUARIT, ende pa filluar p\u00ebrballja. \u00c7\u2019do me th\u00ebn\u00eb \u201cpa kris\u00eb pushka, nuk e lshojm\u00eb\u201d?! Do me th\u00eb, hi\u00e7 m\u00eb pak se \u201ce l\u00ebshojm\u00eb\u201d. \u201cV\u00ebrtet do t\u00eb k\u00ebrcas\u00eb pushka, por Ulqinin do ta l\u00ebshojm\u00eb.\u201d Edhe n\u00eb aspektin taktik t\u00eb t\u00eb krisurit t\u00eb pushk\u00ebs, nuk ka kurrfar\u00eb profesionalizmi. Pse nuk i bien Cetinj\u00ebs gjithato forca q\u00eb i kishin arm\u00ebt m\u00eb t\u00eb mira se malazez\u00ebt dhe q\u00eb, p\u00ebr nga numri, ishin nja 9 her\u00eb shum\u00eb?! Nuk i bien Cetinj\u00ebs, e cila s\u2019kish thuajse fare mbrojtje, por shkojn\u00eb e rrasen, si budallenjt\u00eb, n\u00eb nj\u00eb gryk\u00eb t\u00eb ngusht\u00eb t\u00eb Shkall\u00ebmushk\u00ebs n\u00eb Kllez\u00ebn! M\u00eb n\u00eb fund, vjen edhe urdh\u00ebri kapitullues, n\u00eb t\u00eb v\u00ebrtet\u00eb, sebep p\u00ebr t\u2019u justifikuar n\u00eb nj\u00ebfar\u00eb m\u00ebnyre: \u201c\u00c7ajre s\u2019asht pa e lshue Ulqinin\/ kam Stamoll\u00ebn muhasere.\u201d Gozhd\u00eb p\u00ebr t\u00eb varur gozhupin e turpit.<\/p>\n<p>Kjo histori e luft\u00ebs p\u00ebr mbrojtjen e Ulqinit, sado q\u00eb populli e kish me gjith\u00eb shpirt, nuk mund t\u00eb em\u00ebrtohet ndryshe, ve\u00e7se si kapje e m\u00ebzatit p\u00ebr bishtit, n\u00eb vend q\u00eb t\u00eb kapej p\u00ebr brir\u00ebsh.<\/p>\n<p>N\u00eb vitin 1962, kur p\u00ebr her\u00eb t\u00eb par\u00eb erdha n\u00eb Shkod\u00ebr, vura re nj\u00eb shkall\u00eb injorance t\u00eb pap\u00ebrballueshme dhe t\u00eb padurueshme n\u00eb mentalitetin e shkodran\u00ebvet, mentalitet, i cili shprehej n\u00ebp\u00ebrmjet gjuh\u00ebs shqipe, t\u00eb sakatuar e t\u00eb gjymtuar, nj\u00eblloj si toka e shqiptar\u00ebvet! Jo vet\u00ebm n\u00eb t\u00eb folurin e shkodran\u00ebvet, por n\u00eb t\u00eb folurin e shumic\u00ebs s\u00eb banor\u00ebvet t\u00eb Rep.Pop. t\u00eb Shqip\u00ebris\u00eb. Ata i konsideronin Tivarin dhe Ulqinin Jugosllavi! \u201cA prej Jugosllaviet je ti?\u201d \u201cKa pas\u00eb ardh\u00eb para 2 vjetsh ktu edhe nji jugosllav tjet\u00ebr. A ken\u00eb prej Ans Malit m\u2019duket.\u201d As shqiptar\u00ebt e Tepelen\u00ebs, p\u00ebr 5 vjet, sa q\u00ebndrova atje, nuk i m\u00ebsova dot t\u00eb mos m\u00eb quanin jugosllav. E shumta, disa prej tyre, m\u00ebsuan t\u00eb thon\u00eb: \u201cKy \u00ebsht\u00eb shqiptar i Jugosllavis\u00eb.\u201d<\/p>\n<p>N\u00eb vitin 1969 apo 1970, pata nj\u00eb epsod t\u00eb hidhur me Haki Tosk\u00ebn, an\u00ebtar i Byros\u00eb Politike t\u00eb PPSH-s\u00eb. Profesori yn\u00eb i nderuar, Kristaq Prifti, nj\u00eb patriot nga t\u00eb kthiellt\u00ebt e asaj kohe, deshi t\u00eb m\u00eb lavd\u00ebroj\u00eb para an\u00ebtarit t\u00eb Byros\u00eb dhe i tha: \u201cGjok\u00ebn e kemi nga Ulqini.\u201d \u201cAshtu?!\u201d U habit byroisti. \u201cPo shqipen, kur e ke m\u00ebsuar?\u201d \u201cMa ka m\u00ebsuar n\u00ebna,\u201d i thash\u00eb, nd\u00ebsa vura re nj\u00eb zbehje n\u00eb fytyr\u00ebn e profesorit.<\/p>\n<p>Mbas vitit 1990 kam hasur jo 1, por disa shkodran\u00eb e mal\u00ebsor\u00eb apo bregasor\u00eb, q\u00eb punojn\u00eb n\u00eb Tivar e n\u00eb Ulqin. Shum\u00eb prej tyre Tivarit i thon\u00eb Bar. \u201cKam punue edhe n\u00eb Bar.\u201d \u201cPo ti, a prej Barit kenke!\u201d \u201cBari bie matan\u00eb Ulqinit.\u201d T\u00eb nj\u00ebjt\u00eb shkall\u00eb injorance shfaqi nj\u00eb nat\u00eb edhe nj\u00eb gazetare e Tiran\u00ebs. Ajo tha: \u201cKlandestin\u00ebt dalin n\u00eb Muriqan dhe kalojn\u00eb n\u00eb Itali n\u00ebp\u00ebrmjet Barit t\u00eb Malit t\u00eb Zi.\u201d<\/p>\n<p>N\u00eb k\u00ebt\u00eb m\u00ebnyr\u00eb, me k\u00ebt\u00eb shkall\u00eb diturie dhe me k\u00ebt\u00eb lloj cekt\u00ebsie tuberkulare, \u00ebsht\u00eb e kot\u00eb t\u00eb pyes\u00ebsh: \u201cA do t\u00eb dor\u00ebzohet Ulqini\u201d. Me k\u00ebt\u00eb shkall\u00eb diturie dhe me k\u00ebt\u00eb lloj cekt\u00ebsie, q\u00eb e perhap n\u00eb shpirtin tone si pakuptuesh\u00ebm s\u00ebmundjen e veremit, ka rr\u00ebzik q\u00eb nj\u00eb dit\u00eb t\u2019i ngrej\u00eb duart p\u00ebrpjet\u00eb edhe vet\u00eb Shkodra. Ta pushtojn\u00eb prap\u00eb, ashtu si\u00e7 edhe e pushtuan, malazez\u00ebt dhe s\u00ebrb\u00ebt, n\u00eb Luft\u00ebrat Ballkanike. Gjenero sa t\u00eb duash heroiz\u00ebm, kur s\u2019e ke kok\u00ebn atje ku duhet!<\/p>\n<p><strong>\u00c7\u00ebshtja e dyt\u00eb: Barku plot, po truri?<\/strong><\/p>\n<p>Vet\u00eb Ulqinit i mungon arma kryesore e t\u00eb vet\u00ebmbrojturit. I thash\u00eb nj\u00eb dit\u00eb nj\u00eb mikut tim ulqinak: \u201cJu kurr\u00eb nuk do ta fitoni Ullisht\u00ebn q\u00eb jua kan\u00eb marr\u00eb s\u00ebrbo-malazez\u00ebt!\u201d \u201cPse?!\u201d M\u00eb pyeti i habitur shoku dhe miku im. \u201cSepse ju nuk lexoni libra!\u201d<\/p>\n<p>N\u00eb krejt Ulqinin nuk ka as edhe 1 librari me libra shqip. N\u00eb t\u00eb vetmin lokal, mbi der\u00ebn e t\u00eb cilit shkruan shqip LIBRARI, s\u2019ka, ve\u00e7se kancelari: Fletore t\u00eb t\u00eb gjith\u00eb formatevet, stilolapsa t\u00eb t\u00eb gjith\u00eb llojevet, tabak\u00eb letre dhe letra me ngjyra p\u00ebr pun\u00eb dore. N\u00eb krejt Ulqinin nuk ka asnj\u00eb kiosk\u00eb, ku t\u00eb shiten gazeta e revista t\u00eb Tiran\u00ebs, Prishtin\u00ebs apo Shkupit. Ka vet\u00ebm kioska t\u00eb gazetavet e libravet n\u00eb gjuh\u00ebt sllave, madje edhe prej Beogradit, q\u00eb s\u2019\u00ebsht\u00eb pjes\u00eb e k\u00ebtij shteti. Fatmir To\u00e7i dhe shok\u00ebt e tij, organizues panairesh t\u00eb libravet, shkojn\u00eb 1 her\u00eb n\u00eb vit me librin shqip n\u00eb Ulqin. Po them: 1 her\u00eb n\u00eb vit, jo p\u00ebrdit\u00eb! Se aq i kan\u00eb mund\u00ebsit\u00eb. Por edhe kjo, 1 her\u00eb t\u00eb vetme n\u00eb vit, sa vjen e po zbehet, sepse ulqinak\u00ebt nuk i lexojn\u00eb librat. Si mund ta mbrojn\u00eb Ulqinin ulqinak\u00ebt, n\u00ebse t\u00eb gjitha dit\u00ebt i g\u00ebdhijn\u00eb e i ngrysin n\u00ebp\u00ebr kafene, duke e shp\u00ebrndar\u00eb pa kursim \u201cmen\u00e7urin\u00eb\u201d e tyre natyrale, m\u00eb shum\u00eb shterp\u00eb se plle?!<\/p>\n<p>Tumori n\u00eb Tivar, n\u00eb Ulqin, metastazat.<\/p>\n<p>Ulqini nuk mund t\u2019i ruaj\u00eb, as ve\u00e7orit\u00eb kulturore komb\u00ebtare, as ato t\u00eb pushtetit lokal, pa u p\u00ebrpjekur edhe p\u00ebr Tivarin, ashtu si as Shkodra n\u00eb t\u00eb ardhshmen, nuk do t\u00eb mund t\u00eb vet\u00ebruhet, pa u p\u00ebrpjekur n\u00eb vazhdim\u00ebsi p\u00ebr Tivarin e p\u00ebr Ulqinin. Nuk po them, t\u2019i mbrojn\u00eb, Shkodra e Tirana, Tivarin e Ulqinin, me topa e me raketa, sepse, edhe po t\u00eb duan, s\u2019i kan\u00eb m\u00eb, as topat, as raketat. Po them: T\u00eb mbrohen me dituri dhe me men\u00e7uri t\u00eb mir\u00ebfillt\u00eb komb\u00ebtare dhe t\u00eb mirorganizuar. Ka n\u00eb Shkod\u00ebr e n\u00eb Tiran\u00eb jo pak intelektual\u00eb t\u00eb p\u00ebrkushtuar edhe ndaj k\u00ebtij problemi. Por kjo nuk mjafton, ashtu si nuk mjaftuan nj\u00eb Hodo Sokol e nj\u00eb Mehmet Bec, n\u00eb gjysm\u00ebn e dyt\u00eb t\u00eb shekullit XIX. Na duhen qeveritar\u00eb patriot\u00eb! Duhen lisa me gjith\u00eb deg\u00eb, jo vet\u00ebm deg\u00eb! Duhet krejt pylli t\u00eb rrij\u00eb q\u00ebndruesh\u00ebm, drejt m\u00eb k\u00ebmb\u00eb, jo ve\u00e7 lisa, t\u00eb ve\u00e7uesh\u00ebm, q\u00eb \u00ebsht\u00eb leht\u00eb p\u00ebr t\u2019i prer\u00eb e p\u00ebr t\u2019i djegur!<\/p>\n<p>Un\u00eb nuk kam n\u00eb dispozicion kurrfar\u00eb statistikash t\u00eb besueshme, por, si tivaras q\u00eb jam, me aq sa e njoh Tivarin e sot\u00ebm, kam bindjen q\u00eb 60% e banor\u00ebvet t\u00eb Tivarit me rrethin\u00eb, e p\u00ebrb\u00ebjn\u00eb shqiptar\u00ebt. Nuk jan\u00eb t\u00eb regjistruar si shqiptar\u00eb, llagapet, dmth pranemrat, i kan\u00eb n\u00eb sllavisht, n\u00eb shumic\u00ebn e rastevet edhe emrat vetjak\u00eb i kan\u00eb t\u00eb sllavizuar apo gjysm\u00eb t\u00eb sllavizuar, nuk flasin shqip n\u00eb ambientet publik\u00eb, por n\u00eb sht\u00ebpi, kur u duhet t\u00eb komunikojn\u00eb m\u00eb mir\u00eb me gjysh\u00ebrit apo me gjyshet, ia fusin edhe shqip, nuk marrin pjes\u00eb n\u00eb partit\u00eb politike shqiptare, madje i shajn\u00eb, nuk kan\u00eb as edhe 1 shkoll\u00eb shqipe, madje as q\u00eb k\u00ebrkojn\u00eb t\u00eb ken\u00eb shkollim n\u00eb gjuh\u00ebn e vet. Nuk ka as n\u00eb Afrik\u00eb popull m\u00eb t\u00eb pavet\u00ebdijsh\u00ebm. A mund t\u00eb shpresosh q\u00eb Ulqini t\u00eb q\u00ebndroj\u00eb shqiptar, duke pasur p\u00ebr fqinj, me v\u00ebllaz\u00ebri e me farefis, nj\u00eb Tivar q\u00eb i \u00ebsht\u00eb dor\u00ebzuar shkomb\u00ebtarizimit n\u00eb m\u00ebnyr\u00eb kaq t\u00eb prostitutshme?!<\/p>\n<p>Nuk po flas, sa e si po punojn\u00eb shovinist\u00ebt s\u00ebrbo-malazez\u00eb, p\u00ebr t\u2019i asgj\u00ebsuar, kulturalisht, komb\u00ebtarisht dhe politikisht, shqiptar\u00ebt. Jo vet\u00ebm n\u00eb m\u00ebnyr\u00eb t\u00eb hapur, por sidomos n\u00eb m\u00ebnyr\u00eb perfide, duke u shtirur si miq t\u00eb shqiptar\u00ebvet, duke i p\u00ebr\u00e7ar\u00eb ata, duke i neutralizuar 1 nga 1 e 2 nga 2. Nuk po flas as p\u00ebr m\u00ebnyr\u00ebn se si Evropa nuk e ka as n\u00eb cep t\u00eb v\u00ebmendjes p\u00ebr t\u2019i mbrojtur shqiptar\u00ebt, q\u00eb vet\u00eb ajo ia ka dor\u00ebzuar Malit t\u00eb Zi. Evrop\u00ebs, por, po m\u00eb duket, edhe Amerik\u00ebs, i mjaftojn\u00eb 2 apo 3 rezervate shqiptar\u00ebsh, sa p\u00ebr t\u00eb shuar kuriozitetin e antropolog\u00ebvet.<\/p>\n<p>Po flas p\u00ebr veten ton\u00eb!. Legjislacioni i sot\u00ebm i Malit t\u00eb Zi nuk e ndalon shqiptarin e Tivarit p\u00ebr t\u00eb folur shqip. Legjislacioni i sot\u00ebm i Malit t\u00eb Zi nuk e ndalon shqiptarin e Tivarit p\u00ebr t\u00eb k\u00ebrkuar shkoll\u00eb shqipe p\u00ebr f\u00ebmij\u00ebt e vet. Legjislacioni i sot\u00ebm i Malit t\u00eb Zi nuk e ndalon shqiptarin e Tivarit p\u00ebr t\u00eb marr\u00eb pjes\u00eb n\u00eb nj\u00eb parti politike shqiptare. Mir\u00ebpo, shqiptari i Tivarit \u00ebsht\u00eb krejt injorant p\u00ebrsa i p\u00ebrket kultur\u00ebs komb\u00ebtare dhe, si i till\u00eb, ai \u00ebsht\u00eb edhe pa kurrfar\u00eb dinjiteti. Hiqja njeriut dinjitetin komb\u00ebtar, b\u00ebj q\u00eb ta harroj\u00eb gjuh\u00ebn e t\u00eb par\u00ebvet t\u00eb vet, ia ke hequr edhe dinjitetin familjar e personal. E ke zhveshur s\u00eb gjithash!<\/p>\n<p>Prandaj, pa e m\u00ebsuar, edhe shkodrani i fundit, q\u00eb Tivari nuk \u00ebsht\u00eb Bar p\u00ebr ne shqiptar\u00ebt, pa e m\u00ebsuar kryeministri i Rep.s\u00eb Shqip\u00ebris\u00eb dhe ai i Rep.s\u00eb Kosov\u00ebs, se edhe Tivari ka nevoj\u00eb p\u00ebr t\u2019u mbrojtur e p\u00ebrkrahur, jo me topa e me havana, por me parimet e fqinj\u00ebsis\u00eb korrekte, askush t\u00eb mos \u00ebnd\u00ebrroj\u00eb p\u00ebr nj\u00eb Ulqin t\u00eb parr\u00ebzikuar!<\/p>\n<p><strong>Gjok\u00eb Dabaj<\/strong><\/p>\n<p><strong>Portali Pashtriku<\/strong><\/p>\n<!--YouTube Error: bad URL entered-->\n<p>&nbsp;<\/p>\n","protected":false},"excerpt":{"rendered":"<p>Durr\u00ebs, 30. 01. 2014 &#8211; Jam i detyruar t\u00eb jem i ashp\u00ebr n\u00eb trajtimin e k\u00ebtij problemi. Sot u publikua n\u00eb gazetat e Tiran\u00ebs nj\u00eb shkrim me titull \u201cA do t\u00eb dor\u00ebzohet Ulqini\u201d, dhe kjo m\u00eb nxiti edhe m\u00eb shum\u00eb t\u00eb prononcohem. M\u00eb nxiti edhe nj\u00eb bised\u00eb n\u00eb Top\u00e7en\u00ebll lidhur me garat ilegale t\u00eb qenvet [&hellip;]<\/p>\n","protected":false},"author":1,"featured_media":0,"comment_status":"closed","ping_status":"closed","sticky":false,"template":"","format":"standard","meta":{"spay_email":"","jetpack_publicize_message":"","jetpack_is_tweetstorm":false,"jetpack_publicize_feature_enabled":true},"categories":[13],"tags":[],"jetpack_publicize_connections":[],"yoast_head":"<!-- This site is optimized with the Yoast SEO plugin v19.1 - https:\/\/yoast.com\/wordpress\/plugins\/seo\/ -->\n<title>Ulqini, i l\u00ebn\u00eb vet\u00ebm, nuk e shp\u00ebton dot Ulqinin nga Gjok\u00eb Dabaj - Video - Lajme nga Ulqini<\/title>\n<meta name=\"description\" content=\"Durr\u00ebs, 30. 01. 2014 - Jam i detyruar t\u00eb jem i ashp\u00ebr n\u00eb trajtimin e k\u00ebtij problemi. Sot u publikua n\u00eb gazetat e Tiran\u00ebs nj\u00eb shkrim me titull \u201cA do t\u00eb\" \/>\n<meta name=\"robots\" content=\"index, follow, max-snippet:-1, max-image-preview:large, max-video-preview:-1\" \/>\n<link rel=\"canonical\" href=\"https:\/\/www.visit-ulcinj.com\/blog\/2014\/02\/01\/ulqini-i-lene-vetem-nuk-e-shpeton-dot-ulqinin-nga-gjoke-dabaj\/\" \/>\n<meta property=\"og:locale\" content=\"en_US\" \/>\n<meta property=\"og:type\" content=\"article\" \/>\n<meta property=\"og:title\" content=\"Ulqini, i l\u00ebn\u00eb vet\u00ebm, nuk e shp\u00ebton dot Ulqinin nga Gjok\u00eb Dabaj - Video - Lajme nga Ulqini\" \/>\n<meta property=\"og:description\" content=\"Durr\u00ebs, 30. 01. 2014 - Jam i detyruar t\u00eb jem i ashp\u00ebr n\u00eb trajtimin e k\u00ebtij problemi. Sot u publikua n\u00eb gazetat e Tiran\u00ebs nj\u00eb shkrim me titull \u201cA do t\u00eb\" \/>\n<meta property=\"og:url\" content=\"https:\/\/www.visit-ulcinj.com\/blog\/2014\/02\/01\/ulqini-i-lene-vetem-nuk-e-shpeton-dot-ulqinin-nga-gjoke-dabaj\/\" \/>\n<meta property=\"og:site_name\" content=\"Lajme nga Ulqini\" \/>\n<meta property=\"article:published_time\" content=\"2014-02-01T18:24:02+00:00\" \/>\n<meta property=\"article:modified_time\" content=\"2014-02-01T18:26:15+00:00\" \/>\n<meta property=\"og:image\" content=\"http:\/\/www.visit-ulcinj.com\/blog\/wp-content\/uploads\/2014\/02\/Gjoke-Dabaj-001.jpg\" \/>\n<meta name=\"twitter:label1\" content=\"Written by\" \/>\n\t<meta name=\"twitter:data1\" content=\"ulqini\" \/>\n\t<meta name=\"twitter:label2\" content=\"Est. reading time\" \/>\n\t<meta name=\"twitter:data2\" content=\"11 minutes\" \/>\n<script type=\"application\/ld+json\" class=\"yoast-schema-graph\">{\"@context\":\"https:\/\/schema.org\",\"@graph\":[{\"@type\":\"WebSite\",\"@id\":\"https:\/\/www.visit-ulcinj.com\/blog\/#website\",\"url\":\"https:\/\/www.visit-ulcinj.com\/blog\/\",\"name\":\"Lajme nga Ulqini\",\"description\":\"Lajme,Vijesti,Ulqini,Ulqin,Crna Gora,Mali i Zi\",\"potentialAction\":[{\"@type\":\"SearchAction\",\"target\":{\"@type\":\"EntryPoint\",\"urlTemplate\":\"https:\/\/www.visit-ulcinj.com\/blog\/?s={search_term_string}\"},\"query-input\":\"required name=search_term_string\"}],\"inLanguage\":\"en-US\"},{\"@type\":\"ImageObject\",\"inLanguage\":\"en-US\",\"@id\":\"https:\/\/www.visit-ulcinj.com\/blog\/2014\/02\/01\/ulqini-i-lene-vetem-nuk-e-shpeton-dot-ulqinin-nga-gjoke-dabaj\/#primaryimage\",\"url\":\"https:\/\/www.visit-ulcinj.com\/blog\/wp-content\/uploads\/2014\/02\/Gjoke-Dabaj-001.jpg\",\"contentUrl\":\"https:\/\/www.visit-ulcinj.com\/blog\/wp-content\/uploads\/2014\/02\/Gjoke-Dabaj-001.jpg\",\"width\":768,\"height\":1024},{\"@type\":\"WebPage\",\"@id\":\"https:\/\/www.visit-ulcinj.com\/blog\/2014\/02\/01\/ulqini-i-lene-vetem-nuk-e-shpeton-dot-ulqinin-nga-gjoke-dabaj\/#webpage\",\"url\":\"https:\/\/www.visit-ulcinj.com\/blog\/2014\/02\/01\/ulqini-i-lene-vetem-nuk-e-shpeton-dot-ulqinin-nga-gjoke-dabaj\/\",\"name\":\"Ulqini, i l\u00ebn\u00eb vet\u00ebm, nuk e shp\u00ebton dot Ulqinin nga Gjok\u00eb Dabaj - Video - Lajme nga Ulqini\",\"isPartOf\":{\"@id\":\"https:\/\/www.visit-ulcinj.com\/blog\/#website\"},\"primaryImageOfPage\":{\"@id\":\"https:\/\/www.visit-ulcinj.com\/blog\/2014\/02\/01\/ulqini-i-lene-vetem-nuk-e-shpeton-dot-ulqinin-nga-gjoke-dabaj\/#primaryimage\"},\"datePublished\":\"2014-02-01T18:24:02+00:00\",\"dateModified\":\"2014-02-01T18:26:15+00:00\",\"author\":{\"@id\":\"https:\/\/www.visit-ulcinj.com\/blog\/#\/schema\/person\/dcab619c614d3038751c63bc2aadc06d\"},\"description\":\"Durr\u00ebs, 30. 01. 2014 - Jam i detyruar t\u00eb jem i ashp\u00ebr n\u00eb trajtimin e k\u00ebtij problemi. Sot u publikua n\u00eb gazetat e Tiran\u00ebs nj\u00eb shkrim me titull \u201cA do t\u00eb\",\"breadcrumb\":{\"@id\":\"https:\/\/www.visit-ulcinj.com\/blog\/2014\/02\/01\/ulqini-i-lene-vetem-nuk-e-shpeton-dot-ulqinin-nga-gjoke-dabaj\/#breadcrumb\"},\"inLanguage\":\"en-US\",\"potentialAction\":[{\"@type\":\"ReadAction\",\"target\":[\"https:\/\/www.visit-ulcinj.com\/blog\/2014\/02\/01\/ulqini-i-lene-vetem-nuk-e-shpeton-dot-ulqinin-nga-gjoke-dabaj\/\"]}]},{\"@type\":\"BreadcrumbList\",\"@id\":\"https:\/\/www.visit-ulcinj.com\/blog\/2014\/02\/01\/ulqini-i-lene-vetem-nuk-e-shpeton-dot-ulqinin-nga-gjoke-dabaj\/#breadcrumb\",\"itemListElement\":[{\"@type\":\"ListItem\",\"position\":1,\"name\":\"Ulqini, i l\u00ebn\u00eb vet\u00ebm, nuk e shp\u00ebton dot Ulqinin nga Gjok\u00eb Dabaj &#8211; Video\"}]},{\"@type\":\"Person\",\"@id\":\"https:\/\/www.visit-ulcinj.com\/blog\/#\/schema\/person\/dcab619c614d3038751c63bc2aadc06d\",\"name\":\"ulqini\",\"sameAs\":[\"http:\/\/www.visit-ulcinj.com\"],\"url\":\"https:\/\/www.visit-ulcinj.com\/blog\/author\/admin\/\"}]}<\/script>\n<!-- \/ Yoast SEO plugin. -->","yoast_head_json":{"title":"Ulqini, i l\u00ebn\u00eb vet\u00ebm, nuk e shp\u00ebton dot Ulqinin nga Gjok\u00eb Dabaj - Video - Lajme nga Ulqini","description":"Durr\u00ebs, 30. 01. 2014 - Jam i detyruar t\u00eb jem i ashp\u00ebr n\u00eb trajtimin e k\u00ebtij problemi. Sot u publikua n\u00eb gazetat e Tiran\u00ebs nj\u00eb shkrim me titull \u201cA do t\u00eb","robots":{"index":"index","follow":"follow","max-snippet":"max-snippet:-1","max-image-preview":"max-image-preview:large","max-video-preview":"max-video-preview:-1"},"canonical":"https:\/\/www.visit-ulcinj.com\/blog\/2014\/02\/01\/ulqini-i-lene-vetem-nuk-e-shpeton-dot-ulqinin-nga-gjoke-dabaj\/","og_locale":"en_US","og_type":"article","og_title":"Ulqini, i l\u00ebn\u00eb vet\u00ebm, nuk e shp\u00ebton dot Ulqinin nga Gjok\u00eb Dabaj - Video - Lajme nga Ulqini","og_description":"Durr\u00ebs, 30. 01. 2014 - Jam i detyruar t\u00eb jem i ashp\u00ebr n\u00eb trajtimin e k\u00ebtij problemi. Sot u publikua n\u00eb gazetat e Tiran\u00ebs nj\u00eb shkrim me titull \u201cA do t\u00eb","og_url":"https:\/\/www.visit-ulcinj.com\/blog\/2014\/02\/01\/ulqini-i-lene-vetem-nuk-e-shpeton-dot-ulqinin-nga-gjoke-dabaj\/","og_site_name":"Lajme nga Ulqini","article_published_time":"2014-02-01T18:24:02+00:00","article_modified_time":"2014-02-01T18:26:15+00:00","og_image":[{"url":"http:\/\/www.visit-ulcinj.com\/blog\/wp-content\/uploads\/2014\/02\/Gjoke-Dabaj-001.jpg"}],"twitter_misc":{"Written by":"ulqini","Est. reading time":"11 minutes"},"schema":{"@context":"https:\/\/schema.org","@graph":[{"@type":"WebSite","@id":"https:\/\/www.visit-ulcinj.com\/blog\/#website","url":"https:\/\/www.visit-ulcinj.com\/blog\/","name":"Lajme nga Ulqini","description":"Lajme,Vijesti,Ulqini,Ulqin,Crna Gora,Mali i Zi","potentialAction":[{"@type":"SearchAction","target":{"@type":"EntryPoint","urlTemplate":"https:\/\/www.visit-ulcinj.com\/blog\/?s={search_term_string}"},"query-input":"required name=search_term_string"}],"inLanguage":"en-US"},{"@type":"ImageObject","inLanguage":"en-US","@id":"https:\/\/www.visit-ulcinj.com\/blog\/2014\/02\/01\/ulqini-i-lene-vetem-nuk-e-shpeton-dot-ulqinin-nga-gjoke-dabaj\/#primaryimage","url":"https:\/\/www.visit-ulcinj.com\/blog\/wp-content\/uploads\/2014\/02\/Gjoke-Dabaj-001.jpg","contentUrl":"https:\/\/www.visit-ulcinj.com\/blog\/wp-content\/uploads\/2014\/02\/Gjoke-Dabaj-001.jpg","width":768,"height":1024},{"@type":"WebPage","@id":"https:\/\/www.visit-ulcinj.com\/blog\/2014\/02\/01\/ulqini-i-lene-vetem-nuk-e-shpeton-dot-ulqinin-nga-gjoke-dabaj\/#webpage","url":"https:\/\/www.visit-ulcinj.com\/blog\/2014\/02\/01\/ulqini-i-lene-vetem-nuk-e-shpeton-dot-ulqinin-nga-gjoke-dabaj\/","name":"Ulqini, i l\u00ebn\u00eb vet\u00ebm, nuk e shp\u00ebton dot Ulqinin nga Gjok\u00eb Dabaj - Video - Lajme nga Ulqini","isPartOf":{"@id":"https:\/\/www.visit-ulcinj.com\/blog\/#website"},"primaryImageOfPage":{"@id":"https:\/\/www.visit-ulcinj.com\/blog\/2014\/02\/01\/ulqini-i-lene-vetem-nuk-e-shpeton-dot-ulqinin-nga-gjoke-dabaj\/#primaryimage"},"datePublished":"2014-02-01T18:24:02+00:00","dateModified":"2014-02-01T18:26:15+00:00","author":{"@id":"https:\/\/www.visit-ulcinj.com\/blog\/#\/schema\/person\/dcab619c614d3038751c63bc2aadc06d"},"description":"Durr\u00ebs, 30. 01. 2014 - Jam i detyruar t\u00eb jem i ashp\u00ebr n\u00eb trajtimin e k\u00ebtij problemi. Sot u publikua n\u00eb gazetat e Tiran\u00ebs nj\u00eb shkrim me titull \u201cA do t\u00eb","breadcrumb":{"@id":"https:\/\/www.visit-ulcinj.com\/blog\/2014\/02\/01\/ulqini-i-lene-vetem-nuk-e-shpeton-dot-ulqinin-nga-gjoke-dabaj\/#breadcrumb"},"inLanguage":"en-US","potentialAction":[{"@type":"ReadAction","target":["https:\/\/www.visit-ulcinj.com\/blog\/2014\/02\/01\/ulqini-i-lene-vetem-nuk-e-shpeton-dot-ulqinin-nga-gjoke-dabaj\/"]}]},{"@type":"BreadcrumbList","@id":"https:\/\/www.visit-ulcinj.com\/blog\/2014\/02\/01\/ulqini-i-lene-vetem-nuk-e-shpeton-dot-ulqinin-nga-gjoke-dabaj\/#breadcrumb","itemListElement":[{"@type":"ListItem","position":1,"name":"Ulqini, i l\u00ebn\u00eb vet\u00ebm, nuk e shp\u00ebton dot Ulqinin nga Gjok\u00eb Dabaj &#8211; Video"}]},{"@type":"Person","@id":"https:\/\/www.visit-ulcinj.com\/blog\/#\/schema\/person\/dcab619c614d3038751c63bc2aadc06d","name":"ulqini","sameAs":["http:\/\/www.visit-ulcinj.com"],"url":"https:\/\/www.visit-ulcinj.com\/blog\/author\/admin\/"}]}},"jetpack_featured_media_url":"","jetpack_sharing_enabled":true,"jetpack_shortlink":"https:\/\/wp.me\/pe6lTn-kAo","_links":{"self":[{"href":"https:\/\/www.visit-ulcinj.com\/blog\/wp-json\/wp\/v2\/posts\/79136"}],"collection":[{"href":"https:\/\/www.visit-ulcinj.com\/blog\/wp-json\/wp\/v2\/posts"}],"about":[{"href":"https:\/\/www.visit-ulcinj.com\/blog\/wp-json\/wp\/v2\/types\/post"}],"author":[{"embeddable":true,"href":"https:\/\/www.visit-ulcinj.com\/blog\/wp-json\/wp\/v2\/users\/1"}],"replies":[{"embeddable":true,"href":"https:\/\/www.visit-ulcinj.com\/blog\/wp-json\/wp\/v2\/comments?post=79136"}],"version-history":[{"count":3,"href":"https:\/\/www.visit-ulcinj.com\/blog\/wp-json\/wp\/v2\/posts\/79136\/revisions"}],"predecessor-version":[{"id":79140,"href":"https:\/\/www.visit-ulcinj.com\/blog\/wp-json\/wp\/v2\/posts\/79136\/revisions\/79140"}],"wp:attachment":[{"href":"https:\/\/www.visit-ulcinj.com\/blog\/wp-json\/wp\/v2\/media?parent=79136"}],"wp:term":[{"taxonomy":"category","embeddable":true,"href":"https:\/\/www.visit-ulcinj.com\/blog\/wp-json\/wp\/v2\/categories?post=79136"},{"taxonomy":"post_tag","embeddable":true,"href":"https:\/\/www.visit-ulcinj.com\/blog\/wp-json\/wp\/v2\/tags?post=79136"}],"curies":[{"name":"wp","href":"https:\/\/api.w.org\/{rel}","templated":true}]}}