{"id":79141,"date":"2014-02-01T19:32:01","date_gmt":"2014-02-01T18:32:01","guid":{"rendered":"http:\/\/www.visit-ulcinj.com\/blog\/?p=79141"},"modified":"2014-02-02T00:49:00","modified_gmt":"2014-02-01T23:49:00","slug":"thaci-ne-munich-takon-gjukanoviqin","status":"publish","type":"post","link":"https:\/\/www.visit-ulcinj.com\/blog\/2014\/02\/01\/thaci-ne-munich-takon-gjukanoviqin\/","title":{"rendered":"Tha\u00e7i n\u00eb Munich takon Gjukanoviqin"},"content":{"rendered":"<p>Kreu i Qeveris\u00eb s\u00eb Kosov\u00ebs Hashim Tha\u00e7i ka zhvilluar takime t\u00eb ndryshme n\u00eb margjina t\u00eb Konferenc\u00ebs s\u00eb Munichut.<\/p>\n<p>P\u00ebr k\u00ebto takime, aio ka njoftuar n\u00eb Facebook.<\/p>\n<p><a href=\"http:\/\/www.visit-ulcinj.com\/blog\/wp-content\/uploads\/2014\/02\/Gjukanoviq-Thaci-munchen.jpg\"><img loading=\"lazy\" class=\"alignleft  wp-image-79142\" alt=\"Gjukanoviq-Thaci-munchen\" src=\"http:\/\/www.visit-ulcinj.com\/blog\/wp-content\/uploads\/2014\/02\/Gjukanoviq-Thaci-munchen.jpg\" width=\"508\" height=\"351\" \/><\/a>&#8220;N\u00eb margjina t\u00eb Konferenc\u00ebs s\u00eb Mynhenit pata takim t\u00eb p\u00ebrzem\u00ebrt edhe me Kryeministrin e Malit t\u00eb Zi Djukanovic. Ky shtet fqinj synon t\u00eb b\u00ebhet an\u00ebtari i ardhsh\u00ebm i NATO&#8217;s dhe shk\u00ebmbimi i p\u00ebrvojave n\u00eb kontekst t\u00eb bashk\u00ebpunimit rajonal \u00ebsht\u00eb me r\u00ebnd\u00ebsi p\u00ebr stabilizimin e arkitektur\u00ebs s\u00eb siguris\u00eb n\u00eb Ballkan&#8221; ka shkruar Tha\u00e7i.<\/p>\n<p>Ai po ashtu ka takuar edhe Presidentin kroat Ivo Josipovic.<\/p>\n<p>&#8220;Pata takim edhe me Presidentin Josipovic t\u00eb Kroacis\u00eb. Jemi t\u00eb lumtur me marr\u00ebdh\u00ebniet e mira q\u00eb kemi. Kroacia \u00ebsht\u00eb mb\u00ebshtet\u00ebse e madhe e integrimeve t\u00eb Kosov\u00ebs n\u00eb BE dhe NATO&#8221; ka shkruar Thaci n\u00eb Facebook.<\/p>\n<p>Tha\u00e7i, i shoq\u00ebruar nga Ministri i Jasht\u00ebm Enver Hoxhaj ka takuar edhe p\u00ebrfaq\u00ebsuesit amerikan\u00eb, Senatorin Murphy dhe kongresmen\u00ebt Deutch dhe Keating.<\/p>\n<p>&#8220;Pata takime t\u00eb r\u00ebnd\u00ebsishme me ligjv\u00ebn\u00ebsit amerikan nga Senati dhe Kongresi amerikan. Lidhjet n\u00eb mes Kosov\u00ebs dhe SHBA-ve jan\u00eb esenciale edhe n\u00eb fush\u00ebn e siguris\u00eb komb\u00ebtare. Fal\u00ebnderova kongresmenet dhe senatoret p\u00ebr ndihm\u00ebn e madhe qe po vazhdojn\u00eb t&#8217;i japin Kosov\u00ebs&#8221; ka shkruar Tha\u00e7i.<\/p>\n<p><strong>Gazeta Express<\/strong><\/p>\n<!--YouTube Error: bad URL entered-->\n","protected":false},"excerpt":{"rendered":"<p>Kreu i Qeveris\u00eb s\u00eb Kosov\u00ebs Hashim Tha\u00e7i ka zhvilluar takime t\u00eb ndryshme n\u00eb margjina t\u00eb Konferenc\u00ebs s\u00eb Munichut. P\u00ebr k\u00ebto takime, aio ka njoftuar n\u00eb Facebook. &#8220;N\u00eb margjina t\u00eb Konferenc\u00ebs s\u00eb Mynhenit pata takim t\u00eb p\u00ebrzem\u00ebrt edhe me Kryeministrin e Malit t\u00eb Zi Djukanovic. Ky shtet fqinj synon t\u00eb b\u00ebhet an\u00ebtari i ardhsh\u00ebm i NATO&#8217;s [&hellip;]<\/p>\n","protected":false},"author":1,"featured_media":0,"comment_status":"closed","ping_status":"closed","sticky":false,"template":"","format":"standard","meta":{"spay_email":"","jetpack_publicize_message":"","jetpack_is_tweetstorm":false,"jetpack_publicize_feature_enabled":true},"categories":[14],"tags":[],"jetpack_publicize_connections":[],"yoast_head":"<!-- This site is optimized with the Yoast SEO plugin v19.1 - https:\/\/yoast.com\/wordpress\/plugins\/seo\/ -->\n<title>Tha\u00e7i n\u00eb Munich takon Gjukanoviqin - Lajme nga Ulqini<\/title>\n<meta name=\"description\" content=\"Kreu i Qeveris\u00eb s\u00eb Kosov\u00ebs Hashim Tha\u00e7i ka zhvilluar takime t\u00eb ndryshme n\u00eb margjina t\u00eb Konferenc\u00ebs s\u00eb Munichut. P\u00ebr k\u00ebto takime, aio ka njoftuar n\u00eb\" \/>\n<meta name=\"robots\" content=\"index, follow, max-snippet:-1, max-image-preview:large, max-video-preview:-1\" \/>\n<link rel=\"canonical\" href=\"https:\/\/www.visit-ulcinj.com\/blog\/2014\/02\/01\/thaci-ne-munich-takon-gjukanoviqin\/\" \/>\n<meta property=\"og:locale\" content=\"en_US\" \/>\n<meta property=\"og:type\" content=\"article\" \/>\n<meta property=\"og:title\" content=\"Tha\u00e7i n\u00eb Munich takon Gjukanoviqin - Lajme nga Ulqini\" \/>\n<meta property=\"og:description\" content=\"Kreu i Qeveris\u00eb s\u00eb Kosov\u00ebs Hashim Tha\u00e7i ka zhvilluar takime t\u00eb ndryshme n\u00eb margjina t\u00eb Konferenc\u00ebs s\u00eb Munichut. P\u00ebr k\u00ebto takime, aio ka njoftuar n\u00eb\" \/>\n<meta property=\"og:url\" content=\"https:\/\/www.visit-ulcinj.com\/blog\/2014\/02\/01\/thaci-ne-munich-takon-gjukanoviqin\/\" \/>\n<meta property=\"og:site_name\" content=\"Lajme nga Ulqini\" \/>\n<meta property=\"article:published_time\" content=\"2014-02-01T18:32:01+00:00\" \/>\n<meta property=\"article:modified_time\" content=\"2014-02-01T23:49:00+00:00\" \/>\n<meta property=\"og:image\" content=\"http:\/\/www.visit-ulcinj.com\/blog\/wp-content\/uploads\/2014\/02\/Gjukanoviq-Thaci-munchen.jpg\" \/>\n<meta name=\"twitter:label1\" content=\"Written by\" \/>\n\t<meta name=\"twitter:data1\" content=\"ulqini\" \/>\n\t<meta name=\"twitter:label2\" content=\"Est. reading time\" \/>\n\t<meta name=\"twitter:data2\" content=\"1 minute\" \/>\n<script type=\"application\/ld+json\" class=\"yoast-schema-graph\">{\"@context\":\"https:\/\/schema.org\",\"@graph\":[{\"@type\":\"WebSite\",\"@id\":\"https:\/\/www.visit-ulcinj.com\/blog\/#website\",\"url\":\"https:\/\/www.visit-ulcinj.com\/blog\/\",\"name\":\"Lajme nga Ulqini\",\"description\":\"Lajme,Vijesti,Ulqini,Ulqin,Crna Gora,Mali i Zi\",\"potentialAction\":[{\"@type\":\"SearchAction\",\"target\":{\"@type\":\"EntryPoint\",\"urlTemplate\":\"https:\/\/www.visit-ulcinj.com\/blog\/?s={search_term_string}\"},\"query-input\":\"required name=search_term_string\"}],\"inLanguage\":\"en-US\"},{\"@type\":\"ImageObject\",\"inLanguage\":\"en-US\",\"@id\":\"https:\/\/www.visit-ulcinj.com\/blog\/2014\/02\/01\/thaci-ne-munich-takon-gjukanoviqin\/#primaryimage\",\"url\":\"https:\/\/www.visit-ulcinj.com\/blog\/wp-content\/uploads\/2014\/02\/Gjukanoviq-Thaci-munchen.jpg\",\"contentUrl\":\"https:\/\/www.visit-ulcinj.com\/blog\/wp-content\/uploads\/2014\/02\/Gjukanoviq-Thaci-munchen.jpg\",\"width\":640,\"height\":351},{\"@type\":\"WebPage\",\"@id\":\"https:\/\/www.visit-ulcinj.com\/blog\/2014\/02\/01\/thaci-ne-munich-takon-gjukanoviqin\/#webpage\",\"url\":\"https:\/\/www.visit-ulcinj.com\/blog\/2014\/02\/01\/thaci-ne-munich-takon-gjukanoviqin\/\",\"name\":\"Tha\u00e7i n\u00eb Munich takon Gjukanoviqin - Lajme nga Ulqini\",\"isPartOf\":{\"@id\":\"https:\/\/www.visit-ulcinj.com\/blog\/#website\"},\"primaryImageOfPage\":{\"@id\":\"https:\/\/www.visit-ulcinj.com\/blog\/2014\/02\/01\/thaci-ne-munich-takon-gjukanoviqin\/#primaryimage\"},\"datePublished\":\"2014-02-01T18:32:01+00:00\",\"dateModified\":\"2014-02-01T23:49:00+00:00\",\"author\":{\"@id\":\"https:\/\/www.visit-ulcinj.com\/blog\/#\/schema\/person\/dcab619c614d3038751c63bc2aadc06d\"},\"description\":\"Kreu i Qeveris\u00eb s\u00eb Kosov\u00ebs Hashim Tha\u00e7i ka zhvilluar takime t\u00eb ndryshme n\u00eb margjina t\u00eb Konferenc\u00ebs s\u00eb Munichut. P\u00ebr k\u00ebto takime, aio ka njoftuar n\u00eb\",\"breadcrumb\":{\"@id\":\"https:\/\/www.visit-ulcinj.com\/blog\/2014\/02\/01\/thaci-ne-munich-takon-gjukanoviqin\/#breadcrumb\"},\"inLanguage\":\"en-US\",\"potentialAction\":[{\"@type\":\"ReadAction\",\"target\":[\"https:\/\/www.visit-ulcinj.com\/blog\/2014\/02\/01\/thaci-ne-munich-takon-gjukanoviqin\/\"]}]},{\"@type\":\"BreadcrumbList\",\"@id\":\"https:\/\/www.visit-ulcinj.com\/blog\/2014\/02\/01\/thaci-ne-munich-takon-gjukanoviqin\/#breadcrumb\",\"itemListElement\":[{\"@type\":\"ListItem\",\"position\":1,\"name\":\"Tha\u00e7i n\u00eb Munich takon Gjukanoviqin\"}]},{\"@type\":\"Person\",\"@id\":\"https:\/\/www.visit-ulcinj.com\/blog\/#\/schema\/person\/dcab619c614d3038751c63bc2aadc06d\",\"name\":\"ulqini\",\"sameAs\":[\"http:\/\/www.visit-ulcinj.com\"],\"url\":\"https:\/\/www.visit-ulcinj.com\/blog\/author\/admin\/\"}]}<\/script>\n<!-- \/ Yoast SEO plugin. -->","yoast_head_json":{"title":"Tha\u00e7i n\u00eb Munich takon Gjukanoviqin - Lajme nga Ulqini","description":"Kreu i Qeveris\u00eb s\u00eb Kosov\u00ebs Hashim Tha\u00e7i ka zhvilluar takime t\u00eb ndryshme n\u00eb margjina t\u00eb Konferenc\u00ebs s\u00eb Munichut. P\u00ebr k\u00ebto takime, aio ka njoftuar n\u00eb","robots":{"index":"index","follow":"follow","max-snippet":"max-snippet:-1","max-image-preview":"max-image-preview:large","max-video-preview":"max-video-preview:-1"},"canonical":"https:\/\/www.visit-ulcinj.com\/blog\/2014\/02\/01\/thaci-ne-munich-takon-gjukanoviqin\/","og_locale":"en_US","og_type":"article","og_title":"Tha\u00e7i n\u00eb Munich takon Gjukanoviqin - Lajme nga Ulqini","og_description":"Kreu i Qeveris\u00eb s\u00eb Kosov\u00ebs Hashim Tha\u00e7i ka zhvilluar takime t\u00eb ndryshme n\u00eb margjina t\u00eb Konferenc\u00ebs s\u00eb Munichut. P\u00ebr k\u00ebto takime, aio ka njoftuar n\u00eb","og_url":"https:\/\/www.visit-ulcinj.com\/blog\/2014\/02\/01\/thaci-ne-munich-takon-gjukanoviqin\/","og_site_name":"Lajme nga Ulqini","article_published_time":"2014-02-01T18:32:01+00:00","article_modified_time":"2014-02-01T23:49:00+00:00","og_image":[{"url":"http:\/\/www.visit-ulcinj.com\/blog\/wp-content\/uploads\/2014\/02\/Gjukanoviq-Thaci-munchen.jpg"}],"twitter_misc":{"Written by":"ulqini","Est. reading time":"1 minute"},"schema":{"@context":"https:\/\/schema.org","@graph":[{"@type":"WebSite","@id":"https:\/\/www.visit-ulcinj.com\/blog\/#website","url":"https:\/\/www.visit-ulcinj.com\/blog\/","name":"Lajme nga Ulqini","description":"Lajme,Vijesti,Ulqini,Ulqin,Crna Gora,Mali i Zi","potentialAction":[{"@type":"SearchAction","target":{"@type":"EntryPoint","urlTemplate":"https:\/\/www.visit-ulcinj.com\/blog\/?s={search_term_string}"},"query-input":"required name=search_term_string"}],"inLanguage":"en-US"},{"@type":"ImageObject","inLanguage":"en-US","@id":"https:\/\/www.visit-ulcinj.com\/blog\/2014\/02\/01\/thaci-ne-munich-takon-gjukanoviqin\/#primaryimage","url":"https:\/\/www.visit-ulcinj.com\/blog\/wp-content\/uploads\/2014\/02\/Gjukanoviq-Thaci-munchen.jpg","contentUrl":"https:\/\/www.visit-ulcinj.com\/blog\/wp-content\/uploads\/2014\/02\/Gjukanoviq-Thaci-munchen.jpg","width":640,"height":351},{"@type":"WebPage","@id":"https:\/\/www.visit-ulcinj.com\/blog\/2014\/02\/01\/thaci-ne-munich-takon-gjukanoviqin\/#webpage","url":"https:\/\/www.visit-ulcinj.com\/blog\/2014\/02\/01\/thaci-ne-munich-takon-gjukanoviqin\/","name":"Tha\u00e7i n\u00eb Munich takon Gjukanoviqin - Lajme nga Ulqini","isPartOf":{"@id":"https:\/\/www.visit-ulcinj.com\/blog\/#website"},"primaryImageOfPage":{"@id":"https:\/\/www.visit-ulcinj.com\/blog\/2014\/02\/01\/thaci-ne-munich-takon-gjukanoviqin\/#primaryimage"},"datePublished":"2014-02-01T18:32:01+00:00","dateModified":"2014-02-01T23:49:00+00:00","author":{"@id":"https:\/\/www.visit-ulcinj.com\/blog\/#\/schema\/person\/dcab619c614d3038751c63bc2aadc06d"},"description":"Kreu i Qeveris\u00eb s\u00eb Kosov\u00ebs Hashim Tha\u00e7i ka zhvilluar takime t\u00eb ndryshme n\u00eb margjina t\u00eb Konferenc\u00ebs s\u00eb Munichut. P\u00ebr k\u00ebto takime, aio ka njoftuar n\u00eb","breadcrumb":{"@id":"https:\/\/www.visit-ulcinj.com\/blog\/2014\/02\/01\/thaci-ne-munich-takon-gjukanoviqin\/#breadcrumb"},"inLanguage":"en-US","potentialAction":[{"@type":"ReadAction","target":["https:\/\/www.visit-ulcinj.com\/blog\/2014\/02\/01\/thaci-ne-munich-takon-gjukanoviqin\/"]}]},{"@type":"BreadcrumbList","@id":"https:\/\/www.visit-ulcinj.com\/blog\/2014\/02\/01\/thaci-ne-munich-takon-gjukanoviqin\/#breadcrumb","itemListElement":[{"@type":"ListItem","position":1,"name":"Tha\u00e7i n\u00eb Munich takon Gjukanoviqin"}]},{"@type":"Person","@id":"https:\/\/www.visit-ulcinj.com\/blog\/#\/schema\/person\/dcab619c614d3038751c63bc2aadc06d","name":"ulqini","sameAs":["http:\/\/www.visit-ulcinj.com"],"url":"https:\/\/www.visit-ulcinj.com\/blog\/author\/admin\/"}]}},"jetpack_featured_media_url":"","jetpack_sharing_enabled":true,"jetpack_shortlink":"https:\/\/wp.me\/pe6lTn-kAt","_links":{"self":[{"href":"https:\/\/www.visit-ulcinj.com\/blog\/wp-json\/wp\/v2\/posts\/79141"}],"collection":[{"href":"https:\/\/www.visit-ulcinj.com\/blog\/wp-json\/wp\/v2\/posts"}],"about":[{"href":"https:\/\/www.visit-ulcinj.com\/blog\/wp-json\/wp\/v2\/types\/post"}],"author":[{"embeddable":true,"href":"https:\/\/www.visit-ulcinj.com\/blog\/wp-json\/wp\/v2\/users\/1"}],"replies":[{"embeddable":true,"href":"https:\/\/www.visit-ulcinj.com\/blog\/wp-json\/wp\/v2\/comments?post=79141"}],"version-history":[{"count":2,"href":"https:\/\/www.visit-ulcinj.com\/blog\/wp-json\/wp\/v2\/posts\/79141\/revisions"}],"predecessor-version":[{"id":79166,"href":"https:\/\/www.visit-ulcinj.com\/blog\/wp-json\/wp\/v2\/posts\/79141\/revisions\/79166"}],"wp:attachment":[{"href":"https:\/\/www.visit-ulcinj.com\/blog\/wp-json\/wp\/v2\/media?parent=79141"}],"wp:term":[{"taxonomy":"category","embeddable":true,"href":"https:\/\/www.visit-ulcinj.com\/blog\/wp-json\/wp\/v2\/categories?post=79141"},{"taxonomy":"post_tag","embeddable":true,"href":"https:\/\/www.visit-ulcinj.com\/blog\/wp-json\/wp\/v2\/tags?post=79141"}],"curies":[{"name":"wp","href":"https:\/\/api.w.org\/{rel}","templated":true}]}}