{"id":79144,"date":"2014-02-01T19:46:40","date_gmt":"2014-02-01T18:46:40","guid":{"rendered":"http:\/\/www.visit-ulcinj.com\/blog\/?p=79144"},"modified":"2014-02-02T00:24:58","modified_gmt":"2014-02-01T23:24:58","slug":"skender-bucpapaj-shpjegon-arsyet-e-humbjes-se-ulqinit","status":"publish","type":"post","link":"https:\/\/www.visit-ulcinj.com\/blog\/2014\/02\/01\/skender-bucpapaj-shpjegon-arsyet-e-humbjes-se-ulqinit\/","title":{"rendered":"Skender Bu\u00e7papaj shpjegon arsyet e humbjes s\u00eb Ulqinit &#8211; Video"},"content":{"rendered":"<p><strong><a href=\"http:\/\/www.visit-ulcinj.com\/blog\/wp-content\/uploads\/2014\/02\/Skender-Bucpapaj-1.jpg\"><img loading=\"lazy\" class=\"alignleft  wp-image-79145\" alt=\"Skender Bucpapaj-1\" src=\"http:\/\/www.visit-ulcinj.com\/blog\/wp-content\/uploads\/2014\/02\/Skender-Bucpapaj-1.jpg\" width=\"508\" height=\"313\" \/><\/a>Shkruan: Skender Bu\u00e7papaj<\/strong><\/p>\n<p>Humbja e Ulqinit \u00ebsht\u00eb d\u00ebshtimi i madh m\u00eb i duksh\u00ebm, pra m\u00eb flagrant, i politik\u00ebs aktuale shqiptare, para s\u00eb gjithash, i politik\u00ebs aktuale t\u00eb Tiran\u00ebs n\u00eb rrafshin komb\u00ebtar.<\/p>\n<p>\u00cbsht\u00eb nj\u00eb ligj universal, i p\u00ebrjetsh\u00ebm &#8211; n\u00ebse nuk je n\u00eb ekspansion, at\u00ebher\u00eb vetvetiu je n\u00eb restriksion. Dhe kjo pasqyrohet ku m\u00eb duksh\u00ebm, ku m\u00eb paduksh\u00ebm, n\u00eb t\u00eb gjitha rrafshet dhe n\u00eb t\u00eb gjitha fushat e jet\u00ebs s\u00eb nj\u00eb vendi e t\u00eb nj\u00eb kombi.<\/p>\n<p>Politika jon\u00eb \u00ebsht\u00eb n\u00eb restriksion. Kjo \u00ebsht\u00eb kund\u00ebrnatyrore, sepse ne jemi kombi m\u00eb vital n\u00eb rajon, me popullsin\u00eb m\u00eb t\u00eb re dhe nga m\u00eb t\u00eb arsimuarat.<\/p>\n<p>Kjo \u00ebsht\u00eb kund\u00ebrlogjike n\u00eb rrethanat kur dalim nga nj\u00eb shekull cop\u00ebtimesh, rob\u00ebrie, pushtimesh, diktaturash, n\u00eb rrethanat, pra, kur pritej nj\u00eb shp\u00ebrthim i vrullsh\u00ebm i energjive tona t\u00eb ndrydhura.<\/p>\n<p>Kjo \u00ebsht\u00eb absurde, n\u00eb rrethanat e epok\u00ebs globale, n\u00eb rrethanat kur t\u00eb gjitha vendet dhe kombet, t\u00eb m\u00ebdhenj apo t\u00eb vegj\u00ebl, t\u00eb fuqish\u00ebm apo t\u00eb pafuqish\u00ebm, n\u00eb t\u00eb kat\u00ebr an\u00ebt e bot\u00ebs, jan\u00eb duke rendur p\u00ebr t\u00eb p\u00ebrfituar nga hap\u00ebsirat e krijuara p\u00ebr t\u00eb b\u00ebr\u00eb ekspansioniz\u00ebm ekonomik, politik, ideologjik e tjer\u00eb, p\u00ebr t\u00eb rritur ndikimin e tyre, pranin\u00eb e tyre kudo, sido dhe sado q\u00eb t\u00eb jet\u00eb e mundur.<\/p>\n<p>Kjo \u00ebsht\u00eb ve\u00e7an\u00ebrisht kund\u00ebrnatyrore, kund\u00ebrlogjike, tejet absurde n\u00eb kushtet kur jemi i vetmi vend, i vetmi komb n\u00eb NATO, kur Amerika, mikja, aleatja, partnerja jon\u00eb e madhe na ka dh\u00ebn\u00eb mund\u00ebsin\u00eb e statusit t\u00eb vendit m\u00eb t\u00eb privilegjuar t\u00eb rajonit t\u00eb Ballkanit Per\u00ebndimor.<\/p>\n<p>Ekspansioni n\u00eb politik\u00eb \u00ebsht\u00eb zmadhim, zgjerim i hap\u00ebsirave t\u00eb nj\u00eb populli, t\u00eb nj\u00eb vendi, t\u00eb nj\u00eb kombi duke u shtrir\u00eb n\u00eb hap\u00ebsira t\u00eb popujve, shteteve, kombeve t\u00eb tjera. Ekspansionizmi \u00ebsht\u00eb prirje p\u00ebr t\u00eb zmadhuar, p\u00ebr t\u00eb zgjeruar kufijt\u00eb, sfer\u00ebn e ndikimit ekonomik, kulturor, e tjer\u00eb n\u00ebp\u00ebrmjet shtrirjes n\u00eb hap\u00ebsira t\u00eb reja, tregje t\u00eb reja.<\/p>\n<p>Restriksioni n\u00eb politik\u00eb \u00ebsht\u00eb zvog\u00eblim, tkurrje, kufizim i hap\u00ebsirave t\u00eb lartp\u00ebrmendura nga ana e nj\u00eb populli, nj\u00eb kombi, nj\u00eb shteti. Restriksionizmi \u00ebsht\u00eb prirje p\u00ebr t&#8217;iu n\u00ebnshtruar zvog\u00eblimit, tkurrjes, kufizimit t\u00eb hap\u00ebsirave t\u00eb tij jetike nga ana e nj\u00eb populli, nj\u00eb kombi, nj\u00eb shteti.<\/p>\n<p>N\u00eb kushtet e sotme, t\u00eb epok\u00ebs globale, kur ekspansioni b\u00ebhet n\u00eb form\u00ebn e investimeve ekonomike dhe zhvillimore, n\u00eb form\u00ebn e transferimit t\u00eb kapitaleve dhe t\u00eb transportimit t\u00eb zhvillimit nga nj\u00eb vend m\u00eb i zhvilluar n\u00eb drejtim t\u00eb nj\u00eb vendi m\u00eb t\u00eb pazhvilluar, ekspansionizmi ekonomik dhe kulturor \u00ebsht\u00eb nd\u00ebrsjelltar i dobish\u00ebm p\u00ebr t\u00eb gjitha pal\u00ebt. N\u00eb rrethanat e rajonit ton\u00eb, asnj\u00eb nga fqinj\u00ebt tan\u00eb tok\u00ebsor\u00eb nuk i ka premisat e natyrshme p\u00ebr t\u00eb b\u00ebr\u00eb ekspansion, t\u00eb asnj\u00eb lloji, ndaj popullit ton\u00eb, vendit ton\u00eb, shteteve tona, hap\u00ebsir\u00ebs son\u00eb komb\u00ebtare n\u00eb p\u00ebrgjith\u00ebsi.<\/p>\n<p>Sot ne p\u00ebrjetojm\u00eb n\u00eb m\u00ebnyr\u00eb tejet t\u00eb dukshme, prirjen ton\u00eb p\u00ebr restriksion t\u00eb gjithansh\u00ebm. Kjo u pa s\u00eb fundi n\u00eb Ulqin. Por po shihet gjithaq duksh\u00ebm n\u00eb procesin e bisedimeve midis Kosov\u00ebs dhe Serbis\u00eb. Dhe po pasqyrohet n\u00eb mosfunksionimin e shtetit t\u00eb Kosov\u00ebs n\u00eb nj\u00eb pjes\u00eb t\u00eb konsiderueshme t\u00eb territorit t\u00eb tij. Po pasqyrohet n\u00eb gjendjen p\u00ebrher\u00eb e m\u00eb t\u00eb p\u00ebrkeq\u00ebsuar t\u00eb pranis\u00eb shqiptare n\u00eb Lugin\u00ebn e Preshev\u00ebs (Kosov\u00ebn Lindore). Po shihet n\u00eb mosp\u00ebrparimin e popullit shqiptar n\u00eb Maqedoni, si n\u00eb aspektin komb\u00ebtar, si n\u00eb aspektin shoq\u00ebror, ekonomik e tjer\u00eb. Po shihet me k\u00ebrc\u00ebnimet p\u00ebr ta tjet\u00ebrsuar Radik\u00ebn dhe Vjos\u00ebn dhe p\u00ebr ta ngushtuar k\u00ebshtu m\u00eb tej hap\u00ebsir\u00ebn ton\u00eb t\u00eb interesave jetike.<\/p>\n<p>Dukurit\u00eb e p\u00ebrmendura m\u00eb lart, plot dukurit\u00eb e tjera q\u00eb mund t\u00eb rreshtoheshin k\u00ebtu, ndodhin kur klasa jon\u00eb politike \u00ebsht\u00eb e p\u00ebrfshir\u00eb n\u00eb ethe t\u00eb gjata, t\u00eb pand\u00ebrprera t\u00eb revanshizmave t\u00eb brendshme politike, ideologjike, t\u00eb karakterit t\u00eb ngusht\u00eb grupor, meskin, kund\u00ebr interesave t\u00eb elektorateve t\u00eb tyre, kund\u00ebr interesave t\u00eb kombit t\u00eb tyre, kund\u00ebr interesave shqiptare. Ndodhin n\u00eb nj\u00eb koh\u00eb kur pal\u00ebt n\u00eb konfliktin brendashqiptar trumbetojn\u00eb gjithnj\u00eb e m\u00eb z\u00ebsh\u00ebm, gjithnj\u00eb e m\u00eb kobsh\u00ebm &#8220;nacionalizmin&#8221; e pal\u00ebs tjet\u00ebr, &#8220;islamizmin&#8221; e pal\u00ebs tjet\u00ebr, &#8220;primitivitetin&#8221; e pal\u00ebs tjet\u00ebr, duke damkosur k\u00ebshtu kombin m\u00eb t\u00eb p\u00ebrkushtuar n\u00eb Evrop\u00eb p\u00ebr fqinj\u00ebsi t\u00eb mir\u00eb, kombin me islamin m\u00eb t\u00eb moderuar n\u00eb bot\u00eb, kombin ku \u00ebsht\u00eb p\u00ebrkundur, rritur dhe kultivuar pand\u00ebrprer\u00eb qytet\u00ebrimi per\u00ebndimor, pavar\u00ebsisht kushteve e rrethanave t\u00eb ve\u00e7anta, shpesh tragjike t\u00eb imponuara.<\/p>\n<p>Humbja e Ulqinit, mu para hund\u00ebve t\u00eb Tiran\u00ebs dhe Prishtin\u00ebs, \u00ebsht\u00eb me pasoja konkrete p\u00ebr gjeopolitik\u00ebn shqiptare, nj\u00eb humbje, pra, q\u00eb do t\u00eb pasqyrohet n\u00eb zhvillimin ekonomik dhe kulturor t\u00eb vet\u00eb Republik\u00ebs s\u00eb Shqip\u00ebris\u00eb dhe t\u00eb Republik\u00ebs s\u00eb Kosov\u00ebs. Nj\u00eb l\u00ebshim t\u00eb till\u00eb n\u00eb d\u00ebm t\u00eb vetes s\u00eb tyre dhe n\u00eb dobi t\u00eb shqiptar\u00ebve nuk do ta kishte b\u00ebr\u00eb asnj\u00eb prej fqinj\u00ebve tan\u00eb. Humbja e Ulqinit n\u00eb vetvete sh\u00ebnon edhe humbjen e \u00e7\u00ebshtjes shqiptare n\u00eb Mal t\u00eb Zi. Nj\u00eb humbje e till\u00eb, qoft\u00eb edhe n\u00eb fshatin m\u00eb t\u00eb vog\u00ebl e m\u00eb t\u00eb larg\u00ebt t\u00eb banuar me shqiptar\u00eb, sh\u00ebnon humbje t\u00eb \u00e7\u00ebshtjes shqiptare. Nj\u00eb humbje e till\u00eb, qoft\u00eb edhe n\u00eb sht\u00ebpin\u00eb m\u00eb t\u00eb larg\u00ebt t\u00eb fshatit m\u00eb t\u00eb larg\u00ebt shqiptar, sh\u00ebnon humbje t\u00eb \u00e7\u00ebshtjes shqiptare. Sepse, secili nga k\u00ebto raste, sh\u00ebnon dob\u00ebsim t\u00eb faktorit shqiptar n\u00eb terrenin e caktuar, sh\u00ebnon rrjedhimisht dob\u00ebsim t\u00eb faktorit shqiptar n\u00eb t\u00ebr\u00ebsi. \u00c7do defaktorizim shqiptar, kudo q\u00eb ndodh, n\u00eb trojet shqiptare apo jasht\u00eb tyre, n\u00eb diaspor\u00eb, n\u00eb fakt p\u00ebrb\u00ebn defaktorizim t\u00eb m\u00ebtejsh\u00ebm t\u00eb shqiptar\u00ebve n\u00eb t\u00ebr\u00ebsi.<\/p>\n<p>Prania shqiptare, n\u00eb trojet e saj, kudo q\u00eb ndodhet, \u00ebsht\u00eb nj\u00eb p\u00ebrpar\u00ebsi, nj\u00eb privilegj, nj\u00eb favor i nj\u00eb politike n\u00eb raport me veten dhe t\u00eb tjer\u00ebt. \u00cbsht\u00eb nj\u00eb premis\u00eb q\u00eb e p\u00ebrjashton, n\u00eb \u00e7do rrafsh, mund\u00ebsin\u00eb e fqinj\u00ebve tan\u00eb p\u00ebr politik\u00eb m\u00ebsym\u00ebse ndaj nesh; nj\u00eb premis\u00eb q\u00eb e p\u00ebrjashton, n\u00eb \u00e7do rrafsh, prirjen ton\u00eb zbrap\u00ebse, l\u00ebshuese ndaj fqinj\u00ebve tan\u00eb.<br \/>\nPolitik\u00ebs son\u00eb, sidomos asaj n\u00eb Tiran\u00eb, ia ka z\u00ebn\u00eb syt\u00eb internacionalizmi gjoja kozmpolit, n\u00eb fakt retrograd. Ende kjo politik\u00eb nuk e kupton se \u00e7\u00ebshtja shqiptare, kudo q\u00eb t\u00eb jet\u00eb, n\u00eb hap\u00ebsir\u00ebn shqiptare apo kudo n\u00ebp\u00ebr bot\u00eb, \u00ebsht\u00eb absolutisht \u00e7\u00ebshtje e brendshme. Kjo politik\u00eb kurrsesi nuk mund t\u00eb hiqet si e z\u00ebn\u00eb n\u00eb befasi, p\u00ebrkundrazi p\u00ebrball\u00eb nj\u00eb detyrimi kushtetues, prandaj mban p\u00ebrgjegj\u00ebsi t\u00eb plot\u00eb para kombit dhe para historis\u00eb.<\/p>\n<p><strong>Burimi: VOAL &#8211; Voice of Albanians<\/strong><\/p>\n<!--YouTube Error: bad URL entered-->\n","protected":false},"excerpt":{"rendered":"<p>Shkruan: Skender Bu\u00e7papaj Humbja e Ulqinit \u00ebsht\u00eb d\u00ebshtimi i madh m\u00eb i duksh\u00ebm, pra m\u00eb flagrant, i politik\u00ebs aktuale shqiptare, para s\u00eb gjithash, i politik\u00ebs aktuale t\u00eb Tiran\u00ebs n\u00eb rrafshin komb\u00ebtar. \u00cbsht\u00eb nj\u00eb ligj universal, i p\u00ebrjetsh\u00ebm &#8211; n\u00ebse nuk je n\u00eb ekspansion, at\u00ebher\u00eb vetvetiu je n\u00eb restriksion. Dhe kjo pasqyrohet ku m\u00eb duksh\u00ebm, ku [&hellip;]<\/p>\n","protected":false},"author":1,"featured_media":0,"comment_status":"closed","ping_status":"closed","sticky":false,"template":"","format":"standard","meta":{"spay_email":"","jetpack_publicize_message":"","jetpack_is_tweetstorm":false,"jetpack_publicize_feature_enabled":true},"categories":[7],"tags":[],"jetpack_publicize_connections":[],"yoast_head":"<!-- This site is optimized with the Yoast SEO plugin v19.1 - https:\/\/yoast.com\/wordpress\/plugins\/seo\/ -->\n<title>Skender Bu\u00e7papaj shpjegon arsyet e humbjes s\u00eb Ulqinit - Video - Lajme nga Ulqini<\/title>\n<meta name=\"description\" content=\"Shkruan: Skender Bu\u00e7papaj Humbja e Ulqinit \u00ebsht\u00eb d\u00ebshtimi i madh m\u00eb i duksh\u00ebm, pra m\u00eb flagrant, i politik\u00ebs aktuale shqiptare, para s\u00eb gjithash, i\" \/>\n<meta name=\"robots\" content=\"index, follow, max-snippet:-1, max-image-preview:large, max-video-preview:-1\" \/>\n<link rel=\"canonical\" href=\"https:\/\/www.visit-ulcinj.com\/blog\/2014\/02\/01\/skender-bucpapaj-shpjegon-arsyet-e-humbjes-se-ulqinit\/\" \/>\n<meta property=\"og:locale\" content=\"en_US\" \/>\n<meta property=\"og:type\" content=\"article\" \/>\n<meta property=\"og:title\" content=\"Skender Bu\u00e7papaj shpjegon arsyet e humbjes s\u00eb Ulqinit - Video - Lajme nga Ulqini\" \/>\n<meta property=\"og:description\" content=\"Shkruan: Skender Bu\u00e7papaj Humbja e Ulqinit \u00ebsht\u00eb d\u00ebshtimi i madh m\u00eb i duksh\u00ebm, pra m\u00eb flagrant, i politik\u00ebs aktuale shqiptare, para s\u00eb gjithash, i\" \/>\n<meta property=\"og:url\" content=\"https:\/\/www.visit-ulcinj.com\/blog\/2014\/02\/01\/skender-bucpapaj-shpjegon-arsyet-e-humbjes-se-ulqinit\/\" \/>\n<meta property=\"og:site_name\" content=\"Lajme nga Ulqini\" \/>\n<meta property=\"article:published_time\" content=\"2014-02-01T18:46:40+00:00\" \/>\n<meta property=\"article:modified_time\" content=\"2014-02-01T23:24:58+00:00\" \/>\n<meta property=\"og:image\" content=\"http:\/\/www.visit-ulcinj.com\/blog\/wp-content\/uploads\/2014\/02\/Skender-Bucpapaj-1.jpg\" \/>\n<meta name=\"twitter:label1\" content=\"Written by\" \/>\n\t<meta name=\"twitter:data1\" content=\"ulqini\" \/>\n\t<meta name=\"twitter:label2\" content=\"Est. reading time\" \/>\n\t<meta name=\"twitter:data2\" content=\"6 minutes\" \/>\n<script type=\"application\/ld+json\" class=\"yoast-schema-graph\">{\"@context\":\"https:\/\/schema.org\",\"@graph\":[{\"@type\":\"WebSite\",\"@id\":\"https:\/\/www.visit-ulcinj.com\/blog\/#website\",\"url\":\"https:\/\/www.visit-ulcinj.com\/blog\/\",\"name\":\"Lajme nga Ulqini\",\"description\":\"Lajme,Vijesti,Ulqini,Ulqin,Crna Gora,Mali i Zi\",\"potentialAction\":[{\"@type\":\"SearchAction\",\"target\":{\"@type\":\"EntryPoint\",\"urlTemplate\":\"https:\/\/www.visit-ulcinj.com\/blog\/?s={search_term_string}\"},\"query-input\":\"required name=search_term_string\"}],\"inLanguage\":\"en-US\"},{\"@type\":\"ImageObject\",\"inLanguage\":\"en-US\",\"@id\":\"https:\/\/www.visit-ulcinj.com\/blog\/2014\/02\/01\/skender-bucpapaj-shpjegon-arsyet-e-humbjes-se-ulqinit\/#primaryimage\",\"url\":\"https:\/\/www.visit-ulcinj.com\/blog\/wp-content\/uploads\/2014\/02\/Skender-Bucpapaj-1.jpg\",\"contentUrl\":\"https:\/\/www.visit-ulcinj.com\/blog\/wp-content\/uploads\/2014\/02\/Skender-Bucpapaj-1.jpg\",\"width\":448,\"height\":313},{\"@type\":\"WebPage\",\"@id\":\"https:\/\/www.visit-ulcinj.com\/blog\/2014\/02\/01\/skender-bucpapaj-shpjegon-arsyet-e-humbjes-se-ulqinit\/#webpage\",\"url\":\"https:\/\/www.visit-ulcinj.com\/blog\/2014\/02\/01\/skender-bucpapaj-shpjegon-arsyet-e-humbjes-se-ulqinit\/\",\"name\":\"Skender Bu\u00e7papaj shpjegon arsyet e humbjes s\u00eb Ulqinit - Video - Lajme nga Ulqini\",\"isPartOf\":{\"@id\":\"https:\/\/www.visit-ulcinj.com\/blog\/#website\"},\"primaryImageOfPage\":{\"@id\":\"https:\/\/www.visit-ulcinj.com\/blog\/2014\/02\/01\/skender-bucpapaj-shpjegon-arsyet-e-humbjes-se-ulqinit\/#primaryimage\"},\"datePublished\":\"2014-02-01T18:46:40+00:00\",\"dateModified\":\"2014-02-01T23:24:58+00:00\",\"author\":{\"@id\":\"https:\/\/www.visit-ulcinj.com\/blog\/#\/schema\/person\/dcab619c614d3038751c63bc2aadc06d\"},\"description\":\"Shkruan: Skender Bu\u00e7papaj Humbja e Ulqinit \u00ebsht\u00eb d\u00ebshtimi i madh m\u00eb i duksh\u00ebm, pra m\u00eb flagrant, i politik\u00ebs aktuale shqiptare, para s\u00eb gjithash, i\",\"breadcrumb\":{\"@id\":\"https:\/\/www.visit-ulcinj.com\/blog\/2014\/02\/01\/skender-bucpapaj-shpjegon-arsyet-e-humbjes-se-ulqinit\/#breadcrumb\"},\"inLanguage\":\"en-US\",\"potentialAction\":[{\"@type\":\"ReadAction\",\"target\":[\"https:\/\/www.visit-ulcinj.com\/blog\/2014\/02\/01\/skender-bucpapaj-shpjegon-arsyet-e-humbjes-se-ulqinit\/\"]}]},{\"@type\":\"BreadcrumbList\",\"@id\":\"https:\/\/www.visit-ulcinj.com\/blog\/2014\/02\/01\/skender-bucpapaj-shpjegon-arsyet-e-humbjes-se-ulqinit\/#breadcrumb\",\"itemListElement\":[{\"@type\":\"ListItem\",\"position\":1,\"name\":\"Skender Bu\u00e7papaj shpjegon arsyet e humbjes s\u00eb Ulqinit &#8211; Video\"}]},{\"@type\":\"Person\",\"@id\":\"https:\/\/www.visit-ulcinj.com\/blog\/#\/schema\/person\/dcab619c614d3038751c63bc2aadc06d\",\"name\":\"ulqini\",\"sameAs\":[\"http:\/\/www.visit-ulcinj.com\"],\"url\":\"https:\/\/www.visit-ulcinj.com\/blog\/author\/admin\/\"}]}<\/script>\n<!-- \/ Yoast SEO plugin. -->","yoast_head_json":{"title":"Skender Bu\u00e7papaj shpjegon arsyet e humbjes s\u00eb Ulqinit - Video - Lajme nga Ulqini","description":"Shkruan: Skender Bu\u00e7papaj Humbja e Ulqinit \u00ebsht\u00eb d\u00ebshtimi i madh m\u00eb i duksh\u00ebm, pra m\u00eb flagrant, i politik\u00ebs aktuale shqiptare, para s\u00eb gjithash, i","robots":{"index":"index","follow":"follow","max-snippet":"max-snippet:-1","max-image-preview":"max-image-preview:large","max-video-preview":"max-video-preview:-1"},"canonical":"https:\/\/www.visit-ulcinj.com\/blog\/2014\/02\/01\/skender-bucpapaj-shpjegon-arsyet-e-humbjes-se-ulqinit\/","og_locale":"en_US","og_type":"article","og_title":"Skender Bu\u00e7papaj shpjegon arsyet e humbjes s\u00eb Ulqinit - Video - Lajme nga Ulqini","og_description":"Shkruan: Skender Bu\u00e7papaj Humbja e Ulqinit \u00ebsht\u00eb d\u00ebshtimi i madh m\u00eb i duksh\u00ebm, pra m\u00eb flagrant, i politik\u00ebs aktuale shqiptare, para s\u00eb gjithash, i","og_url":"https:\/\/www.visit-ulcinj.com\/blog\/2014\/02\/01\/skender-bucpapaj-shpjegon-arsyet-e-humbjes-se-ulqinit\/","og_site_name":"Lajme nga Ulqini","article_published_time":"2014-02-01T18:46:40+00:00","article_modified_time":"2014-02-01T23:24:58+00:00","og_image":[{"url":"http:\/\/www.visit-ulcinj.com\/blog\/wp-content\/uploads\/2014\/02\/Skender-Bucpapaj-1.jpg"}],"twitter_misc":{"Written by":"ulqini","Est. reading time":"6 minutes"},"schema":{"@context":"https:\/\/schema.org","@graph":[{"@type":"WebSite","@id":"https:\/\/www.visit-ulcinj.com\/blog\/#website","url":"https:\/\/www.visit-ulcinj.com\/blog\/","name":"Lajme nga Ulqini","description":"Lajme,Vijesti,Ulqini,Ulqin,Crna Gora,Mali i Zi","potentialAction":[{"@type":"SearchAction","target":{"@type":"EntryPoint","urlTemplate":"https:\/\/www.visit-ulcinj.com\/blog\/?s={search_term_string}"},"query-input":"required name=search_term_string"}],"inLanguage":"en-US"},{"@type":"ImageObject","inLanguage":"en-US","@id":"https:\/\/www.visit-ulcinj.com\/blog\/2014\/02\/01\/skender-bucpapaj-shpjegon-arsyet-e-humbjes-se-ulqinit\/#primaryimage","url":"https:\/\/www.visit-ulcinj.com\/blog\/wp-content\/uploads\/2014\/02\/Skender-Bucpapaj-1.jpg","contentUrl":"https:\/\/www.visit-ulcinj.com\/blog\/wp-content\/uploads\/2014\/02\/Skender-Bucpapaj-1.jpg","width":448,"height":313},{"@type":"WebPage","@id":"https:\/\/www.visit-ulcinj.com\/blog\/2014\/02\/01\/skender-bucpapaj-shpjegon-arsyet-e-humbjes-se-ulqinit\/#webpage","url":"https:\/\/www.visit-ulcinj.com\/blog\/2014\/02\/01\/skender-bucpapaj-shpjegon-arsyet-e-humbjes-se-ulqinit\/","name":"Skender Bu\u00e7papaj shpjegon arsyet e humbjes s\u00eb Ulqinit - Video - Lajme nga Ulqini","isPartOf":{"@id":"https:\/\/www.visit-ulcinj.com\/blog\/#website"},"primaryImageOfPage":{"@id":"https:\/\/www.visit-ulcinj.com\/blog\/2014\/02\/01\/skender-bucpapaj-shpjegon-arsyet-e-humbjes-se-ulqinit\/#primaryimage"},"datePublished":"2014-02-01T18:46:40+00:00","dateModified":"2014-02-01T23:24:58+00:00","author":{"@id":"https:\/\/www.visit-ulcinj.com\/blog\/#\/schema\/person\/dcab619c614d3038751c63bc2aadc06d"},"description":"Shkruan: Skender Bu\u00e7papaj Humbja e Ulqinit \u00ebsht\u00eb d\u00ebshtimi i madh m\u00eb i duksh\u00ebm, pra m\u00eb flagrant, i politik\u00ebs aktuale shqiptare, para s\u00eb gjithash, i","breadcrumb":{"@id":"https:\/\/www.visit-ulcinj.com\/blog\/2014\/02\/01\/skender-bucpapaj-shpjegon-arsyet-e-humbjes-se-ulqinit\/#breadcrumb"},"inLanguage":"en-US","potentialAction":[{"@type":"ReadAction","target":["https:\/\/www.visit-ulcinj.com\/blog\/2014\/02\/01\/skender-bucpapaj-shpjegon-arsyet-e-humbjes-se-ulqinit\/"]}]},{"@type":"BreadcrumbList","@id":"https:\/\/www.visit-ulcinj.com\/blog\/2014\/02\/01\/skender-bucpapaj-shpjegon-arsyet-e-humbjes-se-ulqinit\/#breadcrumb","itemListElement":[{"@type":"ListItem","position":1,"name":"Skender Bu\u00e7papaj shpjegon arsyet e humbjes s\u00eb Ulqinit &#8211; Video"}]},{"@type":"Person","@id":"https:\/\/www.visit-ulcinj.com\/blog\/#\/schema\/person\/dcab619c614d3038751c63bc2aadc06d","name":"ulqini","sameAs":["http:\/\/www.visit-ulcinj.com"],"url":"https:\/\/www.visit-ulcinj.com\/blog\/author\/admin\/"}]}},"jetpack_featured_media_url":"","jetpack_sharing_enabled":true,"jetpack_shortlink":"https:\/\/wp.me\/pe6lTn-kAw","_links":{"self":[{"href":"https:\/\/www.visit-ulcinj.com\/blog\/wp-json\/wp\/v2\/posts\/79144"}],"collection":[{"href":"https:\/\/www.visit-ulcinj.com\/blog\/wp-json\/wp\/v2\/posts"}],"about":[{"href":"https:\/\/www.visit-ulcinj.com\/blog\/wp-json\/wp\/v2\/types\/post"}],"author":[{"embeddable":true,"href":"https:\/\/www.visit-ulcinj.com\/blog\/wp-json\/wp\/v2\/users\/1"}],"replies":[{"embeddable":true,"href":"https:\/\/www.visit-ulcinj.com\/blog\/wp-json\/wp\/v2\/comments?post=79144"}],"version-history":[{"count":2,"href":"https:\/\/www.visit-ulcinj.com\/blog\/wp-json\/wp\/v2\/posts\/79144\/revisions"}],"predecessor-version":[{"id":79160,"href":"https:\/\/www.visit-ulcinj.com\/blog\/wp-json\/wp\/v2\/posts\/79144\/revisions\/79160"}],"wp:attachment":[{"href":"https:\/\/www.visit-ulcinj.com\/blog\/wp-json\/wp\/v2\/media?parent=79144"}],"wp:term":[{"taxonomy":"category","embeddable":true,"href":"https:\/\/www.visit-ulcinj.com\/blog\/wp-json\/wp\/v2\/categories?post=79144"},{"taxonomy":"post_tag","embeddable":true,"href":"https:\/\/www.visit-ulcinj.com\/blog\/wp-json\/wp\/v2\/tags?post=79144"}],"curies":[{"name":"wp","href":"https:\/\/api.w.org\/{rel}","templated":true}]}}