{"id":79151,"date":"2014-02-01T20:12:55","date_gmt":"2014-02-01T19:12:55","guid":{"rendered":"http:\/\/www.visit-ulcinj.com\/blog\/?p=79151"},"modified":"2014-02-02T00:21:38","modified_gmt":"2014-02-01T23:21:38","slug":"ali-cenaj-ulqini-nuk-ra-kane-rene-nuset","status":"publish","type":"post","link":"https:\/\/www.visit-ulcinj.com\/blog\/2014\/02\/01\/ali-cenaj-ulqini-nuk-ra-kane-rene-nuset\/","title":{"rendered":"Ali Cenaj: Ulqini nuk ra, kan\u00eb r\u00ebn\u00eb nuset"},"content":{"rendered":"<p><a href=\"http:\/\/www.visit-ulcinj.com\/blog\/wp-content\/uploads\/2014\/02\/Ali-Cenaj.jpg\"><img loading=\"lazy\" class=\"alignleft  wp-image-79152\" alt=\"Ali-Cenaj\" src=\"http:\/\/www.visit-ulcinj.com\/blog\/wp-content\/uploads\/2014\/02\/Ali-Cenaj.jpg\" width=\"508\" height=\"360\" \/><\/a>Vet\u00ebm p\u00ebr ata me munges\u00eb t\u00eb informacionit elementar p\u00ebr t\u00eb b\u00ebmat e t\u00eb pab\u00ebmat gjat\u00eb gjith\u00eb k\u00ebtyre viteve pluraliz\u00ebm n\u00eb sken\u00ebn politike te shqiptar\u00ebt n\u00eb Mal t\u00eb Zi, zgjedhjet e fundit dhe \u201cr\u00ebnia\u201d e Ulqinit \u00ebsht\u00eb befasi. Rezultati q\u00eb partin\u00eb e kryeministrit Gjukanoviq n\u00eb k\u00ebt\u00eb komun\u00eb, p\u00ebr her\u00eb t\u00eb par\u00eb pas 24 vitesh e solli n\u00eb krye t\u00eb list\u00ebs s\u00eb partive m\u00eb t\u00eb votuara, jehoi si bomb\u00eb.<\/p>\n<p>\u201cRa Ulqini\u201d, \u201cE humb\u00ebn Ulqinin\u201d, \u201cUlqini n\u00eb duar t\u00eb malazez\u00ebve\u201d, ishin titujt q\u00eb mbase p\u00ebr her\u00eb t\u00eb par\u00eb soll\u00ebn k\u00ebt\u00eb qytet n\u00eb krye t\u00eb mediave shqiptare. Si pas Kongresit t\u00eb Berlinit, 136 vjet m\u00eb par\u00eb kur Ulqini v\u00ebrtet ra. Dhe pastaj, si n\u00eb koh\u00eb betejash vendimtare, vargohen thirrjet, apelet, lutjet, nga t\u00eb gjitha an\u00ebt p\u00ebr partit\u00eb q\u00eb n\u00eb akronime kan\u00eb nga di\u00e7ka shqiptare, t\u00eb bashkohen dhe t\u00eb na e shp\u00ebtojn\u00eb fytyr\u00ebn. Se, o burra, ta shp\u00ebtojm\u00eb Ulqinin.<\/p>\n<p>Par\u00eb nga larg me syrin e dikujt q\u00eb nuk e ka informacionin sadopak relevant p\u00ebr at\u00eb \u00e7ka ka ndodhur dhe si kan\u00eb shkuar pun\u00ebt n\u00eb sken\u00ebn politike t\u00eb shqiptar\u00ebve n\u00eb Mal t\u00eb Zi, q\u00eb nga zgjedhjet e para shum\u00ebpartiake, 24 vjet m\u00eb par\u00eb, kur ende besohej n\u00eb ideale. kur trupi zgjedhor i shqiptar\u00ebve n\u00eb Ulqin ishte unik dhe pa asnj\u00eb p\u00ebrjashtim, si me plebishit, votoi partin\u00eb at\u00ebher\u00eb t\u00eb vetme shqiptare q\u00eb tani nuk arrin t\u00eb fitoj\u00eb as nj\u00eb k\u00ebshilltar, rezultati n\u00eb t\u00eb cilin DPS i Gjukanoviqit e cila n\u00eb Ulqin, \u00e7\u2019\u00ebsht\u00eb e v\u00ebrteta udh\u00ebhiqet e p\u00ebrb\u00ebhet nga shqiptar\u00eb, me n\u00ebn\u00eb e me bab\u00eb, doli fitues edhe pse me vet\u00ebm nj\u00eb k\u00ebshilltar m\u00eb shum\u00eb, mund t\u2019i duket edhe tragjik. Sidomos kur nuk thuhet qart\u00eb se partit\u00eb politike t\u00eb cilat, kur e do puna, u p\u00eblqen t\u00eb quhen shqiptare, kan\u00eb fituar m\u00eb shum\u00eb se dyfishin e k\u00ebshilltar\u00ebve dhe, po desh\u00ebn, p\u00ebr \u00e7ka v\u00ebshtir\u00eb t\u00eb besohet, mund t\u00eb bashkohen dhe t\u00eb riformojn\u00eb koalicionin q\u00eb vet\u00eb e prish\u00ebn duke e \u00e7uar qytetin n\u00eb zgjedhje t\u00eb jasht\u00ebzakonshme.<\/p>\n<p>Po desh\u00ebn, askush s\u2019ua ndalon por v\u00ebshtir\u00eb t\u00eb pritet kjo nga trimat e gatsh\u00ebm q\u00eb p\u00ebr nj\u00eb plesht t\u2019ia v\u00ebn\u00eb flak\u00ebn, jo vet\u00ebm jorganit. Apo, n\u00eb k\u00ebt\u00eb rast t\u00eb sillen, si ajo nusja q\u00eb p\u00ebr inat t\u00eb vjehrr\u00ebs shkon n\u00eb shtrat me mullisin.<\/p>\n<p>N\u00eb t\u00eb v\u00ebrtet\u00eb n\u00eb k\u00ebt\u00eb situat\u00eb, mullisi i Podgoric\u00ebs \u00ebsht\u00eb n\u00eb pozit\u00eb shum\u00eb m\u00eb t\u00eb lakmueshme. Madje t\u00eb zgjedh\u00eb cil\u00ebn nga nuset e d\u00ebshiron ta ket\u00eb n\u00eb shtrat. Vet\u00ebm t\u2019ua lejoj\u00eb nj\u00eb grim\u00eb pushtet. Nj\u00eb zhallog\u00eb.<\/p>\n<p>N\u00ebse dikush duhet t\u00eb ndjehej i turp\u00ebruar p\u00ebr nuset n\u00eb shtratin e mullisit, ata m\u00eb s\u00eb paku jan\u00eb votuesit q\u00eb nxor\u00ebn k\u00ebt\u00eb rezultat.<\/p>\n<p>Jan\u00eb po ata votues q\u00eb n\u00eb fillimet e pluralizmit kur iu dha mund\u00ebsia t\u00eb votoj\u00eb p\u00ebr vete, pat\u00ebn tejkaluar \u00e7do ndasi dhe pa p\u00ebrjashtim, votuan partin\u00eb at\u00ebher\u00eb t\u00eb vetme shqiptare. Megjithat\u00eb shum\u00eb shpejt partit\u00eb e m\u00ebhall\u00ebve q\u00eb u formuan nd\u00ebrkoh\u00eb, manifestuan adoleshenc\u00ebn politike me ambiciet e s\u00ebmura p\u00ebr t\u2019u rehatuar n\u00eb habitatin e vet\u00eb t\u00eb ngroht\u00eb si ajo miza n\u00ebn bisht t\u00eb kalit.<\/p>\n<p>Efektet tash i kemi me zgjedhjet e fundit.<\/p>\n<p>I d\u00ebshp\u00ebruar p\u00ebr t\u00eb sat\u00ebn her\u00eb me shegertll\u00ebkun e t\u00eb zgjedhurve t\u00eb vet q\u00eb aq padinjitetsh\u00ebm luanin rolin e korrierit, q\u00eb vot\u00ebn e shisnin aq lir\u00eb n\u00eb Podgoric\u00eb,votuesit nis\u00ebn t\u00eb rezonojn\u00eb ndryshe. T\u2019i lirojn\u00eb nga mundimi i korrierit.<\/p>\n<p>Dhe t\u2019u tregoj\u00eb se nuk jan\u00eb t\u00eb d\u00ebnuar t\u2019i votoj\u00eb vet\u00ebm ata.<\/p>\n<p>Ulqini pra, nuk ka r\u00ebn\u00eb, kan\u00eb r\u00ebn\u00eb nuset.<\/p>\n<p><strong>Burimi: Z\u00cbRI<\/strong><\/p>\n<!--YouTube Error: bad URL entered-->\n","protected":false},"excerpt":{"rendered":"<p>Vet\u00ebm p\u00ebr ata me munges\u00eb t\u00eb informacionit elementar p\u00ebr t\u00eb b\u00ebmat e t\u00eb pab\u00ebmat gjat\u00eb gjith\u00eb k\u00ebtyre viteve pluraliz\u00ebm n\u00eb sken\u00ebn politike te shqiptar\u00ebt n\u00eb Mal t\u00eb Zi, zgjedhjet e fundit dhe \u201cr\u00ebnia\u201d e Ulqinit \u00ebsht\u00eb befasi. Rezultati q\u00eb partin\u00eb e kryeministrit Gjukanoviq n\u00eb k\u00ebt\u00eb komun\u00eb, p\u00ebr her\u00eb t\u00eb par\u00eb pas 24 vitesh e solli [&hellip;]<\/p>\n","protected":false},"author":1,"featured_media":0,"comment_status":"closed","ping_status":"closed","sticky":false,"template":"","format":"standard","meta":{"spay_email":"","jetpack_publicize_message":"","jetpack_is_tweetstorm":false,"jetpack_publicize_feature_enabled":true},"categories":[4],"tags":[],"jetpack_publicize_connections":[],"yoast_head":"<!-- This site is optimized with the Yoast SEO plugin v19.1 - https:\/\/yoast.com\/wordpress\/plugins\/seo\/ -->\n<title>Ali Cenaj: Ulqini nuk ra, kan\u00eb r\u00ebn\u00eb nuset - Lajme nga Ulqini<\/title>\n<meta name=\"description\" content=\"Vet\u00ebm p\u00ebr ata me munges\u00eb t\u00eb informacionit elementar p\u00ebr t\u00eb b\u00ebmat e t\u00eb pab\u00ebmat gjat\u00eb gjith\u00eb k\u00ebtyre viteve pluraliz\u00ebm n\u00eb sken\u00ebn politike te shqiptar\u00ebt n\u00eb\" \/>\n<meta name=\"robots\" content=\"index, follow, max-snippet:-1, max-image-preview:large, max-video-preview:-1\" \/>\n<link rel=\"canonical\" href=\"https:\/\/www.visit-ulcinj.com\/blog\/2014\/02\/01\/ali-cenaj-ulqini-nuk-ra-kane-rene-nuset\/\" \/>\n<meta property=\"og:locale\" content=\"en_US\" \/>\n<meta property=\"og:type\" content=\"article\" \/>\n<meta property=\"og:title\" content=\"Ali Cenaj: Ulqini nuk ra, kan\u00eb r\u00ebn\u00eb nuset - Lajme nga Ulqini\" \/>\n<meta property=\"og:description\" content=\"Vet\u00ebm p\u00ebr ata me munges\u00eb t\u00eb informacionit elementar p\u00ebr t\u00eb b\u00ebmat e t\u00eb pab\u00ebmat gjat\u00eb gjith\u00eb k\u00ebtyre viteve pluraliz\u00ebm n\u00eb sken\u00ebn politike te shqiptar\u00ebt n\u00eb\" \/>\n<meta property=\"og:url\" content=\"https:\/\/www.visit-ulcinj.com\/blog\/2014\/02\/01\/ali-cenaj-ulqini-nuk-ra-kane-rene-nuset\/\" \/>\n<meta property=\"og:site_name\" content=\"Lajme nga Ulqini\" \/>\n<meta property=\"article:published_time\" content=\"2014-02-01T19:12:55+00:00\" \/>\n<meta property=\"article:modified_time\" content=\"2014-02-01T23:21:38+00:00\" \/>\n<meta property=\"og:image\" content=\"http:\/\/www.visit-ulcinj.com\/blog\/wp-content\/uploads\/2014\/02\/Ali-Cenaj.jpg\" \/>\n<meta name=\"twitter:label1\" content=\"Written by\" \/>\n\t<meta name=\"twitter:data1\" content=\"ulqini\" \/>\n\t<meta name=\"twitter:label2\" content=\"Est. reading time\" \/>\n\t<meta name=\"twitter:data2\" content=\"3 minutes\" \/>\n<script type=\"application\/ld+json\" class=\"yoast-schema-graph\">{\"@context\":\"https:\/\/schema.org\",\"@graph\":[{\"@type\":\"WebSite\",\"@id\":\"https:\/\/www.visit-ulcinj.com\/blog\/#website\",\"url\":\"https:\/\/www.visit-ulcinj.com\/blog\/\",\"name\":\"Lajme nga Ulqini\",\"description\":\"Lajme,Vijesti,Ulqini,Ulqin,Crna Gora,Mali i Zi\",\"potentialAction\":[{\"@type\":\"SearchAction\",\"target\":{\"@type\":\"EntryPoint\",\"urlTemplate\":\"https:\/\/www.visit-ulcinj.com\/blog\/?s={search_term_string}\"},\"query-input\":\"required name=search_term_string\"}],\"inLanguage\":\"en-US\"},{\"@type\":\"ImageObject\",\"inLanguage\":\"en-US\",\"@id\":\"https:\/\/www.visit-ulcinj.com\/blog\/2014\/02\/01\/ali-cenaj-ulqini-nuk-ra-kane-rene-nuset\/#primaryimage\",\"url\":\"https:\/\/www.visit-ulcinj.com\/blog\/wp-content\/uploads\/2014\/02\/Ali-Cenaj.jpg\",\"contentUrl\":\"https:\/\/www.visit-ulcinj.com\/blog\/wp-content\/uploads\/2014\/02\/Ali-Cenaj.jpg\",\"width\":554,\"height\":556},{\"@type\":\"WebPage\",\"@id\":\"https:\/\/www.visit-ulcinj.com\/blog\/2014\/02\/01\/ali-cenaj-ulqini-nuk-ra-kane-rene-nuset\/#webpage\",\"url\":\"https:\/\/www.visit-ulcinj.com\/blog\/2014\/02\/01\/ali-cenaj-ulqini-nuk-ra-kane-rene-nuset\/\",\"name\":\"Ali Cenaj: Ulqini nuk ra, kan\u00eb r\u00ebn\u00eb nuset - Lajme nga Ulqini\",\"isPartOf\":{\"@id\":\"https:\/\/www.visit-ulcinj.com\/blog\/#website\"},\"primaryImageOfPage\":{\"@id\":\"https:\/\/www.visit-ulcinj.com\/blog\/2014\/02\/01\/ali-cenaj-ulqini-nuk-ra-kane-rene-nuset\/#primaryimage\"},\"datePublished\":\"2014-02-01T19:12:55+00:00\",\"dateModified\":\"2014-02-01T23:21:38+00:00\",\"author\":{\"@id\":\"https:\/\/www.visit-ulcinj.com\/blog\/#\/schema\/person\/dcab619c614d3038751c63bc2aadc06d\"},\"description\":\"Vet\u00ebm p\u00ebr ata me munges\u00eb t\u00eb informacionit elementar p\u00ebr t\u00eb b\u00ebmat e t\u00eb pab\u00ebmat gjat\u00eb gjith\u00eb k\u00ebtyre viteve pluraliz\u00ebm n\u00eb sken\u00ebn politike te shqiptar\u00ebt n\u00eb\",\"breadcrumb\":{\"@id\":\"https:\/\/www.visit-ulcinj.com\/blog\/2014\/02\/01\/ali-cenaj-ulqini-nuk-ra-kane-rene-nuset\/#breadcrumb\"},\"inLanguage\":\"en-US\",\"potentialAction\":[{\"@type\":\"ReadAction\",\"target\":[\"https:\/\/www.visit-ulcinj.com\/blog\/2014\/02\/01\/ali-cenaj-ulqini-nuk-ra-kane-rene-nuset\/\"]}]},{\"@type\":\"BreadcrumbList\",\"@id\":\"https:\/\/www.visit-ulcinj.com\/blog\/2014\/02\/01\/ali-cenaj-ulqini-nuk-ra-kane-rene-nuset\/#breadcrumb\",\"itemListElement\":[{\"@type\":\"ListItem\",\"position\":1,\"name\":\"Ali Cenaj: Ulqini nuk ra, kan\u00eb r\u00ebn\u00eb nuset\"}]},{\"@type\":\"Person\",\"@id\":\"https:\/\/www.visit-ulcinj.com\/blog\/#\/schema\/person\/dcab619c614d3038751c63bc2aadc06d\",\"name\":\"ulqini\",\"sameAs\":[\"http:\/\/www.visit-ulcinj.com\"],\"url\":\"https:\/\/www.visit-ulcinj.com\/blog\/author\/admin\/\"}]}<\/script>\n<!-- \/ Yoast SEO plugin. -->","yoast_head_json":{"title":"Ali Cenaj: Ulqini nuk ra, kan\u00eb r\u00ebn\u00eb nuset - Lajme nga Ulqini","description":"Vet\u00ebm p\u00ebr ata me munges\u00eb t\u00eb informacionit elementar p\u00ebr t\u00eb b\u00ebmat e t\u00eb pab\u00ebmat gjat\u00eb gjith\u00eb k\u00ebtyre viteve pluraliz\u00ebm n\u00eb sken\u00ebn politike te shqiptar\u00ebt n\u00eb","robots":{"index":"index","follow":"follow","max-snippet":"max-snippet:-1","max-image-preview":"max-image-preview:large","max-video-preview":"max-video-preview:-1"},"canonical":"https:\/\/www.visit-ulcinj.com\/blog\/2014\/02\/01\/ali-cenaj-ulqini-nuk-ra-kane-rene-nuset\/","og_locale":"en_US","og_type":"article","og_title":"Ali Cenaj: Ulqini nuk ra, kan\u00eb r\u00ebn\u00eb nuset - Lajme nga Ulqini","og_description":"Vet\u00ebm p\u00ebr ata me munges\u00eb t\u00eb informacionit elementar p\u00ebr t\u00eb b\u00ebmat e t\u00eb pab\u00ebmat gjat\u00eb gjith\u00eb k\u00ebtyre viteve pluraliz\u00ebm n\u00eb sken\u00ebn politike te shqiptar\u00ebt n\u00eb","og_url":"https:\/\/www.visit-ulcinj.com\/blog\/2014\/02\/01\/ali-cenaj-ulqini-nuk-ra-kane-rene-nuset\/","og_site_name":"Lajme nga Ulqini","article_published_time":"2014-02-01T19:12:55+00:00","article_modified_time":"2014-02-01T23:21:38+00:00","og_image":[{"url":"http:\/\/www.visit-ulcinj.com\/blog\/wp-content\/uploads\/2014\/02\/Ali-Cenaj.jpg"}],"twitter_misc":{"Written by":"ulqini","Est. reading time":"3 minutes"},"schema":{"@context":"https:\/\/schema.org","@graph":[{"@type":"WebSite","@id":"https:\/\/www.visit-ulcinj.com\/blog\/#website","url":"https:\/\/www.visit-ulcinj.com\/blog\/","name":"Lajme nga Ulqini","description":"Lajme,Vijesti,Ulqini,Ulqin,Crna Gora,Mali i Zi","potentialAction":[{"@type":"SearchAction","target":{"@type":"EntryPoint","urlTemplate":"https:\/\/www.visit-ulcinj.com\/blog\/?s={search_term_string}"},"query-input":"required name=search_term_string"}],"inLanguage":"en-US"},{"@type":"ImageObject","inLanguage":"en-US","@id":"https:\/\/www.visit-ulcinj.com\/blog\/2014\/02\/01\/ali-cenaj-ulqini-nuk-ra-kane-rene-nuset\/#primaryimage","url":"https:\/\/www.visit-ulcinj.com\/blog\/wp-content\/uploads\/2014\/02\/Ali-Cenaj.jpg","contentUrl":"https:\/\/www.visit-ulcinj.com\/blog\/wp-content\/uploads\/2014\/02\/Ali-Cenaj.jpg","width":554,"height":556},{"@type":"WebPage","@id":"https:\/\/www.visit-ulcinj.com\/blog\/2014\/02\/01\/ali-cenaj-ulqini-nuk-ra-kane-rene-nuset\/#webpage","url":"https:\/\/www.visit-ulcinj.com\/blog\/2014\/02\/01\/ali-cenaj-ulqini-nuk-ra-kane-rene-nuset\/","name":"Ali Cenaj: Ulqini nuk ra, kan\u00eb r\u00ebn\u00eb nuset - Lajme nga Ulqini","isPartOf":{"@id":"https:\/\/www.visit-ulcinj.com\/blog\/#website"},"primaryImageOfPage":{"@id":"https:\/\/www.visit-ulcinj.com\/blog\/2014\/02\/01\/ali-cenaj-ulqini-nuk-ra-kane-rene-nuset\/#primaryimage"},"datePublished":"2014-02-01T19:12:55+00:00","dateModified":"2014-02-01T23:21:38+00:00","author":{"@id":"https:\/\/www.visit-ulcinj.com\/blog\/#\/schema\/person\/dcab619c614d3038751c63bc2aadc06d"},"description":"Vet\u00ebm p\u00ebr ata me munges\u00eb t\u00eb informacionit elementar p\u00ebr t\u00eb b\u00ebmat e t\u00eb pab\u00ebmat gjat\u00eb gjith\u00eb k\u00ebtyre viteve pluraliz\u00ebm n\u00eb sken\u00ebn politike te shqiptar\u00ebt n\u00eb","breadcrumb":{"@id":"https:\/\/www.visit-ulcinj.com\/blog\/2014\/02\/01\/ali-cenaj-ulqini-nuk-ra-kane-rene-nuset\/#breadcrumb"},"inLanguage":"en-US","potentialAction":[{"@type":"ReadAction","target":["https:\/\/www.visit-ulcinj.com\/blog\/2014\/02\/01\/ali-cenaj-ulqini-nuk-ra-kane-rene-nuset\/"]}]},{"@type":"BreadcrumbList","@id":"https:\/\/www.visit-ulcinj.com\/blog\/2014\/02\/01\/ali-cenaj-ulqini-nuk-ra-kane-rene-nuset\/#breadcrumb","itemListElement":[{"@type":"ListItem","position":1,"name":"Ali Cenaj: Ulqini nuk ra, kan\u00eb r\u00ebn\u00eb nuset"}]},{"@type":"Person","@id":"https:\/\/www.visit-ulcinj.com\/blog\/#\/schema\/person\/dcab619c614d3038751c63bc2aadc06d","name":"ulqini","sameAs":["http:\/\/www.visit-ulcinj.com"],"url":"https:\/\/www.visit-ulcinj.com\/blog\/author\/admin\/"}]}},"jetpack_featured_media_url":"","jetpack_sharing_enabled":true,"jetpack_shortlink":"https:\/\/wp.me\/pe6lTn-kAD","_links":{"self":[{"href":"https:\/\/www.visit-ulcinj.com\/blog\/wp-json\/wp\/v2\/posts\/79151"}],"collection":[{"href":"https:\/\/www.visit-ulcinj.com\/blog\/wp-json\/wp\/v2\/posts"}],"about":[{"href":"https:\/\/www.visit-ulcinj.com\/blog\/wp-json\/wp\/v2\/types\/post"}],"author":[{"embeddable":true,"href":"https:\/\/www.visit-ulcinj.com\/blog\/wp-json\/wp\/v2\/users\/1"}],"replies":[{"embeddable":true,"href":"https:\/\/www.visit-ulcinj.com\/blog\/wp-json\/wp\/v2\/comments?post=79151"}],"version-history":[{"count":2,"href":"https:\/\/www.visit-ulcinj.com\/blog\/wp-json\/wp\/v2\/posts\/79151\/revisions"}],"predecessor-version":[{"id":79155,"href":"https:\/\/www.visit-ulcinj.com\/blog\/wp-json\/wp\/v2\/posts\/79151\/revisions\/79155"}],"wp:attachment":[{"href":"https:\/\/www.visit-ulcinj.com\/blog\/wp-json\/wp\/v2\/media?parent=79151"}],"wp:term":[{"taxonomy":"category","embeddable":true,"href":"https:\/\/www.visit-ulcinj.com\/blog\/wp-json\/wp\/v2\/categories?post=79151"},{"taxonomy":"post_tag","embeddable":true,"href":"https:\/\/www.visit-ulcinj.com\/blog\/wp-json\/wp\/v2\/tags?post=79151"}],"curies":[{"name":"wp","href":"https:\/\/api.w.org\/{rel}","templated":true}]}}