{"id":79174,"date":"2014-02-02T15:40:27","date_gmt":"2014-02-02T14:40:27","guid":{"rendered":"http:\/\/www.visit-ulcinj.com\/blog\/?p=79174"},"modified":"2014-02-03T12:37:36","modified_gmt":"2014-02-03T11:37:36","slug":"memoriam-lano-musto-sefa-1947-2014","status":"publish","type":"post","link":"https:\/\/www.visit-ulcinj.com\/blog\/2014\/02\/02\/memoriam-lano-musto-sefa-1947-2014\/","title":{"rendered":"In Memoriam \u2013 Lano Musto Sefa (1947-2014)"},"content":{"rendered":"<p><a href=\"http:\/\/www.visit-ulcinj.com\/blog\/wp-content\/uploads\/2014\/02\/Lano-Sefa.jpg\"><img loading=\"lazy\" class=\"alignleft size-full wp-image-79175\" alt=\"Lano-Sefa\" src=\"http:\/\/www.visit-ulcinj.com\/blog\/wp-content\/uploads\/2014\/02\/Lano-Sefa.jpg\" width=\"141\" height=\"160\" \/><\/a>Pas nj\u00eb s\u00ebmundje t\u00eb shpjet\u00eb dhe t\u00eb r\u00ebnd\u00eb me 31 janar 2014 ndrroji jet\u00eb Lano SEFA. Ka qen\u00eb i lindur n\u00eb Qyrke(Ulqin) n\u00eb vitin 1947. Studimet nga ekonomia i p\u00ebrfundon n\u00eb Pej\u00eb n\u00eb vitin 1972. Si ekonomist i ri pun\u00ebsohet n\u00eb hotelin \u201cAlbatros\u201d ku s\u00eb shpejti arriti q\u00eb t\u00eb\u00a0 kryej detyr\u00ebn e finansierit kryesor. N\u00eb ato vite kjo sip\u00ebrmarrje hotelierike n\u00ebn udh\u00ebheq\u00ebsin\u00eb e z.Filip Martinoviq ka qen\u00eb nd\u00ebr organizatat m\u00eb t\u00eb mira turistike n\u00eb Ulqin si edhe n\u00eb rajon.<\/p>\n<p>Pas riorganizimit t\u00eb sh\u00ebrbimit sh\u00ebndet\u00ebsor n\u00eb vitin 1979 me propozimin e disa ekspertave\u00a0 ekonomik t\u00eb Ulqinit si edhe me k\u00ebrkes\u00ebn e drejtoris\u00eb s\u00eb at\u00ebher\u00ebshme\u00a0 zgjidhet p\u00ebr shefin e\u00a0 par\u00eb\u00a0 t\u00eb kontabiltetit t\u00eb Sht\u00ebpis\u00eb sh\u00ebndetit. Lano Sefa \u00ebsht\u00eb nj\u00eb nd\u00ebr themelusit e Sht\u00ebpis\u00eb s\u00eb sh\u00ebndetit\u00a0 t\u00eb Ulqinit t\u00eb pavarur. Duke respektuar pun\u00ebn e tij edhe at\u00ebher\u00eb\u00a0 edhe tani\u00a0 kjo organizat\u00eb publike sh\u00ebndet\u00ebsore ka pasur nj\u00eb stabilitet finansiar.N\u00eb koh\u00ebn pas termetit me 15 prill\u00a0 1979 ka\u00a0 ndihmuar n\u00eb rind\u00ebrtimin e t\u00eb gjith\u00eb objekteve sh\u00ebndet\u00ebsore t\u00eb cil\u00ebt sot jan\u00eb n\u00eb p\u00ebrdorim. Gjitahashtu, ka qen\u00eb shum\u00eb aktiv n\u00eb p\u00ebrcjelljen e realizimin e reform\u00ebs n\u00eb sh\u00ebrbimin par\u00ebsor n\u00eb Sht\u00ebpin\u00eb e sh\u00ebndetit.S\u00ebmundja e ndaloji aktivitetin e vullnetin e tij. N\u00eb fillim t\u00eb k\u00ebtij viti i dorzoji dokumentat p\u00ebr pension. Vendimi i arriti me 20 janar 2014. Por nuk priti q\u00eb ta marr as pensionin e par\u00eb. Me t\u00eb gjith\u00eb drejtorat e deritanish\u00ebm ka pasur\u00a0 bashk\u00ebpunim t\u00eb mir\u00eb dhe korekt. Gjithmon\u00eb, ka qen\u00eb\u00a0 n\u00eb pun\u00eb i rregullt\u00eb, nuk ka folur shum\u00eb, por \u00e7do gj\u00eb e ka punuar me nj\u00eb seriozitet dhe profesionaliz\u00ebm t\u00eb ve\u00e7ant\u00eb.<\/p>\n<p>T\u00eb gjit\u00eb ne kemi respekt p\u00ebr \u00e7do gj\u00eb q\u00eb ka b\u00ebr\u00eb p\u00ebr kolektivin ton\u00eb. Ngush\u00ebllimet tona i takojn\u00eb edhe familjes s\u00eb tij t\u00eb nderuar.<\/p>\n<p><strong>Prim dr G. Karamanaga<\/strong><\/p>\n<p><strong>Ul-info<\/strong><\/p>\n","protected":false},"excerpt":{"rendered":"<p>Pas nj\u00eb s\u00ebmundje t\u00eb shpjet\u00eb dhe t\u00eb r\u00ebnd\u00eb me 31 janar 2014 ndrroji jet\u00eb Lano SEFA. Ka qen\u00eb i lindur n\u00eb Qyrke(Ulqin) n\u00eb vitin 1947. Studimet nga ekonomia i p\u00ebrfundon n\u00eb Pej\u00eb n\u00eb vitin 1972. Si ekonomist i ri pun\u00ebsohet n\u00eb hotelin \u201cAlbatros\u201d ku s\u00eb shpejti arriti q\u00eb t\u00eb\u00a0 kryej detyr\u00ebn e finansierit kryesor. N\u00eb [&hellip;]<\/p>\n","protected":false},"author":1,"featured_media":0,"comment_status":"closed","ping_status":"closed","sticky":false,"template":"","format":"standard","meta":{"spay_email":"","jetpack_publicize_message":"","jetpack_is_tweetstorm":false,"jetpack_publicize_feature_enabled":true},"categories":[11],"tags":[],"jetpack_publicize_connections":[],"yoast_head":"<!-- This site is optimized with the Yoast SEO plugin v19.1 - https:\/\/yoast.com\/wordpress\/plugins\/seo\/ -->\n<title>In Memoriam \u2013 Lano Musto Sefa (1947-2014) - Lajme nga Ulqini<\/title>\n<meta name=\"description\" content=\"Pas nj\u00eb s\u00ebmundje t\u00eb shpjet\u00eb dhe t\u00eb r\u00ebnd\u00eb me 31 janar 2014 ndrroji jet\u00eb Lano SEFA. Ka qen\u00eb i lindur n\u00eb Qyrke(Ulqin) n\u00eb vitin 1947. Studimet nga ekonomia i\" \/>\n<meta name=\"robots\" content=\"index, follow, max-snippet:-1, max-image-preview:large, max-video-preview:-1\" \/>\n<link rel=\"canonical\" href=\"https:\/\/www.visit-ulcinj.com\/blog\/2014\/02\/02\/memoriam-lano-musto-sefa-1947-2014\/\" \/>\n<meta property=\"og:locale\" content=\"en_US\" \/>\n<meta property=\"og:type\" content=\"article\" \/>\n<meta property=\"og:title\" content=\"In Memoriam \u2013 Lano Musto Sefa (1947-2014) - Lajme nga Ulqini\" \/>\n<meta property=\"og:description\" content=\"Pas nj\u00eb s\u00ebmundje t\u00eb shpjet\u00eb dhe t\u00eb r\u00ebnd\u00eb me 31 janar 2014 ndrroji jet\u00eb Lano SEFA. Ka qen\u00eb i lindur n\u00eb Qyrke(Ulqin) n\u00eb vitin 1947. Studimet nga ekonomia i\" \/>\n<meta property=\"og:url\" content=\"https:\/\/www.visit-ulcinj.com\/blog\/2014\/02\/02\/memoriam-lano-musto-sefa-1947-2014\/\" \/>\n<meta property=\"og:site_name\" content=\"Lajme nga Ulqini\" \/>\n<meta property=\"article:published_time\" content=\"2014-02-02T14:40:27+00:00\" \/>\n<meta property=\"article:modified_time\" content=\"2014-02-03T11:37:36+00:00\" \/>\n<meta property=\"og:image\" content=\"http:\/\/www.visit-ulcinj.com\/blog\/wp-content\/uploads\/2014\/02\/Lano-Sefa.jpg\" \/>\n<meta name=\"twitter:label1\" content=\"Written by\" \/>\n\t<meta name=\"twitter:data1\" content=\"ulqini\" \/>\n\t<meta name=\"twitter:label2\" content=\"Est. reading time\" \/>\n\t<meta name=\"twitter:data2\" content=\"2 minutes\" \/>\n<script type=\"application\/ld+json\" class=\"yoast-schema-graph\">{\"@context\":\"https:\/\/schema.org\",\"@graph\":[{\"@type\":\"WebSite\",\"@id\":\"https:\/\/www.visit-ulcinj.com\/blog\/#website\",\"url\":\"https:\/\/www.visit-ulcinj.com\/blog\/\",\"name\":\"Lajme nga Ulqini\",\"description\":\"Lajme,Vijesti,Ulqini,Ulqin,Crna Gora,Mali i Zi\",\"potentialAction\":[{\"@type\":\"SearchAction\",\"target\":{\"@type\":\"EntryPoint\",\"urlTemplate\":\"https:\/\/www.visit-ulcinj.com\/blog\/?s={search_term_string}\"},\"query-input\":\"required name=search_term_string\"}],\"inLanguage\":\"en-US\"},{\"@type\":\"ImageObject\",\"inLanguage\":\"en-US\",\"@id\":\"https:\/\/www.visit-ulcinj.com\/blog\/2014\/02\/02\/memoriam-lano-musto-sefa-1947-2014\/#primaryimage\",\"url\":\"https:\/\/www.visit-ulcinj.com\/blog\/wp-content\/uploads\/2014\/02\/Lano-Sefa.jpg\",\"contentUrl\":\"https:\/\/www.visit-ulcinj.com\/blog\/wp-content\/uploads\/2014\/02\/Lano-Sefa.jpg\",\"width\":141,\"height\":160},{\"@type\":\"WebPage\",\"@id\":\"https:\/\/www.visit-ulcinj.com\/blog\/2014\/02\/02\/memoriam-lano-musto-sefa-1947-2014\/#webpage\",\"url\":\"https:\/\/www.visit-ulcinj.com\/blog\/2014\/02\/02\/memoriam-lano-musto-sefa-1947-2014\/\",\"name\":\"In Memoriam \u2013 Lano Musto Sefa (1947-2014) - Lajme nga Ulqini\",\"isPartOf\":{\"@id\":\"https:\/\/www.visit-ulcinj.com\/blog\/#website\"},\"primaryImageOfPage\":{\"@id\":\"https:\/\/www.visit-ulcinj.com\/blog\/2014\/02\/02\/memoriam-lano-musto-sefa-1947-2014\/#primaryimage\"},\"datePublished\":\"2014-02-02T14:40:27+00:00\",\"dateModified\":\"2014-02-03T11:37:36+00:00\",\"author\":{\"@id\":\"https:\/\/www.visit-ulcinj.com\/blog\/#\/schema\/person\/dcab619c614d3038751c63bc2aadc06d\"},\"description\":\"Pas nj\u00eb s\u00ebmundje t\u00eb shpjet\u00eb dhe t\u00eb r\u00ebnd\u00eb me 31 janar 2014 ndrroji jet\u00eb Lano SEFA. Ka qen\u00eb i lindur n\u00eb Qyrke(Ulqin) n\u00eb vitin 1947. Studimet nga ekonomia i\",\"breadcrumb\":{\"@id\":\"https:\/\/www.visit-ulcinj.com\/blog\/2014\/02\/02\/memoriam-lano-musto-sefa-1947-2014\/#breadcrumb\"},\"inLanguage\":\"en-US\",\"potentialAction\":[{\"@type\":\"ReadAction\",\"target\":[\"https:\/\/www.visit-ulcinj.com\/blog\/2014\/02\/02\/memoriam-lano-musto-sefa-1947-2014\/\"]}]},{\"@type\":\"BreadcrumbList\",\"@id\":\"https:\/\/www.visit-ulcinj.com\/blog\/2014\/02\/02\/memoriam-lano-musto-sefa-1947-2014\/#breadcrumb\",\"itemListElement\":[{\"@type\":\"ListItem\",\"position\":1,\"name\":\"In Memoriam \u2013 Lano Musto Sefa (1947-2014)\"}]},{\"@type\":\"Person\",\"@id\":\"https:\/\/www.visit-ulcinj.com\/blog\/#\/schema\/person\/dcab619c614d3038751c63bc2aadc06d\",\"name\":\"ulqini\",\"sameAs\":[\"http:\/\/www.visit-ulcinj.com\"],\"url\":\"https:\/\/www.visit-ulcinj.com\/blog\/author\/admin\/\"}]}<\/script>\n<!-- \/ Yoast SEO plugin. -->","yoast_head_json":{"title":"In Memoriam \u2013 Lano Musto Sefa (1947-2014) - Lajme nga Ulqini","description":"Pas nj\u00eb s\u00ebmundje t\u00eb shpjet\u00eb dhe t\u00eb r\u00ebnd\u00eb me 31 janar 2014 ndrroji jet\u00eb Lano SEFA. Ka qen\u00eb i lindur n\u00eb Qyrke(Ulqin) n\u00eb vitin 1947. Studimet nga ekonomia i","robots":{"index":"index","follow":"follow","max-snippet":"max-snippet:-1","max-image-preview":"max-image-preview:large","max-video-preview":"max-video-preview:-1"},"canonical":"https:\/\/www.visit-ulcinj.com\/blog\/2014\/02\/02\/memoriam-lano-musto-sefa-1947-2014\/","og_locale":"en_US","og_type":"article","og_title":"In Memoriam \u2013 Lano Musto Sefa (1947-2014) - Lajme nga Ulqini","og_description":"Pas nj\u00eb s\u00ebmundje t\u00eb shpjet\u00eb dhe t\u00eb r\u00ebnd\u00eb me 31 janar 2014 ndrroji jet\u00eb Lano SEFA. Ka qen\u00eb i lindur n\u00eb Qyrke(Ulqin) n\u00eb vitin 1947. Studimet nga ekonomia i","og_url":"https:\/\/www.visit-ulcinj.com\/blog\/2014\/02\/02\/memoriam-lano-musto-sefa-1947-2014\/","og_site_name":"Lajme nga Ulqini","article_published_time":"2014-02-02T14:40:27+00:00","article_modified_time":"2014-02-03T11:37:36+00:00","og_image":[{"url":"http:\/\/www.visit-ulcinj.com\/blog\/wp-content\/uploads\/2014\/02\/Lano-Sefa.jpg"}],"twitter_misc":{"Written by":"ulqini","Est. reading time":"2 minutes"},"schema":{"@context":"https:\/\/schema.org","@graph":[{"@type":"WebSite","@id":"https:\/\/www.visit-ulcinj.com\/blog\/#website","url":"https:\/\/www.visit-ulcinj.com\/blog\/","name":"Lajme nga Ulqini","description":"Lajme,Vijesti,Ulqini,Ulqin,Crna Gora,Mali i Zi","potentialAction":[{"@type":"SearchAction","target":{"@type":"EntryPoint","urlTemplate":"https:\/\/www.visit-ulcinj.com\/blog\/?s={search_term_string}"},"query-input":"required name=search_term_string"}],"inLanguage":"en-US"},{"@type":"ImageObject","inLanguage":"en-US","@id":"https:\/\/www.visit-ulcinj.com\/blog\/2014\/02\/02\/memoriam-lano-musto-sefa-1947-2014\/#primaryimage","url":"https:\/\/www.visit-ulcinj.com\/blog\/wp-content\/uploads\/2014\/02\/Lano-Sefa.jpg","contentUrl":"https:\/\/www.visit-ulcinj.com\/blog\/wp-content\/uploads\/2014\/02\/Lano-Sefa.jpg","width":141,"height":160},{"@type":"WebPage","@id":"https:\/\/www.visit-ulcinj.com\/blog\/2014\/02\/02\/memoriam-lano-musto-sefa-1947-2014\/#webpage","url":"https:\/\/www.visit-ulcinj.com\/blog\/2014\/02\/02\/memoriam-lano-musto-sefa-1947-2014\/","name":"In Memoriam \u2013 Lano Musto Sefa (1947-2014) - Lajme nga Ulqini","isPartOf":{"@id":"https:\/\/www.visit-ulcinj.com\/blog\/#website"},"primaryImageOfPage":{"@id":"https:\/\/www.visit-ulcinj.com\/blog\/2014\/02\/02\/memoriam-lano-musto-sefa-1947-2014\/#primaryimage"},"datePublished":"2014-02-02T14:40:27+00:00","dateModified":"2014-02-03T11:37:36+00:00","author":{"@id":"https:\/\/www.visit-ulcinj.com\/blog\/#\/schema\/person\/dcab619c614d3038751c63bc2aadc06d"},"description":"Pas nj\u00eb s\u00ebmundje t\u00eb shpjet\u00eb dhe t\u00eb r\u00ebnd\u00eb me 31 janar 2014 ndrroji jet\u00eb Lano SEFA. Ka qen\u00eb i lindur n\u00eb Qyrke(Ulqin) n\u00eb vitin 1947. Studimet nga ekonomia i","breadcrumb":{"@id":"https:\/\/www.visit-ulcinj.com\/blog\/2014\/02\/02\/memoriam-lano-musto-sefa-1947-2014\/#breadcrumb"},"inLanguage":"en-US","potentialAction":[{"@type":"ReadAction","target":["https:\/\/www.visit-ulcinj.com\/blog\/2014\/02\/02\/memoriam-lano-musto-sefa-1947-2014\/"]}]},{"@type":"BreadcrumbList","@id":"https:\/\/www.visit-ulcinj.com\/blog\/2014\/02\/02\/memoriam-lano-musto-sefa-1947-2014\/#breadcrumb","itemListElement":[{"@type":"ListItem","position":1,"name":"In Memoriam \u2013 Lano Musto Sefa (1947-2014)"}]},{"@type":"Person","@id":"https:\/\/www.visit-ulcinj.com\/blog\/#\/schema\/person\/dcab619c614d3038751c63bc2aadc06d","name":"ulqini","sameAs":["http:\/\/www.visit-ulcinj.com"],"url":"https:\/\/www.visit-ulcinj.com\/blog\/author\/admin\/"}]}},"jetpack_featured_media_url":"","jetpack_sharing_enabled":true,"jetpack_shortlink":"https:\/\/wp.me\/pe6lTn-kB0","_links":{"self":[{"href":"https:\/\/www.visit-ulcinj.com\/blog\/wp-json\/wp\/v2\/posts\/79174"}],"collection":[{"href":"https:\/\/www.visit-ulcinj.com\/blog\/wp-json\/wp\/v2\/posts"}],"about":[{"href":"https:\/\/www.visit-ulcinj.com\/blog\/wp-json\/wp\/v2\/types\/post"}],"author":[{"embeddable":true,"href":"https:\/\/www.visit-ulcinj.com\/blog\/wp-json\/wp\/v2\/users\/1"}],"replies":[{"embeddable":true,"href":"https:\/\/www.visit-ulcinj.com\/blog\/wp-json\/wp\/v2\/comments?post=79174"}],"version-history":[{"count":1,"href":"https:\/\/www.visit-ulcinj.com\/blog\/wp-json\/wp\/v2\/posts\/79174\/revisions"}],"predecessor-version":[{"id":79176,"href":"https:\/\/www.visit-ulcinj.com\/blog\/wp-json\/wp\/v2\/posts\/79174\/revisions\/79176"}],"wp:attachment":[{"href":"https:\/\/www.visit-ulcinj.com\/blog\/wp-json\/wp\/v2\/media?parent=79174"}],"wp:term":[{"taxonomy":"category","embeddable":true,"href":"https:\/\/www.visit-ulcinj.com\/blog\/wp-json\/wp\/v2\/categories?post=79174"},{"taxonomy":"post_tag","embeddable":true,"href":"https:\/\/www.visit-ulcinj.com\/blog\/wp-json\/wp\/v2\/tags?post=79174"}],"curies":[{"name":"wp","href":"https:\/\/api.w.org\/{rel}","templated":true}]}}