{"id":79177,"date":"2014-02-02T18:46:29","date_gmt":"2014-02-02T17:46:29","guid":{"rendered":"http:\/\/www.visit-ulcinj.com\/blog\/?p=79177"},"modified":"2014-02-02T18:47:06","modified_gmt":"2014-02-02T17:47:06","slug":"emina-cunmulaj-ndjen-mall-per-ulqinin-video","status":"publish","type":"post","link":"https:\/\/www.visit-ulcinj.com\/blog\/2014\/02\/02\/emina-cunmulaj-ndjen-mall-per-ulqinin-video\/","title":{"rendered":"Emina \u00c7unmulaj ndjen mall p\u00ebr Ulqinin &#8211; Video"},"content":{"rendered":"<div id=\"stcpDiv\"><a href=\"http:\/\/www.visit-ulcinj.com\/blog\/wp-content\/uploads\/2014\/02\/Emina-Cunmulaj-Ulqin.jpg\"><img loading=\"lazy\" class=\"alignleft  wp-image-79178\" alt=\"Emina-Cunmulaj-Ulqin\" src=\"http:\/\/www.visit-ulcinj.com\/blog\/wp-content\/uploads\/2014\/02\/Emina-Cunmulaj-Ulqin.jpg\" width=\"508\" height=\"360\" \/><\/a>\u2018Nuk ka askund si n\u00eb vendin t\u00ebnd\u2019, thot\u00eb nj\u00eb fjal\u00eb e urt\u00eb popullore. E k\u00ebt\u00eb na e d\u00ebshmon edhe modelja e njohur shqiptare me fam\u00eb bot\u00ebrore Emina \u00c7unmulaj.<br \/>\nNdon\u00ebse shpesh e shohim Emin\u00ebn p\u00ebrmes fotove q\u00eb i publikon n\u00eb rrjete sociale n\u00ebp\u00ebr vende magjepse t\u00eb bot\u00ebs, ajo p\u00ebrs\u00ebri ndjen mall p\u00ebr plazhet e Ulqinit e p\u00ebr Malin e Zi nga ku edhe modelja i ka rr\u00ebnj\u00ebt. K\u00ebt\u00eb e ka b\u00ebr\u00eb t\u00eb ditur Emina n\u00eb faqen e saj zyrtare n\u00eb \u2018Twitter\u2019, ku ka postuar nj\u00eb foto m\u00eb mbishkrim.<\/div>\n<div><a href=\"http:\/\/www.visit-ulcinj.com\/blog\/wp-content\/uploads\/2014\/02\/Emina-Cunmulaj-Ulqin-1.jpg\"><img loading=\"lazy\" class=\"alignleft  wp-image-79179\" alt=\"Emina-Cunmulaj-Ulqin-1\" src=\"http:\/\/www.visit-ulcinj.com\/blog\/wp-content\/uploads\/2014\/02\/Emina-Cunmulaj-Ulqin-1.jpg\" width=\"508\" height=\"600\" \/><\/a><br \/>\n\u201cM\u00eb mungon Ulqini, m\u00eb mungon Mali i Zi. M\u00eb mungon vendi im\u201d, ka shkruar bukuroshja mal\u00ebsore, nd\u00ebrsa mbishkrimi i saj \u00ebsht\u00eb mir\u00ebpritur shum\u00eb nga fansat t\u00eb cil\u00ebt kan\u00eb komentuar n\u00eb num\u00ebr t\u00eb madh.<\/div>\n<div><\/div>\n<div><strong>Gazeta Shqip<\/strong><\/div>\n<!--YouTube Error: bad URL entered-->\n","protected":false},"excerpt":{"rendered":"<p>\u2018Nuk ka askund si n\u00eb vendin t\u00ebnd\u2019, thot\u00eb nj\u00eb fjal\u00eb e urt\u00eb popullore. E k\u00ebt\u00eb na e d\u00ebshmon edhe modelja e njohur shqiptare me fam\u00eb bot\u00ebrore Emina \u00c7unmulaj. Ndon\u00ebse shpesh e shohim Emin\u00ebn p\u00ebrmes fotove q\u00eb i publikon n\u00eb rrjete sociale n\u00ebp\u00ebr vende magjepse t\u00eb bot\u00ebs, ajo p\u00ebrs\u00ebri ndjen mall p\u00ebr plazhet e Ulqinit e [&hellip;]<\/p>\n","protected":false},"author":1,"featured_media":0,"comment_status":"closed","ping_status":"closed","sticky":false,"template":"","format":"standard","meta":{"spay_email":"","jetpack_publicize_message":"","jetpack_is_tweetstorm":false,"jetpack_publicize_feature_enabled":true},"categories":[1],"tags":[],"jetpack_publicize_connections":[],"yoast_head":"<!-- This site is optimized with the Yoast SEO plugin v19.1 - https:\/\/yoast.com\/wordpress\/plugins\/seo\/ -->\n<title>Emina \u00c7unmulaj ndjen mall p\u00ebr Ulqinin - Video - Lajme nga Ulqini<\/title>\n<meta name=\"description\" content=\"\u2018Nuk ka askund si n\u00eb vendin t\u00ebnd\u2019, thot\u00eb nj\u00eb fjal\u00eb e urt\u00eb popullore. E k\u00ebt\u00eb na e d\u00ebshmon edhe modelja e njohur shqiptare me fam\u00eb bot\u00ebrore Emina \u00c7unmulaj.\" \/>\n<meta name=\"robots\" content=\"index, follow, max-snippet:-1, max-image-preview:large, max-video-preview:-1\" \/>\n<link rel=\"canonical\" href=\"https:\/\/www.visit-ulcinj.com\/blog\/2014\/02\/02\/emina-cunmulaj-ndjen-mall-per-ulqinin-video\/\" \/>\n<meta property=\"og:locale\" content=\"en_US\" \/>\n<meta property=\"og:type\" content=\"article\" \/>\n<meta property=\"og:title\" content=\"Emina \u00c7unmulaj ndjen mall p\u00ebr Ulqinin - Video - Lajme nga Ulqini\" \/>\n<meta property=\"og:description\" content=\"\u2018Nuk ka askund si n\u00eb vendin t\u00ebnd\u2019, thot\u00eb nj\u00eb fjal\u00eb e urt\u00eb popullore. E k\u00ebt\u00eb na e d\u00ebshmon edhe modelja e njohur shqiptare me fam\u00eb bot\u00ebrore Emina \u00c7unmulaj.\" \/>\n<meta property=\"og:url\" content=\"https:\/\/www.visit-ulcinj.com\/blog\/2014\/02\/02\/emina-cunmulaj-ndjen-mall-per-ulqinin-video\/\" \/>\n<meta property=\"og:site_name\" content=\"Lajme nga Ulqini\" \/>\n<meta property=\"article:published_time\" content=\"2014-02-02T17:46:29+00:00\" \/>\n<meta property=\"article:modified_time\" content=\"2014-02-02T17:47:06+00:00\" \/>\n<meta property=\"og:image\" content=\"http:\/\/www.visit-ulcinj.com\/blog\/wp-content\/uploads\/2014\/02\/Emina-Cunmulaj-Ulqin.jpg\" \/>\n<meta name=\"twitter:label1\" content=\"Written by\" \/>\n\t<meta name=\"twitter:data1\" content=\"ulqini\" \/>\n\t<meta name=\"twitter:label2\" content=\"Est. reading time\" \/>\n\t<meta name=\"twitter:data2\" content=\"1 minute\" \/>\n<script type=\"application\/ld+json\" class=\"yoast-schema-graph\">{\"@context\":\"https:\/\/schema.org\",\"@graph\":[{\"@type\":\"WebSite\",\"@id\":\"https:\/\/www.visit-ulcinj.com\/blog\/#website\",\"url\":\"https:\/\/www.visit-ulcinj.com\/blog\/\",\"name\":\"Lajme nga Ulqini\",\"description\":\"Lajme,Vijesti,Ulqini,Ulqin,Crna Gora,Mali i Zi\",\"potentialAction\":[{\"@type\":\"SearchAction\",\"target\":{\"@type\":\"EntryPoint\",\"urlTemplate\":\"https:\/\/www.visit-ulcinj.com\/blog\/?s={search_term_string}\"},\"query-input\":\"required name=search_term_string\"}],\"inLanguage\":\"en-US\"},{\"@type\":\"ImageObject\",\"inLanguage\":\"en-US\",\"@id\":\"https:\/\/www.visit-ulcinj.com\/blog\/2014\/02\/02\/emina-cunmulaj-ndjen-mall-per-ulqinin-video\/#primaryimage\",\"url\":\"https:\/\/www.visit-ulcinj.com\/blog\/wp-content\/uploads\/2014\/02\/Emina-Cunmulaj-Ulqin.jpg\",\"contentUrl\":\"https:\/\/www.visit-ulcinj.com\/blog\/wp-content\/uploads\/2014\/02\/Emina-Cunmulaj-Ulqin.jpg\",\"width\":960,\"height\":720},{\"@type\":\"WebPage\",\"@id\":\"https:\/\/www.visit-ulcinj.com\/blog\/2014\/02\/02\/emina-cunmulaj-ndjen-mall-per-ulqinin-video\/#webpage\",\"url\":\"https:\/\/www.visit-ulcinj.com\/blog\/2014\/02\/02\/emina-cunmulaj-ndjen-mall-per-ulqinin-video\/\",\"name\":\"Emina \u00c7unmulaj ndjen mall p\u00ebr Ulqinin - Video - Lajme nga Ulqini\",\"isPartOf\":{\"@id\":\"https:\/\/www.visit-ulcinj.com\/blog\/#website\"},\"primaryImageOfPage\":{\"@id\":\"https:\/\/www.visit-ulcinj.com\/blog\/2014\/02\/02\/emina-cunmulaj-ndjen-mall-per-ulqinin-video\/#primaryimage\"},\"datePublished\":\"2014-02-02T17:46:29+00:00\",\"dateModified\":\"2014-02-02T17:47:06+00:00\",\"author\":{\"@id\":\"https:\/\/www.visit-ulcinj.com\/blog\/#\/schema\/person\/dcab619c614d3038751c63bc2aadc06d\"},\"description\":\"\u2018Nuk ka askund si n\u00eb vendin t\u00ebnd\u2019, thot\u00eb nj\u00eb fjal\u00eb e urt\u00eb popullore. E k\u00ebt\u00eb na e d\u00ebshmon edhe modelja e njohur shqiptare me fam\u00eb bot\u00ebrore Emina \u00c7unmulaj.\",\"breadcrumb\":{\"@id\":\"https:\/\/www.visit-ulcinj.com\/blog\/2014\/02\/02\/emina-cunmulaj-ndjen-mall-per-ulqinin-video\/#breadcrumb\"},\"inLanguage\":\"en-US\",\"potentialAction\":[{\"@type\":\"ReadAction\",\"target\":[\"https:\/\/www.visit-ulcinj.com\/blog\/2014\/02\/02\/emina-cunmulaj-ndjen-mall-per-ulqinin-video\/\"]}]},{\"@type\":\"BreadcrumbList\",\"@id\":\"https:\/\/www.visit-ulcinj.com\/blog\/2014\/02\/02\/emina-cunmulaj-ndjen-mall-per-ulqinin-video\/#breadcrumb\",\"itemListElement\":[{\"@type\":\"ListItem\",\"position\":1,\"name\":\"Emina \u00c7unmulaj ndjen mall p\u00ebr Ulqinin &#8211; Video\"}]},{\"@type\":\"Person\",\"@id\":\"https:\/\/www.visit-ulcinj.com\/blog\/#\/schema\/person\/dcab619c614d3038751c63bc2aadc06d\",\"name\":\"ulqini\",\"sameAs\":[\"http:\/\/www.visit-ulcinj.com\"],\"url\":\"https:\/\/www.visit-ulcinj.com\/blog\/author\/admin\/\"}]}<\/script>\n<!-- \/ Yoast SEO plugin. -->","yoast_head_json":{"title":"Emina \u00c7unmulaj ndjen mall p\u00ebr Ulqinin - Video - Lajme nga Ulqini","description":"\u2018Nuk ka askund si n\u00eb vendin t\u00ebnd\u2019, thot\u00eb nj\u00eb fjal\u00eb e urt\u00eb popullore. E k\u00ebt\u00eb na e d\u00ebshmon edhe modelja e njohur shqiptare me fam\u00eb bot\u00ebrore Emina \u00c7unmulaj.","robots":{"index":"index","follow":"follow","max-snippet":"max-snippet:-1","max-image-preview":"max-image-preview:large","max-video-preview":"max-video-preview:-1"},"canonical":"https:\/\/www.visit-ulcinj.com\/blog\/2014\/02\/02\/emina-cunmulaj-ndjen-mall-per-ulqinin-video\/","og_locale":"en_US","og_type":"article","og_title":"Emina \u00c7unmulaj ndjen mall p\u00ebr Ulqinin - Video - Lajme nga Ulqini","og_description":"\u2018Nuk ka askund si n\u00eb vendin t\u00ebnd\u2019, thot\u00eb nj\u00eb fjal\u00eb e urt\u00eb popullore. E k\u00ebt\u00eb na e d\u00ebshmon edhe modelja e njohur shqiptare me fam\u00eb bot\u00ebrore Emina \u00c7unmulaj.","og_url":"https:\/\/www.visit-ulcinj.com\/blog\/2014\/02\/02\/emina-cunmulaj-ndjen-mall-per-ulqinin-video\/","og_site_name":"Lajme nga Ulqini","article_published_time":"2014-02-02T17:46:29+00:00","article_modified_time":"2014-02-02T17:47:06+00:00","og_image":[{"url":"http:\/\/www.visit-ulcinj.com\/blog\/wp-content\/uploads\/2014\/02\/Emina-Cunmulaj-Ulqin.jpg"}],"twitter_misc":{"Written by":"ulqini","Est. reading time":"1 minute"},"schema":{"@context":"https:\/\/schema.org","@graph":[{"@type":"WebSite","@id":"https:\/\/www.visit-ulcinj.com\/blog\/#website","url":"https:\/\/www.visit-ulcinj.com\/blog\/","name":"Lajme nga Ulqini","description":"Lajme,Vijesti,Ulqini,Ulqin,Crna Gora,Mali i Zi","potentialAction":[{"@type":"SearchAction","target":{"@type":"EntryPoint","urlTemplate":"https:\/\/www.visit-ulcinj.com\/blog\/?s={search_term_string}"},"query-input":"required name=search_term_string"}],"inLanguage":"en-US"},{"@type":"ImageObject","inLanguage":"en-US","@id":"https:\/\/www.visit-ulcinj.com\/blog\/2014\/02\/02\/emina-cunmulaj-ndjen-mall-per-ulqinin-video\/#primaryimage","url":"https:\/\/www.visit-ulcinj.com\/blog\/wp-content\/uploads\/2014\/02\/Emina-Cunmulaj-Ulqin.jpg","contentUrl":"https:\/\/www.visit-ulcinj.com\/blog\/wp-content\/uploads\/2014\/02\/Emina-Cunmulaj-Ulqin.jpg","width":960,"height":720},{"@type":"WebPage","@id":"https:\/\/www.visit-ulcinj.com\/blog\/2014\/02\/02\/emina-cunmulaj-ndjen-mall-per-ulqinin-video\/#webpage","url":"https:\/\/www.visit-ulcinj.com\/blog\/2014\/02\/02\/emina-cunmulaj-ndjen-mall-per-ulqinin-video\/","name":"Emina \u00c7unmulaj ndjen mall p\u00ebr Ulqinin - Video - Lajme nga Ulqini","isPartOf":{"@id":"https:\/\/www.visit-ulcinj.com\/blog\/#website"},"primaryImageOfPage":{"@id":"https:\/\/www.visit-ulcinj.com\/blog\/2014\/02\/02\/emina-cunmulaj-ndjen-mall-per-ulqinin-video\/#primaryimage"},"datePublished":"2014-02-02T17:46:29+00:00","dateModified":"2014-02-02T17:47:06+00:00","author":{"@id":"https:\/\/www.visit-ulcinj.com\/blog\/#\/schema\/person\/dcab619c614d3038751c63bc2aadc06d"},"description":"\u2018Nuk ka askund si n\u00eb vendin t\u00ebnd\u2019, thot\u00eb nj\u00eb fjal\u00eb e urt\u00eb popullore. E k\u00ebt\u00eb na e d\u00ebshmon edhe modelja e njohur shqiptare me fam\u00eb bot\u00ebrore Emina \u00c7unmulaj.","breadcrumb":{"@id":"https:\/\/www.visit-ulcinj.com\/blog\/2014\/02\/02\/emina-cunmulaj-ndjen-mall-per-ulqinin-video\/#breadcrumb"},"inLanguage":"en-US","potentialAction":[{"@type":"ReadAction","target":["https:\/\/www.visit-ulcinj.com\/blog\/2014\/02\/02\/emina-cunmulaj-ndjen-mall-per-ulqinin-video\/"]}]},{"@type":"BreadcrumbList","@id":"https:\/\/www.visit-ulcinj.com\/blog\/2014\/02\/02\/emina-cunmulaj-ndjen-mall-per-ulqinin-video\/#breadcrumb","itemListElement":[{"@type":"ListItem","position":1,"name":"Emina \u00c7unmulaj ndjen mall p\u00ebr Ulqinin &#8211; Video"}]},{"@type":"Person","@id":"https:\/\/www.visit-ulcinj.com\/blog\/#\/schema\/person\/dcab619c614d3038751c63bc2aadc06d","name":"ulqini","sameAs":["http:\/\/www.visit-ulcinj.com"],"url":"https:\/\/www.visit-ulcinj.com\/blog\/author\/admin\/"}]}},"jetpack_featured_media_url":"","jetpack_sharing_enabled":true,"jetpack_shortlink":"https:\/\/wp.me\/pe6lTn-kB3","_links":{"self":[{"href":"https:\/\/www.visit-ulcinj.com\/blog\/wp-json\/wp\/v2\/posts\/79177"}],"collection":[{"href":"https:\/\/www.visit-ulcinj.com\/blog\/wp-json\/wp\/v2\/posts"}],"about":[{"href":"https:\/\/www.visit-ulcinj.com\/blog\/wp-json\/wp\/v2\/types\/post"}],"author":[{"embeddable":true,"href":"https:\/\/www.visit-ulcinj.com\/blog\/wp-json\/wp\/v2\/users\/1"}],"replies":[{"embeddable":true,"href":"https:\/\/www.visit-ulcinj.com\/blog\/wp-json\/wp\/v2\/comments?post=79177"}],"version-history":[{"count":1,"href":"https:\/\/www.visit-ulcinj.com\/blog\/wp-json\/wp\/v2\/posts\/79177\/revisions"}],"predecessor-version":[{"id":79180,"href":"https:\/\/www.visit-ulcinj.com\/blog\/wp-json\/wp\/v2\/posts\/79177\/revisions\/79180"}],"wp:attachment":[{"href":"https:\/\/www.visit-ulcinj.com\/blog\/wp-json\/wp\/v2\/media?parent=79177"}],"wp:term":[{"taxonomy":"category","embeddable":true,"href":"https:\/\/www.visit-ulcinj.com\/blog\/wp-json\/wp\/v2\/categories?post=79177"},{"taxonomy":"post_tag","embeddable":true,"href":"https:\/\/www.visit-ulcinj.com\/blog\/wp-json\/wp\/v2\/tags?post=79177"}],"curies":[{"name":"wp","href":"https:\/\/api.w.org\/{rel}","templated":true}]}}