{"id":79184,"date":"2014-02-02T21:11:47","date_gmt":"2014-02-02T20:11:47","guid":{"rendered":"http:\/\/www.visit-ulcinj.com\/blog\/?p=79184"},"modified":"2014-02-02T21:11:47","modified_gmt":"2014-02-02T20:11:47","slug":"nikola-camaj-rano-za-savez-u-podgorici","status":"publish","type":"post","link":"https:\/\/www.visit-ulcinj.com\/blog\/2014\/02\/02\/nikola-camaj-rano-za-savez-u-podgorici\/","title":{"rendered":"Nikola Camaj: Rano za savez u Podgorici"},"content":{"rendered":"<p><a href=\"http:\/\/www.visit-ulcinj.com\/blog\/wp-content\/uploads\/2014\/02\/Nikolla-Camaj-1.jpg\"><img loading=\"lazy\" class=\"alignleft  wp-image-79185\" alt=\"Nikolla-Camaj-1\" src=\"http:\/\/www.visit-ulcinj.com\/blog\/wp-content\/uploads\/2014\/02\/Nikolla-Camaj-1.jpg\" width=\"508\" height=\"338\" \/><\/a>Funkcioner Demokratskog saveza Albanaca u Crnoj Gori Nikola Camaj kazao je da \u0107e odluka o tome da li \u0107e ta stranka podr\u017eati politi\u010dki blok Pozitivne Crne Gore i Socijaldemokratske partije biti donijeta nakon raspisivanja izbora u Podgorici.<\/p>\n<p>Camaj je rekao da je prerano govoriti o mogu\u0107nosti da Demokratski savez Albanaca podr\u017ei blok Pozitivne i SDP-a, ili bilo koju drugu politi\u010dku opciju. On je kazao da su u toku pregovori sa Demokratskom partijom socijalista o zakonskim rje\u0161enjima koja bi vodila ka stvaranju samostalne op\u0161tine Malesija.<\/p>\n<p>\u201eU ovom trenutku, pitanje mogu\u0107e saradnje sa SDP-om i Pozitivnom za nas dolazi prerano. Mogu samo da ka\u017eem da o pitanju samostalne op\u0161tine Malesija mi ne razmi\u0161ljamo, dakle, to nije ne\u0161to o \u010demu se uop\u0161te mo\u017ee govoriti u kategorijama da li to neko prihvata ili ne. To je za nas imperativ\u201c, saop\u0161tio je Camaj.<\/p>\n<p>On je objasnio da \u0107e DSA nakon raspisivanja podgori\u010dkih izbora raspravljati na koji na\u010din da nastupi.<\/p>\n<p>S druge strane, funkcioner Demokratske unije Albanaca Fadil Kajo\u0161aj izjavio je da oni zasad ne razmi\u0161ljaju o mogu\u0107nosti da podr\u017ee bilo koju politi\u010dku opciju pred podgori\u010dke izbore.<\/p>\n<p>I Kajo\u0161aj je naglasio da su potpuno fokusirani na pregovore o zakonskim rje\u0161enjima koja bi omogu\u0107ila Tuzima status op\u0161tine.<\/p>\n<p>\u201eMi nijesmo imali nikakve razgovore sa predstavnicima partija koje su formirale novi blok i u tom smislu nemam ni\u0161ta novo da ka\u017eem\u201c, saop\u0161tio je Kajo\u0161aj.<\/p>\n<p>Ranije je predsjednik Gra\u0111anske inicijative Vaselj Sini\u0161taj rekao da bi, ako Socijaldemokratska partija i Pozitivna Crna Gora podr\u017ee samostalnu op\u0161tinu Malesija, bio spreman da pristupi novom politi\u010dkom bloku pred lokalne izbore u glavnom gradu.<\/p>\n<p>Socijaldemokratska partija i Pozitivna Crna Gora postigle su dogovor u vezi sa predizbornim sporazumom na osnovu kojega \u0107e na predstoje\u0107im lokalnim izborima u Podgorici nastupiti u koaliciji.<\/p>\n<p><strong>Izvor: DAN \/ CDM<\/strong><\/p>\n","protected":false},"excerpt":{"rendered":"<p>Funkcioner Demokratskog saveza Albanaca u Crnoj Gori Nikola Camaj kazao je da \u0107e odluka o tome da li \u0107e ta stranka podr\u017eati politi\u010dki blok Pozitivne Crne Gore i Socijaldemokratske partije biti donijeta nakon raspisivanja izbora u Podgorici. Camaj je rekao da je prerano govoriti o mogu\u0107nosti da Demokratski savez Albanaca podr\u017ei blok Pozitivne i SDP-a, [&hellip;]<\/p>\n","protected":false},"author":1,"featured_media":0,"comment_status":"closed","ping_status":"closed","sticky":false,"template":"","format":"standard","meta":{"spay_email":"","jetpack_publicize_message":"","jetpack_is_tweetstorm":false,"jetpack_publicize_feature_enabled":true},"categories":[6950],"tags":[],"jetpack_publicize_connections":[],"yoast_head":"<!-- This site is optimized with the Yoast SEO plugin v19.1 - https:\/\/yoast.com\/wordpress\/plugins\/seo\/ -->\n<title>Nikola Camaj: Rano za savez u Podgorici - Lajme nga Ulqini<\/title>\n<meta name=\"description\" content=\"Funkcioner Demokratskog saveza Albanaca u Crnoj Gori Nikola Camaj kazao je da \u0107e odluka o tome da li \u0107e ta stranka podr\u017eati politi\u010dki blok Pozitivne Crne\" \/>\n<meta name=\"robots\" content=\"index, follow, max-snippet:-1, max-image-preview:large, max-video-preview:-1\" \/>\n<link rel=\"canonical\" href=\"https:\/\/www.visit-ulcinj.com\/blog\/2014\/02\/02\/nikola-camaj-rano-za-savez-u-podgorici\/\" \/>\n<meta property=\"og:locale\" content=\"en_US\" \/>\n<meta property=\"og:type\" content=\"article\" \/>\n<meta property=\"og:title\" content=\"Nikola Camaj: Rano za savez u Podgorici - Lajme nga Ulqini\" \/>\n<meta property=\"og:description\" content=\"Funkcioner Demokratskog saveza Albanaca u Crnoj Gori Nikola Camaj kazao je da \u0107e odluka o tome da li \u0107e ta stranka podr\u017eati politi\u010dki blok Pozitivne Crne\" \/>\n<meta property=\"og:url\" content=\"https:\/\/www.visit-ulcinj.com\/blog\/2014\/02\/02\/nikola-camaj-rano-za-savez-u-podgorici\/\" \/>\n<meta property=\"og:site_name\" content=\"Lajme nga Ulqini\" \/>\n<meta property=\"article:published_time\" content=\"2014-02-02T20:11:47+00:00\" \/>\n<meta property=\"og:image\" content=\"http:\/\/www.visit-ulcinj.com\/blog\/wp-content\/uploads\/2014\/02\/Nikolla-Camaj-1.jpg\" \/>\n<meta name=\"twitter:label1\" content=\"Written by\" \/>\n\t<meta name=\"twitter:data1\" content=\"ulqini\" \/>\n\t<meta name=\"twitter:label2\" content=\"Est. reading time\" \/>\n\t<meta name=\"twitter:data2\" content=\"2 minutes\" \/>\n<script type=\"application\/ld+json\" class=\"yoast-schema-graph\">{\"@context\":\"https:\/\/schema.org\",\"@graph\":[{\"@type\":\"WebSite\",\"@id\":\"https:\/\/www.visit-ulcinj.com\/blog\/#website\",\"url\":\"https:\/\/www.visit-ulcinj.com\/blog\/\",\"name\":\"Lajme nga Ulqini\",\"description\":\"Lajme,Vijesti,Ulqini,Ulqin,Crna Gora,Mali i Zi\",\"potentialAction\":[{\"@type\":\"SearchAction\",\"target\":{\"@type\":\"EntryPoint\",\"urlTemplate\":\"https:\/\/www.visit-ulcinj.com\/blog\/?s={search_term_string}\"},\"query-input\":\"required name=search_term_string\"}],\"inLanguage\":\"en-US\"},{\"@type\":\"ImageObject\",\"inLanguage\":\"en-US\",\"@id\":\"https:\/\/www.visit-ulcinj.com\/blog\/2014\/02\/02\/nikola-camaj-rano-za-savez-u-podgorici\/#primaryimage\",\"url\":\"https:\/\/www.visit-ulcinj.com\/blog\/wp-content\/uploads\/2014\/02\/Nikolla-Camaj-1.jpg\",\"contentUrl\":\"https:\/\/www.visit-ulcinj.com\/blog\/wp-content\/uploads\/2014\/02\/Nikolla-Camaj-1.jpg\",\"width\":450,\"height\":338},{\"@type\":\"WebPage\",\"@id\":\"https:\/\/www.visit-ulcinj.com\/blog\/2014\/02\/02\/nikola-camaj-rano-za-savez-u-podgorici\/#webpage\",\"url\":\"https:\/\/www.visit-ulcinj.com\/blog\/2014\/02\/02\/nikola-camaj-rano-za-savez-u-podgorici\/\",\"name\":\"Nikola Camaj: Rano za savez u Podgorici - Lajme nga Ulqini\",\"isPartOf\":{\"@id\":\"https:\/\/www.visit-ulcinj.com\/blog\/#website\"},\"primaryImageOfPage\":{\"@id\":\"https:\/\/www.visit-ulcinj.com\/blog\/2014\/02\/02\/nikola-camaj-rano-za-savez-u-podgorici\/#primaryimage\"},\"datePublished\":\"2014-02-02T20:11:47+00:00\",\"dateModified\":\"2014-02-02T20:11:47+00:00\",\"author\":{\"@id\":\"https:\/\/www.visit-ulcinj.com\/blog\/#\/schema\/person\/dcab619c614d3038751c63bc2aadc06d\"},\"description\":\"Funkcioner Demokratskog saveza Albanaca u Crnoj Gori Nikola Camaj kazao je da \u0107e odluka o tome da li \u0107e ta stranka podr\u017eati politi\u010dki blok Pozitivne Crne\",\"breadcrumb\":{\"@id\":\"https:\/\/www.visit-ulcinj.com\/blog\/2014\/02\/02\/nikola-camaj-rano-za-savez-u-podgorici\/#breadcrumb\"},\"inLanguage\":\"en-US\",\"potentialAction\":[{\"@type\":\"ReadAction\",\"target\":[\"https:\/\/www.visit-ulcinj.com\/blog\/2014\/02\/02\/nikola-camaj-rano-za-savez-u-podgorici\/\"]}]},{\"@type\":\"BreadcrumbList\",\"@id\":\"https:\/\/www.visit-ulcinj.com\/blog\/2014\/02\/02\/nikola-camaj-rano-za-savez-u-podgorici\/#breadcrumb\",\"itemListElement\":[{\"@type\":\"ListItem\",\"position\":1,\"name\":\"Nikola Camaj: Rano za savez u Podgorici\"}]},{\"@type\":\"Person\",\"@id\":\"https:\/\/www.visit-ulcinj.com\/blog\/#\/schema\/person\/dcab619c614d3038751c63bc2aadc06d\",\"name\":\"ulqini\",\"sameAs\":[\"http:\/\/www.visit-ulcinj.com\"],\"url\":\"https:\/\/www.visit-ulcinj.com\/blog\/author\/admin\/\"}]}<\/script>\n<!-- \/ Yoast SEO plugin. -->","yoast_head_json":{"title":"Nikola Camaj: Rano za savez u Podgorici - Lajme nga Ulqini","description":"Funkcioner Demokratskog saveza Albanaca u Crnoj Gori Nikola Camaj kazao je da \u0107e odluka o tome da li \u0107e ta stranka podr\u017eati politi\u010dki blok Pozitivne Crne","robots":{"index":"index","follow":"follow","max-snippet":"max-snippet:-1","max-image-preview":"max-image-preview:large","max-video-preview":"max-video-preview:-1"},"canonical":"https:\/\/www.visit-ulcinj.com\/blog\/2014\/02\/02\/nikola-camaj-rano-za-savez-u-podgorici\/","og_locale":"en_US","og_type":"article","og_title":"Nikola Camaj: Rano za savez u Podgorici - Lajme nga Ulqini","og_description":"Funkcioner Demokratskog saveza Albanaca u Crnoj Gori Nikola Camaj kazao je da \u0107e odluka o tome da li \u0107e ta stranka podr\u017eati politi\u010dki blok Pozitivne Crne","og_url":"https:\/\/www.visit-ulcinj.com\/blog\/2014\/02\/02\/nikola-camaj-rano-za-savez-u-podgorici\/","og_site_name":"Lajme nga Ulqini","article_published_time":"2014-02-02T20:11:47+00:00","og_image":[{"url":"http:\/\/www.visit-ulcinj.com\/blog\/wp-content\/uploads\/2014\/02\/Nikolla-Camaj-1.jpg"}],"twitter_misc":{"Written by":"ulqini","Est. reading time":"2 minutes"},"schema":{"@context":"https:\/\/schema.org","@graph":[{"@type":"WebSite","@id":"https:\/\/www.visit-ulcinj.com\/blog\/#website","url":"https:\/\/www.visit-ulcinj.com\/blog\/","name":"Lajme nga Ulqini","description":"Lajme,Vijesti,Ulqini,Ulqin,Crna Gora,Mali i Zi","potentialAction":[{"@type":"SearchAction","target":{"@type":"EntryPoint","urlTemplate":"https:\/\/www.visit-ulcinj.com\/blog\/?s={search_term_string}"},"query-input":"required name=search_term_string"}],"inLanguage":"en-US"},{"@type":"ImageObject","inLanguage":"en-US","@id":"https:\/\/www.visit-ulcinj.com\/blog\/2014\/02\/02\/nikola-camaj-rano-za-savez-u-podgorici\/#primaryimage","url":"https:\/\/www.visit-ulcinj.com\/blog\/wp-content\/uploads\/2014\/02\/Nikolla-Camaj-1.jpg","contentUrl":"https:\/\/www.visit-ulcinj.com\/blog\/wp-content\/uploads\/2014\/02\/Nikolla-Camaj-1.jpg","width":450,"height":338},{"@type":"WebPage","@id":"https:\/\/www.visit-ulcinj.com\/blog\/2014\/02\/02\/nikola-camaj-rano-za-savez-u-podgorici\/#webpage","url":"https:\/\/www.visit-ulcinj.com\/blog\/2014\/02\/02\/nikola-camaj-rano-za-savez-u-podgorici\/","name":"Nikola Camaj: Rano za savez u Podgorici - Lajme nga Ulqini","isPartOf":{"@id":"https:\/\/www.visit-ulcinj.com\/blog\/#website"},"primaryImageOfPage":{"@id":"https:\/\/www.visit-ulcinj.com\/blog\/2014\/02\/02\/nikola-camaj-rano-za-savez-u-podgorici\/#primaryimage"},"datePublished":"2014-02-02T20:11:47+00:00","dateModified":"2014-02-02T20:11:47+00:00","author":{"@id":"https:\/\/www.visit-ulcinj.com\/blog\/#\/schema\/person\/dcab619c614d3038751c63bc2aadc06d"},"description":"Funkcioner Demokratskog saveza Albanaca u Crnoj Gori Nikola Camaj kazao je da \u0107e odluka o tome da li \u0107e ta stranka podr\u017eati politi\u010dki blok Pozitivne Crne","breadcrumb":{"@id":"https:\/\/www.visit-ulcinj.com\/blog\/2014\/02\/02\/nikola-camaj-rano-za-savez-u-podgorici\/#breadcrumb"},"inLanguage":"en-US","potentialAction":[{"@type":"ReadAction","target":["https:\/\/www.visit-ulcinj.com\/blog\/2014\/02\/02\/nikola-camaj-rano-za-savez-u-podgorici\/"]}]},{"@type":"BreadcrumbList","@id":"https:\/\/www.visit-ulcinj.com\/blog\/2014\/02\/02\/nikola-camaj-rano-za-savez-u-podgorici\/#breadcrumb","itemListElement":[{"@type":"ListItem","position":1,"name":"Nikola Camaj: Rano za savez u Podgorici"}]},{"@type":"Person","@id":"https:\/\/www.visit-ulcinj.com\/blog\/#\/schema\/person\/dcab619c614d3038751c63bc2aadc06d","name":"ulqini","sameAs":["http:\/\/www.visit-ulcinj.com"],"url":"https:\/\/www.visit-ulcinj.com\/blog\/author\/admin\/"}]}},"jetpack_featured_media_url":"","jetpack_sharing_enabled":true,"jetpack_shortlink":"https:\/\/wp.me\/pe6lTn-kBa","_links":{"self":[{"href":"https:\/\/www.visit-ulcinj.com\/blog\/wp-json\/wp\/v2\/posts\/79184"}],"collection":[{"href":"https:\/\/www.visit-ulcinj.com\/blog\/wp-json\/wp\/v2\/posts"}],"about":[{"href":"https:\/\/www.visit-ulcinj.com\/blog\/wp-json\/wp\/v2\/types\/post"}],"author":[{"embeddable":true,"href":"https:\/\/www.visit-ulcinj.com\/blog\/wp-json\/wp\/v2\/users\/1"}],"replies":[{"embeddable":true,"href":"https:\/\/www.visit-ulcinj.com\/blog\/wp-json\/wp\/v2\/comments?post=79184"}],"version-history":[{"count":1,"href":"https:\/\/www.visit-ulcinj.com\/blog\/wp-json\/wp\/v2\/posts\/79184\/revisions"}],"predecessor-version":[{"id":79186,"href":"https:\/\/www.visit-ulcinj.com\/blog\/wp-json\/wp\/v2\/posts\/79184\/revisions\/79186"}],"wp:attachment":[{"href":"https:\/\/www.visit-ulcinj.com\/blog\/wp-json\/wp\/v2\/media?parent=79184"}],"wp:term":[{"taxonomy":"category","embeddable":true,"href":"https:\/\/www.visit-ulcinj.com\/blog\/wp-json\/wp\/v2\/categories?post=79184"},{"taxonomy":"post_tag","embeddable":true,"href":"https:\/\/www.visit-ulcinj.com\/blog\/wp-json\/wp\/v2\/tags?post=79184"}],"curies":[{"name":"wp","href":"https:\/\/api.w.org\/{rel}","templated":true}]}}