{"id":7919,"date":"2008-12-31T19:39:18","date_gmt":"2008-12-31T18:39:18","guid":{"rendered":"http:\/\/www.visit-ulcinj.com\/blog\/?p=7919"},"modified":"2008-12-31T19:40:30","modified_gmt":"2008-12-31T18:40:30","slug":"crna-gora-ocekuju-vece-prihode-od-turizma","status":"publish","type":"post","link":"https:\/\/www.visit-ulcinj.com\/blog\/2008\/12\/31\/crna-gora-ocekuju-vece-prihode-od-turizma\/","title":{"rendered":"Crna Gora: O?ekuju ve?e prihode od turizma"},"content":{"rendered":"<p><a href=\"http:\/\/www.visit-ulcinj.com\/blog\/wp-content\/uploads\/2008\/12\/predrag-nenezic.jpg\" target=\"_self\"><img loading=\"lazy\" class=\"alignleft size-full wp-image-7920\" title=\"predrag-nenezic\" src=\"http:\/\/www.visit-ulcinj.com\/blog\/wp-content\/uploads\/2008\/12\/predrag-nenezic.jpg\" alt=\"predrag-nenezic\" width=\"335\" height=\"224\" srcset=\"https:\/\/www.visit-ulcinj.com\/blog\/wp-content\/uploads\/2008\/12\/predrag-nenezic.jpg 640w, https:\/\/www.visit-ulcinj.com\/blog\/wp-content\/uploads\/2008\/12\/predrag-nenezic-300x200.jpg 300w\" sizes=\"(max-width: 335px) 100vw, 335px\" \/><\/a>Prihodi od turizma naredne godine iznosi?e, prema procjenama, 613 miliona eura, \u0161to je za pet odsto vi\u0161e u pore?enju sa godinom na izmaku.<br \/>\n\u201cTo zna?i da ?e biti zadr\u017ean pozitivan trend rasta prihoda od turizma\u201d, istakao je za Pobjedu nedjeljom ministar turizma i za\u0161tite \u017eivotne sredine Predrag Nenezi?.<br \/>\nNaime, u ovoj godini je ostvareno 552 miliona eura prihoda, \u0161to prema\u0161uje iznos koji je predvi?ao Svjetski savjet za turizam i putovanja WTTC 375 miliona.<br \/>\n\u201cO?ekujemo da ?e se nastaviti pozitivan trend br\u017eeg rasta finansijskih pokazatelja u odnosu na fizi?ke, odnosno broj turista i ostvarenih no?enja, kao i rast broja turista vi\u0161e plate\u017ene mo?i, naro?ito u periodu pred i post sezoni. Planiranim rezultatima tako?e ?e doprinijeti privla?nost Crne Gore kao turisti?ke destinacije tokom cijele godine, \u0161to podrazumijeva i nastavak upravljanja tra\u017enjom i promociju Crne Gore kao jedinstvene destinacije, koja tokom cijele godine ima diversifikovanu turisti?ku ponudu\u201d, poja\u0161njava Nenezi?.<br \/>\nOn smatra da, uz dobru cjenovnu politiku hotelijera i avio prevoznika, ponudu atraktivnih paket aran\u017eamana i intenzivnu promociju na ovim tr\u017ei\u0161tima, mo\u017eemo ra?unati na nastavak rasta, prije svega, finansijskih parametara, usporenijom dinamikom, ali u pozitivnom pravcu. Fizi?ki pokazatelji, broj turista i ostvarena no?enja, trebalo bi da ostanu na nivou 2008. godine.<br \/>\n\u201cCrna Gora je mala dr\u017eava, dobro pozicionirana i promovisana u prethodnom periodu, geografski vrlo blizu evropskim metropolama, raznolika po sadr\u017eaju, kvalitetu i cijeni turisti?ke ponude, samim tim prihvatljiva za razli?ite strukture turista, i u tome treba da tra\u017ei svoju \u0161ansu. Naime, procjenjuje se da ?e zna?ajan broj turista iz Zapadne, Srednje i Sjeverne Evrope, koji su do sada putovali ka dalekim destinacijama, ove godine svoje vrijeme za odmor iskoristi?e u Evropi i na Mediteranu. Tako?e ?e se vi\u0161e opredjeljivati za porodi?ne odmore, tokom prolje?a, ljeta i rane jeseni. Za o?ekivati je i da respektabilan broj turista iz zemalja Regiona ove godine posjeti Crnu Goru, koja im je veoma blizu i u koju mogu do?i u sopstvenom aran\u017eamanu, \u0161to ?e im zna?ajno pojeftiniti tro\u0161kove\u201d, kazao je Nenezi?.<br \/>\n<strong>Izvor \/ Pobjeda<\/strong><\/p>\n","protected":false},"excerpt":{"rendered":"<p>Prihodi od turizma naredne godine iznosi?e, prema procjenama, 613 miliona eura, \u0161to je za pet odsto vi\u0161e u pore?enju sa godinom na izmaku. \u201cTo zna?i da ?e biti zadr\u017ean pozitivan trend rasta prihoda od turizma\u201d, istakao je za Pobjedu nedjeljom ministar turizma i za\u0161tite \u017eivotne sredine Predrag Nenezi?. Naime, u ovoj godini je ostvareno 552 [&hellip;]<\/p>\n","protected":false},"author":1,"featured_media":0,"comment_status":"open","ping_status":"closed","sticky":false,"template":"","format":"standard","meta":{"spay_email":"","jetpack_publicize_message":"","jetpack_is_tweetstorm":false,"jetpack_publicize_feature_enabled":true},"categories":[15],"tags":[],"jetpack_publicize_connections":[],"yoast_head":"<!-- This site is optimized with the Yoast SEO plugin v19.1 - https:\/\/yoast.com\/wordpress\/plugins\/seo\/ -->\n<title>Crna Gora: O?ekuju ve?e prihode od turizma - Lajme nga Ulqini<\/title>\n<meta name=\"description\" content=\"Prihodi od turizma naredne godine iznosi?e, prema procjenama, 613 miliona eura, \u0161to je za pet odsto vi\u0161e u pore?enju sa godinom na izmaku. \u201cTo zna?i da ?e\" \/>\n<meta name=\"robots\" content=\"index, follow, max-snippet:-1, max-image-preview:large, max-video-preview:-1\" \/>\n<link rel=\"canonical\" href=\"https:\/\/www.visit-ulcinj.com\/blog\/2008\/12\/31\/crna-gora-ocekuju-vece-prihode-od-turizma\/\" \/>\n<meta property=\"og:locale\" content=\"en_US\" \/>\n<meta property=\"og:type\" content=\"article\" \/>\n<meta property=\"og:title\" content=\"Crna Gora: O?ekuju ve?e prihode od turizma - Lajme nga Ulqini\" \/>\n<meta property=\"og:description\" content=\"Prihodi od turizma naredne godine iznosi?e, prema procjenama, 613 miliona eura, \u0161to je za pet odsto vi\u0161e u pore?enju sa godinom na izmaku. \u201cTo zna?i da ?e\" \/>\n<meta property=\"og:url\" content=\"https:\/\/www.visit-ulcinj.com\/blog\/2008\/12\/31\/crna-gora-ocekuju-vece-prihode-od-turizma\/\" \/>\n<meta property=\"og:site_name\" content=\"Lajme nga Ulqini\" \/>\n<meta property=\"article:published_time\" content=\"2008-12-31T18:39:18+00:00\" \/>\n<meta property=\"article:modified_time\" content=\"2008-12-31T18:40:30+00:00\" \/>\n<meta property=\"og:image\" content=\"http:\/\/www.visit-ulcinj.com\/blog\/wp-content\/uploads\/2008\/12\/predrag-nenezic.jpg\" \/>\n<meta name=\"twitter:label1\" content=\"Written by\" \/>\n\t<meta name=\"twitter:data1\" content=\"ulqini\" \/>\n\t<meta name=\"twitter:label2\" content=\"Est. reading time\" \/>\n\t<meta name=\"twitter:data2\" content=\"2 minutes\" \/>\n<script type=\"application\/ld+json\" class=\"yoast-schema-graph\">{\"@context\":\"https:\/\/schema.org\",\"@graph\":[{\"@type\":\"WebSite\",\"@id\":\"https:\/\/www.visit-ulcinj.com\/blog\/#website\",\"url\":\"https:\/\/www.visit-ulcinj.com\/blog\/\",\"name\":\"Lajme nga Ulqini\",\"description\":\"Lajme,Vijesti,Ulqini,Ulqin,Crna Gora,Mali i Zi\",\"potentialAction\":[{\"@type\":\"SearchAction\",\"target\":{\"@type\":\"EntryPoint\",\"urlTemplate\":\"https:\/\/www.visit-ulcinj.com\/blog\/?s={search_term_string}\"},\"query-input\":\"required name=search_term_string\"}],\"inLanguage\":\"en-US\"},{\"@type\":\"ImageObject\",\"inLanguage\":\"en-US\",\"@id\":\"https:\/\/www.visit-ulcinj.com\/blog\/2008\/12\/31\/crna-gora-ocekuju-vece-prihode-od-turizma\/#primaryimage\",\"url\":\"https:\/\/www.visit-ulcinj.com\/blog\/wp-content\/uploads\/2008\/12\/predrag-nenezic.jpg\",\"contentUrl\":\"https:\/\/www.visit-ulcinj.com\/blog\/wp-content\/uploads\/2008\/12\/predrag-nenezic.jpg\",\"width\":\"640\",\"height\":\"428\"},{\"@type\":\"WebPage\",\"@id\":\"https:\/\/www.visit-ulcinj.com\/blog\/2008\/12\/31\/crna-gora-ocekuju-vece-prihode-od-turizma\/#webpage\",\"url\":\"https:\/\/www.visit-ulcinj.com\/blog\/2008\/12\/31\/crna-gora-ocekuju-vece-prihode-od-turizma\/\",\"name\":\"Crna Gora: O?ekuju ve?e prihode od turizma - Lajme nga Ulqini\",\"isPartOf\":{\"@id\":\"https:\/\/www.visit-ulcinj.com\/blog\/#website\"},\"primaryImageOfPage\":{\"@id\":\"https:\/\/www.visit-ulcinj.com\/blog\/2008\/12\/31\/crna-gora-ocekuju-vece-prihode-od-turizma\/#primaryimage\"},\"datePublished\":\"2008-12-31T18:39:18+00:00\",\"dateModified\":\"2008-12-31T18:40:30+00:00\",\"author\":{\"@id\":\"https:\/\/www.visit-ulcinj.com\/blog\/#\/schema\/person\/dcab619c614d3038751c63bc2aadc06d\"},\"description\":\"Prihodi od turizma naredne godine iznosi?e, prema procjenama, 613 miliona eura, \u0161to je za pet odsto vi\u0161e u pore?enju sa godinom na izmaku. \u201cTo zna?i da ?e\",\"breadcrumb\":{\"@id\":\"https:\/\/www.visit-ulcinj.com\/blog\/2008\/12\/31\/crna-gora-ocekuju-vece-prihode-od-turizma\/#breadcrumb\"},\"inLanguage\":\"en-US\",\"potentialAction\":[{\"@type\":\"ReadAction\",\"target\":[\"https:\/\/www.visit-ulcinj.com\/blog\/2008\/12\/31\/crna-gora-ocekuju-vece-prihode-od-turizma\/\"]}]},{\"@type\":\"BreadcrumbList\",\"@id\":\"https:\/\/www.visit-ulcinj.com\/blog\/2008\/12\/31\/crna-gora-ocekuju-vece-prihode-od-turizma\/#breadcrumb\",\"itemListElement\":[{\"@type\":\"ListItem\",\"position\":1,\"name\":\"Crna Gora: O?ekuju ve?e prihode od turizma\"}]},{\"@type\":\"Person\",\"@id\":\"https:\/\/www.visit-ulcinj.com\/blog\/#\/schema\/person\/dcab619c614d3038751c63bc2aadc06d\",\"name\":\"ulqini\",\"sameAs\":[\"http:\/\/www.visit-ulcinj.com\"],\"url\":\"https:\/\/www.visit-ulcinj.com\/blog\/author\/admin\/\"}]}<\/script>\n<!-- \/ Yoast SEO plugin. -->","yoast_head_json":{"title":"Crna Gora: O?ekuju ve?e prihode od turizma - Lajme nga Ulqini","description":"Prihodi od turizma naredne godine iznosi?e, prema procjenama, 613 miliona eura, \u0161to je za pet odsto vi\u0161e u pore?enju sa godinom na izmaku. \u201cTo zna?i da ?e","robots":{"index":"index","follow":"follow","max-snippet":"max-snippet:-1","max-image-preview":"max-image-preview:large","max-video-preview":"max-video-preview:-1"},"canonical":"https:\/\/www.visit-ulcinj.com\/blog\/2008\/12\/31\/crna-gora-ocekuju-vece-prihode-od-turizma\/","og_locale":"en_US","og_type":"article","og_title":"Crna Gora: O?ekuju ve?e prihode od turizma - Lajme nga Ulqini","og_description":"Prihodi od turizma naredne godine iznosi?e, prema procjenama, 613 miliona eura, \u0161to je za pet odsto vi\u0161e u pore?enju sa godinom na izmaku. \u201cTo zna?i da ?e","og_url":"https:\/\/www.visit-ulcinj.com\/blog\/2008\/12\/31\/crna-gora-ocekuju-vece-prihode-od-turizma\/","og_site_name":"Lajme nga Ulqini","article_published_time":"2008-12-31T18:39:18+00:00","article_modified_time":"2008-12-31T18:40:30+00:00","og_image":[{"url":"http:\/\/www.visit-ulcinj.com\/blog\/wp-content\/uploads\/2008\/12\/predrag-nenezic.jpg"}],"twitter_misc":{"Written by":"ulqini","Est. reading time":"2 minutes"},"schema":{"@context":"https:\/\/schema.org","@graph":[{"@type":"WebSite","@id":"https:\/\/www.visit-ulcinj.com\/blog\/#website","url":"https:\/\/www.visit-ulcinj.com\/blog\/","name":"Lajme nga Ulqini","description":"Lajme,Vijesti,Ulqini,Ulqin,Crna Gora,Mali i Zi","potentialAction":[{"@type":"SearchAction","target":{"@type":"EntryPoint","urlTemplate":"https:\/\/www.visit-ulcinj.com\/blog\/?s={search_term_string}"},"query-input":"required name=search_term_string"}],"inLanguage":"en-US"},{"@type":"ImageObject","inLanguage":"en-US","@id":"https:\/\/www.visit-ulcinj.com\/blog\/2008\/12\/31\/crna-gora-ocekuju-vece-prihode-od-turizma\/#primaryimage","url":"https:\/\/www.visit-ulcinj.com\/blog\/wp-content\/uploads\/2008\/12\/predrag-nenezic.jpg","contentUrl":"https:\/\/www.visit-ulcinj.com\/blog\/wp-content\/uploads\/2008\/12\/predrag-nenezic.jpg","width":"640","height":"428"},{"@type":"WebPage","@id":"https:\/\/www.visit-ulcinj.com\/blog\/2008\/12\/31\/crna-gora-ocekuju-vece-prihode-od-turizma\/#webpage","url":"https:\/\/www.visit-ulcinj.com\/blog\/2008\/12\/31\/crna-gora-ocekuju-vece-prihode-od-turizma\/","name":"Crna Gora: O?ekuju ve?e prihode od turizma - Lajme nga Ulqini","isPartOf":{"@id":"https:\/\/www.visit-ulcinj.com\/blog\/#website"},"primaryImageOfPage":{"@id":"https:\/\/www.visit-ulcinj.com\/blog\/2008\/12\/31\/crna-gora-ocekuju-vece-prihode-od-turizma\/#primaryimage"},"datePublished":"2008-12-31T18:39:18+00:00","dateModified":"2008-12-31T18:40:30+00:00","author":{"@id":"https:\/\/www.visit-ulcinj.com\/blog\/#\/schema\/person\/dcab619c614d3038751c63bc2aadc06d"},"description":"Prihodi od turizma naredne godine iznosi?e, prema procjenama, 613 miliona eura, \u0161to je za pet odsto vi\u0161e u pore?enju sa godinom na izmaku. \u201cTo zna?i da ?e","breadcrumb":{"@id":"https:\/\/www.visit-ulcinj.com\/blog\/2008\/12\/31\/crna-gora-ocekuju-vece-prihode-od-turizma\/#breadcrumb"},"inLanguage":"en-US","potentialAction":[{"@type":"ReadAction","target":["https:\/\/www.visit-ulcinj.com\/blog\/2008\/12\/31\/crna-gora-ocekuju-vece-prihode-od-turizma\/"]}]},{"@type":"BreadcrumbList","@id":"https:\/\/www.visit-ulcinj.com\/blog\/2008\/12\/31\/crna-gora-ocekuju-vece-prihode-od-turizma\/#breadcrumb","itemListElement":[{"@type":"ListItem","position":1,"name":"Crna Gora: O?ekuju ve?e prihode od turizma"}]},{"@type":"Person","@id":"https:\/\/www.visit-ulcinj.com\/blog\/#\/schema\/person\/dcab619c614d3038751c63bc2aadc06d","name":"ulqini","sameAs":["http:\/\/www.visit-ulcinj.com"],"url":"https:\/\/www.visit-ulcinj.com\/blog\/author\/admin\/"}]}},"jetpack_featured_media_url":"","jetpack_sharing_enabled":true,"jetpack_shortlink":"https:\/\/wp.me\/pe6lTn-23J","_links":{"self":[{"href":"https:\/\/www.visit-ulcinj.com\/blog\/wp-json\/wp\/v2\/posts\/7919"}],"collection":[{"href":"https:\/\/www.visit-ulcinj.com\/blog\/wp-json\/wp\/v2\/posts"}],"about":[{"href":"https:\/\/www.visit-ulcinj.com\/blog\/wp-json\/wp\/v2\/types\/post"}],"author":[{"embeddable":true,"href":"https:\/\/www.visit-ulcinj.com\/blog\/wp-json\/wp\/v2\/users\/1"}],"replies":[{"embeddable":true,"href":"https:\/\/www.visit-ulcinj.com\/blog\/wp-json\/wp\/v2\/comments?post=7919"}],"version-history":[{"count":0,"href":"https:\/\/www.visit-ulcinj.com\/blog\/wp-json\/wp\/v2\/posts\/7919\/revisions"}],"wp:attachment":[{"href":"https:\/\/www.visit-ulcinj.com\/blog\/wp-json\/wp\/v2\/media?parent=7919"}],"wp:term":[{"taxonomy":"category","embeddable":true,"href":"https:\/\/www.visit-ulcinj.com\/blog\/wp-json\/wp\/v2\/categories?post=7919"},{"taxonomy":"post_tag","embeddable":true,"href":"https:\/\/www.visit-ulcinj.com\/blog\/wp-json\/wp\/v2\/tags?post=7919"}],"curies":[{"name":"wp","href":"https:\/\/api.w.org\/{rel}","templated":true}]}}