{"id":79196,"date":"2014-02-03T12:06:52","date_gmt":"2014-02-03T11:06:52","guid":{"rendered":"http:\/\/www.visit-ulcinj.com\/blog\/?p=79196"},"modified":"2014-02-03T12:10:24","modified_gmt":"2014-02-03T11:10:24","slug":"vuciq-shpetoi-femijen-shqiptar-nga-rremuja-e-debores-video","status":"publish","type":"post","link":"https:\/\/www.visit-ulcinj.com\/blog\/2014\/02\/03\/vuciq-shpetoi-femijen-shqiptar-nga-rremuja-e-debores-video\/","title":{"rendered":"Vu\u00e7iq shp\u00ebtoi f\u00ebmij\u00ebn shqiptar nga rr\u00ebmuja e d\u00ebbor\u00ebs &#8211; Video"},"content":{"rendered":"<p><a href=\"http:\/\/www.visit-ulcinj.com\/blog\/wp-content\/uploads\/2014\/02\/Vuciq-shp\u00ebtoi-f\u00ebmij\u00ebn-shqiptar.jpg\"><img loading=\"lazy\" class=\"alignleft  wp-image-79197\" alt=\"Vuciq shp\u00ebtoi f\u00ebmij\u00ebn shqiptar\" src=\"http:\/\/www.visit-ulcinj.com\/blog\/wp-content\/uploads\/2014\/02\/Vuciq-shp\u00ebtoi-f\u00ebmij\u00ebn-shqiptar.jpg\" width=\"508\" height=\"360\" \/><\/a>Djalin, t\u00eb cilin e mbante n\u00eb duar n\u00ebnkryetari i Qeveris\u00eb s\u00eb serbis\u00eb, Aleksandar Vu\u00e7iq, n\u00eb rr\u00ebmuj\u00ebn t\u00eb cil\u00ebn e shkaktoi d\u00ebrbora me an\u00eb t\u00eb er\u00ebs s\u00eb fuqishme n\u00eb austostrad\u00ebn n\u00eb Serbi, akt ky t\u00eb cilin e regjistruan edhe kamerat televizive, rezulton se \u00ebsht\u00eb nj\u00eb shqiptar i cili s\u00eb bashku me familjen kishte qen\u00eb i bllokuar nga d\u00ebbora n\u00eb autobusin q\u00eb po l\u00ebvizte n\u00eb destinacionin Austri-Kosov\u00eb.<\/p>\n<p>Nj\u00eb d\u00ebshmitar okular ka th\u00ebn\u00eb se n\u00ebnkryetari Vu\u00e7iq, n\u00eb momentin kur e kishte par\u00eb f\u00ebmiun n\u00eb at\u00eb gjendje kishte zbritur me vrap nga helikopteri dhe papritmas e kishte kapur f\u00ebmij\u00ebn n\u00eb duar, i cili po qante.<\/p>\n<p>&#8220;Sapo zbriti nga helikopteri menj\u00ebher\u00eb me vrap u nis drejt njer\u00ebzve q\u00eb k\u00ebrkonin ndihm\u00eb! Pa i th\u00ebn\u00eb askujt asgj\u00eb, iu afrua njer\u00ebzve dhe kur pa f\u00ebmin\u00eb q\u00eb ishte duke u dridhur nga i ftohti, shpejt e kapi n\u00eb duar dhe u nis p\u00ebr ta evakuar, respektivisht p\u00ebr ta hipur n\u00eb helikopter&#8221;, ka rr\u00ebfyer d\u00ebshmitari okular.<\/p>\n<p>&#8220;Gjith\u00e7ka ishte kaos, nuk kishte koh\u00eb p\u00ebr bised\u00eb, as q\u00eb na shkonte n\u00eb mendje, e as q\u00eb kishim koh\u00eb p\u00ebr t\u00eb fol me dik\u00eb&#8230;, r\u00ebnd\u00ebsi kishte t\u00eb shp\u00ebtojm\u00eb f\u00ebmiun q\u00eb dridhej nga i ftohti. E hip\u00ebm n\u00eb helikopter dhe arrit\u00ebm ta shp\u00ebtojm\u00eb. Nuk e dim\u00eb, as se si quhet. Askujt ne ate momenti s&#8217;i shkonte nd\u00ebr mend q\u00eb t\u00eb pyesim p\u00ebr t\u00eb tilla gj\u00ebra, sepse f\u00ebmija qante. M\u00eb von\u00eb mor\u00ebm vesh se b\u00ebhet fjal\u00eb p\u00ebr f\u00ebmij\u00eb shqiptar, nga nj\u00eb familje e Prizrenit&#8221;, ka rr\u00ebfyer nj\u00eb bashk\u00ebpun\u00ebtor\u00eb i lart\u00eb i n\u00ebnkryetari Aleksandar Vu\u00e7iq.<\/p>\n<p><strong>Almakos<\/strong><\/p>\n<!--YouTube Error: bad URL entered-->\n","protected":false},"excerpt":{"rendered":"<p>Djalin, t\u00eb cilin e mbante n\u00eb duar n\u00ebnkryetari i Qeveris\u00eb s\u00eb serbis\u00eb, Aleksandar Vu\u00e7iq, n\u00eb rr\u00ebmuj\u00ebn t\u00eb cil\u00ebn e shkaktoi d\u00ebrbora me an\u00eb t\u00eb er\u00ebs s\u00eb fuqishme n\u00eb austostrad\u00ebn n\u00eb Serbi, akt ky t\u00eb cilin e regjistruan edhe kamerat televizive, rezulton se \u00ebsht\u00eb nj\u00eb shqiptar i cili s\u00eb bashku me familjen kishte qen\u00eb i bllokuar [&hellip;]<\/p>\n","protected":false},"author":1,"featured_media":0,"comment_status":"closed","ping_status":"closed","sticky":false,"template":"","format":"standard","meta":{"spay_email":"","jetpack_publicize_message":"","jetpack_is_tweetstorm":false,"jetpack_publicize_feature_enabled":true},"categories":[7],"tags":[],"jetpack_publicize_connections":[],"yoast_head":"<!-- This site is optimized with the Yoast SEO plugin v19.1 - https:\/\/yoast.com\/wordpress\/plugins\/seo\/ -->\n<title>Vu\u00e7iq shp\u00ebtoi f\u00ebmij\u00ebn shqiptar nga rr\u00ebmuja e d\u00ebbor\u00ebs - Video - Lajme nga Ulqini<\/title>\n<meta name=\"description\" content=\"Djalin, t\u00eb cilin e mbante n\u00eb duar n\u00ebnkryetari i Qeveris\u00eb s\u00eb serbis\u00eb, Aleksandar Vu\u00e7iq, n\u00eb rr\u00ebmuj\u00ebn t\u00eb cil\u00ebn e shkaktoi d\u00ebrbora me an\u00eb t\u00eb er\u00ebs s\u00eb fuqishme\" \/>\n<meta name=\"robots\" content=\"index, follow, max-snippet:-1, max-image-preview:large, max-video-preview:-1\" \/>\n<link rel=\"canonical\" href=\"https:\/\/www.visit-ulcinj.com\/blog\/2014\/02\/03\/vuciq-shpetoi-femijen-shqiptar-nga-rremuja-e-debores-video\/\" \/>\n<meta property=\"og:locale\" content=\"en_US\" \/>\n<meta property=\"og:type\" content=\"article\" \/>\n<meta property=\"og:title\" content=\"Vu\u00e7iq shp\u00ebtoi f\u00ebmij\u00ebn shqiptar nga rr\u00ebmuja e d\u00ebbor\u00ebs - Video - Lajme nga Ulqini\" \/>\n<meta property=\"og:description\" content=\"Djalin, t\u00eb cilin e mbante n\u00eb duar n\u00ebnkryetari i Qeveris\u00eb s\u00eb serbis\u00eb, Aleksandar Vu\u00e7iq, n\u00eb rr\u00ebmuj\u00ebn t\u00eb cil\u00ebn e shkaktoi d\u00ebrbora me an\u00eb t\u00eb er\u00ebs s\u00eb fuqishme\" \/>\n<meta property=\"og:url\" content=\"https:\/\/www.visit-ulcinj.com\/blog\/2014\/02\/03\/vuciq-shpetoi-femijen-shqiptar-nga-rremuja-e-debores-video\/\" \/>\n<meta property=\"og:site_name\" content=\"Lajme nga Ulqini\" \/>\n<meta property=\"article:published_time\" content=\"2014-02-03T11:06:52+00:00\" \/>\n<meta property=\"article:modified_time\" content=\"2014-02-03T11:10:24+00:00\" \/>\n<meta name=\"twitter:label1\" content=\"Written by\" \/>\n\t<meta name=\"twitter:data1\" content=\"ulqini\" \/>\n\t<meta name=\"twitter:label2\" content=\"Est. reading time\" \/>\n\t<meta name=\"twitter:data2\" content=\"2 minutes\" \/>\n<script type=\"application\/ld+json\" class=\"yoast-schema-graph\">{\"@context\":\"https:\/\/schema.org\",\"@graph\":[{\"@type\":\"WebSite\",\"@id\":\"https:\/\/www.visit-ulcinj.com\/blog\/#website\",\"url\":\"https:\/\/www.visit-ulcinj.com\/blog\/\",\"name\":\"Lajme nga Ulqini\",\"description\":\"Lajme,Vijesti,Ulqini,Ulqin,Crna Gora,Mali i Zi\",\"potentialAction\":[{\"@type\":\"SearchAction\",\"target\":{\"@type\":\"EntryPoint\",\"urlTemplate\":\"https:\/\/www.visit-ulcinj.com\/blog\/?s={search_term_string}\"},\"query-input\":\"required name=search_term_string\"}],\"inLanguage\":\"en-US\"},{\"@type\":\"WebPage\",\"@id\":\"https:\/\/www.visit-ulcinj.com\/blog\/2014\/02\/03\/vuciq-shpetoi-femijen-shqiptar-nga-rremuja-e-debores-video\/#webpage\",\"url\":\"https:\/\/www.visit-ulcinj.com\/blog\/2014\/02\/03\/vuciq-shpetoi-femijen-shqiptar-nga-rremuja-e-debores-video\/\",\"name\":\"Vu\u00e7iq shp\u00ebtoi f\u00ebmij\u00ebn shqiptar nga rr\u00ebmuja e d\u00ebbor\u00ebs - Video - Lajme nga Ulqini\",\"isPartOf\":{\"@id\":\"https:\/\/www.visit-ulcinj.com\/blog\/#website\"},\"datePublished\":\"2014-02-03T11:06:52+00:00\",\"dateModified\":\"2014-02-03T11:10:24+00:00\",\"author\":{\"@id\":\"https:\/\/www.visit-ulcinj.com\/blog\/#\/schema\/person\/dcab619c614d3038751c63bc2aadc06d\"},\"description\":\"Djalin, t\u00eb cilin e mbante n\u00eb duar n\u00ebnkryetari i Qeveris\u00eb s\u00eb serbis\u00eb, Aleksandar Vu\u00e7iq, n\u00eb rr\u00ebmuj\u00ebn t\u00eb cil\u00ebn e shkaktoi d\u00ebrbora me an\u00eb t\u00eb er\u00ebs s\u00eb fuqishme\",\"breadcrumb\":{\"@id\":\"https:\/\/www.visit-ulcinj.com\/blog\/2014\/02\/03\/vuciq-shpetoi-femijen-shqiptar-nga-rremuja-e-debores-video\/#breadcrumb\"},\"inLanguage\":\"en-US\",\"potentialAction\":[{\"@type\":\"ReadAction\",\"target\":[\"https:\/\/www.visit-ulcinj.com\/blog\/2014\/02\/03\/vuciq-shpetoi-femijen-shqiptar-nga-rremuja-e-debores-video\/\"]}]},{\"@type\":\"BreadcrumbList\",\"@id\":\"https:\/\/www.visit-ulcinj.com\/blog\/2014\/02\/03\/vuciq-shpetoi-femijen-shqiptar-nga-rremuja-e-debores-video\/#breadcrumb\",\"itemListElement\":[{\"@type\":\"ListItem\",\"position\":1,\"name\":\"Vu\u00e7iq shp\u00ebtoi f\u00ebmij\u00ebn shqiptar nga rr\u00ebmuja e d\u00ebbor\u00ebs &#8211; Video\"}]},{\"@type\":\"Person\",\"@id\":\"https:\/\/www.visit-ulcinj.com\/blog\/#\/schema\/person\/dcab619c614d3038751c63bc2aadc06d\",\"name\":\"ulqini\",\"sameAs\":[\"http:\/\/www.visit-ulcinj.com\"],\"url\":\"https:\/\/www.visit-ulcinj.com\/blog\/author\/admin\/\"}]}<\/script>\n<!-- \/ Yoast SEO plugin. -->","yoast_head_json":{"title":"Vu\u00e7iq shp\u00ebtoi f\u00ebmij\u00ebn shqiptar nga rr\u00ebmuja e d\u00ebbor\u00ebs - Video - Lajme nga Ulqini","description":"Djalin, t\u00eb cilin e mbante n\u00eb duar n\u00ebnkryetari i Qeveris\u00eb s\u00eb serbis\u00eb, Aleksandar Vu\u00e7iq, n\u00eb rr\u00ebmuj\u00ebn t\u00eb cil\u00ebn e shkaktoi d\u00ebrbora me an\u00eb t\u00eb er\u00ebs s\u00eb fuqishme","robots":{"index":"index","follow":"follow","max-snippet":"max-snippet:-1","max-image-preview":"max-image-preview:large","max-video-preview":"max-video-preview:-1"},"canonical":"https:\/\/www.visit-ulcinj.com\/blog\/2014\/02\/03\/vuciq-shpetoi-femijen-shqiptar-nga-rremuja-e-debores-video\/","og_locale":"en_US","og_type":"article","og_title":"Vu\u00e7iq shp\u00ebtoi f\u00ebmij\u00ebn shqiptar nga rr\u00ebmuja e d\u00ebbor\u00ebs - Video - Lajme nga Ulqini","og_description":"Djalin, t\u00eb cilin e mbante n\u00eb duar n\u00ebnkryetari i Qeveris\u00eb s\u00eb serbis\u00eb, Aleksandar Vu\u00e7iq, n\u00eb rr\u00ebmuj\u00ebn t\u00eb cil\u00ebn e shkaktoi d\u00ebrbora me an\u00eb t\u00eb er\u00ebs s\u00eb fuqishme","og_url":"https:\/\/www.visit-ulcinj.com\/blog\/2014\/02\/03\/vuciq-shpetoi-femijen-shqiptar-nga-rremuja-e-debores-video\/","og_site_name":"Lajme nga Ulqini","article_published_time":"2014-02-03T11:06:52+00:00","article_modified_time":"2014-02-03T11:10:24+00:00","twitter_misc":{"Written by":"ulqini","Est. reading time":"2 minutes"},"schema":{"@context":"https:\/\/schema.org","@graph":[{"@type":"WebSite","@id":"https:\/\/www.visit-ulcinj.com\/blog\/#website","url":"https:\/\/www.visit-ulcinj.com\/blog\/","name":"Lajme nga Ulqini","description":"Lajme,Vijesti,Ulqini,Ulqin,Crna Gora,Mali i Zi","potentialAction":[{"@type":"SearchAction","target":{"@type":"EntryPoint","urlTemplate":"https:\/\/www.visit-ulcinj.com\/blog\/?s={search_term_string}"},"query-input":"required name=search_term_string"}],"inLanguage":"en-US"},{"@type":"WebPage","@id":"https:\/\/www.visit-ulcinj.com\/blog\/2014\/02\/03\/vuciq-shpetoi-femijen-shqiptar-nga-rremuja-e-debores-video\/#webpage","url":"https:\/\/www.visit-ulcinj.com\/blog\/2014\/02\/03\/vuciq-shpetoi-femijen-shqiptar-nga-rremuja-e-debores-video\/","name":"Vu\u00e7iq shp\u00ebtoi f\u00ebmij\u00ebn shqiptar nga rr\u00ebmuja e d\u00ebbor\u00ebs - Video - Lajme nga Ulqini","isPartOf":{"@id":"https:\/\/www.visit-ulcinj.com\/blog\/#website"},"datePublished":"2014-02-03T11:06:52+00:00","dateModified":"2014-02-03T11:10:24+00:00","author":{"@id":"https:\/\/www.visit-ulcinj.com\/blog\/#\/schema\/person\/dcab619c614d3038751c63bc2aadc06d"},"description":"Djalin, t\u00eb cilin e mbante n\u00eb duar n\u00ebnkryetari i Qeveris\u00eb s\u00eb serbis\u00eb, Aleksandar Vu\u00e7iq, n\u00eb rr\u00ebmuj\u00ebn t\u00eb cil\u00ebn e shkaktoi d\u00ebrbora me an\u00eb t\u00eb er\u00ebs s\u00eb fuqishme","breadcrumb":{"@id":"https:\/\/www.visit-ulcinj.com\/blog\/2014\/02\/03\/vuciq-shpetoi-femijen-shqiptar-nga-rremuja-e-debores-video\/#breadcrumb"},"inLanguage":"en-US","potentialAction":[{"@type":"ReadAction","target":["https:\/\/www.visit-ulcinj.com\/blog\/2014\/02\/03\/vuciq-shpetoi-femijen-shqiptar-nga-rremuja-e-debores-video\/"]}]},{"@type":"BreadcrumbList","@id":"https:\/\/www.visit-ulcinj.com\/blog\/2014\/02\/03\/vuciq-shpetoi-femijen-shqiptar-nga-rremuja-e-debores-video\/#breadcrumb","itemListElement":[{"@type":"ListItem","position":1,"name":"Vu\u00e7iq shp\u00ebtoi f\u00ebmij\u00ebn shqiptar nga rr\u00ebmuja e d\u00ebbor\u00ebs &#8211; Video"}]},{"@type":"Person","@id":"https:\/\/www.visit-ulcinj.com\/blog\/#\/schema\/person\/dcab619c614d3038751c63bc2aadc06d","name":"ulqini","sameAs":["http:\/\/www.visit-ulcinj.com"],"url":"https:\/\/www.visit-ulcinj.com\/blog\/author\/admin\/"}]}},"jetpack_featured_media_url":"","jetpack_sharing_enabled":true,"jetpack_shortlink":"https:\/\/wp.me\/pe6lTn-kBm","_links":{"self":[{"href":"https:\/\/www.visit-ulcinj.com\/blog\/wp-json\/wp\/v2\/posts\/79196"}],"collection":[{"href":"https:\/\/www.visit-ulcinj.com\/blog\/wp-json\/wp\/v2\/posts"}],"about":[{"href":"https:\/\/www.visit-ulcinj.com\/blog\/wp-json\/wp\/v2\/types\/post"}],"author":[{"embeddable":true,"href":"https:\/\/www.visit-ulcinj.com\/blog\/wp-json\/wp\/v2\/users\/1"}],"replies":[{"embeddable":true,"href":"https:\/\/www.visit-ulcinj.com\/blog\/wp-json\/wp\/v2\/comments?post=79196"}],"version-history":[{"count":2,"href":"https:\/\/www.visit-ulcinj.com\/blog\/wp-json\/wp\/v2\/posts\/79196\/revisions"}],"predecessor-version":[{"id":79199,"href":"https:\/\/www.visit-ulcinj.com\/blog\/wp-json\/wp\/v2\/posts\/79196\/revisions\/79199"}],"wp:attachment":[{"href":"https:\/\/www.visit-ulcinj.com\/blog\/wp-json\/wp\/v2\/media?parent=79196"}],"wp:term":[{"taxonomy":"category","embeddable":true,"href":"https:\/\/www.visit-ulcinj.com\/blog\/wp-json\/wp\/v2\/categories?post=79196"},{"taxonomy":"post_tag","embeddable":true,"href":"https:\/\/www.visit-ulcinj.com\/blog\/wp-json\/wp\/v2\/tags?post=79196"}],"curies":[{"name":"wp","href":"https:\/\/api.w.org\/{rel}","templated":true}]}}