{"id":79207,"date":"2014-02-03T15:02:42","date_gmt":"2014-02-03T14:02:42","guid":{"rendered":"http:\/\/www.visit-ulcinj.com\/blog\/?p=79207"},"modified":"2014-02-04T01:44:30","modified_gmt":"2014-02-04T00:44:30","slug":"nika-ja-qe-nuk-e-kam-mizen-nen-kesule","status":"publish","type":"post","link":"https:\/\/www.visit-ulcinj.com\/blog\/2014\/02\/03\/nika-ja-qe-nuk-e-kam-mizen-nen-kesule\/","title":{"rendered":"Nika: Ja q\u00eb nuk e kam miz\u00ebn n\u00ebn k\u00ebsul\u00eb&#8230;.?!!!"},"content":{"rendered":"<p><b><i>\u00a0<a href=\"http:\/\/www.visit-ulcinj.com\/blog\/wp-content\/uploads\/2013\/12\/Muhamet-Nika.jpg\"><img loading=\"lazy\" class=\"alignleft  wp-image-77361\" alt=\"Muhamet-Nika\" src=\"http:\/\/www.visit-ulcinj.com\/blog\/wp-content\/uploads\/2013\/12\/Muhamet-Nika.jpg\" width=\"350\" height=\"247\" \/><\/a>Shkruan: Muhamet\u00a0 Nika<\/i><\/b><\/p>\n<p><b><i>JA Q\u00cb NUK E KAM MIZ\u00cbN N\u00cbN K\u00cbSUL\u00cb&#8230;.?!!!<\/i><\/b><\/p>\n<p>Thuhet se p\u00ebr disa njer\u00ebz, syt\u00eb dhe vesh\u00ebt , jan\u00eb d\u00ebshmitar\u00eb t\u00eb k\u00ebqij, n\u00eb se mendjen nuk e kan\u00eb fisnike&#8230;Lidhur me disa akuza ,\u00a0 rreth\u00a0\u00a0 shkrimit\u00a0 t\u00eb fundit timin, n\u00eb lajmet nga Ulqini-\u201cDed\u00eb Gjo Luli je Ded\u00a0 Gjo Milo\u201d, si reagim n\u00eb nj\u00eb bejte, q\u00eb shp\u00ebrndau Gjylaver Avdiu, e cila\u00a0 po has n\u00eb disa reaksione, q\u00eb \u00a0b\u00ebhen, n\u00eb fejsbuk, \u00a0disa komprometuese, vendosa\u00a0 t\u00eb reagoj\u00eb pasi at\u00eb \u00a0nuk e p\u00ebrdor si faqe&#8230; Jam i vet\u00ebdijsh\u00ebm , q\u00eb\u00a0 , shumica e p\u00ebrdoruesve t\u00eb tij,\u00a0 Iu p\u00ebrtojn\u00eb\u00a0 shkrimeve t\u00eb gjata, p\u00ebr t\u00eb mos th\u00ebn\u00eb m\u00eb tep\u00ebr&#8230;?!!<\/p>\n<p>&nbsp;<\/p>\n<p><b><i>Fillimisht , rreth akuzave, \u00a0q\u00eb s\u2019b\u00ebj as p\u00ebr dele e as p\u00ebr politik\u00eb, se pengoj t\u00eb rinjt\u00eb, se i pari kam shkuar\u00a0 me DSPS&#8230;, se kam thye banes\u00eb&#8230;?!!! Deklaroj:<\/i><\/b><\/p>\n<p>N\u00eb se fillojm\u00eb, nga fundi, mbase edhe\u201d nuk ka t\u00eb keqe\u201d, q\u00eb isha i pari&#8230;.?!!! Sepse, vet\u00ebm mua, m\u00eb takoj, q\u00eb t\u00eb jem i pari,q\u00eb shkoi \u00a0n\u00eb burg, pas 81-shit, bashk\u00eb me Hajrudin Kova\u00e7in&#8230;.?!! T\u00eb tjer\u00ebt , ran\u00eb m\u00eb \u00a0pas, dhe p\u00ebr dallim, prej nesh, q\u00eb e mbajt\u00ebm burgun t\u00eb plot\u00eb, ata- tjer\u00ebt, nga Ulqini, shumica e tyre, nuk e mbajt\u00ebn deri n\u00eb fund&#8230;.?!!!\u00a0 Nd\u00ebrsa p\u00ebr at\u00eb , p\u00ebrse kalova i pari me DPS, them se nuk \u00ebsht\u00eb e v\u00ebrtet\u00eb!!! P\u00ebr , t\u00eb kuptuar, situat\u00ebn, le t\u2019i kthehemi t\u00eb tanishmes?&#8230; Pra, le t\u00eb , paramendojm\u00eb , psh,\u00a0 nj\u00eb koalicion,\u00a0 t\u00eb Forc\u00ebs dhe Partis\u00eb Demokratike t\u00eb arritur me shum\u00eb mund, pas bisedimeve t\u00eb gjata , q\u00eb b\u00ebhet, duke l\u00ebshuar pe UDHS- Mehmet Zenka&#8230;, por q\u00eb marr\u00ebveshja e arritur, zbatohet n\u00eb m\u00ebnyr\u00eb t\u00eb nj\u00eb anshme &#8230;?! Foca dhe Partia Demokratike,fjala bie, i em\u00ebrojn\u00eb , funksionar\u00ebt e vet, kurse Metit, edhe pas tet\u00eb muajve, nuk ia \u00a0lejojn\u00eb, t\u00eb em\u00ebroj\u00eb, njer\u00ebzit e tij&#8230; At\u00ebher\u00eb , Meti (le t\u00eb m\u00eb falin p\u00ebr k\u00ebt\u00eb krahasim&#8230;?!), u jep afat disa \u00a0mujor, dhe n\u00ebse , kriza nuk tejkalohet, t\u00eb shkohet n\u00eb zgjedhje me konsensus, duke mos kaluar , si u kalua, me taborin e Dps-it&#8230;At\u00eb her\u00eb, n\u00eb se, nj\u00ebri\u00a0 nga partner\u00ebt , nuk pranon zgjedhjet e ofruar, nga ai,sipas praktikave t\u00eb partive serioze, Meti, vendos , t\u00eb shkoj\u00eb, n\u00eb DPS- n\u00eb&#8230; T\u00eb gjith\u00eb besoj se Metin , n\u00eb k\u00ebt\u00eb rast, askush nuk mund ta akuzoj\u00eb. .?! K\u00ebshtu ndodhi edhe me mua. Bile, p\u00ebrjetuam , q\u00eb t\u00eb shpalleshim t\u00eb pa sistemuar, kurse\u00a0 mua,\u00a0 ma\u00a0 nd\u00ebrpren\u00eb edhe marr\u00ebdh\u00ebnien e pun\u00ebs, partner\u00ebt e koalicionit,\u00a0 t\u00eb cil\u00ebve \u00a0u b\u00ebja shumic\u00ebn?! Tjet\u00ebr, edhe kalimi , n\u00eb deps, ishte , jo koalicion , por shumic\u00eb , parlamentare, \u00a0d, m. th., p\u00ebr t\u00eb mos bllokuar pun\u00ebn e funksionimit t\u00eb pushtetit. \u00a0Se ishte k\u00ebshtu, opinioni, \u00a0pati rastin t\u00eb bindej, kur,opozita , l\u00ebshoi mbledhjen , kurse vet mbeta si kryetar\u00a0 me\u00a0 opozit\u00eb duke votuar\u00a0 pikat e saj. Ky \u00ebsht\u00eb rast unikat n\u00eb historin\u00eb e demokracis\u00eb&#8230; ?!<\/p>\n<p>&nbsp;<\/p>\n<p><b><i>Fotokopje e Marr\u00ebveshjes s\u00eb PPD, p\u00ebr qeverisje t\u00eb p\u00ebrkohshme , dhe shkuarje n\u00eb zgjedhje\u00a0 n\u00ebse nuk arrihet marr\u00ebveshja , q\u00eb prodhoi kriz\u00eb, n\u00eb vitin 2006&#8230;Shihet se vet\u00ebm lidhja d\u00ebshironte t\u00eb kusht\u00ebzonte.., p\u00ebr t\u00eb\u00a0 shkat\u00ebrruar PPD-n\u00eb. Bardhi nuk e hodhi n\u00ebnshkrimin , nga ku fillon tat\u00ebpjeta e k\u00ebtij subjekti&#8230;, po dhe\u00a0 e shqiptar\u00ebve- Un\u00eb vendosa ta \u00e7el\u00eb\u00a0 Kutin\u00eb e Pandor\u00ebs&#8230;.?!!! Dhe nuk jam penduar- Kuvendi dhe ekzekutivi, funksionoi,\u00e7ka nuk ngjau\u00a0 me 2 kryetar\u00ebt e m\u00eb parsh\u00ebm, po as nga dy t\u00eb tjer\u00ebt q\u00eb m\u00eb pasuan n\u00eb funksion. Un\u00eb, n\u00eb pun\u00ebn time isha i nd\u00ebrvarur, e jo i pavarur&#8230;?!!!<\/i><\/b><\/p>\n<p>&nbsp;<\/p>\n<p>S\u00eb dyti, kur \u00ebsht\u00eb fjala , t\u00eb l\u00ebshimi i rrug\u00ebs , ndaj \u00a0t\u00eb rinjve, po ceki, q\u00eb tash 2 zgjedhje lokale e nj\u00eb parlamentare, nuk jam duke u dukur n\u00eb fushat\u00eb haptas, as q\u00eb turrem , p\u00ebr n\u00eb krye t\u00eb list\u00ebs e as \u00a0n\u00eb te fare,sepse, mendoj , q\u00eb v\u00ebrtet\u00eb duhet, tu japim shansin, ..?!! Me gjith\u00eb at\u00eb, ky\u00e7ja direkt n\u00eb politik\u00eb, \u00a0e tyre, me disa p\u00ebrjashtime, nuk \u00ebsht\u00eb treguar e suksesshme dhe nuk \u00ebsht\u00eb , tentativ\u00eb e re n\u00eb bot\u00ebn shqiptare. Qysh, n\u00eb koh\u00ebn e mbretit Zog, \u00ebsht\u00eb sh\u00ebnuar, se u formua, nj\u00eb organizat\u00eb ilegale ekstreme , e cila, kalimin e kriz\u00ebs s\u00eb at\u00ebhershme shqiptare, e shihte te asgj\u00ebsimi i klas\u00ebs s\u00eb vjet\u00ebr politike, dhe tentuan t\u00eb hedhin , me nj\u00eb rast, t\u00eb gjith\u00eb parlamentin\u00a0 shqiptar \u00a0n\u00eb er\u00eb por u zbuluan. Kurse,\u00a0 n\u00eb se i referohemi, per\u00ebndimit, n\u00eb Zvic\u00ebr , fjala bie, ministrat, zgjidhen nga radh\u00ebt e deputet\u00ebve, t\u00eb cil\u00ebt atje, ishin disa mandate&#8230;Kjo tez\u00eb,\u00a0 si edhe ajo, \u201cnj\u00eb njeri nj\u00eb funksion\u201d iu sh\u00ebrbeu, disa partive, q\u00eb t\u00eb akuzojn\u00eb Bardhin , p\u00ebr monopol, por t\u00eb gjith\u00eb ,kur erdh\u00ebn n\u00eb funksione, vepruan ngjash\u00ebm&#8230;?! Andaj , do t\u00eb duhej t\u2019i k\u00ebrkonin falje n\u00eb k\u00ebt\u00eb adres\u00eb.<\/p>\n<p>Sa p\u00ebr , at\u00eb q\u00eb , s\u2019b\u00ebj\u00a0 as p\u00ebr dele e jo m\u00eb p\u00ebr politik\u00eb&#8230; Ceki, se mua nuk m\u00eb fyen as profesioni i bariut, p\u00ebr opinion po ceki, q\u00eb n\u00eb rinin\u00eb time t\u00eb hershme, si fillorist, dhe gjimnazist, jo vet\u00ebm q\u00eb kam ruajtur delet, \u00a0por , edhe dhit\u00eb, pra dy par\u00eb \u00a0nj\u00eb koh\u00ebsisht &#8230;., kuptohet, \u00a0duke mos pasur, fare problem , n\u00eb\u00a0 harmonizimin e \u201c mallimit-drejtimit t\u00eb\u00a0 tyre\u201d, dhe fal\u00eb k\u00ebsaj, nga barinjt\u00eb e moshuar, m\u00ebsova, p\u00ebr at\u00eb , metafor\u00ebn popullore: \u201c\u00c7ka i tha dhija\u00a0 deles\u201d&#8230;?! Edhe shum\u00eb veta t\u00eb facebookut,po harrojn\u00eb \u201c senin e dhis\u00eb\u201d duke\u00a0 akuzuar vet\u00ebm del\u00ebt*delen)&#8230;?!!! Th\u00ebn\u00eb , t\u00eb v\u00ebrtet\u00ebn, jeta e bariut, m\u00eb ka \u00a0m\u00ebsuar, \u00a0se si organizohen fushatat, me nj\u00eb pjes\u00eb t\u00eb njer\u00ebzve, t\u00eb cil\u00ebt , reagojn\u00eb si dhit\u00eb\u00a0 q\u00eb ruaja &#8230;?!\u00a0 po them , q\u00eb kur i \u201cndillesha dhe u qitsha , kollomoq, m\u00eb d\u00ebgjonin, dhe zbritnin nga mali, e kur\u00a0 ndodhte t\u2019i mashtroja, m\u00eb nuk m\u00eb vinin..\u201d K\u00ebshtu, ndodhi, po duket, edhe me nj\u00eb pjes\u00eb t\u00eb \u00a0elektoratit t\u00eb\u00a0 disa partive edhe gjat\u00eb k\u00ebsaj \u00a0fushate..?!! Partit\u00eb , shqiptare, n\u00eb munges\u00eb t\u00eb parave(kollomoqit), shkuan , para popullit, me duar bosh dhe u kthyen , pothuajse \u00a0me duar bosh&#8230;Kurse, DPS, ish p\u00ebrgatit , \u201cme xhepa gati\u00a0\u00a0 plot\u201ddhe e\u00a0 rriti\u201d numrin e votave , gati si dikur n\u00eb 98 e 2008.., me Hajdinag\u00ebn?!!<\/p>\n<p><b><i>Akuza q\u00eb paskam thye banes\u00ebn&#8230;?!!!<\/i><\/b><\/p>\n<p>N\u00eb fillim,ceki se, qysh me 16.09.2003, si pun\u00ebtor i Komun\u00ebs s\u00eb Ulqinit, i jam\u00a0 drejtuar, komisionit, p\u00ebr \u00e7\u00ebshtje banesore,\u00a0 n\u00eb baz\u00eb t\u00eb ligjit, p\u00ebr t\u00eb pun\u00ebsuarit, t\u00eb m\u00eb ndaj\u00eb nj\u00eb banes\u00eb ose truall nd\u00ebrtimor&#8230; K\u00ebrkesa ime dhe e t\u00eb\u00a0 pun\u00ebsuarve tjer\u00eb, asnj\u00ebher\u00eb nuk\u00a0 \u00a0\u00a0u trajtua&#8230;?!!! Po shtoj edhe k\u00ebt\u00eb, se\u00a0 kam d\u00ebgjuar, se pushteti demokratik i komun\u00ebs(pas viteve90), nga fondi i banesave\u00a0 p\u00ebr pun\u00ebtor t\u00eb vet, u\u00a0 pat\u00a0 ndar\u00eb banesa edhe do polic\u00ebve- n\u00eb m\u00ebnyr\u00eb t\u00eb paligjshme, t\u00eb cil\u00ebt,me em\u00ebr e mbiem\u00ebr, mjerisht, jan\u00eb \u00a0heronj t\u00eb s\u00eb keqes, n\u00eb shkrimet e mija t\u00eb publikuar, n\u00eb faqen\u201d ULQINI ON LINE\u201d- rubrika histori&#8230;.????!!!!!<\/p>\n<p><a href=\"http:\/\/www.visit-ulcinj.com\/blog\/wp-content\/uploads\/2014\/02\/Mareveshje-e-koalicionit-Ulqin.jpg\"><img loading=\"lazy\" class=\"alignleft  wp-image-79208\" alt=\"Mareveshje-e-koalicionit-Ulqin\" src=\"http:\/\/www.visit-ulcinj.com\/blog\/wp-content\/uploads\/2014\/02\/Mareveshje-e-koalicionit-Ulqin.jpg\" width=\"508\" height=\"599\" \/><\/a><\/p>\n<p>Dy gj\u00ebra, mund t\u00eb garantoj, n\u00eb k\u00ebt\u00eb moment, q\u00eb banesa , p\u00ebr t\u00eb cil\u00ebn , merakosen disa, edhe shok\u00ebt e tyre&#8230;., deri sa isha kryetar kuvendi , k\u00ebrkuan , t\u00eb dinin , fondin e banesave t\u00eb komun\u00ebs, dhe kush i shfryt\u00ebzon&#8230;. Nga p\u00ebrgjigja u bind\u00ebn, se banesa , n\u00eb fjal\u00eb, ishte, (a\/a , n\u00eb kadast\u00ebr , pron\u00eb e komunes&#8230;?!!! Dhe dy, ai q\u00eb pyeti, bashk\u00eb me\u00a0 k\u00ebta , t\u00eb facebookut, edhe pse kan\u00eb lindur, jan\u00eb rritur dhe do t\u00eb vdesin n\u00eb Ulqin&#8230;, asnj\u00ebher\u00eb nuk kan\u00eb shkuar , \u00a0dhe as q\u00eb do t\u00eb shkojn\u00eb, n\u00eb k\u00ebt\u00eb lagje, \u00e7ka edhe nuk iu d\u00ebshiroj&#8230;?!!! Kam\u00a0 lexuar, koh\u00ebve , t\u00eb fundit, q\u00eb n\u00eb Holand\u00eb, nj\u00eb kandidat p\u00ebr kryetar komune, kish preferuar, q\u00eb n\u00eb fushat\u00eb, t\u00eb shkoj\u00eb n\u00eb nj\u00eb lagje t\u00eb till\u00eb t\u00eb te farf\u00ebrve &#8230;, dhe kishte q\u00ebndruar e fjetur, te nj\u00ebri, vet\u00ebm nj\u00eb nat\u00eb, me rom\u00ebt, e kjo , i ishte llogaritur, si avantazh, p\u00ebr tu votuar , n\u00eb zgjedhje&#8230;?! Paramendo, sikur do ta b\u00ebnin , k\u00ebt\u00eb, k\u00ebta \u00a0tan\u00ebt&#8230;?!<\/p>\n<p>Puna me dele, dhe jeta n\u00eb burg me kriminel\u00ebt\u00a0 e Gangsrterat\u00a0 e n\u00ebntok\u00ebs, m\u00eb kan\u00eb b\u00ebr\u00eb, t\u00eb kuptoj m\u00eb mir\u00eb njer\u00ebzit e sidomos\u00a0 edhe disa nga\u00a0 partiak\u00ebt e\u00a0 pushtetar\u00ebt..?!V\u00ebrtet\u00eb uroj, q\u00eb ndonj\u00ebri, syresh, t\u00eb mos p\u00ebrfundoj\u00eb atje, kurse , sipas p\u00ebrvoj\u00ebs sime, shumica, nga ata, jan\u00eb kandidat\u00eb potencial&#8230; \u00a0Nd\u00ebrsa n\u00eb fund, po shtoj, q\u00eb n\u00eb kuvend, ka mbet, e sh\u00ebnuar, t\u00eb kem th\u00ebn\u00eb,me mburrje, para tyre,\u00a0 se , un\u00eb jam: \u201cVan\u00a0 Gupa, Van Dupa, i Van Mupa\u00a0 \u201d&#8230;Gjith\u00eb k\u00ebt\u00eb,\u00a0 \u00a0do t\u2019iu, kisha d\u00ebshiruar edhe t\u00eb tjer\u00ebve t\u00eb politik\u00ebs&#8230;?!!!Un\u00eb edhe sot, po e p\u00ebrs\u00ebris at\u00eb q\u00eb kam th\u00ebn\u00eb n\u00eb nj\u00eb rast tjet\u00ebr, se: \u201cMund t\u2019i kthej xhepat mbrapsht, p\u00ebr t\u00eb tjer\u00ebt nuk di dhe nuk jam i penduar, kuptohet bashk\u00eb me familjen time, t\u00eb cil\u00ebn, mundohem ta\u00a0 \u00a0edukoj\u00eb\u00a0 duke \u00a0i thirr, \u00a0t\u00eb zgjedhin modestin\u00eb&#8230;., n\u00eb vend\u00a0 t\u00eb d\u00ebshirave bizare \u00a0q\u00eb shquajn\u00eb\u00a0 disa&#8230;.?!!! N\u00ebse\u00a0 k\u00ebto t\u00eb fejsbukut, kan\u00eb dilema e pyetje tjera, m\u00eb tregoni, dhe do\u00a0 tu jem mir\u00ebnjoh\u00ebs&#8230;.<\/p>\n<p><b><i>Noli thoshte : Haptas, haptas.., le t\u00eb dal\u00eb \u00a0n\u00eb shesh, djal\u00eb bardha dhe djal\u00eb zeza&#8230;?!<\/i><\/b><b><i><\/i><\/b><\/p>\n","protected":false},"excerpt":{"rendered":"<p>\u00a0Shkruan: Muhamet\u00a0 Nika JA Q\u00cb NUK E KAM MIZ\u00cbN N\u00cbN K\u00cbSUL\u00cb&#8230;.?!!! Thuhet se p\u00ebr disa njer\u00ebz, syt\u00eb dhe vesh\u00ebt , jan\u00eb d\u00ebshmitar\u00eb t\u00eb k\u00ebqij, n\u00eb se mendjen nuk e kan\u00eb fisnike&#8230;Lidhur me disa akuza ,\u00a0 rreth\u00a0\u00a0 shkrimit\u00a0 t\u00eb fundit timin, n\u00eb lajmet nga Ulqini-\u201cDed\u00eb Gjo Luli je Ded\u00a0 Gjo Milo\u201d, si reagim n\u00eb nj\u00eb bejte, [&hellip;]<\/p>\n","protected":false},"author":1,"featured_media":0,"comment_status":"closed","ping_status":"closed","sticky":false,"template":"","format":"standard","meta":{"spay_email":"","jetpack_publicize_message":"","jetpack_is_tweetstorm":false,"jetpack_publicize_feature_enabled":true},"categories":[1,14249],"tags":[],"jetpack_publicize_connections":[],"yoast_head":"<!-- This site is optimized with the Yoast SEO plugin v19.1 - https:\/\/yoast.com\/wordpress\/plugins\/seo\/ -->\n<title>Nika: Ja q\u00eb nuk e kam miz\u00ebn n\u00ebn k\u00ebsul\u00eb....?!!! - Lajme nga Ulqini<\/title>\n<meta name=\"description\" content=\"\u00a0Shkruan: Muhamet\u00a0 Nika JA Q\u00cb NUK E KAM MIZ\u00cbN N\u00cbN K\u00cbSUL\u00cb....?!!! Thuhet se p\u00ebr disa njer\u00ebz, syt\u00eb dhe vesh\u00ebt , jan\u00eb d\u00ebshmitar\u00eb t\u00eb k\u00ebqij, n\u00eb se mendjen nuk\" \/>\n<meta name=\"robots\" content=\"index, follow, max-snippet:-1, max-image-preview:large, max-video-preview:-1\" \/>\n<link rel=\"canonical\" href=\"https:\/\/www.visit-ulcinj.com\/blog\/2014\/02\/03\/nika-ja-qe-nuk-e-kam-mizen-nen-kesule\/\" \/>\n<meta property=\"og:locale\" content=\"en_US\" \/>\n<meta property=\"og:type\" content=\"article\" \/>\n<meta property=\"og:title\" content=\"Nika: Ja q\u00eb nuk e kam miz\u00ebn n\u00ebn k\u00ebsul\u00eb....?!!! - Lajme nga Ulqini\" \/>\n<meta property=\"og:description\" content=\"\u00a0Shkruan: Muhamet\u00a0 Nika JA Q\u00cb NUK E KAM MIZ\u00cbN N\u00cbN K\u00cbSUL\u00cb....?!!! Thuhet se p\u00ebr disa njer\u00ebz, syt\u00eb dhe vesh\u00ebt , jan\u00eb d\u00ebshmitar\u00eb t\u00eb k\u00ebqij, n\u00eb se mendjen nuk\" \/>\n<meta property=\"og:url\" content=\"https:\/\/www.visit-ulcinj.com\/blog\/2014\/02\/03\/nika-ja-qe-nuk-e-kam-mizen-nen-kesule\/\" \/>\n<meta property=\"og:site_name\" content=\"Lajme nga Ulqini\" \/>\n<meta property=\"article:published_time\" content=\"2014-02-03T14:02:42+00:00\" \/>\n<meta property=\"article:modified_time\" content=\"2014-02-04T00:44:30+00:00\" \/>\n<meta property=\"og:image\" content=\"http:\/\/www.visit-ulcinj.com\/blog\/wp-content\/uploads\/2013\/12\/Muhamet-Nika.jpg\" \/>\n<meta name=\"twitter:label1\" content=\"Written by\" \/>\n\t<meta name=\"twitter:data1\" content=\"ulqini\" \/>\n\t<meta name=\"twitter:label2\" content=\"Est. reading time\" \/>\n\t<meta name=\"twitter:data2\" content=\"8 minutes\" \/>\n<script type=\"application\/ld+json\" class=\"yoast-schema-graph\">{\"@context\":\"https:\/\/schema.org\",\"@graph\":[{\"@type\":\"WebSite\",\"@id\":\"https:\/\/www.visit-ulcinj.com\/blog\/#website\",\"url\":\"https:\/\/www.visit-ulcinj.com\/blog\/\",\"name\":\"Lajme nga Ulqini\",\"description\":\"Lajme,Vijesti,Ulqini,Ulqin,Crna Gora,Mali i Zi\",\"potentialAction\":[{\"@type\":\"SearchAction\",\"target\":{\"@type\":\"EntryPoint\",\"urlTemplate\":\"https:\/\/www.visit-ulcinj.com\/blog\/?s={search_term_string}\"},\"query-input\":\"required name=search_term_string\"}],\"inLanguage\":\"en-US\"},{\"@type\":\"ImageObject\",\"inLanguage\":\"en-US\",\"@id\":\"https:\/\/www.visit-ulcinj.com\/blog\/2014\/02\/03\/nika-ja-qe-nuk-e-kam-mizen-nen-kesule\/#primaryimage\",\"url\":\"https:\/\/www.visit-ulcinj.com\/blog\/wp-content\/uploads\/2013\/12\/Muhamet-Nika.jpg\",\"contentUrl\":\"https:\/\/www.visit-ulcinj.com\/blog\/wp-content\/uploads\/2013\/12\/Muhamet-Nika.jpg\",\"width\":389,\"height\":247},{\"@type\":\"WebPage\",\"@id\":\"https:\/\/www.visit-ulcinj.com\/blog\/2014\/02\/03\/nika-ja-qe-nuk-e-kam-mizen-nen-kesule\/#webpage\",\"url\":\"https:\/\/www.visit-ulcinj.com\/blog\/2014\/02\/03\/nika-ja-qe-nuk-e-kam-mizen-nen-kesule\/\",\"name\":\"Nika: Ja q\u00eb nuk e kam miz\u00ebn n\u00ebn k\u00ebsul\u00eb....?!!! - Lajme nga Ulqini\",\"isPartOf\":{\"@id\":\"https:\/\/www.visit-ulcinj.com\/blog\/#website\"},\"primaryImageOfPage\":{\"@id\":\"https:\/\/www.visit-ulcinj.com\/blog\/2014\/02\/03\/nika-ja-qe-nuk-e-kam-mizen-nen-kesule\/#primaryimage\"},\"datePublished\":\"2014-02-03T14:02:42+00:00\",\"dateModified\":\"2014-02-04T00:44:30+00:00\",\"author\":{\"@id\":\"https:\/\/www.visit-ulcinj.com\/blog\/#\/schema\/person\/dcab619c614d3038751c63bc2aadc06d\"},\"description\":\"\u00a0Shkruan: Muhamet\u00a0 Nika JA Q\u00cb NUK E KAM MIZ\u00cbN N\u00cbN K\u00cbSUL\u00cb....?!!! Thuhet se p\u00ebr disa njer\u00ebz, syt\u00eb dhe vesh\u00ebt , jan\u00eb d\u00ebshmitar\u00eb t\u00eb k\u00ebqij, n\u00eb se mendjen nuk\",\"breadcrumb\":{\"@id\":\"https:\/\/www.visit-ulcinj.com\/blog\/2014\/02\/03\/nika-ja-qe-nuk-e-kam-mizen-nen-kesule\/#breadcrumb\"},\"inLanguage\":\"en-US\",\"potentialAction\":[{\"@type\":\"ReadAction\",\"target\":[\"https:\/\/www.visit-ulcinj.com\/blog\/2014\/02\/03\/nika-ja-qe-nuk-e-kam-mizen-nen-kesule\/\"]}]},{\"@type\":\"BreadcrumbList\",\"@id\":\"https:\/\/www.visit-ulcinj.com\/blog\/2014\/02\/03\/nika-ja-qe-nuk-e-kam-mizen-nen-kesule\/#breadcrumb\",\"itemListElement\":[{\"@type\":\"ListItem\",\"position\":1,\"name\":\"Nika: Ja q\u00eb nuk e kam miz\u00ebn n\u00ebn k\u00ebsul\u00eb&#8230;.?!!!\"}]},{\"@type\":\"Person\",\"@id\":\"https:\/\/www.visit-ulcinj.com\/blog\/#\/schema\/person\/dcab619c614d3038751c63bc2aadc06d\",\"name\":\"ulqini\",\"sameAs\":[\"http:\/\/www.visit-ulcinj.com\"],\"url\":\"https:\/\/www.visit-ulcinj.com\/blog\/author\/admin\/\"}]}<\/script>\n<!-- \/ Yoast SEO plugin. -->","yoast_head_json":{"title":"Nika: Ja q\u00eb nuk e kam miz\u00ebn n\u00ebn k\u00ebsul\u00eb....?!!! - Lajme nga Ulqini","description":"\u00a0Shkruan: Muhamet\u00a0 Nika JA Q\u00cb NUK E KAM MIZ\u00cbN N\u00cbN K\u00cbSUL\u00cb....?!!! Thuhet se p\u00ebr disa njer\u00ebz, syt\u00eb dhe vesh\u00ebt , jan\u00eb d\u00ebshmitar\u00eb t\u00eb k\u00ebqij, n\u00eb se mendjen nuk","robots":{"index":"index","follow":"follow","max-snippet":"max-snippet:-1","max-image-preview":"max-image-preview:large","max-video-preview":"max-video-preview:-1"},"canonical":"https:\/\/www.visit-ulcinj.com\/blog\/2014\/02\/03\/nika-ja-qe-nuk-e-kam-mizen-nen-kesule\/","og_locale":"en_US","og_type":"article","og_title":"Nika: Ja q\u00eb nuk e kam miz\u00ebn n\u00ebn k\u00ebsul\u00eb....?!!! - Lajme nga Ulqini","og_description":"\u00a0Shkruan: Muhamet\u00a0 Nika JA Q\u00cb NUK E KAM MIZ\u00cbN N\u00cbN K\u00cbSUL\u00cb....?!!! Thuhet se p\u00ebr disa njer\u00ebz, syt\u00eb dhe vesh\u00ebt , jan\u00eb d\u00ebshmitar\u00eb t\u00eb k\u00ebqij, n\u00eb se mendjen nuk","og_url":"https:\/\/www.visit-ulcinj.com\/blog\/2014\/02\/03\/nika-ja-qe-nuk-e-kam-mizen-nen-kesule\/","og_site_name":"Lajme nga Ulqini","article_published_time":"2014-02-03T14:02:42+00:00","article_modified_time":"2014-02-04T00:44:30+00:00","og_image":[{"url":"http:\/\/www.visit-ulcinj.com\/blog\/wp-content\/uploads\/2013\/12\/Muhamet-Nika.jpg"}],"twitter_misc":{"Written by":"ulqini","Est. reading time":"8 minutes"},"schema":{"@context":"https:\/\/schema.org","@graph":[{"@type":"WebSite","@id":"https:\/\/www.visit-ulcinj.com\/blog\/#website","url":"https:\/\/www.visit-ulcinj.com\/blog\/","name":"Lajme nga Ulqini","description":"Lajme,Vijesti,Ulqini,Ulqin,Crna Gora,Mali i Zi","potentialAction":[{"@type":"SearchAction","target":{"@type":"EntryPoint","urlTemplate":"https:\/\/www.visit-ulcinj.com\/blog\/?s={search_term_string}"},"query-input":"required name=search_term_string"}],"inLanguage":"en-US"},{"@type":"ImageObject","inLanguage":"en-US","@id":"https:\/\/www.visit-ulcinj.com\/blog\/2014\/02\/03\/nika-ja-qe-nuk-e-kam-mizen-nen-kesule\/#primaryimage","url":"https:\/\/www.visit-ulcinj.com\/blog\/wp-content\/uploads\/2013\/12\/Muhamet-Nika.jpg","contentUrl":"https:\/\/www.visit-ulcinj.com\/blog\/wp-content\/uploads\/2013\/12\/Muhamet-Nika.jpg","width":389,"height":247},{"@type":"WebPage","@id":"https:\/\/www.visit-ulcinj.com\/blog\/2014\/02\/03\/nika-ja-qe-nuk-e-kam-mizen-nen-kesule\/#webpage","url":"https:\/\/www.visit-ulcinj.com\/blog\/2014\/02\/03\/nika-ja-qe-nuk-e-kam-mizen-nen-kesule\/","name":"Nika: Ja q\u00eb nuk e kam miz\u00ebn n\u00ebn k\u00ebsul\u00eb....?!!! - Lajme nga Ulqini","isPartOf":{"@id":"https:\/\/www.visit-ulcinj.com\/blog\/#website"},"primaryImageOfPage":{"@id":"https:\/\/www.visit-ulcinj.com\/blog\/2014\/02\/03\/nika-ja-qe-nuk-e-kam-mizen-nen-kesule\/#primaryimage"},"datePublished":"2014-02-03T14:02:42+00:00","dateModified":"2014-02-04T00:44:30+00:00","author":{"@id":"https:\/\/www.visit-ulcinj.com\/blog\/#\/schema\/person\/dcab619c614d3038751c63bc2aadc06d"},"description":"\u00a0Shkruan: Muhamet\u00a0 Nika JA Q\u00cb NUK E KAM MIZ\u00cbN N\u00cbN K\u00cbSUL\u00cb....?!!! Thuhet se p\u00ebr disa njer\u00ebz, syt\u00eb dhe vesh\u00ebt , jan\u00eb d\u00ebshmitar\u00eb t\u00eb k\u00ebqij, n\u00eb se mendjen nuk","breadcrumb":{"@id":"https:\/\/www.visit-ulcinj.com\/blog\/2014\/02\/03\/nika-ja-qe-nuk-e-kam-mizen-nen-kesule\/#breadcrumb"},"inLanguage":"en-US","potentialAction":[{"@type":"ReadAction","target":["https:\/\/www.visit-ulcinj.com\/blog\/2014\/02\/03\/nika-ja-qe-nuk-e-kam-mizen-nen-kesule\/"]}]},{"@type":"BreadcrumbList","@id":"https:\/\/www.visit-ulcinj.com\/blog\/2014\/02\/03\/nika-ja-qe-nuk-e-kam-mizen-nen-kesule\/#breadcrumb","itemListElement":[{"@type":"ListItem","position":1,"name":"Nika: Ja q\u00eb nuk e kam miz\u00ebn n\u00ebn k\u00ebsul\u00eb&#8230;.?!!!"}]},{"@type":"Person","@id":"https:\/\/www.visit-ulcinj.com\/blog\/#\/schema\/person\/dcab619c614d3038751c63bc2aadc06d","name":"ulqini","sameAs":["http:\/\/www.visit-ulcinj.com"],"url":"https:\/\/www.visit-ulcinj.com\/blog\/author\/admin\/"}]}},"jetpack_featured_media_url":"","jetpack_sharing_enabled":true,"jetpack_shortlink":"https:\/\/wp.me\/pe6lTn-kBx","_links":{"self":[{"href":"https:\/\/www.visit-ulcinj.com\/blog\/wp-json\/wp\/v2\/posts\/79207"}],"collection":[{"href":"https:\/\/www.visit-ulcinj.com\/blog\/wp-json\/wp\/v2\/posts"}],"about":[{"href":"https:\/\/www.visit-ulcinj.com\/blog\/wp-json\/wp\/v2\/types\/post"}],"author":[{"embeddable":true,"href":"https:\/\/www.visit-ulcinj.com\/blog\/wp-json\/wp\/v2\/users\/1"}],"replies":[{"embeddable":true,"href":"https:\/\/www.visit-ulcinj.com\/blog\/wp-json\/wp\/v2\/comments?post=79207"}],"version-history":[{"count":2,"href":"https:\/\/www.visit-ulcinj.com\/blog\/wp-json\/wp\/v2\/posts\/79207\/revisions"}],"predecessor-version":[{"id":79210,"href":"https:\/\/www.visit-ulcinj.com\/blog\/wp-json\/wp\/v2\/posts\/79207\/revisions\/79210"}],"wp:attachment":[{"href":"https:\/\/www.visit-ulcinj.com\/blog\/wp-json\/wp\/v2\/media?parent=79207"}],"wp:term":[{"taxonomy":"category","embeddable":true,"href":"https:\/\/www.visit-ulcinj.com\/blog\/wp-json\/wp\/v2\/categories?post=79207"},{"taxonomy":"post_tag","embeddable":true,"href":"https:\/\/www.visit-ulcinj.com\/blog\/wp-json\/wp\/v2\/tags?post=79207"}],"curies":[{"name":"wp","href":"https:\/\/api.w.org\/{rel}","templated":true}]}}