{"id":79214,"date":"2014-02-03T15:47:04","date_gmt":"2014-02-03T14:47:04","guid":{"rendered":"http:\/\/www.visit-ulcinj.com\/blog\/?p=79214"},"modified":"2014-02-03T15:47:04","modified_gmt":"2014-02-03T14:47:04","slug":"nrekic-dps-blizu-dogovora-o-koaliciji","status":"publish","type":"post","link":"https:\/\/www.visit-ulcinj.com\/blog\/2014\/02\/03\/nrekic-dps-blizu-dogovora-o-koaliciji\/","title":{"rendered":"Nrekic: DPS blizu dogovora o koaliciji"},"content":{"rendered":"<p><strong><a href=\"http:\/\/www.visit-ulcinj.com\/blog\/wp-content\/uploads\/2014\/01\/Loro-Nrekic-Ulcinj.jpg\"><img loading=\"lazy\" class=\"alignleft size-full wp-image-77997\" alt=\"Loro -Nrekic-Ulcinj\" src=\"http:\/\/www.visit-ulcinj.com\/blog\/wp-content\/uploads\/2014\/01\/Loro-Nrekic-Ulcinj.jpg\" width=\"300\" height=\"400\" srcset=\"https:\/\/www.visit-ulcinj.com\/blog\/wp-content\/uploads\/2014\/01\/Loro-Nrekic-Ulcinj.jpg 300w, https:\/\/www.visit-ulcinj.com\/blog\/wp-content\/uploads\/2014\/01\/Loro-Nrekic-Ulcinj-225x300.jpg 225w\" sizes=\"(max-width: 300px) 100vw, 300px\" \/><\/a>Vlast u Ulcinju ne mo\u017ee se formirati bez Demokratske partije socijalista (DPS), a trenutno je najrealnija postizborna saradnja sa Koalicijom Zajedno za budu\u0107nost Ulcinja, Socijaldemokratskom partijom i Demokratskom unijom Albanaca (DUA), kazao je portalu RTCG, \u010delnik lokalnog DPS-a, Ljoro Nreki\u0107.<\/strong><\/p>\n<p>On je kazao da je razgovarao sa svim koalicionim partnerima DPS-a na dr\u017eavnom nivou, dodaju\u0107i da \u0107e se danas sastati i sa predstavnikom Koalicije za budu\u0107nost Ulcinja, Fatmirom \u0110ekom.<\/p>\n<p>Nreki\u0107 je podsjetio da je lider Force, Nazif Cungu, pozvao sve albanske partije da naprave postizbornu koaliciju sa njegovom partijom, ali se, prema rije\u010dima, Nreki\u0107a na taj poziv jo\u0161 niko nije odazvao.<\/p>\n<p>On smatra da poziv Cungua ne\u0107e uticati na \u010dinjenicu da DPS formira vlast u Ulcinju.<\/p>\n<p>\u201eDPS nije ispao iz igre, ve\u0107 \u0107e ispasti oni koji su uputili poziv albanskim strankama. Pregovaramo dobro sa albanskim strankama i SDP-om, a jo\u0161 nije ni\u0161ta zavr\u0161eno, jer \u0107e se sve staviti na papir narednih dana\u201c, precizirao je Nreki\u0107.<\/p>\n<p>On je rekao da je ubije\u0111en da se bez DPS-a\u00a0 ne mo\u017ee napraviti vlast u Ulcinju.<\/p>\n<p>\u201eIpak ne treba iznevjeriti Ulcinjane koji su najvi\u0161e dali glasova DPS-u, jer je gra\u0111anska opcija nadvladala i te stranke su dobile vi\u0161e glasova od albanskih stranaka\u201c, naveo je Nreki\u0107.<\/p>\n<p>Prema njegovim rije\u010dima, narednih dana bi\u0107e sve poznato.<\/p>\n<p>\u201eNa dobrom smo putu da realizujemo planirane projekte i da opravdamo povjerenje gra\u0111ana koji su glasali za nas\u201c, poru\u010dio je Nreki\u0107.<\/p>\n<p>Na\u00a0lokalnim izborima u Ulcinju odr\u017eanim 26. januara DPS je osvojio devet mandata, Forca osam, koalicija Zajedno za budu\u0107nost Ulcinja koju \u010dine Demokratska partija-Demokratski savez i Perspektiva sedam, Demokratska unija Albanaca tri, Socijaldemokratska partija se dva, Pozitivna Crna Gora dva, Socijalisti\u010dka narodna partija i Demokratski front po jedan.<\/p>\n<p>Vlast u Ulcinju ne mo\u017ee se formirati bez Demokratske partije socijalista (DPS), a trenutno je najrealnija postizborna saradnja sa Koalicijom Zajedno za budu\u0107nost Ulcinja, Socijaldemokratskom partijom i Demokratskom unijom Albanaca (DUA), kazao je portalu RTCG, \u010delnik lokalnog DPS-a, Ljoro Nreki\u0107.<\/p>\n<p>On je kazao da je razgovarao sa svim koalicionim partnerima DPS-a na dr\u017eavnom nivou, dodaju\u0107i da \u0107e se danas sastati i sa predstavnikom Koalicije za budu\u0107nost Ulcinja, Fatmirom \u0110ekom.<\/p>\n<p>Nreki\u0107 je podsjetio da je lider Force, Nazif Cungu, pozvao sve albanske partije da naprave postizbornu koaliciju sa njegovom partijom, ali se, prema rije\u010dima, Nreki\u0107a na taj poziv jo\u0161 niko nije odazvao.<\/p>\n<p>On smatra da poziv Cungua ne\u0107e uticati na \u010dinjenicu da DPS formira vlast u Ulcinju.<\/p>\n<p>\u201eDPS nije ispao iz igre, ve\u0107 \u0107e ispasti oni koji su uputili poziv albanskim strankama. Pregovaramo dobro sa albanskim strankama i SDP-om, a jo\u0161 nije ni\u0161ta zavr\u0161eno, jer \u0107e se sve staviti na papir narednih dana\u201c, precizirao je Nreki\u0107.<\/p>\n<p>On je rekao da je ubije\u0111en da se bez DPS-a\u00a0 ne mo\u017ee napraviti vlast u Ulcinju.<\/p>\n<p>\u201eIpak ne treba iznevjeriti Ulcinjane koji su najvi\u0161e dali glasova DPS-u, jer je gra\u0111anska opcija nadvladala i te stranke su dobile vi\u0161e glasova od albanskih stranaka\u201c, naveo je Nreki\u0107.<\/p>\n<p>Prema njegovim rije\u010dima, narednih dana bi\u0107e sve poznato.<\/p>\n<p>\u201eNa dobrom smo putu da realizujemo planirane projekte i da opravdamo povjerenje gra\u0111ana koji su glasali za nas\u201c, poru\u010dio je Nreki\u0107.<\/p>\n<p>Na\u00a0lokalnim izborima u Ulcinju odr\u017eanim 26. januara DPS je osvojio devet mandata, Forca osam, koalicija Zajedno za budu\u0107nost Ulcinja koju \u010dine Demokratska partija-Demokratski savez i Perspektiva sedam, Demokratska unija Albanaca tri, Socijaldemokratska partija se dva, Pozitivna Crna Gora dva, Socijalisti\u010dka narodna partija i Demokratski front po jedan.<\/p>\n<p><strong>B. Vi\u0161nji\u0107<\/strong><\/p>\n<p><strong>Izvor: RTCG<\/strong><\/p>\n<p>&nbsp;<\/p>\n","protected":false},"excerpt":{"rendered":"<p>Vlast u Ulcinju ne mo\u017ee se formirati bez Demokratske partije socijalista (DPS), a trenutno je najrealnija postizborna saradnja sa Koalicijom Zajedno za budu\u0107nost Ulcinja, Socijaldemokratskom partijom i Demokratskom unijom Albanaca (DUA), kazao je portalu RTCG, \u010delnik lokalnog DPS-a, Ljoro Nreki\u0107. On je kazao da je razgovarao sa svim koalicionim partnerima DPS-a na dr\u017eavnom nivou, dodaju\u0107i [&hellip;]<\/p>\n","protected":false},"author":1,"featured_media":0,"comment_status":"closed","ping_status":"closed","sticky":false,"template":"","format":"standard","meta":{"spay_email":"","jetpack_publicize_message":"","jetpack_is_tweetstorm":false,"jetpack_publicize_feature_enabled":true},"categories":[8337],"tags":[],"jetpack_publicize_connections":[],"yoast_head":"<!-- This site is optimized with the Yoast SEO plugin v19.1 - https:\/\/yoast.com\/wordpress\/plugins\/seo\/ -->\n<title>Nrekic: DPS blizu dogovora o koaliciji - Lajme nga Ulqini<\/title>\n<meta name=\"description\" content=\"Vlast u Ulcinju ne mo\u017ee se formirati bez Demokratske partije socijalista (DPS), a trenutno je najrealnija postizborna saradnja sa Koalicijom Zajedno za\" \/>\n<meta name=\"robots\" content=\"index, follow, max-snippet:-1, max-image-preview:large, max-video-preview:-1\" \/>\n<link rel=\"canonical\" href=\"https:\/\/www.visit-ulcinj.com\/blog\/2014\/02\/03\/nrekic-dps-blizu-dogovora-o-koaliciji\/\" \/>\n<meta property=\"og:locale\" content=\"en_US\" \/>\n<meta property=\"og:type\" content=\"article\" \/>\n<meta property=\"og:title\" content=\"Nrekic: DPS blizu dogovora o koaliciji - Lajme nga Ulqini\" \/>\n<meta property=\"og:description\" content=\"Vlast u Ulcinju ne mo\u017ee se formirati bez Demokratske partije socijalista (DPS), a trenutno je najrealnija postizborna saradnja sa Koalicijom Zajedno za\" \/>\n<meta property=\"og:url\" content=\"https:\/\/www.visit-ulcinj.com\/blog\/2014\/02\/03\/nrekic-dps-blizu-dogovora-o-koaliciji\/\" \/>\n<meta property=\"og:site_name\" content=\"Lajme nga Ulqini\" \/>\n<meta property=\"article:published_time\" content=\"2014-02-03T14:47:04+00:00\" \/>\n<meta property=\"og:image\" content=\"http:\/\/www.visit-ulcinj.com\/blog\/wp-content\/uploads\/2014\/01\/Loro-Nrekic-Ulcinj.jpg\" \/>\n<meta name=\"twitter:label1\" content=\"Written by\" \/>\n\t<meta name=\"twitter:data1\" content=\"ulqini\" \/>\n\t<meta name=\"twitter:label2\" content=\"Est. reading time\" \/>\n\t<meta name=\"twitter:data2\" content=\"3 minutes\" \/>\n<script type=\"application\/ld+json\" class=\"yoast-schema-graph\">{\"@context\":\"https:\/\/schema.org\",\"@graph\":[{\"@type\":\"WebSite\",\"@id\":\"https:\/\/www.visit-ulcinj.com\/blog\/#website\",\"url\":\"https:\/\/www.visit-ulcinj.com\/blog\/\",\"name\":\"Lajme nga Ulqini\",\"description\":\"Lajme,Vijesti,Ulqini,Ulqin,Crna Gora,Mali i Zi\",\"potentialAction\":[{\"@type\":\"SearchAction\",\"target\":{\"@type\":\"EntryPoint\",\"urlTemplate\":\"https:\/\/www.visit-ulcinj.com\/blog\/?s={search_term_string}\"},\"query-input\":\"required name=search_term_string\"}],\"inLanguage\":\"en-US\"},{\"@type\":\"ImageObject\",\"inLanguage\":\"en-US\",\"@id\":\"https:\/\/www.visit-ulcinj.com\/blog\/2014\/02\/03\/nrekic-dps-blizu-dogovora-o-koaliciji\/#primaryimage\",\"url\":\"https:\/\/www.visit-ulcinj.com\/blog\/wp-content\/uploads\/2014\/01\/Loro-Nrekic-Ulcinj.jpg\",\"contentUrl\":\"https:\/\/www.visit-ulcinj.com\/blog\/wp-content\/uploads\/2014\/01\/Loro-Nrekic-Ulcinj.jpg\",\"width\":300,\"height\":400},{\"@type\":\"WebPage\",\"@id\":\"https:\/\/www.visit-ulcinj.com\/blog\/2014\/02\/03\/nrekic-dps-blizu-dogovora-o-koaliciji\/#webpage\",\"url\":\"https:\/\/www.visit-ulcinj.com\/blog\/2014\/02\/03\/nrekic-dps-blizu-dogovora-o-koaliciji\/\",\"name\":\"Nrekic: DPS blizu dogovora o koaliciji - Lajme nga Ulqini\",\"isPartOf\":{\"@id\":\"https:\/\/www.visit-ulcinj.com\/blog\/#website\"},\"primaryImageOfPage\":{\"@id\":\"https:\/\/www.visit-ulcinj.com\/blog\/2014\/02\/03\/nrekic-dps-blizu-dogovora-o-koaliciji\/#primaryimage\"},\"datePublished\":\"2014-02-03T14:47:04+00:00\",\"dateModified\":\"2014-02-03T14:47:04+00:00\",\"author\":{\"@id\":\"https:\/\/www.visit-ulcinj.com\/blog\/#\/schema\/person\/dcab619c614d3038751c63bc2aadc06d\"},\"description\":\"Vlast u Ulcinju ne mo\u017ee se formirati bez Demokratske partije socijalista (DPS), a trenutno je najrealnija postizborna saradnja sa Koalicijom Zajedno za\",\"breadcrumb\":{\"@id\":\"https:\/\/www.visit-ulcinj.com\/blog\/2014\/02\/03\/nrekic-dps-blizu-dogovora-o-koaliciji\/#breadcrumb\"},\"inLanguage\":\"en-US\",\"potentialAction\":[{\"@type\":\"ReadAction\",\"target\":[\"https:\/\/www.visit-ulcinj.com\/blog\/2014\/02\/03\/nrekic-dps-blizu-dogovora-o-koaliciji\/\"]}]},{\"@type\":\"BreadcrumbList\",\"@id\":\"https:\/\/www.visit-ulcinj.com\/blog\/2014\/02\/03\/nrekic-dps-blizu-dogovora-o-koaliciji\/#breadcrumb\",\"itemListElement\":[{\"@type\":\"ListItem\",\"position\":1,\"name\":\"Nrekic: DPS blizu dogovora o koaliciji\"}]},{\"@type\":\"Person\",\"@id\":\"https:\/\/www.visit-ulcinj.com\/blog\/#\/schema\/person\/dcab619c614d3038751c63bc2aadc06d\",\"name\":\"ulqini\",\"sameAs\":[\"http:\/\/www.visit-ulcinj.com\"],\"url\":\"https:\/\/www.visit-ulcinj.com\/blog\/author\/admin\/\"}]}<\/script>\n<!-- \/ Yoast SEO plugin. -->","yoast_head_json":{"title":"Nrekic: DPS blizu dogovora o koaliciji - Lajme nga Ulqini","description":"Vlast u Ulcinju ne mo\u017ee se formirati bez Demokratske partije socijalista (DPS), a trenutno je najrealnija postizborna saradnja sa Koalicijom Zajedno za","robots":{"index":"index","follow":"follow","max-snippet":"max-snippet:-1","max-image-preview":"max-image-preview:large","max-video-preview":"max-video-preview:-1"},"canonical":"https:\/\/www.visit-ulcinj.com\/blog\/2014\/02\/03\/nrekic-dps-blizu-dogovora-o-koaliciji\/","og_locale":"en_US","og_type":"article","og_title":"Nrekic: DPS blizu dogovora o koaliciji - Lajme nga Ulqini","og_description":"Vlast u Ulcinju ne mo\u017ee se formirati bez Demokratske partije socijalista (DPS), a trenutno je najrealnija postizborna saradnja sa Koalicijom Zajedno za","og_url":"https:\/\/www.visit-ulcinj.com\/blog\/2014\/02\/03\/nrekic-dps-blizu-dogovora-o-koaliciji\/","og_site_name":"Lajme nga Ulqini","article_published_time":"2014-02-03T14:47:04+00:00","og_image":[{"url":"http:\/\/www.visit-ulcinj.com\/blog\/wp-content\/uploads\/2014\/01\/Loro-Nrekic-Ulcinj.jpg"}],"twitter_misc":{"Written by":"ulqini","Est. reading time":"3 minutes"},"schema":{"@context":"https:\/\/schema.org","@graph":[{"@type":"WebSite","@id":"https:\/\/www.visit-ulcinj.com\/blog\/#website","url":"https:\/\/www.visit-ulcinj.com\/blog\/","name":"Lajme nga Ulqini","description":"Lajme,Vijesti,Ulqini,Ulqin,Crna Gora,Mali i Zi","potentialAction":[{"@type":"SearchAction","target":{"@type":"EntryPoint","urlTemplate":"https:\/\/www.visit-ulcinj.com\/blog\/?s={search_term_string}"},"query-input":"required name=search_term_string"}],"inLanguage":"en-US"},{"@type":"ImageObject","inLanguage":"en-US","@id":"https:\/\/www.visit-ulcinj.com\/blog\/2014\/02\/03\/nrekic-dps-blizu-dogovora-o-koaliciji\/#primaryimage","url":"https:\/\/www.visit-ulcinj.com\/blog\/wp-content\/uploads\/2014\/01\/Loro-Nrekic-Ulcinj.jpg","contentUrl":"https:\/\/www.visit-ulcinj.com\/blog\/wp-content\/uploads\/2014\/01\/Loro-Nrekic-Ulcinj.jpg","width":300,"height":400},{"@type":"WebPage","@id":"https:\/\/www.visit-ulcinj.com\/blog\/2014\/02\/03\/nrekic-dps-blizu-dogovora-o-koaliciji\/#webpage","url":"https:\/\/www.visit-ulcinj.com\/blog\/2014\/02\/03\/nrekic-dps-blizu-dogovora-o-koaliciji\/","name":"Nrekic: DPS blizu dogovora o koaliciji - Lajme nga Ulqini","isPartOf":{"@id":"https:\/\/www.visit-ulcinj.com\/blog\/#website"},"primaryImageOfPage":{"@id":"https:\/\/www.visit-ulcinj.com\/blog\/2014\/02\/03\/nrekic-dps-blizu-dogovora-o-koaliciji\/#primaryimage"},"datePublished":"2014-02-03T14:47:04+00:00","dateModified":"2014-02-03T14:47:04+00:00","author":{"@id":"https:\/\/www.visit-ulcinj.com\/blog\/#\/schema\/person\/dcab619c614d3038751c63bc2aadc06d"},"description":"Vlast u Ulcinju ne mo\u017ee se formirati bez Demokratske partije socijalista (DPS), a trenutno je najrealnija postizborna saradnja sa Koalicijom Zajedno za","breadcrumb":{"@id":"https:\/\/www.visit-ulcinj.com\/blog\/2014\/02\/03\/nrekic-dps-blizu-dogovora-o-koaliciji\/#breadcrumb"},"inLanguage":"en-US","potentialAction":[{"@type":"ReadAction","target":["https:\/\/www.visit-ulcinj.com\/blog\/2014\/02\/03\/nrekic-dps-blizu-dogovora-o-koaliciji\/"]}]},{"@type":"BreadcrumbList","@id":"https:\/\/www.visit-ulcinj.com\/blog\/2014\/02\/03\/nrekic-dps-blizu-dogovora-o-koaliciji\/#breadcrumb","itemListElement":[{"@type":"ListItem","position":1,"name":"Nrekic: DPS blizu dogovora o koaliciji"}]},{"@type":"Person","@id":"https:\/\/www.visit-ulcinj.com\/blog\/#\/schema\/person\/dcab619c614d3038751c63bc2aadc06d","name":"ulqini","sameAs":["http:\/\/www.visit-ulcinj.com"],"url":"https:\/\/www.visit-ulcinj.com\/blog\/author\/admin\/"}]}},"jetpack_featured_media_url":"","jetpack_sharing_enabled":true,"jetpack_shortlink":"https:\/\/wp.me\/pe6lTn-kBE","_links":{"self":[{"href":"https:\/\/www.visit-ulcinj.com\/blog\/wp-json\/wp\/v2\/posts\/79214"}],"collection":[{"href":"https:\/\/www.visit-ulcinj.com\/blog\/wp-json\/wp\/v2\/posts"}],"about":[{"href":"https:\/\/www.visit-ulcinj.com\/blog\/wp-json\/wp\/v2\/types\/post"}],"author":[{"embeddable":true,"href":"https:\/\/www.visit-ulcinj.com\/blog\/wp-json\/wp\/v2\/users\/1"}],"replies":[{"embeddable":true,"href":"https:\/\/www.visit-ulcinj.com\/blog\/wp-json\/wp\/v2\/comments?post=79214"}],"version-history":[{"count":1,"href":"https:\/\/www.visit-ulcinj.com\/blog\/wp-json\/wp\/v2\/posts\/79214\/revisions"}],"predecessor-version":[{"id":79215,"href":"https:\/\/www.visit-ulcinj.com\/blog\/wp-json\/wp\/v2\/posts\/79214\/revisions\/79215"}],"wp:attachment":[{"href":"https:\/\/www.visit-ulcinj.com\/blog\/wp-json\/wp\/v2\/media?parent=79214"}],"wp:term":[{"taxonomy":"category","embeddable":true,"href":"https:\/\/www.visit-ulcinj.com\/blog\/wp-json\/wp\/v2\/categories?post=79214"},{"taxonomy":"post_tag","embeddable":true,"href":"https:\/\/www.visit-ulcinj.com\/blog\/wp-json\/wp\/v2\/tags?post=79214"}],"curies":[{"name":"wp","href":"https:\/\/api.w.org\/{rel}","templated":true}]}}