{"id":79229,"date":"2014-02-03T17:57:43","date_gmt":"2014-02-03T16:57:43","guid":{"rendered":"http:\/\/www.visit-ulcinj.com\/blog\/?p=79229"},"modified":"2014-02-03T17:57:43","modified_gmt":"2014-02-03T16:57:43","slug":"vrata-opstine-ulcinj-zakljucana","status":"publish","type":"post","link":"https:\/\/www.visit-ulcinj.com\/blog\/2014\/02\/03\/vrata-opstine-ulcinj-zakljucana\/","title":{"rendered":"Vrata op\u0161tine Ulcinj zaklju\u010dana"},"content":{"rendered":"<p><strong><a href=\"http:\/\/www.visit-ulcinj.com\/blog\/wp-content\/uploads\/2014\/02\/ulcinj-zakljucana-vrata-opstine.jpg\"><img loading=\"lazy\" class=\"alignleft  wp-image-79230\" alt=\"ulcinj-zakljucana-vrata-opstine\" src=\"http:\/\/www.visit-ulcinj.com\/blog\/wp-content\/uploads\/2014\/02\/ulcinj-zakljucana-vrata-opstine.jpg\" width=\"250\" height=\"300\" \/><\/a>ULCINJ \u2013 Vrata op\u0161tine Ulcinj su u ponedjeljak ujutro od osam sati bila zaklju\u010dana i za stranke i za zaposlene u ovoj instituciji. Ko je do zgrade stigao do osam sati, mogao je da u\u0111e, a posle osam vi\u0161e nije. Vrata op\u0161tine su \u201epoljubili\u201c i neki slu\u017ebenici dr\u017eavne slu\u017ebe.<\/strong><\/p>\n<p>Na pitanje za\u0161to je op\u0161tina zatvorena, u kabinetu predsjednika op\u0161ine Pobjedi su rekli da se obratimo kadrovskoj slu\u017ebi. \u00a0Tamo su nam obrazlo\u017eili da su vrata zaklju\u010dana jer zaposleni ne dolaze na vrijeme na posao i da se zna vrijeme predvi\u0111eno za rad sa strankama. Pokazali\u00a0 su nam Odluku o odre\u0111ivanju vremena za rad sa strankama iz 2009. godine i Pravilnik o na\u010dinu evidentiranja prisustva na radu slu\u017ebenika i namje\u0161tenika u op\u0161tini Ulcinj iz 2011. godine. Me\u0111utim, prema pravilniku se jasno vidi da\u00a0 se zaposleni evidentiraju elektronski \u2013 putem kartica koje su obavezni da koriste kada ulaze u zgradu i izlaze iz nje tako da je ostalo nejasno za\u0161to su vrata bila zaklju\u010dana od 9 do 11 sati. Zaposleni koji su ostali ispred vrata op\u0161tine Pobjedi su rekli da su iznena\u0111eni ovim \u010dinom jer se nikada do sada nisu sprovodile ovakve mjere.<\/p>\n<p><em><strong>A.\u017d.<\/strong><\/em><\/p>\n<p><strong>Izvor: Pobjeda<\/strong><\/p>\n","protected":false},"excerpt":{"rendered":"<p>ULCINJ \u2013 Vrata op\u0161tine Ulcinj su u ponedjeljak ujutro od osam sati bila zaklju\u010dana i za stranke i za zaposlene u ovoj instituciji. Ko je do zgrade stigao do osam sati, mogao je da u\u0111e, a posle osam vi\u0161e nije. Vrata op\u0161tine su \u201epoljubili\u201c i neki slu\u017ebenici dr\u017eavne slu\u017ebe. Na pitanje za\u0161to je op\u0161tina zatvorena, [&hellip;]<\/p>\n","protected":false},"author":1,"featured_media":0,"comment_status":"closed","ping_status":"closed","sticky":false,"template":"","format":"standard","meta":{"spay_email":"","jetpack_publicize_message":"","jetpack_is_tweetstorm":false,"jetpack_publicize_feature_enabled":true},"categories":[6950],"tags":[],"jetpack_publicize_connections":[],"yoast_head":"<!-- This site is optimized with the Yoast SEO plugin v19.1 - https:\/\/yoast.com\/wordpress\/plugins\/seo\/ -->\n<title>Vrata op\u0161tine Ulcinj zaklju\u010dana - Lajme nga Ulqini<\/title>\n<meta name=\"description\" content=\"ULCINJ \u2013 Vrata op\u0161tine Ulcinj su u ponedjeljak ujutro od osam sati bila zaklju\u010dana i za stranke i za zaposlene u ovoj instituciji. Ko je do zgrade stigao\" \/>\n<meta name=\"robots\" content=\"index, follow, max-snippet:-1, max-image-preview:large, max-video-preview:-1\" \/>\n<link rel=\"canonical\" href=\"https:\/\/www.visit-ulcinj.com\/blog\/2014\/02\/03\/vrata-opstine-ulcinj-zakljucana\/\" \/>\n<meta property=\"og:locale\" content=\"en_US\" \/>\n<meta property=\"og:type\" content=\"article\" \/>\n<meta property=\"og:title\" content=\"Vrata op\u0161tine Ulcinj zaklju\u010dana - Lajme nga Ulqini\" \/>\n<meta property=\"og:description\" content=\"ULCINJ \u2013 Vrata op\u0161tine Ulcinj su u ponedjeljak ujutro od osam sati bila zaklju\u010dana i za stranke i za zaposlene u ovoj instituciji. Ko je do zgrade stigao\" \/>\n<meta property=\"og:url\" content=\"https:\/\/www.visit-ulcinj.com\/blog\/2014\/02\/03\/vrata-opstine-ulcinj-zakljucana\/\" \/>\n<meta property=\"og:site_name\" content=\"Lajme nga Ulqini\" \/>\n<meta property=\"article:published_time\" content=\"2014-02-03T16:57:43+00:00\" \/>\n<meta property=\"og:image\" content=\"http:\/\/www.visit-ulcinj.com\/blog\/wp-content\/uploads\/2014\/02\/ulcinj-zakljucana-vrata-opstine.jpg\" \/>\n<meta name=\"twitter:label1\" content=\"Written by\" \/>\n\t<meta name=\"twitter:data1\" content=\"ulqini\" \/>\n\t<meta name=\"twitter:label2\" content=\"Est. reading time\" \/>\n\t<meta name=\"twitter:data2\" content=\"1 minute\" \/>\n<script type=\"application\/ld+json\" class=\"yoast-schema-graph\">{\"@context\":\"https:\/\/schema.org\",\"@graph\":[{\"@type\":\"WebSite\",\"@id\":\"https:\/\/www.visit-ulcinj.com\/blog\/#website\",\"url\":\"https:\/\/www.visit-ulcinj.com\/blog\/\",\"name\":\"Lajme nga Ulqini\",\"description\":\"Lajme,Vijesti,Ulqini,Ulqin,Crna Gora,Mali i Zi\",\"potentialAction\":[{\"@type\":\"SearchAction\",\"target\":{\"@type\":\"EntryPoint\",\"urlTemplate\":\"https:\/\/www.visit-ulcinj.com\/blog\/?s={search_term_string}\"},\"query-input\":\"required name=search_term_string\"}],\"inLanguage\":\"en-US\"},{\"@type\":\"ImageObject\",\"inLanguage\":\"en-US\",\"@id\":\"https:\/\/www.visit-ulcinj.com\/blog\/2014\/02\/03\/vrata-opstine-ulcinj-zakljucana\/#primaryimage\",\"url\":\"https:\/\/www.visit-ulcinj.com\/blog\/wp-content\/uploads\/2014\/02\/ulcinj-zakljucana-vrata-opstine.jpg\",\"contentUrl\":\"https:\/\/www.visit-ulcinj.com\/blog\/wp-content\/uploads\/2014\/02\/ulcinj-zakljucana-vrata-opstine.jpg\",\"width\":237,\"height\":300},{\"@type\":\"WebPage\",\"@id\":\"https:\/\/www.visit-ulcinj.com\/blog\/2014\/02\/03\/vrata-opstine-ulcinj-zakljucana\/#webpage\",\"url\":\"https:\/\/www.visit-ulcinj.com\/blog\/2014\/02\/03\/vrata-opstine-ulcinj-zakljucana\/\",\"name\":\"Vrata op\u0161tine Ulcinj zaklju\u010dana - Lajme nga Ulqini\",\"isPartOf\":{\"@id\":\"https:\/\/www.visit-ulcinj.com\/blog\/#website\"},\"primaryImageOfPage\":{\"@id\":\"https:\/\/www.visit-ulcinj.com\/blog\/2014\/02\/03\/vrata-opstine-ulcinj-zakljucana\/#primaryimage\"},\"datePublished\":\"2014-02-03T16:57:43+00:00\",\"dateModified\":\"2014-02-03T16:57:43+00:00\",\"author\":{\"@id\":\"https:\/\/www.visit-ulcinj.com\/blog\/#\/schema\/person\/dcab619c614d3038751c63bc2aadc06d\"},\"description\":\"ULCINJ \u2013 Vrata op\u0161tine Ulcinj su u ponedjeljak ujutro od osam sati bila zaklju\u010dana i za stranke i za zaposlene u ovoj instituciji. Ko je do zgrade stigao\",\"breadcrumb\":{\"@id\":\"https:\/\/www.visit-ulcinj.com\/blog\/2014\/02\/03\/vrata-opstine-ulcinj-zakljucana\/#breadcrumb\"},\"inLanguage\":\"en-US\",\"potentialAction\":[{\"@type\":\"ReadAction\",\"target\":[\"https:\/\/www.visit-ulcinj.com\/blog\/2014\/02\/03\/vrata-opstine-ulcinj-zakljucana\/\"]}]},{\"@type\":\"BreadcrumbList\",\"@id\":\"https:\/\/www.visit-ulcinj.com\/blog\/2014\/02\/03\/vrata-opstine-ulcinj-zakljucana\/#breadcrumb\",\"itemListElement\":[{\"@type\":\"ListItem\",\"position\":1,\"name\":\"Vrata op\u0161tine Ulcinj zaklju\u010dana\"}]},{\"@type\":\"Person\",\"@id\":\"https:\/\/www.visit-ulcinj.com\/blog\/#\/schema\/person\/dcab619c614d3038751c63bc2aadc06d\",\"name\":\"ulqini\",\"sameAs\":[\"http:\/\/www.visit-ulcinj.com\"],\"url\":\"https:\/\/www.visit-ulcinj.com\/blog\/author\/admin\/\"}]}<\/script>\n<!-- \/ Yoast SEO plugin. -->","yoast_head_json":{"title":"Vrata op\u0161tine Ulcinj zaklju\u010dana - Lajme nga Ulqini","description":"ULCINJ \u2013 Vrata op\u0161tine Ulcinj su u ponedjeljak ujutro od osam sati bila zaklju\u010dana i za stranke i za zaposlene u ovoj instituciji. Ko je do zgrade stigao","robots":{"index":"index","follow":"follow","max-snippet":"max-snippet:-1","max-image-preview":"max-image-preview:large","max-video-preview":"max-video-preview:-1"},"canonical":"https:\/\/www.visit-ulcinj.com\/blog\/2014\/02\/03\/vrata-opstine-ulcinj-zakljucana\/","og_locale":"en_US","og_type":"article","og_title":"Vrata op\u0161tine Ulcinj zaklju\u010dana - Lajme nga Ulqini","og_description":"ULCINJ \u2013 Vrata op\u0161tine Ulcinj su u ponedjeljak ujutro od osam sati bila zaklju\u010dana i za stranke i za zaposlene u ovoj instituciji. Ko je do zgrade stigao","og_url":"https:\/\/www.visit-ulcinj.com\/blog\/2014\/02\/03\/vrata-opstine-ulcinj-zakljucana\/","og_site_name":"Lajme nga Ulqini","article_published_time":"2014-02-03T16:57:43+00:00","og_image":[{"url":"http:\/\/www.visit-ulcinj.com\/blog\/wp-content\/uploads\/2014\/02\/ulcinj-zakljucana-vrata-opstine.jpg"}],"twitter_misc":{"Written by":"ulqini","Est. reading time":"1 minute"},"schema":{"@context":"https:\/\/schema.org","@graph":[{"@type":"WebSite","@id":"https:\/\/www.visit-ulcinj.com\/blog\/#website","url":"https:\/\/www.visit-ulcinj.com\/blog\/","name":"Lajme nga Ulqini","description":"Lajme,Vijesti,Ulqini,Ulqin,Crna Gora,Mali i Zi","potentialAction":[{"@type":"SearchAction","target":{"@type":"EntryPoint","urlTemplate":"https:\/\/www.visit-ulcinj.com\/blog\/?s={search_term_string}"},"query-input":"required name=search_term_string"}],"inLanguage":"en-US"},{"@type":"ImageObject","inLanguage":"en-US","@id":"https:\/\/www.visit-ulcinj.com\/blog\/2014\/02\/03\/vrata-opstine-ulcinj-zakljucana\/#primaryimage","url":"https:\/\/www.visit-ulcinj.com\/blog\/wp-content\/uploads\/2014\/02\/ulcinj-zakljucana-vrata-opstine.jpg","contentUrl":"https:\/\/www.visit-ulcinj.com\/blog\/wp-content\/uploads\/2014\/02\/ulcinj-zakljucana-vrata-opstine.jpg","width":237,"height":300},{"@type":"WebPage","@id":"https:\/\/www.visit-ulcinj.com\/blog\/2014\/02\/03\/vrata-opstine-ulcinj-zakljucana\/#webpage","url":"https:\/\/www.visit-ulcinj.com\/blog\/2014\/02\/03\/vrata-opstine-ulcinj-zakljucana\/","name":"Vrata op\u0161tine Ulcinj zaklju\u010dana - Lajme nga Ulqini","isPartOf":{"@id":"https:\/\/www.visit-ulcinj.com\/blog\/#website"},"primaryImageOfPage":{"@id":"https:\/\/www.visit-ulcinj.com\/blog\/2014\/02\/03\/vrata-opstine-ulcinj-zakljucana\/#primaryimage"},"datePublished":"2014-02-03T16:57:43+00:00","dateModified":"2014-02-03T16:57:43+00:00","author":{"@id":"https:\/\/www.visit-ulcinj.com\/blog\/#\/schema\/person\/dcab619c614d3038751c63bc2aadc06d"},"description":"ULCINJ \u2013 Vrata op\u0161tine Ulcinj su u ponedjeljak ujutro od osam sati bila zaklju\u010dana i za stranke i za zaposlene u ovoj instituciji. Ko je do zgrade stigao","breadcrumb":{"@id":"https:\/\/www.visit-ulcinj.com\/blog\/2014\/02\/03\/vrata-opstine-ulcinj-zakljucana\/#breadcrumb"},"inLanguage":"en-US","potentialAction":[{"@type":"ReadAction","target":["https:\/\/www.visit-ulcinj.com\/blog\/2014\/02\/03\/vrata-opstine-ulcinj-zakljucana\/"]}]},{"@type":"BreadcrumbList","@id":"https:\/\/www.visit-ulcinj.com\/blog\/2014\/02\/03\/vrata-opstine-ulcinj-zakljucana\/#breadcrumb","itemListElement":[{"@type":"ListItem","position":1,"name":"Vrata op\u0161tine Ulcinj zaklju\u010dana"}]},{"@type":"Person","@id":"https:\/\/www.visit-ulcinj.com\/blog\/#\/schema\/person\/dcab619c614d3038751c63bc2aadc06d","name":"ulqini","sameAs":["http:\/\/www.visit-ulcinj.com"],"url":"https:\/\/www.visit-ulcinj.com\/blog\/author\/admin\/"}]}},"jetpack_featured_media_url":"","jetpack_sharing_enabled":true,"jetpack_shortlink":"https:\/\/wp.me\/pe6lTn-kBT","_links":{"self":[{"href":"https:\/\/www.visit-ulcinj.com\/blog\/wp-json\/wp\/v2\/posts\/79229"}],"collection":[{"href":"https:\/\/www.visit-ulcinj.com\/blog\/wp-json\/wp\/v2\/posts"}],"about":[{"href":"https:\/\/www.visit-ulcinj.com\/blog\/wp-json\/wp\/v2\/types\/post"}],"author":[{"embeddable":true,"href":"https:\/\/www.visit-ulcinj.com\/blog\/wp-json\/wp\/v2\/users\/1"}],"replies":[{"embeddable":true,"href":"https:\/\/www.visit-ulcinj.com\/blog\/wp-json\/wp\/v2\/comments?post=79229"}],"version-history":[{"count":1,"href":"https:\/\/www.visit-ulcinj.com\/blog\/wp-json\/wp\/v2\/posts\/79229\/revisions"}],"predecessor-version":[{"id":79231,"href":"https:\/\/www.visit-ulcinj.com\/blog\/wp-json\/wp\/v2\/posts\/79229\/revisions\/79231"}],"wp:attachment":[{"href":"https:\/\/www.visit-ulcinj.com\/blog\/wp-json\/wp\/v2\/media?parent=79229"}],"wp:term":[{"taxonomy":"category","embeddable":true,"href":"https:\/\/www.visit-ulcinj.com\/blog\/wp-json\/wp\/v2\/categories?post=79229"},{"taxonomy":"post_tag","embeddable":true,"href":"https:\/\/www.visit-ulcinj.com\/blog\/wp-json\/wp\/v2\/tags?post=79229"}],"curies":[{"name":"wp","href":"https:\/\/api.w.org\/{rel}","templated":true}]}}