{"id":79260,"date":"2014-02-04T01:22:11","date_gmt":"2014-02-04T00:22:11","guid":{"rendered":"http:\/\/www.visit-ulcinj.com\/blog\/?p=79260"},"modified":"2014-02-04T01:22:20","modified_gmt":"2014-02-04T00:22:20","slug":"ulcinjanin-argzim-redzovic-njemackoj","status":"publish","type":"post","link":"https:\/\/www.visit-ulcinj.com\/blog\/2014\/02\/04\/ulcinjanin-argzim-redzovic-njemackoj\/","title":{"rendered":"Ulcinjanin Argzim Red\u017eovi\u0107 u Njema\u010dkoj"},"content":{"rendered":"<p><a href=\"http:\/\/www.visit-ulcinj.com\/blog\/wp-content\/uploads\/2014\/02\/Argzim-Redzovic-Argzim-Rexha.jpg\"><img loading=\"lazy\" class=\"alignleft  wp-image-79261\" alt=\"Argzim Redzovic-Argzim Rexha\" src=\"http:\/\/www.visit-ulcinj.com\/blog\/wp-content\/uploads\/2014\/02\/Argzim-Redzovic-Argzim-Rexha.jpg\" width=\"508\" height=\"338\" \/><\/a>Crnogorski internacionalac Argzim Red\u017eovi\u0107 je Austriju zamijenio Njema\u010dkom.<\/p>\n<p>On je iz austrijskog Kapfenberga pre\u0161ao u njema\u010dki Mal\u010dover.<\/p>\n<blockquote><p>U dogovoru sa ljudima iz Kapfenberga raskinuo sam ugovor sa tim klubom, a prihvatio sam ponudu novog kluba. Ovdje sam prezadovoljan, Mal\u010dov je dobar, organizovan klub. Doveli su jo\u0161 devet stranih igra\u010da kao poja\u010danja. Cilj nam je da izborimo plaman u Regional ligu.\u00a0Uslovi su bolji nego u Kapfenbergu, a ja se nadam da cu se dobrim igrama nametnuti drugim ja\u010dim klubovima u Njema\u010dkoj \u2013 kazao je Red\u017eovi\u0107 za na\u0161 portal.<\/p><\/blockquote>\n<p>Red\u017eovi\u0107 (21) je za rezervni tim Kapfenberga odigrao 27 me\u010deva i postigao je dva gola, a upisao je i dva me\u010da u prvom timu.<\/p>\n<p><strong>Izvor: CG Fudbal<\/strong><\/p>\n","protected":false},"excerpt":{"rendered":"<p>Crnogorski internacionalac Argzim Red\u017eovi\u0107 je Austriju zamijenio Njema\u010dkom. On je iz austrijskog Kapfenberga pre\u0161ao u njema\u010dki Mal\u010dover. U dogovoru sa ljudima iz Kapfenberga raskinuo sam ugovor sa tim klubom, a prihvatio sam ponudu novog kluba. Ovdje sam prezadovoljan, Mal\u010dov je dobar, organizovan klub. Doveli su jo\u0161 devet stranih igra\u010da kao poja\u010danja. Cilj nam je da [&hellip;]<\/p>\n","protected":false},"author":1,"featured_media":0,"comment_status":"closed","ping_status":"closed","sticky":false,"template":"","format":"standard","meta":{"spay_email":"","jetpack_publicize_message":"","jetpack_is_tweetstorm":false,"jetpack_publicize_feature_enabled":true},"categories":[6950],"tags":[],"jetpack_publicize_connections":[],"yoast_head":"<!-- This site is optimized with the Yoast SEO plugin v19.1 - https:\/\/yoast.com\/wordpress\/plugins\/seo\/ -->\n<title>Ulcinjanin Argzim Red\u017eovi\u0107 u Njema\u010dkoj - Lajme nga Ulqini<\/title>\n<meta name=\"description\" content=\"Crnogorski internacionalac Argzim Red\u017eovi\u0107 je Austriju zamijenio Njema\u010dkom. On je iz austrijskog Kapfenberga pre\u0161ao u njema\u010dki Mal\u010dover. U dogovoru sa\" \/>\n<meta name=\"robots\" content=\"index, follow, max-snippet:-1, max-image-preview:large, max-video-preview:-1\" \/>\n<link rel=\"canonical\" href=\"https:\/\/www.visit-ulcinj.com\/blog\/2014\/02\/04\/ulcinjanin-argzim-redzovic-njemackoj\/\" \/>\n<meta property=\"og:locale\" content=\"en_US\" \/>\n<meta property=\"og:type\" content=\"article\" \/>\n<meta property=\"og:title\" content=\"Ulcinjanin Argzim Red\u017eovi\u0107 u Njema\u010dkoj - Lajme nga Ulqini\" \/>\n<meta property=\"og:description\" content=\"Crnogorski internacionalac Argzim Red\u017eovi\u0107 je Austriju zamijenio Njema\u010dkom. On je iz austrijskog Kapfenberga pre\u0161ao u njema\u010dki Mal\u010dover. U dogovoru sa\" \/>\n<meta property=\"og:url\" content=\"https:\/\/www.visit-ulcinj.com\/blog\/2014\/02\/04\/ulcinjanin-argzim-redzovic-njemackoj\/\" \/>\n<meta property=\"og:site_name\" content=\"Lajme nga Ulqini\" \/>\n<meta property=\"article:published_time\" content=\"2014-02-04T00:22:11+00:00\" \/>\n<meta property=\"article:modified_time\" content=\"2014-02-04T00:22:20+00:00\" \/>\n<meta property=\"og:image\" content=\"http:\/\/www.visit-ulcinj.com\/blog\/wp-content\/uploads\/2014\/02\/Argzim-Redzovic-Argzim-Rexha.jpg\" \/>\n<meta name=\"twitter:label1\" content=\"Written by\" \/>\n\t<meta name=\"twitter:data1\" content=\"ulqini\" \/>\n\t<meta name=\"twitter:label2\" content=\"Est. reading time\" \/>\n\t<meta name=\"twitter:data2\" content=\"1 minute\" \/>\n<script type=\"application\/ld+json\" class=\"yoast-schema-graph\">{\"@context\":\"https:\/\/schema.org\",\"@graph\":[{\"@type\":\"WebSite\",\"@id\":\"https:\/\/www.visit-ulcinj.com\/blog\/#website\",\"url\":\"https:\/\/www.visit-ulcinj.com\/blog\/\",\"name\":\"Lajme nga Ulqini\",\"description\":\"Lajme,Vijesti,Ulqini,Ulqin,Crna Gora,Mali i Zi\",\"potentialAction\":[{\"@type\":\"SearchAction\",\"target\":{\"@type\":\"EntryPoint\",\"urlTemplate\":\"https:\/\/www.visit-ulcinj.com\/blog\/?s={search_term_string}\"},\"query-input\":\"required name=search_term_string\"}],\"inLanguage\":\"en-US\"},{\"@type\":\"ImageObject\",\"inLanguage\":\"en-US\",\"@id\":\"https:\/\/www.visit-ulcinj.com\/blog\/2014\/02\/04\/ulcinjanin-argzim-redzovic-njemackoj\/#primaryimage\",\"url\":\"https:\/\/www.visit-ulcinj.com\/blog\/wp-content\/uploads\/2014\/02\/Argzim-Redzovic-Argzim-Rexha.jpg\",\"contentUrl\":\"https:\/\/www.visit-ulcinj.com\/blog\/wp-content\/uploads\/2014\/02\/Argzim-Redzovic-Argzim-Rexha.jpg\",\"width\":560,\"height\":338},{\"@type\":\"WebPage\",\"@id\":\"https:\/\/www.visit-ulcinj.com\/blog\/2014\/02\/04\/ulcinjanin-argzim-redzovic-njemackoj\/#webpage\",\"url\":\"https:\/\/www.visit-ulcinj.com\/blog\/2014\/02\/04\/ulcinjanin-argzim-redzovic-njemackoj\/\",\"name\":\"Ulcinjanin Argzim Red\u017eovi\u0107 u Njema\u010dkoj - Lajme nga Ulqini\",\"isPartOf\":{\"@id\":\"https:\/\/www.visit-ulcinj.com\/blog\/#website\"},\"primaryImageOfPage\":{\"@id\":\"https:\/\/www.visit-ulcinj.com\/blog\/2014\/02\/04\/ulcinjanin-argzim-redzovic-njemackoj\/#primaryimage\"},\"datePublished\":\"2014-02-04T00:22:11+00:00\",\"dateModified\":\"2014-02-04T00:22:20+00:00\",\"author\":{\"@id\":\"https:\/\/www.visit-ulcinj.com\/blog\/#\/schema\/person\/dcab619c614d3038751c63bc2aadc06d\"},\"description\":\"Crnogorski internacionalac Argzim Red\u017eovi\u0107 je Austriju zamijenio Njema\u010dkom. On je iz austrijskog Kapfenberga pre\u0161ao u njema\u010dki Mal\u010dover. U dogovoru sa\",\"breadcrumb\":{\"@id\":\"https:\/\/www.visit-ulcinj.com\/blog\/2014\/02\/04\/ulcinjanin-argzim-redzovic-njemackoj\/#breadcrumb\"},\"inLanguage\":\"en-US\",\"potentialAction\":[{\"@type\":\"ReadAction\",\"target\":[\"https:\/\/www.visit-ulcinj.com\/blog\/2014\/02\/04\/ulcinjanin-argzim-redzovic-njemackoj\/\"]}]},{\"@type\":\"BreadcrumbList\",\"@id\":\"https:\/\/www.visit-ulcinj.com\/blog\/2014\/02\/04\/ulcinjanin-argzim-redzovic-njemackoj\/#breadcrumb\",\"itemListElement\":[{\"@type\":\"ListItem\",\"position\":1,\"name\":\"Ulcinjanin Argzim Red\u017eovi\u0107 u Njema\u010dkoj\"}]},{\"@type\":\"Person\",\"@id\":\"https:\/\/www.visit-ulcinj.com\/blog\/#\/schema\/person\/dcab619c614d3038751c63bc2aadc06d\",\"name\":\"ulqini\",\"sameAs\":[\"http:\/\/www.visit-ulcinj.com\"],\"url\":\"https:\/\/www.visit-ulcinj.com\/blog\/author\/admin\/\"}]}<\/script>\n<!-- \/ Yoast SEO plugin. -->","yoast_head_json":{"title":"Ulcinjanin Argzim Red\u017eovi\u0107 u Njema\u010dkoj - Lajme nga Ulqini","description":"Crnogorski internacionalac Argzim Red\u017eovi\u0107 je Austriju zamijenio Njema\u010dkom. On je iz austrijskog Kapfenberga pre\u0161ao u njema\u010dki Mal\u010dover. U dogovoru sa","robots":{"index":"index","follow":"follow","max-snippet":"max-snippet:-1","max-image-preview":"max-image-preview:large","max-video-preview":"max-video-preview:-1"},"canonical":"https:\/\/www.visit-ulcinj.com\/blog\/2014\/02\/04\/ulcinjanin-argzim-redzovic-njemackoj\/","og_locale":"en_US","og_type":"article","og_title":"Ulcinjanin Argzim Red\u017eovi\u0107 u Njema\u010dkoj - Lajme nga Ulqini","og_description":"Crnogorski internacionalac Argzim Red\u017eovi\u0107 je Austriju zamijenio Njema\u010dkom. On je iz austrijskog Kapfenberga pre\u0161ao u njema\u010dki Mal\u010dover. U dogovoru sa","og_url":"https:\/\/www.visit-ulcinj.com\/blog\/2014\/02\/04\/ulcinjanin-argzim-redzovic-njemackoj\/","og_site_name":"Lajme nga Ulqini","article_published_time":"2014-02-04T00:22:11+00:00","article_modified_time":"2014-02-04T00:22:20+00:00","og_image":[{"url":"http:\/\/www.visit-ulcinj.com\/blog\/wp-content\/uploads\/2014\/02\/Argzim-Redzovic-Argzim-Rexha.jpg"}],"twitter_misc":{"Written by":"ulqini","Est. reading time":"1 minute"},"schema":{"@context":"https:\/\/schema.org","@graph":[{"@type":"WebSite","@id":"https:\/\/www.visit-ulcinj.com\/blog\/#website","url":"https:\/\/www.visit-ulcinj.com\/blog\/","name":"Lajme nga Ulqini","description":"Lajme,Vijesti,Ulqini,Ulqin,Crna Gora,Mali i Zi","potentialAction":[{"@type":"SearchAction","target":{"@type":"EntryPoint","urlTemplate":"https:\/\/www.visit-ulcinj.com\/blog\/?s={search_term_string}"},"query-input":"required name=search_term_string"}],"inLanguage":"en-US"},{"@type":"ImageObject","inLanguage":"en-US","@id":"https:\/\/www.visit-ulcinj.com\/blog\/2014\/02\/04\/ulcinjanin-argzim-redzovic-njemackoj\/#primaryimage","url":"https:\/\/www.visit-ulcinj.com\/blog\/wp-content\/uploads\/2014\/02\/Argzim-Redzovic-Argzim-Rexha.jpg","contentUrl":"https:\/\/www.visit-ulcinj.com\/blog\/wp-content\/uploads\/2014\/02\/Argzim-Redzovic-Argzim-Rexha.jpg","width":560,"height":338},{"@type":"WebPage","@id":"https:\/\/www.visit-ulcinj.com\/blog\/2014\/02\/04\/ulcinjanin-argzim-redzovic-njemackoj\/#webpage","url":"https:\/\/www.visit-ulcinj.com\/blog\/2014\/02\/04\/ulcinjanin-argzim-redzovic-njemackoj\/","name":"Ulcinjanin Argzim Red\u017eovi\u0107 u Njema\u010dkoj - Lajme nga Ulqini","isPartOf":{"@id":"https:\/\/www.visit-ulcinj.com\/blog\/#website"},"primaryImageOfPage":{"@id":"https:\/\/www.visit-ulcinj.com\/blog\/2014\/02\/04\/ulcinjanin-argzim-redzovic-njemackoj\/#primaryimage"},"datePublished":"2014-02-04T00:22:11+00:00","dateModified":"2014-02-04T00:22:20+00:00","author":{"@id":"https:\/\/www.visit-ulcinj.com\/blog\/#\/schema\/person\/dcab619c614d3038751c63bc2aadc06d"},"description":"Crnogorski internacionalac Argzim Red\u017eovi\u0107 je Austriju zamijenio Njema\u010dkom. On je iz austrijskog Kapfenberga pre\u0161ao u njema\u010dki Mal\u010dover. U dogovoru sa","breadcrumb":{"@id":"https:\/\/www.visit-ulcinj.com\/blog\/2014\/02\/04\/ulcinjanin-argzim-redzovic-njemackoj\/#breadcrumb"},"inLanguage":"en-US","potentialAction":[{"@type":"ReadAction","target":["https:\/\/www.visit-ulcinj.com\/blog\/2014\/02\/04\/ulcinjanin-argzim-redzovic-njemackoj\/"]}]},{"@type":"BreadcrumbList","@id":"https:\/\/www.visit-ulcinj.com\/blog\/2014\/02\/04\/ulcinjanin-argzim-redzovic-njemackoj\/#breadcrumb","itemListElement":[{"@type":"ListItem","position":1,"name":"Ulcinjanin Argzim Red\u017eovi\u0107 u Njema\u010dkoj"}]},{"@type":"Person","@id":"https:\/\/www.visit-ulcinj.com\/blog\/#\/schema\/person\/dcab619c614d3038751c63bc2aadc06d","name":"ulqini","sameAs":["http:\/\/www.visit-ulcinj.com"],"url":"https:\/\/www.visit-ulcinj.com\/blog\/author\/admin\/"}]}},"jetpack_featured_media_url":"","jetpack_sharing_enabled":true,"jetpack_shortlink":"https:\/\/wp.me\/pe6lTn-kCo","_links":{"self":[{"href":"https:\/\/www.visit-ulcinj.com\/blog\/wp-json\/wp\/v2\/posts\/79260"}],"collection":[{"href":"https:\/\/www.visit-ulcinj.com\/blog\/wp-json\/wp\/v2\/posts"}],"about":[{"href":"https:\/\/www.visit-ulcinj.com\/blog\/wp-json\/wp\/v2\/types\/post"}],"author":[{"embeddable":true,"href":"https:\/\/www.visit-ulcinj.com\/blog\/wp-json\/wp\/v2\/users\/1"}],"replies":[{"embeddable":true,"href":"https:\/\/www.visit-ulcinj.com\/blog\/wp-json\/wp\/v2\/comments?post=79260"}],"version-history":[{"count":2,"href":"https:\/\/www.visit-ulcinj.com\/blog\/wp-json\/wp\/v2\/posts\/79260\/revisions"}],"predecessor-version":[{"id":79263,"href":"https:\/\/www.visit-ulcinj.com\/blog\/wp-json\/wp\/v2\/posts\/79260\/revisions\/79263"}],"wp:attachment":[{"href":"https:\/\/www.visit-ulcinj.com\/blog\/wp-json\/wp\/v2\/media?parent=79260"}],"wp:term":[{"taxonomy":"category","embeddable":true,"href":"https:\/\/www.visit-ulcinj.com\/blog\/wp-json\/wp\/v2\/categories?post=79260"},{"taxonomy":"post_tag","embeddable":true,"href":"https:\/\/www.visit-ulcinj.com\/blog\/wp-json\/wp\/v2\/tags?post=79260"}],"curies":[{"name":"wp","href":"https:\/\/api.w.org\/{rel}","templated":true}]}}