{"id":79271,"date":"2014-02-04T01:52:52","date_gmt":"2014-02-04T00:52:52","guid":{"rendered":"http:\/\/www.visit-ulcinj.com\/blog\/?p=79271"},"modified":"2014-02-04T18:36:35","modified_gmt":"2014-02-04T17:36:35","slug":"pds-nis-bisedimet-per-formimin-e-koalicionit-ne-ulqin","status":"publish","type":"post","link":"https:\/\/www.visit-ulcinj.com\/blog\/2014\/02\/04\/pds-nis-bisedimet-per-formimin-e-koalicionit-ne-ulqin\/","title":{"rendered":"PDS nis bisedimet p\u00ebr formimin e koalicionit ne Ulqin &#8211; Video"},"content":{"rendered":"<p><a href=\"http:\/\/www.visit-ulcinj.com\/blog\/wp-content\/uploads\/2014\/01\/Loro-Nrekic-Ulcinj.jpg\"><img loading=\"lazy\" class=\"alignleft  wp-image-77997\" alt=\"Loro -Nrekic-Ulcinj\" src=\"http:\/\/www.visit-ulcinj.com\/blog\/wp-content\/uploads\/2014\/01\/Loro-Nrekic-Ulcinj.jpg\" width=\"300\" height=\"350\" \/><\/a>Kryetari i k\u00ebshillit komunal t\u00eb PDS e bart\u00ebs i list\u00ebs n\u00eb zgjedhjet komunale t\u00eb 26 janarit n\u00eb Ulqin , Loro Ndrekiqi ,ka th\u00ebn\u00eb se sot do t\u00eb fillojn\u00eb bisedimet me partit\u00eb q\u00eb jan\u00eb n\u00eb koalicion me k\u00ebt\u00eb parti n\u00eb nivel shtet\u00ebror.<\/p>\n<p>S\u00eb pari , si\u00e7 tha ai do t\u00eb fillojn\u00eb bisedimet me koalicioni \u201cBashk\u00eb p\u00ebr t\u00eb ardhmen e Ulqinit\u201d e pastaj me UDSH dhe PSD , ve\u00e7 e ve\u00e7 ,por edhe me FORC-\u00ebn. Normalisht n\u00ebse i p\u00ebrgjigjet ftes\u00ebs son\u00eb\u201d, tha Ndrekiqi.<\/p>\n<p>Si\u00e7 tha ai PDS k\u00ebt\u00eb e ka iniciuar si parti e cila n\u00eb zgjedhjet lokale ka fituar numrin m\u00eb t\u00eb madh t\u00eb mandateve n\u00eb p\u00ebrb\u00ebrjen e ardhshme t\u00eb Parlamentit lokal.<\/p>\n<p>M\u00eb par\u00eb ishte th\u00ebn\u00eb nga PDS se marr\u00ebveshja p\u00ebr koalicionin e ri qeveris\u00ebs n\u00eb Ulqin do t\u00eb arrihet gjat\u00eb k\u00ebsaj jave dhe , sipas paralajm\u00ebrimeve ky do t\u00eb jet\u00eb koalicioni i PDS , Bashk\u00eb p\u00ebr t\u00eb ardhmen e Ulqinit, UDSH dhe PSD.<\/p>\n<p>RTCG<br \/>\n<!--YouTube Error: bad URL entered--><\/p>\n","protected":false},"excerpt":{"rendered":"<p>Kryetari i k\u00ebshillit komunal t\u00eb PDS e bart\u00ebs i list\u00ebs n\u00eb zgjedhjet komunale t\u00eb 26 janarit n\u00eb Ulqin , Loro Ndrekiqi ,ka th\u00ebn\u00eb se sot do t\u00eb fillojn\u00eb bisedimet me partit\u00eb q\u00eb jan\u00eb n\u00eb koalicion me k\u00ebt\u00eb parti n\u00eb nivel shtet\u00ebror. S\u00eb pari , si\u00e7 tha ai do t\u00eb fillojn\u00eb bisedimet me koalicioni \u201cBashk\u00eb p\u00ebr [&hellip;]<\/p>\n","protected":false},"author":1,"featured_media":0,"comment_status":"closed","ping_status":"closed","sticky":false,"template":"","format":"standard","meta":{"spay_email":"","jetpack_publicize_message":"","jetpack_is_tweetstorm":false,"jetpack_publicize_feature_enabled":true},"categories":[12],"tags":[],"jetpack_publicize_connections":[],"yoast_head":"<!-- This site is optimized with the Yoast SEO plugin v19.1 - https:\/\/yoast.com\/wordpress\/plugins\/seo\/ -->\n<title>PDS nis bisedimet p\u00ebr formimin e koalicionit ne Ulqin - Video - Lajme nga Ulqini<\/title>\n<meta name=\"description\" content=\"Kryetari i k\u00ebshillit komunal t\u00eb PDS e bart\u00ebs i list\u00ebs n\u00eb zgjedhjet komunale t\u00eb 26 janarit n\u00eb Ulqin , Loro Ndrekiqi ,ka th\u00ebn\u00eb se sot do t\u00eb fillojn\u00eb\" \/>\n<meta name=\"robots\" content=\"index, follow, max-snippet:-1, max-image-preview:large, max-video-preview:-1\" \/>\n<link rel=\"canonical\" href=\"https:\/\/www.visit-ulcinj.com\/blog\/2014\/02\/04\/pds-nis-bisedimet-per-formimin-e-koalicionit-ne-ulqin\/\" \/>\n<meta property=\"og:locale\" content=\"en_US\" \/>\n<meta property=\"og:type\" content=\"article\" \/>\n<meta property=\"og:title\" content=\"PDS nis bisedimet p\u00ebr formimin e koalicionit ne Ulqin - Video - Lajme nga Ulqini\" \/>\n<meta property=\"og:description\" content=\"Kryetari i k\u00ebshillit komunal t\u00eb PDS e bart\u00ebs i list\u00ebs n\u00eb zgjedhjet komunale t\u00eb 26 janarit n\u00eb Ulqin , Loro Ndrekiqi ,ka th\u00ebn\u00eb se sot do t\u00eb fillojn\u00eb\" \/>\n<meta property=\"og:url\" content=\"https:\/\/www.visit-ulcinj.com\/blog\/2014\/02\/04\/pds-nis-bisedimet-per-formimin-e-koalicionit-ne-ulqin\/\" \/>\n<meta property=\"og:site_name\" content=\"Lajme nga Ulqini\" \/>\n<meta property=\"article:published_time\" content=\"2014-02-04T00:52:52+00:00\" \/>\n<meta property=\"article:modified_time\" content=\"2014-02-04T17:36:35+00:00\" \/>\n<meta property=\"og:image\" content=\"http:\/\/www.visit-ulcinj.com\/blog\/wp-content\/uploads\/2014\/01\/Loro-Nrekic-Ulcinj.jpg\" \/>\n<meta name=\"twitter:label1\" content=\"Written by\" \/>\n\t<meta name=\"twitter:data1\" content=\"ulqini\" \/>\n\t<meta name=\"twitter:label2\" content=\"Est. reading time\" \/>\n\t<meta name=\"twitter:data2\" content=\"1 minute\" \/>\n<script type=\"application\/ld+json\" class=\"yoast-schema-graph\">{\"@context\":\"https:\/\/schema.org\",\"@graph\":[{\"@type\":\"WebSite\",\"@id\":\"https:\/\/www.visit-ulcinj.com\/blog\/#website\",\"url\":\"https:\/\/www.visit-ulcinj.com\/blog\/\",\"name\":\"Lajme nga Ulqini\",\"description\":\"Lajme,Vijesti,Ulqini,Ulqin,Crna Gora,Mali i Zi\",\"potentialAction\":[{\"@type\":\"SearchAction\",\"target\":{\"@type\":\"EntryPoint\",\"urlTemplate\":\"https:\/\/www.visit-ulcinj.com\/blog\/?s={search_term_string}\"},\"query-input\":\"required name=search_term_string\"}],\"inLanguage\":\"en-US\"},{\"@type\":\"ImageObject\",\"inLanguage\":\"en-US\",\"@id\":\"https:\/\/www.visit-ulcinj.com\/blog\/2014\/02\/04\/pds-nis-bisedimet-per-formimin-e-koalicionit-ne-ulqin\/#primaryimage\",\"url\":\"https:\/\/www.visit-ulcinj.com\/blog\/wp-content\/uploads\/2014\/01\/Loro-Nrekic-Ulcinj.jpg\",\"contentUrl\":\"https:\/\/www.visit-ulcinj.com\/blog\/wp-content\/uploads\/2014\/01\/Loro-Nrekic-Ulcinj.jpg\",\"width\":300,\"height\":400},{\"@type\":\"WebPage\",\"@id\":\"https:\/\/www.visit-ulcinj.com\/blog\/2014\/02\/04\/pds-nis-bisedimet-per-formimin-e-koalicionit-ne-ulqin\/#webpage\",\"url\":\"https:\/\/www.visit-ulcinj.com\/blog\/2014\/02\/04\/pds-nis-bisedimet-per-formimin-e-koalicionit-ne-ulqin\/\",\"name\":\"PDS nis bisedimet p\u00ebr formimin e koalicionit ne Ulqin - Video - Lajme nga Ulqini\",\"isPartOf\":{\"@id\":\"https:\/\/www.visit-ulcinj.com\/blog\/#website\"},\"primaryImageOfPage\":{\"@id\":\"https:\/\/www.visit-ulcinj.com\/blog\/2014\/02\/04\/pds-nis-bisedimet-per-formimin-e-koalicionit-ne-ulqin\/#primaryimage\"},\"datePublished\":\"2014-02-04T00:52:52+00:00\",\"dateModified\":\"2014-02-04T17:36:35+00:00\",\"author\":{\"@id\":\"https:\/\/www.visit-ulcinj.com\/blog\/#\/schema\/person\/dcab619c614d3038751c63bc2aadc06d\"},\"description\":\"Kryetari i k\u00ebshillit komunal t\u00eb PDS e bart\u00ebs i list\u00ebs n\u00eb zgjedhjet komunale t\u00eb 26 janarit n\u00eb Ulqin , Loro Ndrekiqi ,ka th\u00ebn\u00eb se sot do t\u00eb fillojn\u00eb\",\"breadcrumb\":{\"@id\":\"https:\/\/www.visit-ulcinj.com\/blog\/2014\/02\/04\/pds-nis-bisedimet-per-formimin-e-koalicionit-ne-ulqin\/#breadcrumb\"},\"inLanguage\":\"en-US\",\"potentialAction\":[{\"@type\":\"ReadAction\",\"target\":[\"https:\/\/www.visit-ulcinj.com\/blog\/2014\/02\/04\/pds-nis-bisedimet-per-formimin-e-koalicionit-ne-ulqin\/\"]}]},{\"@type\":\"BreadcrumbList\",\"@id\":\"https:\/\/www.visit-ulcinj.com\/blog\/2014\/02\/04\/pds-nis-bisedimet-per-formimin-e-koalicionit-ne-ulqin\/#breadcrumb\",\"itemListElement\":[{\"@type\":\"ListItem\",\"position\":1,\"name\":\"PDS nis bisedimet p\u00ebr formimin e koalicionit ne Ulqin &#8211; Video\"}]},{\"@type\":\"Person\",\"@id\":\"https:\/\/www.visit-ulcinj.com\/blog\/#\/schema\/person\/dcab619c614d3038751c63bc2aadc06d\",\"name\":\"ulqini\",\"sameAs\":[\"http:\/\/www.visit-ulcinj.com\"],\"url\":\"https:\/\/www.visit-ulcinj.com\/blog\/author\/admin\/\"}]}<\/script>\n<!-- \/ Yoast SEO plugin. -->","yoast_head_json":{"title":"PDS nis bisedimet p\u00ebr formimin e koalicionit ne Ulqin - Video - Lajme nga Ulqini","description":"Kryetari i k\u00ebshillit komunal t\u00eb PDS e bart\u00ebs i list\u00ebs n\u00eb zgjedhjet komunale t\u00eb 26 janarit n\u00eb Ulqin , Loro Ndrekiqi ,ka th\u00ebn\u00eb se sot do t\u00eb fillojn\u00eb","robots":{"index":"index","follow":"follow","max-snippet":"max-snippet:-1","max-image-preview":"max-image-preview:large","max-video-preview":"max-video-preview:-1"},"canonical":"https:\/\/www.visit-ulcinj.com\/blog\/2014\/02\/04\/pds-nis-bisedimet-per-formimin-e-koalicionit-ne-ulqin\/","og_locale":"en_US","og_type":"article","og_title":"PDS nis bisedimet p\u00ebr formimin e koalicionit ne Ulqin - Video - Lajme nga Ulqini","og_description":"Kryetari i k\u00ebshillit komunal t\u00eb PDS e bart\u00ebs i list\u00ebs n\u00eb zgjedhjet komunale t\u00eb 26 janarit n\u00eb Ulqin , Loro Ndrekiqi ,ka th\u00ebn\u00eb se sot do t\u00eb fillojn\u00eb","og_url":"https:\/\/www.visit-ulcinj.com\/blog\/2014\/02\/04\/pds-nis-bisedimet-per-formimin-e-koalicionit-ne-ulqin\/","og_site_name":"Lajme nga Ulqini","article_published_time":"2014-02-04T00:52:52+00:00","article_modified_time":"2014-02-04T17:36:35+00:00","og_image":[{"url":"http:\/\/www.visit-ulcinj.com\/blog\/wp-content\/uploads\/2014\/01\/Loro-Nrekic-Ulcinj.jpg"}],"twitter_misc":{"Written by":"ulqini","Est. reading time":"1 minute"},"schema":{"@context":"https:\/\/schema.org","@graph":[{"@type":"WebSite","@id":"https:\/\/www.visit-ulcinj.com\/blog\/#website","url":"https:\/\/www.visit-ulcinj.com\/blog\/","name":"Lajme nga Ulqini","description":"Lajme,Vijesti,Ulqini,Ulqin,Crna Gora,Mali i Zi","potentialAction":[{"@type":"SearchAction","target":{"@type":"EntryPoint","urlTemplate":"https:\/\/www.visit-ulcinj.com\/blog\/?s={search_term_string}"},"query-input":"required name=search_term_string"}],"inLanguage":"en-US"},{"@type":"ImageObject","inLanguage":"en-US","@id":"https:\/\/www.visit-ulcinj.com\/blog\/2014\/02\/04\/pds-nis-bisedimet-per-formimin-e-koalicionit-ne-ulqin\/#primaryimage","url":"https:\/\/www.visit-ulcinj.com\/blog\/wp-content\/uploads\/2014\/01\/Loro-Nrekic-Ulcinj.jpg","contentUrl":"https:\/\/www.visit-ulcinj.com\/blog\/wp-content\/uploads\/2014\/01\/Loro-Nrekic-Ulcinj.jpg","width":300,"height":400},{"@type":"WebPage","@id":"https:\/\/www.visit-ulcinj.com\/blog\/2014\/02\/04\/pds-nis-bisedimet-per-formimin-e-koalicionit-ne-ulqin\/#webpage","url":"https:\/\/www.visit-ulcinj.com\/blog\/2014\/02\/04\/pds-nis-bisedimet-per-formimin-e-koalicionit-ne-ulqin\/","name":"PDS nis bisedimet p\u00ebr formimin e koalicionit ne Ulqin - Video - Lajme nga Ulqini","isPartOf":{"@id":"https:\/\/www.visit-ulcinj.com\/blog\/#website"},"primaryImageOfPage":{"@id":"https:\/\/www.visit-ulcinj.com\/blog\/2014\/02\/04\/pds-nis-bisedimet-per-formimin-e-koalicionit-ne-ulqin\/#primaryimage"},"datePublished":"2014-02-04T00:52:52+00:00","dateModified":"2014-02-04T17:36:35+00:00","author":{"@id":"https:\/\/www.visit-ulcinj.com\/blog\/#\/schema\/person\/dcab619c614d3038751c63bc2aadc06d"},"description":"Kryetari i k\u00ebshillit komunal t\u00eb PDS e bart\u00ebs i list\u00ebs n\u00eb zgjedhjet komunale t\u00eb 26 janarit n\u00eb Ulqin , Loro Ndrekiqi ,ka th\u00ebn\u00eb se sot do t\u00eb fillojn\u00eb","breadcrumb":{"@id":"https:\/\/www.visit-ulcinj.com\/blog\/2014\/02\/04\/pds-nis-bisedimet-per-formimin-e-koalicionit-ne-ulqin\/#breadcrumb"},"inLanguage":"en-US","potentialAction":[{"@type":"ReadAction","target":["https:\/\/www.visit-ulcinj.com\/blog\/2014\/02\/04\/pds-nis-bisedimet-per-formimin-e-koalicionit-ne-ulqin\/"]}]},{"@type":"BreadcrumbList","@id":"https:\/\/www.visit-ulcinj.com\/blog\/2014\/02\/04\/pds-nis-bisedimet-per-formimin-e-koalicionit-ne-ulqin\/#breadcrumb","itemListElement":[{"@type":"ListItem","position":1,"name":"PDS nis bisedimet p\u00ebr formimin e koalicionit ne Ulqin &#8211; Video"}]},{"@type":"Person","@id":"https:\/\/www.visit-ulcinj.com\/blog\/#\/schema\/person\/dcab619c614d3038751c63bc2aadc06d","name":"ulqini","sameAs":["http:\/\/www.visit-ulcinj.com"],"url":"https:\/\/www.visit-ulcinj.com\/blog\/author\/admin\/"}]}},"jetpack_featured_media_url":"","jetpack_sharing_enabled":true,"jetpack_shortlink":"https:\/\/wp.me\/pe6lTn-kCz","_links":{"self":[{"href":"https:\/\/www.visit-ulcinj.com\/blog\/wp-json\/wp\/v2\/posts\/79271"}],"collection":[{"href":"https:\/\/www.visit-ulcinj.com\/blog\/wp-json\/wp\/v2\/posts"}],"about":[{"href":"https:\/\/www.visit-ulcinj.com\/blog\/wp-json\/wp\/v2\/types\/post"}],"author":[{"embeddable":true,"href":"https:\/\/www.visit-ulcinj.com\/blog\/wp-json\/wp\/v2\/users\/1"}],"replies":[{"embeddable":true,"href":"https:\/\/www.visit-ulcinj.com\/blog\/wp-json\/wp\/v2\/comments?post=79271"}],"version-history":[{"count":2,"href":"https:\/\/www.visit-ulcinj.com\/blog\/wp-json\/wp\/v2\/posts\/79271\/revisions"}],"predecessor-version":[{"id":79289,"href":"https:\/\/www.visit-ulcinj.com\/blog\/wp-json\/wp\/v2\/posts\/79271\/revisions\/79289"}],"wp:attachment":[{"href":"https:\/\/www.visit-ulcinj.com\/blog\/wp-json\/wp\/v2\/media?parent=79271"}],"wp:term":[{"taxonomy":"category","embeddable":true,"href":"https:\/\/www.visit-ulcinj.com\/blog\/wp-json\/wp\/v2\/categories?post=79271"},{"taxonomy":"post_tag","embeddable":true,"href":"https:\/\/www.visit-ulcinj.com\/blog\/wp-json\/wp\/v2\/tags?post=79271"}],"curies":[{"name":"wp","href":"https:\/\/api.w.org\/{rel}","templated":true}]}}