{"id":79277,"date":"2014-02-04T10:07:14","date_gmt":"2014-02-04T09:07:14","guid":{"rendered":"http:\/\/www.visit-ulcinj.com\/blog\/?p=79277"},"modified":"2014-02-04T18:07:28","modified_gmt":"2014-02-04T17:07:28","slug":"sdp-dua-spremne-da-saraduju-sa-dps-om","status":"publish","type":"post","link":"https:\/\/www.visit-ulcinj.com\/blog\/2014\/02\/04\/sdp-dua-spremne-da-saraduju-sa-dps-om\/","title":{"rendered":"SDP i DUA spremne da sara\u0111uju sa DPS-om &#8211; Video"},"content":{"rendered":"<p><a href=\"http:\/\/www.visit-ulcinj.com\/blog\/wp-content\/uploads\/2013\/01\/Ljoro-Nrekic_Ulcinj.jpg\"><img loading=\"lazy\" class=\"alignleft  wp-image-68005\" alt=\"Ljoro Nrekic_Ulcinj\" src=\"http:\/\/www.visit-ulcinj.com\/blog\/wp-content\/uploads\/2013\/01\/Ljoro-Nrekic_Ulcinj.jpg\" width=\"508\" height=\"300\" \/><\/a>Pregovori Demokratske partije socijalista za formiranje vlasti u Ulcinju trajali su do kasno u no\u0107. Nosilac liste Ljoro Nreki\u0107 osim sa Forcom sastao se i sa predstvnicima SDP-a, Demokratske unije Albanaca ali i sa Fatmirom \u0110ekom, kasno sino\u0107, koji predvodi koaliciju \u201eZajedno za budu\u0107nost Ulcinja\u201c. Nreki\u0107 za na\u0161 radio ka\u017ee:<\/p>\n<p>\u00abPregovori sa SDP-om i Demokratskom unijom Albanaca su protekli u dobroj atmosferi, oni su raspolo\u017eeni za saradnju. DUA je voljna da sara\u0111uje sa nama a za SDP da ne govorimo, to je koalicioni partner na nivou dr\u017eave\u00bb, obja\u0161njava Nreki\u0107.<\/p>\n<p>Iako su SDP i DUA pokzale spremnost da sara\u0111uju, kakav \u0107e biti ishod pregovora nije htio da predvi\u0111a, jer su, kako ka\u017ee posrijedi samo po\u010detne konsultacije:<\/p>\n<p>\u00abNa kraju \u0107emo da vagamo, \u0161ta i kako i sa kim. To mo\u017ee da traje i dvije nedjelje, me\u0111utim, \u0161to prije se napravi dogovor to je bolje za Ulcinj i gra\u0111ane\u00bb, zaklju\u010duje Nreki\u0107.<\/p>\n<p><strong>Izvor: Radio Antena M<\/strong><br \/>\n<!--YouTube Error: bad URL entered--><\/p>\n","protected":false},"excerpt":{"rendered":"<p>Pregovori Demokratske partije socijalista za formiranje vlasti u Ulcinju trajali su do kasno u no\u0107. Nosilac liste Ljoro Nreki\u0107 osim sa Forcom sastao se i sa predstvnicima SDP-a, Demokratske unije Albanaca ali i sa Fatmirom \u0110ekom, kasno sino\u0107, koji predvodi koaliciju \u201eZajedno za budu\u0107nost Ulcinja\u201c. Nreki\u0107 za na\u0161 radio ka\u017ee: \u00abPregovori sa SDP-om i Demokratskom [&hellip;]<\/p>\n","protected":false},"author":1,"featured_media":0,"comment_status":"closed","ping_status":"closed","sticky":false,"template":"","format":"standard","meta":{"spay_email":"","jetpack_publicize_message":"","jetpack_is_tweetstorm":false,"jetpack_publicize_feature_enabled":true},"categories":[8337],"tags":[],"jetpack_publicize_connections":[],"yoast_head":"<!-- This site is optimized with the Yoast SEO plugin v19.1 - https:\/\/yoast.com\/wordpress\/plugins\/seo\/ -->\n<title>SDP i DUA spremne da sara\u0111uju sa DPS-om - Video - Lajme nga Ulqini<\/title>\n<meta name=\"description\" content=\"Pregovori Demokratske partije socijalista za formiranje vlasti u Ulcinju trajali su do kasno u no\u0107. Nosilac liste Ljoro Nreki\u0107 osim sa Forcom sastao se i\" \/>\n<meta name=\"robots\" content=\"index, follow, max-snippet:-1, max-image-preview:large, max-video-preview:-1\" \/>\n<link rel=\"canonical\" href=\"https:\/\/www.visit-ulcinj.com\/blog\/2014\/02\/04\/sdp-dua-spremne-da-saraduju-sa-dps-om\/\" \/>\n<meta property=\"og:locale\" content=\"en_US\" \/>\n<meta property=\"og:type\" content=\"article\" \/>\n<meta property=\"og:title\" content=\"SDP i DUA spremne da sara\u0111uju sa DPS-om - Video - Lajme nga Ulqini\" \/>\n<meta property=\"og:description\" content=\"Pregovori Demokratske partije socijalista za formiranje vlasti u Ulcinju trajali su do kasno u no\u0107. Nosilac liste Ljoro Nreki\u0107 osim sa Forcom sastao se i\" \/>\n<meta property=\"og:url\" content=\"https:\/\/www.visit-ulcinj.com\/blog\/2014\/02\/04\/sdp-dua-spremne-da-saraduju-sa-dps-om\/\" \/>\n<meta property=\"og:site_name\" content=\"Lajme nga Ulqini\" \/>\n<meta property=\"article:published_time\" content=\"2014-02-04T09:07:14+00:00\" \/>\n<meta property=\"article:modified_time\" content=\"2014-02-04T17:07:28+00:00\" \/>\n<meta property=\"og:image\" content=\"http:\/\/www.visit-ulcinj.com\/blog\/wp-content\/uploads\/2013\/01\/Ljoro-Nrekic_Ulcinj.jpg\" \/>\n<meta name=\"twitter:label1\" content=\"Written by\" \/>\n\t<meta name=\"twitter:data1\" content=\"ulqini\" \/>\n\t<meta name=\"twitter:label2\" content=\"Est. reading time\" \/>\n\t<meta name=\"twitter:data2\" content=\"1 minute\" \/>\n<script type=\"application\/ld+json\" class=\"yoast-schema-graph\">{\"@context\":\"https:\/\/schema.org\",\"@graph\":[{\"@type\":\"WebSite\",\"@id\":\"https:\/\/www.visit-ulcinj.com\/blog\/#website\",\"url\":\"https:\/\/www.visit-ulcinj.com\/blog\/\",\"name\":\"Lajme nga Ulqini\",\"description\":\"Lajme,Vijesti,Ulqini,Ulqin,Crna Gora,Mali i Zi\",\"potentialAction\":[{\"@type\":\"SearchAction\",\"target\":{\"@type\":\"EntryPoint\",\"urlTemplate\":\"https:\/\/www.visit-ulcinj.com\/blog\/?s={search_term_string}\"},\"query-input\":\"required name=search_term_string\"}],\"inLanguage\":\"en-US\"},{\"@type\":\"ImageObject\",\"inLanguage\":\"en-US\",\"@id\":\"https:\/\/www.visit-ulcinj.com\/blog\/2014\/02\/04\/sdp-dua-spremne-da-saraduju-sa-dps-om\/#primaryimage\",\"url\":\"https:\/\/www.visit-ulcinj.com\/blog\/wp-content\/uploads\/2013\/01\/Ljoro-Nrekic_Ulcinj.jpg\",\"contentUrl\":\"https:\/\/www.visit-ulcinj.com\/blog\/wp-content\/uploads\/2013\/01\/Ljoro-Nrekic_Ulcinj.jpg\",\"width\":400,\"height\":300},{\"@type\":\"WebPage\",\"@id\":\"https:\/\/www.visit-ulcinj.com\/blog\/2014\/02\/04\/sdp-dua-spremne-da-saraduju-sa-dps-om\/#webpage\",\"url\":\"https:\/\/www.visit-ulcinj.com\/blog\/2014\/02\/04\/sdp-dua-spremne-da-saraduju-sa-dps-om\/\",\"name\":\"SDP i DUA spremne da sara\u0111uju sa DPS-om - Video - Lajme nga Ulqini\",\"isPartOf\":{\"@id\":\"https:\/\/www.visit-ulcinj.com\/blog\/#website\"},\"primaryImageOfPage\":{\"@id\":\"https:\/\/www.visit-ulcinj.com\/blog\/2014\/02\/04\/sdp-dua-spremne-da-saraduju-sa-dps-om\/#primaryimage\"},\"datePublished\":\"2014-02-04T09:07:14+00:00\",\"dateModified\":\"2014-02-04T17:07:28+00:00\",\"author\":{\"@id\":\"https:\/\/www.visit-ulcinj.com\/blog\/#\/schema\/person\/dcab619c614d3038751c63bc2aadc06d\"},\"description\":\"Pregovori Demokratske partije socijalista za formiranje vlasti u Ulcinju trajali su do kasno u no\u0107. Nosilac liste Ljoro Nreki\u0107 osim sa Forcom sastao se i\",\"breadcrumb\":{\"@id\":\"https:\/\/www.visit-ulcinj.com\/blog\/2014\/02\/04\/sdp-dua-spremne-da-saraduju-sa-dps-om\/#breadcrumb\"},\"inLanguage\":\"en-US\",\"potentialAction\":[{\"@type\":\"ReadAction\",\"target\":[\"https:\/\/www.visit-ulcinj.com\/blog\/2014\/02\/04\/sdp-dua-spremne-da-saraduju-sa-dps-om\/\"]}]},{\"@type\":\"BreadcrumbList\",\"@id\":\"https:\/\/www.visit-ulcinj.com\/blog\/2014\/02\/04\/sdp-dua-spremne-da-saraduju-sa-dps-om\/#breadcrumb\",\"itemListElement\":[{\"@type\":\"ListItem\",\"position\":1,\"name\":\"SDP i DUA spremne da sara\u0111uju sa DPS-om &#8211; Video\"}]},{\"@type\":\"Person\",\"@id\":\"https:\/\/www.visit-ulcinj.com\/blog\/#\/schema\/person\/dcab619c614d3038751c63bc2aadc06d\",\"name\":\"ulqini\",\"sameAs\":[\"http:\/\/www.visit-ulcinj.com\"],\"url\":\"https:\/\/www.visit-ulcinj.com\/blog\/author\/admin\/\"}]}<\/script>\n<!-- \/ Yoast SEO plugin. -->","yoast_head_json":{"title":"SDP i DUA spremne da sara\u0111uju sa DPS-om - Video - Lajme nga Ulqini","description":"Pregovori Demokratske partije socijalista za formiranje vlasti u Ulcinju trajali su do kasno u no\u0107. Nosilac liste Ljoro Nreki\u0107 osim sa Forcom sastao se i","robots":{"index":"index","follow":"follow","max-snippet":"max-snippet:-1","max-image-preview":"max-image-preview:large","max-video-preview":"max-video-preview:-1"},"canonical":"https:\/\/www.visit-ulcinj.com\/blog\/2014\/02\/04\/sdp-dua-spremne-da-saraduju-sa-dps-om\/","og_locale":"en_US","og_type":"article","og_title":"SDP i DUA spremne da sara\u0111uju sa DPS-om - Video - Lajme nga Ulqini","og_description":"Pregovori Demokratske partije socijalista za formiranje vlasti u Ulcinju trajali su do kasno u no\u0107. Nosilac liste Ljoro Nreki\u0107 osim sa Forcom sastao se i","og_url":"https:\/\/www.visit-ulcinj.com\/blog\/2014\/02\/04\/sdp-dua-spremne-da-saraduju-sa-dps-om\/","og_site_name":"Lajme nga Ulqini","article_published_time":"2014-02-04T09:07:14+00:00","article_modified_time":"2014-02-04T17:07:28+00:00","og_image":[{"url":"http:\/\/www.visit-ulcinj.com\/blog\/wp-content\/uploads\/2013\/01\/Ljoro-Nrekic_Ulcinj.jpg"}],"twitter_misc":{"Written by":"ulqini","Est. reading time":"1 minute"},"schema":{"@context":"https:\/\/schema.org","@graph":[{"@type":"WebSite","@id":"https:\/\/www.visit-ulcinj.com\/blog\/#website","url":"https:\/\/www.visit-ulcinj.com\/blog\/","name":"Lajme nga Ulqini","description":"Lajme,Vijesti,Ulqini,Ulqin,Crna Gora,Mali i Zi","potentialAction":[{"@type":"SearchAction","target":{"@type":"EntryPoint","urlTemplate":"https:\/\/www.visit-ulcinj.com\/blog\/?s={search_term_string}"},"query-input":"required name=search_term_string"}],"inLanguage":"en-US"},{"@type":"ImageObject","inLanguage":"en-US","@id":"https:\/\/www.visit-ulcinj.com\/blog\/2014\/02\/04\/sdp-dua-spremne-da-saraduju-sa-dps-om\/#primaryimage","url":"https:\/\/www.visit-ulcinj.com\/blog\/wp-content\/uploads\/2013\/01\/Ljoro-Nrekic_Ulcinj.jpg","contentUrl":"https:\/\/www.visit-ulcinj.com\/blog\/wp-content\/uploads\/2013\/01\/Ljoro-Nrekic_Ulcinj.jpg","width":400,"height":300},{"@type":"WebPage","@id":"https:\/\/www.visit-ulcinj.com\/blog\/2014\/02\/04\/sdp-dua-spremne-da-saraduju-sa-dps-om\/#webpage","url":"https:\/\/www.visit-ulcinj.com\/blog\/2014\/02\/04\/sdp-dua-spremne-da-saraduju-sa-dps-om\/","name":"SDP i DUA spremne da sara\u0111uju sa DPS-om - Video - Lajme nga Ulqini","isPartOf":{"@id":"https:\/\/www.visit-ulcinj.com\/blog\/#website"},"primaryImageOfPage":{"@id":"https:\/\/www.visit-ulcinj.com\/blog\/2014\/02\/04\/sdp-dua-spremne-da-saraduju-sa-dps-om\/#primaryimage"},"datePublished":"2014-02-04T09:07:14+00:00","dateModified":"2014-02-04T17:07:28+00:00","author":{"@id":"https:\/\/www.visit-ulcinj.com\/blog\/#\/schema\/person\/dcab619c614d3038751c63bc2aadc06d"},"description":"Pregovori Demokratske partije socijalista za formiranje vlasti u Ulcinju trajali su do kasno u no\u0107. Nosilac liste Ljoro Nreki\u0107 osim sa Forcom sastao se i","breadcrumb":{"@id":"https:\/\/www.visit-ulcinj.com\/blog\/2014\/02\/04\/sdp-dua-spremne-da-saraduju-sa-dps-om\/#breadcrumb"},"inLanguage":"en-US","potentialAction":[{"@type":"ReadAction","target":["https:\/\/www.visit-ulcinj.com\/blog\/2014\/02\/04\/sdp-dua-spremne-da-saraduju-sa-dps-om\/"]}]},{"@type":"BreadcrumbList","@id":"https:\/\/www.visit-ulcinj.com\/blog\/2014\/02\/04\/sdp-dua-spremne-da-saraduju-sa-dps-om\/#breadcrumb","itemListElement":[{"@type":"ListItem","position":1,"name":"SDP i DUA spremne da sara\u0111uju sa DPS-om &#8211; Video"}]},{"@type":"Person","@id":"https:\/\/www.visit-ulcinj.com\/blog\/#\/schema\/person\/dcab619c614d3038751c63bc2aadc06d","name":"ulqini","sameAs":["http:\/\/www.visit-ulcinj.com"],"url":"https:\/\/www.visit-ulcinj.com\/blog\/author\/admin\/"}]}},"jetpack_featured_media_url":"","jetpack_sharing_enabled":true,"jetpack_shortlink":"https:\/\/wp.me\/pe6lTn-kCF","_links":{"self":[{"href":"https:\/\/www.visit-ulcinj.com\/blog\/wp-json\/wp\/v2\/posts\/79277"}],"collection":[{"href":"https:\/\/www.visit-ulcinj.com\/blog\/wp-json\/wp\/v2\/posts"}],"about":[{"href":"https:\/\/www.visit-ulcinj.com\/blog\/wp-json\/wp\/v2\/types\/post"}],"author":[{"embeddable":true,"href":"https:\/\/www.visit-ulcinj.com\/blog\/wp-json\/wp\/v2\/users\/1"}],"replies":[{"embeddable":true,"href":"https:\/\/www.visit-ulcinj.com\/blog\/wp-json\/wp\/v2\/comments?post=79277"}],"version-history":[{"count":2,"href":"https:\/\/www.visit-ulcinj.com\/blog\/wp-json\/wp\/v2\/posts\/79277\/revisions"}],"predecessor-version":[{"id":79291,"href":"https:\/\/www.visit-ulcinj.com\/blog\/wp-json\/wp\/v2\/posts\/79277\/revisions\/79291"}],"wp:attachment":[{"href":"https:\/\/www.visit-ulcinj.com\/blog\/wp-json\/wp\/v2\/media?parent=79277"}],"wp:term":[{"taxonomy":"category","embeddable":true,"href":"https:\/\/www.visit-ulcinj.com\/blog\/wp-json\/wp\/v2\/categories?post=79277"},{"taxonomy":"post_tag","embeddable":true,"href":"https:\/\/www.visit-ulcinj.com\/blog\/wp-json\/wp\/v2\/tags?post=79277"}],"curies":[{"name":"wp","href":"https:\/\/api.w.org\/{rel}","templated":true}]}}