{"id":79279,"date":"2014-02-04T12:01:48","date_gmt":"2014-02-04T11:01:48","guid":{"rendered":"http:\/\/www.visit-ulcinj.com\/blog\/?p=79279"},"modified":"2014-02-04T18:06:49","modified_gmt":"2014-02-04T17:06:49","slug":"dps-trazi-partnere-u-ulcinj","status":"publish","type":"post","link":"https:\/\/www.visit-ulcinj.com\/blog\/2014\/02\/04\/dps-trazi-partnere-u-ulcinj\/","title":{"rendered":"DPS tra\u017ei partnere u Ulcinj &#8211; Video"},"content":{"rendered":"<p><strong><a href=\"http:\/\/www.visit-ulcinj.com\/blog\/wp-content\/uploads\/2014\/01\/nrekic-ljoro-dps-ulcinj.jpg\"><img loading=\"lazy\" class=\"alignleft  wp-image-78815\" alt=\"nrekic-ljoro-dps-ulcinj\" src=\"http:\/\/www.visit-ulcinj.com\/blog\/wp-content\/uploads\/2014\/01\/nrekic-ljoro-dps-ulcinj.jpg\" width=\"508\" height=\"360\" \/><\/a>Pi\u0161e:\u00a0<em>Ana \u017divanovi\u0107<\/em><\/strong><\/p>\n<p><strong>ULCINJ \u2013 Ju\u010de je zavr\u0161ena prva runda pregovora DPS-a sa liderima Force, Demokratske unije Albanaca, SDP-a\u00a0 i Koalicije \u201eZajedno za budu\u0107nost Ulcinja\u201c\u00a0 o formiranju vlasti u najju\u017enijoj crnogorskoj op\u0161tini. <\/strong><\/p>\n<p>&#8211; Zavr\u0161en je prvi krug razgovora. Ni\u0161ta jo\u0161 nije dogovoreno. Za mene su svi potencijalni koalicioni partneri jednaki. Kao \u0161to sam ve\u0107 ranije najavio, razgovara\u0107emo sa svima \u2013 rekao je Pobjedi Ljoro Nreki\u0107, \u0161ef ulcinjskog OO DPS-a. On je kazao da o\u010dekuje da kona\u010dan dogovor bude uskoro postignut.<\/p>\n<p align=\"left\">Nreki\u0107 je rekao da je ubije\u0111en da se bez DPS-a\u00a0ne mo\u017ee napraviti vlast u Ulcinju.<\/p>\n<p align=\"left\">&#8211; Ipak, ne treba iznevjeriti Ulcinjane koji su najvi\u0161e dali glasova DPS-u, jer je gra\u0111anska opcija nadvladala i te stranke su dobile vi\u0161e glasova od albanskih stranaka \u2013 naveo je Nreki\u0107.<\/p>\n<p align=\"left\">Prema njegovim rije\u010dima, narednih dana bi\u0107e sve poznato.<\/p>\n<p align=\"left\">&#8211; Na dobrom smo putu da realizujemo planirane projekte i da opravdamo povjerenje gra\u0111ana koji su glasali za nas \u2013 poru\u010dio je Nreki\u0107.<\/p>\n<p>Nosilac liste DPS-a prvo se sastao sa liderom Force Nazifom Cunguom.<\/p>\n<p>&#8211; Nazif Cungu mi je rekao da je svim albanskim partijama uputio poziv za pregovore o formiranju koalicije \u2013 rekao je Nreki\u0107.<\/p>\n<p>Lider Force Nazif Cungu Pobjedi je kazao da je njegova partija dobila pozitivan odgovor o po\u010detku pregovora od Demokratske partije i da je DUA najavila da \u0107e se odazvati pozivu.<\/p>\n<p align=\"left\">U Demokratskoj uniji Albanaca, me\u0111utim, vjeruju u pozitivan ishod razgovora sa DPS-om.<\/p>\n<p align=\"left\">&#8211; Sa liderom DPS-a smo razgovarali o ulasku u koaliciju. Vjerujemo u pozitivan ishod ovih razgovora. Naravno, odazva\u0107emo se i pozivu Force i razgovarati i sa njima \u2013 rekao je \u010delnik DUA Mehmet Zenka.<\/p>\n<p align=\"left\">I u SDP-u nijesu krili zadovoljstvo prvim pregovorima sa DPS-om o formiranju vlasti u Ulcinju.<\/p>\n<p align=\"left\">&#8211; Razgovori su obe\u0107avaju\u0107i. DPS, SDP, Koalicija \u201eZajedno za budu\u0107nost Ulcinja\u201c i DUA \u0107e nastaviti pregovore. Ovo je idealan balans gra\u0111anskog i nacionalnog i koalicija me\u0111u ovim listama bi dala najbolju vlast kakva je Ulcinju potrebna \u2013 rekao je Pobjedi Selim Resulbegovi\u0107, \u0161ef OO Ulcinj.<\/p>\n<p align=\"left\">Najizvjesnije je da \u0107e se vlast u Ulcinju formirati izme\u0111u DPS-a, Koalicije ,,Zajedno za budu\u0107nost Ulcinja\u201c, DUA i SDP-a. Ova \u0161iroka koalicija imala bi umjesto potrebnih 17 mandata\u00a0 \u2013 21 mandat.<\/p>\n<p align=\"left\">Pored mogu\u0107e koalicije izme\u0111u DPS \u2013 DUA \u2013 Koalicije i SDP-a, gledano prema osvojenom broju mandata mogu\u0107a je i koalicija izme\u0111u partija Forca \u2013 Koalicija \u2013 DUA, kao i koalicija DPS \u2013 Forca.<\/p>\n<p align=\"left\">Podsje\u0107amo, nakon izbora u Ulcinju DPS je osvojio devet mandata, Forca\u00a0osam, Koalicija ,,Zajedno za bolji Ulcinj\u201c sedam,\u00a0 DUA tri, SDP i Pozitivna po dva manadata, SNP i DF po jedan.<\/p>\n<h4 align=\"left\">Cungu \u201etrenira\u201c strogo\u0107u<\/h4>\n<p><strong>\u00a0<\/strong><strong>Vrata op\u0161tine Ulcinj su u ponedjeljak ujutro od osam sati bila zaklju\u010dana i za stranke i za zaposlene u ovoj instituciji. Ko je do zgrade stigao do osam sati, mogao je da u\u0111e, a poslije osam vi\u0161e nije. Vrata op\u0161tine su \u201epoljubili\u201c i neki slu\u017ebenici dr\u017eavnih slu\u017ebi.<\/strong><\/p>\n<p>Na pitanje za\u0161to je op\u0161tina zatvorena, u kabinetu predsjednika op\u0161tine Pobjedi su rekli da se obratimo kadrovskoj slu\u017ebi.<\/p>\n<p>U kadrovskoj slu\u017ebi su nam obrazlo\u017eili da su vrata zaklju\u010dana jer zaposleni ne dolaze na vrijeme na posao i da se zna vrijeme predvi\u0111eno za rad sa strankama. Pokazali su nam odluku o odre\u0111ivanju vremena za rad sa strankama iz 2009. godine i pravilnik o na\u010dinu evidentiranja prisustva na radu slu\u017ebenika i namje\u0161tenika u op\u0161tini Ulcinj iz 2011. godine.<\/p>\n<p>Me\u0111utim, u pravilniku jasno pi\u0161e da se zaposleni evidentiraju elektronski \u2013 putem kartica koje su obavezni da koriste kada ulaze u zgradu i izlaze iz nje, tako da je ostalo nejasno za\u0161to su vrata bila zaklju\u010dana do 11 sati. Zaposleni koji su ostali ispred vrata op\u0161tine Pobjedi su rekli da su iznena\u0111eni ovim \u010dinom, jer se nikada do sada nijesu sprovodile ovakve mjere.<\/p>\n<p><strong>Izvor: POBJEDA<\/strong><br \/>\n<!--YouTube Error: bad URL entered--><\/p>\n","protected":false},"excerpt":{"rendered":"<p>Pi\u0161e:\u00a0Ana \u017divanovi\u0107 ULCINJ \u2013 Ju\u010de je zavr\u0161ena prva runda pregovora DPS-a sa liderima Force, Demokratske unije Albanaca, SDP-a\u00a0 i Koalicije \u201eZajedno za budu\u0107nost Ulcinja\u201c\u00a0 o formiranju vlasti u najju\u017enijoj crnogorskoj op\u0161tini. &#8211; Zavr\u0161en je prvi krug razgovora. Ni\u0161ta jo\u0161 nije dogovoreno. Za mene su svi potencijalni koalicioni partneri jednaki. Kao \u0161to sam ve\u0107 ranije najavio, [&hellip;]<\/p>\n","protected":false},"author":1,"featured_media":0,"comment_status":"closed","ping_status":"closed","sticky":false,"template":"","format":"standard","meta":{"spay_email":"","jetpack_publicize_message":"","jetpack_is_tweetstorm":false,"jetpack_publicize_feature_enabled":true},"categories":[8337],"tags":[],"jetpack_publicize_connections":[],"yoast_head":"<!-- This site is optimized with the Yoast SEO plugin v19.1 - https:\/\/yoast.com\/wordpress\/plugins\/seo\/ -->\n<title>DPS tra\u017ei partnere u Ulcinj - Video - Lajme nga Ulqini<\/title>\n<meta name=\"description\" content=\"Pi\u0161e:\u00a0Ana \u017divanovi\u0107 ULCINJ \u2013 Ju\u010de je zavr\u0161ena prva runda pregovora DPS-a sa liderima Force, Demokratske unije Albanaca, SDP-a\u00a0 i Koalicije \u201eZajedno za\" \/>\n<meta name=\"robots\" content=\"index, follow, max-snippet:-1, max-image-preview:large, max-video-preview:-1\" \/>\n<link rel=\"canonical\" href=\"https:\/\/www.visit-ulcinj.com\/blog\/2014\/02\/04\/dps-trazi-partnere-u-ulcinj\/\" \/>\n<meta property=\"og:locale\" content=\"en_US\" \/>\n<meta property=\"og:type\" content=\"article\" \/>\n<meta property=\"og:title\" content=\"DPS tra\u017ei partnere u Ulcinj - Video - Lajme nga Ulqini\" \/>\n<meta property=\"og:description\" content=\"Pi\u0161e:\u00a0Ana \u017divanovi\u0107 ULCINJ \u2013 Ju\u010de je zavr\u0161ena prva runda pregovora DPS-a sa liderima Force, Demokratske unije Albanaca, SDP-a\u00a0 i Koalicije \u201eZajedno za\" \/>\n<meta property=\"og:url\" content=\"https:\/\/www.visit-ulcinj.com\/blog\/2014\/02\/04\/dps-trazi-partnere-u-ulcinj\/\" \/>\n<meta property=\"og:site_name\" content=\"Lajme nga Ulqini\" \/>\n<meta property=\"article:published_time\" content=\"2014-02-04T11:01:48+00:00\" \/>\n<meta property=\"article:modified_time\" content=\"2014-02-04T17:06:49+00:00\" \/>\n<meta property=\"og:image\" content=\"http:\/\/www.visit-ulcinj.com\/blog\/wp-content\/uploads\/2014\/01\/nrekic-ljoro-dps-ulcinj.jpg\" \/>\n<meta name=\"twitter:label1\" content=\"Written by\" \/>\n\t<meta name=\"twitter:data1\" content=\"ulqini\" \/>\n\t<meta name=\"twitter:label2\" content=\"Est. reading time\" \/>\n\t<meta name=\"twitter:data2\" content=\"3 minutes\" \/>\n<script type=\"application\/ld+json\" class=\"yoast-schema-graph\">{\"@context\":\"https:\/\/schema.org\",\"@graph\":[{\"@type\":\"WebSite\",\"@id\":\"https:\/\/www.visit-ulcinj.com\/blog\/#website\",\"url\":\"https:\/\/www.visit-ulcinj.com\/blog\/\",\"name\":\"Lajme nga Ulqini\",\"description\":\"Lajme,Vijesti,Ulqini,Ulqin,Crna Gora,Mali i Zi\",\"potentialAction\":[{\"@type\":\"SearchAction\",\"target\":{\"@type\":\"EntryPoint\",\"urlTemplate\":\"https:\/\/www.visit-ulcinj.com\/blog\/?s={search_term_string}\"},\"query-input\":\"required name=search_term_string\"}],\"inLanguage\":\"en-US\"},{\"@type\":\"ImageObject\",\"inLanguage\":\"en-US\",\"@id\":\"https:\/\/www.visit-ulcinj.com\/blog\/2014\/02\/04\/dps-trazi-partnere-u-ulcinj\/#primaryimage\",\"url\":\"https:\/\/www.visit-ulcinj.com\/blog\/wp-content\/uploads\/2014\/01\/nrekic-ljoro-dps-ulcinj.jpg\",\"contentUrl\":\"https:\/\/www.visit-ulcinj.com\/blog\/wp-content\/uploads\/2014\/01\/nrekic-ljoro-dps-ulcinj.jpg\",\"width\":960,\"height\":720},{\"@type\":\"WebPage\",\"@id\":\"https:\/\/www.visit-ulcinj.com\/blog\/2014\/02\/04\/dps-trazi-partnere-u-ulcinj\/#webpage\",\"url\":\"https:\/\/www.visit-ulcinj.com\/blog\/2014\/02\/04\/dps-trazi-partnere-u-ulcinj\/\",\"name\":\"DPS tra\u017ei partnere u Ulcinj - Video - Lajme nga Ulqini\",\"isPartOf\":{\"@id\":\"https:\/\/www.visit-ulcinj.com\/blog\/#website\"},\"primaryImageOfPage\":{\"@id\":\"https:\/\/www.visit-ulcinj.com\/blog\/2014\/02\/04\/dps-trazi-partnere-u-ulcinj\/#primaryimage\"},\"datePublished\":\"2014-02-04T11:01:48+00:00\",\"dateModified\":\"2014-02-04T17:06:49+00:00\",\"author\":{\"@id\":\"https:\/\/www.visit-ulcinj.com\/blog\/#\/schema\/person\/dcab619c614d3038751c63bc2aadc06d\"},\"description\":\"Pi\u0161e:\u00a0Ana \u017divanovi\u0107 ULCINJ \u2013 Ju\u010de je zavr\u0161ena prva runda pregovora DPS-a sa liderima Force, Demokratske unije Albanaca, SDP-a\u00a0 i Koalicije \u201eZajedno za\",\"breadcrumb\":{\"@id\":\"https:\/\/www.visit-ulcinj.com\/blog\/2014\/02\/04\/dps-trazi-partnere-u-ulcinj\/#breadcrumb\"},\"inLanguage\":\"en-US\",\"potentialAction\":[{\"@type\":\"ReadAction\",\"target\":[\"https:\/\/www.visit-ulcinj.com\/blog\/2014\/02\/04\/dps-trazi-partnere-u-ulcinj\/\"]}]},{\"@type\":\"BreadcrumbList\",\"@id\":\"https:\/\/www.visit-ulcinj.com\/blog\/2014\/02\/04\/dps-trazi-partnere-u-ulcinj\/#breadcrumb\",\"itemListElement\":[{\"@type\":\"ListItem\",\"position\":1,\"name\":\"DPS tra\u017ei partnere u Ulcinj &#8211; Video\"}]},{\"@type\":\"Person\",\"@id\":\"https:\/\/www.visit-ulcinj.com\/blog\/#\/schema\/person\/dcab619c614d3038751c63bc2aadc06d\",\"name\":\"ulqini\",\"sameAs\":[\"http:\/\/www.visit-ulcinj.com\"],\"url\":\"https:\/\/www.visit-ulcinj.com\/blog\/author\/admin\/\"}]}<\/script>\n<!-- \/ Yoast SEO plugin. -->","yoast_head_json":{"title":"DPS tra\u017ei partnere u Ulcinj - Video - Lajme nga Ulqini","description":"Pi\u0161e:\u00a0Ana \u017divanovi\u0107 ULCINJ \u2013 Ju\u010de je zavr\u0161ena prva runda pregovora DPS-a sa liderima Force, Demokratske unije Albanaca, SDP-a\u00a0 i Koalicije \u201eZajedno za","robots":{"index":"index","follow":"follow","max-snippet":"max-snippet:-1","max-image-preview":"max-image-preview:large","max-video-preview":"max-video-preview:-1"},"canonical":"https:\/\/www.visit-ulcinj.com\/blog\/2014\/02\/04\/dps-trazi-partnere-u-ulcinj\/","og_locale":"en_US","og_type":"article","og_title":"DPS tra\u017ei partnere u Ulcinj - Video - Lajme nga Ulqini","og_description":"Pi\u0161e:\u00a0Ana \u017divanovi\u0107 ULCINJ \u2013 Ju\u010de je zavr\u0161ena prva runda pregovora DPS-a sa liderima Force, Demokratske unije Albanaca, SDP-a\u00a0 i Koalicije \u201eZajedno za","og_url":"https:\/\/www.visit-ulcinj.com\/blog\/2014\/02\/04\/dps-trazi-partnere-u-ulcinj\/","og_site_name":"Lajme nga Ulqini","article_published_time":"2014-02-04T11:01:48+00:00","article_modified_time":"2014-02-04T17:06:49+00:00","og_image":[{"url":"http:\/\/www.visit-ulcinj.com\/blog\/wp-content\/uploads\/2014\/01\/nrekic-ljoro-dps-ulcinj.jpg"}],"twitter_misc":{"Written by":"ulqini","Est. reading time":"3 minutes"},"schema":{"@context":"https:\/\/schema.org","@graph":[{"@type":"WebSite","@id":"https:\/\/www.visit-ulcinj.com\/blog\/#website","url":"https:\/\/www.visit-ulcinj.com\/blog\/","name":"Lajme nga Ulqini","description":"Lajme,Vijesti,Ulqini,Ulqin,Crna Gora,Mali i Zi","potentialAction":[{"@type":"SearchAction","target":{"@type":"EntryPoint","urlTemplate":"https:\/\/www.visit-ulcinj.com\/blog\/?s={search_term_string}"},"query-input":"required name=search_term_string"}],"inLanguage":"en-US"},{"@type":"ImageObject","inLanguage":"en-US","@id":"https:\/\/www.visit-ulcinj.com\/blog\/2014\/02\/04\/dps-trazi-partnere-u-ulcinj\/#primaryimage","url":"https:\/\/www.visit-ulcinj.com\/blog\/wp-content\/uploads\/2014\/01\/nrekic-ljoro-dps-ulcinj.jpg","contentUrl":"https:\/\/www.visit-ulcinj.com\/blog\/wp-content\/uploads\/2014\/01\/nrekic-ljoro-dps-ulcinj.jpg","width":960,"height":720},{"@type":"WebPage","@id":"https:\/\/www.visit-ulcinj.com\/blog\/2014\/02\/04\/dps-trazi-partnere-u-ulcinj\/#webpage","url":"https:\/\/www.visit-ulcinj.com\/blog\/2014\/02\/04\/dps-trazi-partnere-u-ulcinj\/","name":"DPS tra\u017ei partnere u Ulcinj - Video - Lajme nga Ulqini","isPartOf":{"@id":"https:\/\/www.visit-ulcinj.com\/blog\/#website"},"primaryImageOfPage":{"@id":"https:\/\/www.visit-ulcinj.com\/blog\/2014\/02\/04\/dps-trazi-partnere-u-ulcinj\/#primaryimage"},"datePublished":"2014-02-04T11:01:48+00:00","dateModified":"2014-02-04T17:06:49+00:00","author":{"@id":"https:\/\/www.visit-ulcinj.com\/blog\/#\/schema\/person\/dcab619c614d3038751c63bc2aadc06d"},"description":"Pi\u0161e:\u00a0Ana \u017divanovi\u0107 ULCINJ \u2013 Ju\u010de je zavr\u0161ena prva runda pregovora DPS-a sa liderima Force, Demokratske unije Albanaca, SDP-a\u00a0 i Koalicije \u201eZajedno za","breadcrumb":{"@id":"https:\/\/www.visit-ulcinj.com\/blog\/2014\/02\/04\/dps-trazi-partnere-u-ulcinj\/#breadcrumb"},"inLanguage":"en-US","potentialAction":[{"@type":"ReadAction","target":["https:\/\/www.visit-ulcinj.com\/blog\/2014\/02\/04\/dps-trazi-partnere-u-ulcinj\/"]}]},{"@type":"BreadcrumbList","@id":"https:\/\/www.visit-ulcinj.com\/blog\/2014\/02\/04\/dps-trazi-partnere-u-ulcinj\/#breadcrumb","itemListElement":[{"@type":"ListItem","position":1,"name":"DPS tra\u017ei partnere u Ulcinj &#8211; Video"}]},{"@type":"Person","@id":"https:\/\/www.visit-ulcinj.com\/blog\/#\/schema\/person\/dcab619c614d3038751c63bc2aadc06d","name":"ulqini","sameAs":["http:\/\/www.visit-ulcinj.com"],"url":"https:\/\/www.visit-ulcinj.com\/blog\/author\/admin\/"}]}},"jetpack_featured_media_url":"","jetpack_sharing_enabled":true,"jetpack_shortlink":"https:\/\/wp.me\/pe6lTn-kCH","_links":{"self":[{"href":"https:\/\/www.visit-ulcinj.com\/blog\/wp-json\/wp\/v2\/posts\/79279"}],"collection":[{"href":"https:\/\/www.visit-ulcinj.com\/blog\/wp-json\/wp\/v2\/posts"}],"about":[{"href":"https:\/\/www.visit-ulcinj.com\/blog\/wp-json\/wp\/v2\/types\/post"}],"author":[{"embeddable":true,"href":"https:\/\/www.visit-ulcinj.com\/blog\/wp-json\/wp\/v2\/users\/1"}],"replies":[{"embeddable":true,"href":"https:\/\/www.visit-ulcinj.com\/blog\/wp-json\/wp\/v2\/comments?post=79279"}],"version-history":[{"count":2,"href":"https:\/\/www.visit-ulcinj.com\/blog\/wp-json\/wp\/v2\/posts\/79279\/revisions"}],"predecessor-version":[{"id":79290,"href":"https:\/\/www.visit-ulcinj.com\/blog\/wp-json\/wp\/v2\/posts\/79279\/revisions\/79290"}],"wp:attachment":[{"href":"https:\/\/www.visit-ulcinj.com\/blog\/wp-json\/wp\/v2\/media?parent=79279"}],"wp:term":[{"taxonomy":"category","embeddable":true,"href":"https:\/\/www.visit-ulcinj.com\/blog\/wp-json\/wp\/v2\/categories?post=79279"},{"taxonomy":"post_tag","embeddable":true,"href":"https:\/\/www.visit-ulcinj.com\/blog\/wp-json\/wp\/v2\/tags?post=79279"}],"curies":[{"name":"wp","href":"https:\/\/api.w.org\/{rel}","templated":true}]}}