{"id":79285,"date":"2014-02-04T18:01:05","date_gmt":"2014-02-04T17:01:05","guid":{"rendered":"http:\/\/www.visit-ulcinj.com\/blog\/?p=79285"},"modified":"2014-02-04T18:01:05","modified_gmt":"2014-02-04T17:01:05","slug":"ndertimi-autostrades-tivare-bolari-te-filloje-ne-pranvere","status":"publish","type":"post","link":"https:\/\/www.visit-ulcinj.com\/blog\/2014\/02\/04\/ndertimi-autostrades-tivare-bolari-te-filloje-ne-pranvere\/","title":{"rendered":"Nd\u00ebrtimi i Autostrad\u00ebs Tivar\u00eb- Bolari do t\u00eb filloj\u00eb n\u00eb pranver\u00eb"},"content":{"rendered":"<p><a href=\"http:\/\/www.visit-ulcinj.com\/blog\/wp-content\/uploads\/2014\/02\/autoput-bar-boljare.jpg\"><img loading=\"lazy\" class=\"alignleft  wp-image-79286\" alt=\"autoput-bar-boljare\" src=\"http:\/\/www.visit-ulcinj.com\/blog\/wp-content\/uploads\/2014\/02\/autoput-bar-boljare.jpg\" width=\"508\" height=\"360\" \/><\/a>Nd\u00ebrtimi i Autostrad\u00ebs Tivar\u00eb- Bolari do t\u00eb filloj\u00eb n\u00eb pranver\u00eb, kurse n\u00eb\u00a0 afatet e parapara do t\u00eb duhej t\u00eb kryhet \u00e7do gj\u00eb q\u00eb ka t\u00eb b\u00ebj\u00eb me kontratat nd\u00ebrmjet pal\u00ebs malazeze dhe asaj kineze, ka deklaruar kryeministri Millo Gjukanoviq. Ai ka shtuar se bisedimet p\u00ebr marr\u00ebveshjen e cila ka t\u00eb b\u00ebj\u00eb me projektimin dhe nd\u00ebrtimin jan\u00eb zhvilluar me suksese gjat\u00eb jav\u00ebve t\u00eb kaluara k\u00ebshtu q\u00eb me nj\u00eb shkurt kjo kontrat\u00eb \u00ebsht\u00eb n\u00ebnshkruar. Pas n\u00ebnshkrimit edhe t\u00eb kontrat\u00ebs s\u00eb dyt\u00eb, si\u00e7 ka theksuar Gjukanoviq p\u00ebr Radion e Malit t\u00eb Zi, krijohen mund\u00ebsit\u00eb q\u00eb Mali i Zi ti propozoj\u00eb parlamentit Lex Specialis me t\u00eb cilin do t\u00eb definohen obligimet e qeveris\u00eb n\u00eb kontrata me firm\u00ebn kineze dhe bank\u00ebn kredituese.<\/p>\n<p><strong>RTCG<\/strong><\/p>\n<!--YouTube Error: bad URL entered-->\n<p>&nbsp;<\/p>\n","protected":false},"excerpt":{"rendered":"<p>Nd\u00ebrtimi i Autostrad\u00ebs Tivar\u00eb- Bolari do t\u00eb filloj\u00eb n\u00eb pranver\u00eb, kurse n\u00eb\u00a0 afatet e parapara do t\u00eb duhej t\u00eb kryhet \u00e7do gj\u00eb q\u00eb ka t\u00eb b\u00ebj\u00eb me kontratat nd\u00ebrmjet pal\u00ebs malazeze dhe asaj kineze, ka deklaruar kryeministri Millo Gjukanoviq. Ai ka shtuar se bisedimet p\u00ebr marr\u00ebveshjen e cila ka t\u00eb b\u00ebj\u00eb me projektimin dhe nd\u00ebrtimin [&hellip;]<\/p>\n","protected":false},"author":1,"featured_media":0,"comment_status":"closed","ping_status":"closed","sticky":false,"template":"","format":"standard","meta":{"spay_email":"","jetpack_publicize_message":"","jetpack_is_tweetstorm":false,"jetpack_publicize_feature_enabled":true},"categories":[11],"tags":[],"jetpack_publicize_connections":[],"yoast_head":"<!-- This site is optimized with the Yoast SEO plugin v19.1 - https:\/\/yoast.com\/wordpress\/plugins\/seo\/ -->\n<title>Nd\u00ebrtimi i Autostrad\u00ebs Tivar\u00eb- Bolari do t\u00eb filloj\u00eb n\u00eb pranver\u00eb - Lajme nga Ulqini<\/title>\n<meta name=\"description\" content=\"Nd\u00ebrtimi i Autostrad\u00ebs Tivar\u00eb- Bolari do t\u00eb filloj\u00eb n\u00eb pranver\u00eb, kurse n\u00eb\u00a0 afatet e parapara do t\u00eb duhej t\u00eb kryhet \u00e7do gj\u00eb q\u00eb ka t\u00eb b\u00ebj\u00eb me kontratat\" \/>\n<meta name=\"robots\" content=\"index, follow, max-snippet:-1, max-image-preview:large, max-video-preview:-1\" \/>\n<link rel=\"canonical\" href=\"https:\/\/www.visit-ulcinj.com\/blog\/2014\/02\/04\/ndertimi-autostrades-tivare-bolari-te-filloje-ne-pranvere\/\" \/>\n<meta property=\"og:locale\" content=\"en_US\" \/>\n<meta property=\"og:type\" content=\"article\" \/>\n<meta property=\"og:title\" content=\"Nd\u00ebrtimi i Autostrad\u00ebs Tivar\u00eb- Bolari do t\u00eb filloj\u00eb n\u00eb pranver\u00eb - Lajme nga Ulqini\" \/>\n<meta property=\"og:description\" content=\"Nd\u00ebrtimi i Autostrad\u00ebs Tivar\u00eb- Bolari do t\u00eb filloj\u00eb n\u00eb pranver\u00eb, kurse n\u00eb\u00a0 afatet e parapara do t\u00eb duhej t\u00eb kryhet \u00e7do gj\u00eb q\u00eb ka t\u00eb b\u00ebj\u00eb me kontratat\" \/>\n<meta property=\"og:url\" content=\"https:\/\/www.visit-ulcinj.com\/blog\/2014\/02\/04\/ndertimi-autostrades-tivare-bolari-te-filloje-ne-pranvere\/\" \/>\n<meta property=\"og:site_name\" content=\"Lajme nga Ulqini\" \/>\n<meta property=\"article:published_time\" content=\"2014-02-04T17:01:05+00:00\" \/>\n<meta property=\"og:image\" content=\"http:\/\/www.visit-ulcinj.com\/blog\/wp-content\/uploads\/2014\/02\/autoput-bar-boljare.jpg\" \/>\n<meta name=\"twitter:label1\" content=\"Written by\" \/>\n\t<meta name=\"twitter:data1\" content=\"ulqini\" \/>\n\t<meta name=\"twitter:label2\" content=\"Est. reading time\" \/>\n\t<meta name=\"twitter:data2\" content=\"1 minute\" \/>\n<script type=\"application\/ld+json\" class=\"yoast-schema-graph\">{\"@context\":\"https:\/\/schema.org\",\"@graph\":[{\"@type\":\"WebSite\",\"@id\":\"https:\/\/www.visit-ulcinj.com\/blog\/#website\",\"url\":\"https:\/\/www.visit-ulcinj.com\/blog\/\",\"name\":\"Lajme nga Ulqini\",\"description\":\"Lajme,Vijesti,Ulqini,Ulqin,Crna Gora,Mali i Zi\",\"potentialAction\":[{\"@type\":\"SearchAction\",\"target\":{\"@type\":\"EntryPoint\",\"urlTemplate\":\"https:\/\/www.visit-ulcinj.com\/blog\/?s={search_term_string}\"},\"query-input\":\"required name=search_term_string\"}],\"inLanguage\":\"en-US\"},{\"@type\":\"ImageObject\",\"inLanguage\":\"en-US\",\"@id\":\"https:\/\/www.visit-ulcinj.com\/blog\/2014\/02\/04\/ndertimi-autostrades-tivare-bolari-te-filloje-ne-pranvere\/#primaryimage\",\"url\":\"https:\/\/www.visit-ulcinj.com\/blog\/wp-content\/uploads\/2014\/02\/autoput-bar-boljare.jpg\",\"contentUrl\":\"https:\/\/www.visit-ulcinj.com\/blog\/wp-content\/uploads\/2014\/02\/autoput-bar-boljare.jpg\",\"width\":999,\"height\":662},{\"@type\":\"WebPage\",\"@id\":\"https:\/\/www.visit-ulcinj.com\/blog\/2014\/02\/04\/ndertimi-autostrades-tivare-bolari-te-filloje-ne-pranvere\/#webpage\",\"url\":\"https:\/\/www.visit-ulcinj.com\/blog\/2014\/02\/04\/ndertimi-autostrades-tivare-bolari-te-filloje-ne-pranvere\/\",\"name\":\"Nd\u00ebrtimi i Autostrad\u00ebs Tivar\u00eb- Bolari do t\u00eb filloj\u00eb n\u00eb pranver\u00eb - Lajme nga Ulqini\",\"isPartOf\":{\"@id\":\"https:\/\/www.visit-ulcinj.com\/blog\/#website\"},\"primaryImageOfPage\":{\"@id\":\"https:\/\/www.visit-ulcinj.com\/blog\/2014\/02\/04\/ndertimi-autostrades-tivare-bolari-te-filloje-ne-pranvere\/#primaryimage\"},\"datePublished\":\"2014-02-04T17:01:05+00:00\",\"dateModified\":\"2014-02-04T17:01:05+00:00\",\"author\":{\"@id\":\"https:\/\/www.visit-ulcinj.com\/blog\/#\/schema\/person\/dcab619c614d3038751c63bc2aadc06d\"},\"description\":\"Nd\u00ebrtimi i Autostrad\u00ebs Tivar\u00eb- Bolari do t\u00eb filloj\u00eb n\u00eb pranver\u00eb, kurse n\u00eb\u00a0 afatet e parapara do t\u00eb duhej t\u00eb kryhet \u00e7do gj\u00eb q\u00eb ka t\u00eb b\u00ebj\u00eb me kontratat\",\"breadcrumb\":{\"@id\":\"https:\/\/www.visit-ulcinj.com\/blog\/2014\/02\/04\/ndertimi-autostrades-tivare-bolari-te-filloje-ne-pranvere\/#breadcrumb\"},\"inLanguage\":\"en-US\",\"potentialAction\":[{\"@type\":\"ReadAction\",\"target\":[\"https:\/\/www.visit-ulcinj.com\/blog\/2014\/02\/04\/ndertimi-autostrades-tivare-bolari-te-filloje-ne-pranvere\/\"]}]},{\"@type\":\"BreadcrumbList\",\"@id\":\"https:\/\/www.visit-ulcinj.com\/blog\/2014\/02\/04\/ndertimi-autostrades-tivare-bolari-te-filloje-ne-pranvere\/#breadcrumb\",\"itemListElement\":[{\"@type\":\"ListItem\",\"position\":1,\"name\":\"Nd\u00ebrtimi i Autostrad\u00ebs Tivar\u00eb- Bolari do t\u00eb filloj\u00eb n\u00eb pranver\u00eb\"}]},{\"@type\":\"Person\",\"@id\":\"https:\/\/www.visit-ulcinj.com\/blog\/#\/schema\/person\/dcab619c614d3038751c63bc2aadc06d\",\"name\":\"ulqini\",\"sameAs\":[\"http:\/\/www.visit-ulcinj.com\"],\"url\":\"https:\/\/www.visit-ulcinj.com\/blog\/author\/admin\/\"}]}<\/script>\n<!-- \/ Yoast SEO plugin. -->","yoast_head_json":{"title":"Nd\u00ebrtimi i Autostrad\u00ebs Tivar\u00eb- Bolari do t\u00eb filloj\u00eb n\u00eb pranver\u00eb - Lajme nga Ulqini","description":"Nd\u00ebrtimi i Autostrad\u00ebs Tivar\u00eb- Bolari do t\u00eb filloj\u00eb n\u00eb pranver\u00eb, kurse n\u00eb\u00a0 afatet e parapara do t\u00eb duhej t\u00eb kryhet \u00e7do gj\u00eb q\u00eb ka t\u00eb b\u00ebj\u00eb me kontratat","robots":{"index":"index","follow":"follow","max-snippet":"max-snippet:-1","max-image-preview":"max-image-preview:large","max-video-preview":"max-video-preview:-1"},"canonical":"https:\/\/www.visit-ulcinj.com\/blog\/2014\/02\/04\/ndertimi-autostrades-tivare-bolari-te-filloje-ne-pranvere\/","og_locale":"en_US","og_type":"article","og_title":"Nd\u00ebrtimi i Autostrad\u00ebs Tivar\u00eb- Bolari do t\u00eb filloj\u00eb n\u00eb pranver\u00eb - Lajme nga Ulqini","og_description":"Nd\u00ebrtimi i Autostrad\u00ebs Tivar\u00eb- Bolari do t\u00eb filloj\u00eb n\u00eb pranver\u00eb, kurse n\u00eb\u00a0 afatet e parapara do t\u00eb duhej t\u00eb kryhet \u00e7do gj\u00eb q\u00eb ka t\u00eb b\u00ebj\u00eb me kontratat","og_url":"https:\/\/www.visit-ulcinj.com\/blog\/2014\/02\/04\/ndertimi-autostrades-tivare-bolari-te-filloje-ne-pranvere\/","og_site_name":"Lajme nga Ulqini","article_published_time":"2014-02-04T17:01:05+00:00","og_image":[{"url":"http:\/\/www.visit-ulcinj.com\/blog\/wp-content\/uploads\/2014\/02\/autoput-bar-boljare.jpg"}],"twitter_misc":{"Written by":"ulqini","Est. reading time":"1 minute"},"schema":{"@context":"https:\/\/schema.org","@graph":[{"@type":"WebSite","@id":"https:\/\/www.visit-ulcinj.com\/blog\/#website","url":"https:\/\/www.visit-ulcinj.com\/blog\/","name":"Lajme nga Ulqini","description":"Lajme,Vijesti,Ulqini,Ulqin,Crna Gora,Mali i Zi","potentialAction":[{"@type":"SearchAction","target":{"@type":"EntryPoint","urlTemplate":"https:\/\/www.visit-ulcinj.com\/blog\/?s={search_term_string}"},"query-input":"required name=search_term_string"}],"inLanguage":"en-US"},{"@type":"ImageObject","inLanguage":"en-US","@id":"https:\/\/www.visit-ulcinj.com\/blog\/2014\/02\/04\/ndertimi-autostrades-tivare-bolari-te-filloje-ne-pranvere\/#primaryimage","url":"https:\/\/www.visit-ulcinj.com\/blog\/wp-content\/uploads\/2014\/02\/autoput-bar-boljare.jpg","contentUrl":"https:\/\/www.visit-ulcinj.com\/blog\/wp-content\/uploads\/2014\/02\/autoput-bar-boljare.jpg","width":999,"height":662},{"@type":"WebPage","@id":"https:\/\/www.visit-ulcinj.com\/blog\/2014\/02\/04\/ndertimi-autostrades-tivare-bolari-te-filloje-ne-pranvere\/#webpage","url":"https:\/\/www.visit-ulcinj.com\/blog\/2014\/02\/04\/ndertimi-autostrades-tivare-bolari-te-filloje-ne-pranvere\/","name":"Nd\u00ebrtimi i Autostrad\u00ebs Tivar\u00eb- Bolari do t\u00eb filloj\u00eb n\u00eb pranver\u00eb - Lajme nga Ulqini","isPartOf":{"@id":"https:\/\/www.visit-ulcinj.com\/blog\/#website"},"primaryImageOfPage":{"@id":"https:\/\/www.visit-ulcinj.com\/blog\/2014\/02\/04\/ndertimi-autostrades-tivare-bolari-te-filloje-ne-pranvere\/#primaryimage"},"datePublished":"2014-02-04T17:01:05+00:00","dateModified":"2014-02-04T17:01:05+00:00","author":{"@id":"https:\/\/www.visit-ulcinj.com\/blog\/#\/schema\/person\/dcab619c614d3038751c63bc2aadc06d"},"description":"Nd\u00ebrtimi i Autostrad\u00ebs Tivar\u00eb- Bolari do t\u00eb filloj\u00eb n\u00eb pranver\u00eb, kurse n\u00eb\u00a0 afatet e parapara do t\u00eb duhej t\u00eb kryhet \u00e7do gj\u00eb q\u00eb ka t\u00eb b\u00ebj\u00eb me kontratat","breadcrumb":{"@id":"https:\/\/www.visit-ulcinj.com\/blog\/2014\/02\/04\/ndertimi-autostrades-tivare-bolari-te-filloje-ne-pranvere\/#breadcrumb"},"inLanguage":"en-US","potentialAction":[{"@type":"ReadAction","target":["https:\/\/www.visit-ulcinj.com\/blog\/2014\/02\/04\/ndertimi-autostrades-tivare-bolari-te-filloje-ne-pranvere\/"]}]},{"@type":"BreadcrumbList","@id":"https:\/\/www.visit-ulcinj.com\/blog\/2014\/02\/04\/ndertimi-autostrades-tivare-bolari-te-filloje-ne-pranvere\/#breadcrumb","itemListElement":[{"@type":"ListItem","position":1,"name":"Nd\u00ebrtimi i Autostrad\u00ebs Tivar\u00eb- Bolari do t\u00eb filloj\u00eb n\u00eb pranver\u00eb"}]},{"@type":"Person","@id":"https:\/\/www.visit-ulcinj.com\/blog\/#\/schema\/person\/dcab619c614d3038751c63bc2aadc06d","name":"ulqini","sameAs":["http:\/\/www.visit-ulcinj.com"],"url":"https:\/\/www.visit-ulcinj.com\/blog\/author\/admin\/"}]}},"jetpack_featured_media_url":"","jetpack_sharing_enabled":true,"jetpack_shortlink":"https:\/\/wp.me\/pe6lTn-kCN","_links":{"self":[{"href":"https:\/\/www.visit-ulcinj.com\/blog\/wp-json\/wp\/v2\/posts\/79285"}],"collection":[{"href":"https:\/\/www.visit-ulcinj.com\/blog\/wp-json\/wp\/v2\/posts"}],"about":[{"href":"https:\/\/www.visit-ulcinj.com\/blog\/wp-json\/wp\/v2\/types\/post"}],"author":[{"embeddable":true,"href":"https:\/\/www.visit-ulcinj.com\/blog\/wp-json\/wp\/v2\/users\/1"}],"replies":[{"embeddable":true,"href":"https:\/\/www.visit-ulcinj.com\/blog\/wp-json\/wp\/v2\/comments?post=79285"}],"version-history":[{"count":1,"href":"https:\/\/www.visit-ulcinj.com\/blog\/wp-json\/wp\/v2\/posts\/79285\/revisions"}],"predecessor-version":[{"id":79287,"href":"https:\/\/www.visit-ulcinj.com\/blog\/wp-json\/wp\/v2\/posts\/79285\/revisions\/79287"}],"wp:attachment":[{"href":"https:\/\/www.visit-ulcinj.com\/blog\/wp-json\/wp\/v2\/media?parent=79285"}],"wp:term":[{"taxonomy":"category","embeddable":true,"href":"https:\/\/www.visit-ulcinj.com\/blog\/wp-json\/wp\/v2\/categories?post=79285"},{"taxonomy":"post_tag","embeddable":true,"href":"https:\/\/www.visit-ulcinj.com\/blog\/wp-json\/wp\/v2\/tags?post=79285"}],"curies":[{"name":"wp","href":"https:\/\/api.w.org\/{rel}","templated":true}]}}