{"id":79302,"date":"2014-02-05T15:23:30","date_gmt":"2014-02-05T14:23:30","guid":{"rendered":"http:\/\/www.visit-ulcinj.com\/blog\/?p=79302"},"modified":"2014-02-05T17:54:19","modified_gmt":"2014-02-05T16:54:19","slug":"forca-pokusava-danas-da-sastavi-ulcinjsku-vladu","status":"publish","type":"post","link":"https:\/\/www.visit-ulcinj.com\/blog\/2014\/02\/05\/forca-pokusava-danas-da-sastavi-ulcinjsku-vladu\/","title":{"rendered":"Forca poku\u0161ava danas da sastavi  ulcinjsku vladu &#8211; Video"},"content":{"rendered":"<p><strong><a href=\"http:\/\/www.visit-ulcinj.com\/blog\/wp-content\/uploads\/2011\/09\/Nova-Demokratska-Snaga_FORCA.jpg\"><img loading=\"lazy\" class=\"alignleft  wp-image-50555\" alt=\"Nova Demokratska Snaga_FORCA\" src=\"http:\/\/www.visit-ulcinj.com\/blog\/wp-content\/uploads\/2011\/09\/Nova-Demokratska-Snaga_FORCA.jpg\" width=\"508\" height=\"360\" \/><\/a>ULCINJ \u2013 Lideri Force, Demokratske unije Albanaca i Koalicije \u201eZajedno za budu\u0107nost Ulcinja\u201c sasta\u0107e se ve\u010deras kako bi otpo\u010deli pregovore o formiranju vlasti u Ulcinju, rekao je Pobjedi Nazif Cungu, lider Force.<\/strong><\/p>\n<p>Nova demokratska snaga \u2013 Forca je ju\u010de uputila pismo koaliciji \u201eZajedno za budu\u0107nost Ulcinja\u201c koju predvodi Fatmir \u0110eka i Demokratskoj uniji Albanaca Mehmeta Zenke u kojem se predla\u017ee da se susret odr\u017ei u srijedu u ve\u010dernjim \u010dasovima, u kabinetu predsjednika op\u0161tine. Forci je stigao odgovor i od Unije i od Koalicije da su spremni da otpo\u010dnu pregovore.<\/p>\n<p>Nosilac liste DPS-a Ljoro Nreki\u0107 u ponedjeljak je obavio prvi krug konsultacija sa svim koalicionim partnerima na dr\u017eavnim nivou.<\/p>\n<p>&#8211; Razgovarao sam sa Forcom, Demokratskom unijom Albanaca, Socijaldemokratskom partijom i sa liderom Koalicije ,,Zajedno za budu\u0107nost Ulcinja\u201c. Svaki koalicioni partner na dr\u017eavnom nivou je na\u0161 potencijalni partner. Jo\u0161 uvijek nije postignut dogovor sa bilo kojom\u00a0 politi\u010dkom partijom \u2013 rekao je Nreki\u0107 Pobjedi.<\/p>\n<p>Prema Nreki\u0107evim rije\u010dima, ni\u0161ta jo\u0161 nije precizrano jer su u pitanju samo konsultacije, a kako \u0107e se stvari odvijati i prevagnuti povodom formiranja vlasti, zna\u0107e se nakon drugog ili tre\u0107eg kruga razgovora.<\/p>\n<p>Podsje\u0107amo, nakon izbora u Ulcinju DPS je osvojio devet mandata, Forca\u00a0osam, Koalicija ,,Zajedno za bolji Ulcinj\u201c sedam, DUA tri, SDP i Pozitivna po dva mandata, SNP i DF po jedan.<\/p>\n<p><strong>\u00a0<em>A. \u017divanovi\u0107<\/em><\/strong><\/p>\n<p><strong>Izvor: POBJEDA<\/strong><\/p>\n<!--YouTube Error: bad URL entered-->\n","protected":false},"excerpt":{"rendered":"<p>ULCINJ \u2013 Lideri Force, Demokratske unije Albanaca i Koalicije \u201eZajedno za budu\u0107nost Ulcinja\u201c sasta\u0107e se ve\u010deras kako bi otpo\u010deli pregovore o formiranju vlasti u Ulcinju, rekao je Pobjedi Nazif Cungu, lider Force. Nova demokratska snaga \u2013 Forca je ju\u010de uputila pismo koaliciji \u201eZajedno za budu\u0107nost Ulcinja\u201c koju predvodi Fatmir \u0110eka i Demokratskoj uniji Albanaca Mehmeta [&hellip;]<\/p>\n","protected":false},"author":1,"featured_media":0,"comment_status":"closed","ping_status":"closed","sticky":false,"template":"","format":"standard","meta":{"spay_email":"","jetpack_publicize_message":"","jetpack_is_tweetstorm":false,"jetpack_publicize_feature_enabled":true},"categories":[8337],"tags":[],"jetpack_publicize_connections":[],"yoast_head":"<!-- This site is optimized with the Yoast SEO plugin v19.1 - https:\/\/yoast.com\/wordpress\/plugins\/seo\/ -->\n<title>Forca poku\u0161ava danas da sastavi ulcinjsku vladu - Video - Lajme nga Ulqini<\/title>\n<meta name=\"description\" content=\"ULCINJ \u2013 Lideri Force, Demokratske unije Albanaca i Koalicije \u201eZajedno za budu\u0107nost Ulcinja\u201c sasta\u0107e se ve\u010deras kako bi otpo\u010deli pregovore o formiranju\" \/>\n<meta name=\"robots\" content=\"index, follow, max-snippet:-1, max-image-preview:large, max-video-preview:-1\" \/>\n<link rel=\"canonical\" href=\"https:\/\/www.visit-ulcinj.com\/blog\/2014\/02\/05\/forca-pokusava-danas-da-sastavi-ulcinjsku-vladu\/\" \/>\n<meta property=\"og:locale\" content=\"en_US\" \/>\n<meta property=\"og:type\" content=\"article\" \/>\n<meta property=\"og:title\" content=\"Forca poku\u0161ava danas da sastavi ulcinjsku vladu - Video - Lajme nga Ulqini\" \/>\n<meta property=\"og:description\" content=\"ULCINJ \u2013 Lideri Force, Demokratske unije Albanaca i Koalicije \u201eZajedno za budu\u0107nost Ulcinja\u201c sasta\u0107e se ve\u010deras kako bi otpo\u010deli pregovore o formiranju\" \/>\n<meta property=\"og:url\" content=\"https:\/\/www.visit-ulcinj.com\/blog\/2014\/02\/05\/forca-pokusava-danas-da-sastavi-ulcinjsku-vladu\/\" \/>\n<meta property=\"og:site_name\" content=\"Lajme nga Ulqini\" \/>\n<meta property=\"article:published_time\" content=\"2014-02-05T14:23:30+00:00\" \/>\n<meta property=\"article:modified_time\" content=\"2014-02-05T16:54:19+00:00\" \/>\n<meta property=\"og:image\" content=\"http:\/\/www.visit-ulcinj.com\/blog\/wp-content\/uploads\/2011\/09\/Nova-Demokratska-Snaga_FORCA.jpg\" \/>\n<meta name=\"twitter:label1\" content=\"Written by\" \/>\n\t<meta name=\"twitter:data1\" content=\"ulqini\" \/>\n\t<meta name=\"twitter:label2\" content=\"Est. reading time\" \/>\n\t<meta name=\"twitter:data2\" content=\"1 minute\" \/>\n<script type=\"application\/ld+json\" class=\"yoast-schema-graph\">{\"@context\":\"https:\/\/schema.org\",\"@graph\":[{\"@type\":\"WebSite\",\"@id\":\"https:\/\/www.visit-ulcinj.com\/blog\/#website\",\"url\":\"https:\/\/www.visit-ulcinj.com\/blog\/\",\"name\":\"Lajme nga Ulqini\",\"description\":\"Lajme,Vijesti,Ulqini,Ulqin,Crna Gora,Mali i Zi\",\"potentialAction\":[{\"@type\":\"SearchAction\",\"target\":{\"@type\":\"EntryPoint\",\"urlTemplate\":\"https:\/\/www.visit-ulcinj.com\/blog\/?s={search_term_string}\"},\"query-input\":\"required name=search_term_string\"}],\"inLanguage\":\"en-US\"},{\"@type\":\"ImageObject\",\"inLanguage\":\"en-US\",\"@id\":\"https:\/\/www.visit-ulcinj.com\/blog\/2014\/02\/05\/forca-pokusava-danas-da-sastavi-ulcinjsku-vladu\/#primaryimage\",\"url\":\"https:\/\/www.visit-ulcinj.com\/blog\/wp-content\/uploads\/2011\/09\/Nova-Demokratska-Snaga_FORCA.jpg\",\"contentUrl\":\"https:\/\/www.visit-ulcinj.com\/blog\/wp-content\/uploads\/2011\/09\/Nova-Demokratska-Snaga_FORCA.jpg\",\"width\":\"500\",\"height\":\"481\"},{\"@type\":\"WebPage\",\"@id\":\"https:\/\/www.visit-ulcinj.com\/blog\/2014\/02\/05\/forca-pokusava-danas-da-sastavi-ulcinjsku-vladu\/#webpage\",\"url\":\"https:\/\/www.visit-ulcinj.com\/blog\/2014\/02\/05\/forca-pokusava-danas-da-sastavi-ulcinjsku-vladu\/\",\"name\":\"Forca poku\u0161ava danas da sastavi ulcinjsku vladu - Video - Lajme nga Ulqini\",\"isPartOf\":{\"@id\":\"https:\/\/www.visit-ulcinj.com\/blog\/#website\"},\"primaryImageOfPage\":{\"@id\":\"https:\/\/www.visit-ulcinj.com\/blog\/2014\/02\/05\/forca-pokusava-danas-da-sastavi-ulcinjsku-vladu\/#primaryimage\"},\"datePublished\":\"2014-02-05T14:23:30+00:00\",\"dateModified\":\"2014-02-05T16:54:19+00:00\",\"author\":{\"@id\":\"https:\/\/www.visit-ulcinj.com\/blog\/#\/schema\/person\/dcab619c614d3038751c63bc2aadc06d\"},\"description\":\"ULCINJ \u2013 Lideri Force, Demokratske unije Albanaca i Koalicije \u201eZajedno za budu\u0107nost Ulcinja\u201c sasta\u0107e se ve\u010deras kako bi otpo\u010deli pregovore o formiranju\",\"breadcrumb\":{\"@id\":\"https:\/\/www.visit-ulcinj.com\/blog\/2014\/02\/05\/forca-pokusava-danas-da-sastavi-ulcinjsku-vladu\/#breadcrumb\"},\"inLanguage\":\"en-US\",\"potentialAction\":[{\"@type\":\"ReadAction\",\"target\":[\"https:\/\/www.visit-ulcinj.com\/blog\/2014\/02\/05\/forca-pokusava-danas-da-sastavi-ulcinjsku-vladu\/\"]}]},{\"@type\":\"BreadcrumbList\",\"@id\":\"https:\/\/www.visit-ulcinj.com\/blog\/2014\/02\/05\/forca-pokusava-danas-da-sastavi-ulcinjsku-vladu\/#breadcrumb\",\"itemListElement\":[{\"@type\":\"ListItem\",\"position\":1,\"name\":\"Forca poku\u0161ava danas da sastavi ulcinjsku vladu &#8211; Video\"}]},{\"@type\":\"Person\",\"@id\":\"https:\/\/www.visit-ulcinj.com\/blog\/#\/schema\/person\/dcab619c614d3038751c63bc2aadc06d\",\"name\":\"ulqini\",\"sameAs\":[\"http:\/\/www.visit-ulcinj.com\"],\"url\":\"https:\/\/www.visit-ulcinj.com\/blog\/author\/admin\/\"}]}<\/script>\n<!-- \/ Yoast SEO plugin. -->","yoast_head_json":{"title":"Forca poku\u0161ava danas da sastavi ulcinjsku vladu - Video - Lajme nga Ulqini","description":"ULCINJ \u2013 Lideri Force, Demokratske unije Albanaca i Koalicije \u201eZajedno za budu\u0107nost Ulcinja\u201c sasta\u0107e se ve\u010deras kako bi otpo\u010deli pregovore o formiranju","robots":{"index":"index","follow":"follow","max-snippet":"max-snippet:-1","max-image-preview":"max-image-preview:large","max-video-preview":"max-video-preview:-1"},"canonical":"https:\/\/www.visit-ulcinj.com\/blog\/2014\/02\/05\/forca-pokusava-danas-da-sastavi-ulcinjsku-vladu\/","og_locale":"en_US","og_type":"article","og_title":"Forca poku\u0161ava danas da sastavi ulcinjsku vladu - Video - Lajme nga Ulqini","og_description":"ULCINJ \u2013 Lideri Force, Demokratske unije Albanaca i Koalicije \u201eZajedno za budu\u0107nost Ulcinja\u201c sasta\u0107e se ve\u010deras kako bi otpo\u010deli pregovore o formiranju","og_url":"https:\/\/www.visit-ulcinj.com\/blog\/2014\/02\/05\/forca-pokusava-danas-da-sastavi-ulcinjsku-vladu\/","og_site_name":"Lajme nga Ulqini","article_published_time":"2014-02-05T14:23:30+00:00","article_modified_time":"2014-02-05T16:54:19+00:00","og_image":[{"url":"http:\/\/www.visit-ulcinj.com\/blog\/wp-content\/uploads\/2011\/09\/Nova-Demokratska-Snaga_FORCA.jpg"}],"twitter_misc":{"Written by":"ulqini","Est. reading time":"1 minute"},"schema":{"@context":"https:\/\/schema.org","@graph":[{"@type":"WebSite","@id":"https:\/\/www.visit-ulcinj.com\/blog\/#website","url":"https:\/\/www.visit-ulcinj.com\/blog\/","name":"Lajme nga Ulqini","description":"Lajme,Vijesti,Ulqini,Ulqin,Crna Gora,Mali i Zi","potentialAction":[{"@type":"SearchAction","target":{"@type":"EntryPoint","urlTemplate":"https:\/\/www.visit-ulcinj.com\/blog\/?s={search_term_string}"},"query-input":"required name=search_term_string"}],"inLanguage":"en-US"},{"@type":"ImageObject","inLanguage":"en-US","@id":"https:\/\/www.visit-ulcinj.com\/blog\/2014\/02\/05\/forca-pokusava-danas-da-sastavi-ulcinjsku-vladu\/#primaryimage","url":"https:\/\/www.visit-ulcinj.com\/blog\/wp-content\/uploads\/2011\/09\/Nova-Demokratska-Snaga_FORCA.jpg","contentUrl":"https:\/\/www.visit-ulcinj.com\/blog\/wp-content\/uploads\/2011\/09\/Nova-Demokratska-Snaga_FORCA.jpg","width":"500","height":"481"},{"@type":"WebPage","@id":"https:\/\/www.visit-ulcinj.com\/blog\/2014\/02\/05\/forca-pokusava-danas-da-sastavi-ulcinjsku-vladu\/#webpage","url":"https:\/\/www.visit-ulcinj.com\/blog\/2014\/02\/05\/forca-pokusava-danas-da-sastavi-ulcinjsku-vladu\/","name":"Forca poku\u0161ava danas da sastavi ulcinjsku vladu - Video - Lajme nga Ulqini","isPartOf":{"@id":"https:\/\/www.visit-ulcinj.com\/blog\/#website"},"primaryImageOfPage":{"@id":"https:\/\/www.visit-ulcinj.com\/blog\/2014\/02\/05\/forca-pokusava-danas-da-sastavi-ulcinjsku-vladu\/#primaryimage"},"datePublished":"2014-02-05T14:23:30+00:00","dateModified":"2014-02-05T16:54:19+00:00","author":{"@id":"https:\/\/www.visit-ulcinj.com\/blog\/#\/schema\/person\/dcab619c614d3038751c63bc2aadc06d"},"description":"ULCINJ \u2013 Lideri Force, Demokratske unije Albanaca i Koalicije \u201eZajedno za budu\u0107nost Ulcinja\u201c sasta\u0107e se ve\u010deras kako bi otpo\u010deli pregovore o formiranju","breadcrumb":{"@id":"https:\/\/www.visit-ulcinj.com\/blog\/2014\/02\/05\/forca-pokusava-danas-da-sastavi-ulcinjsku-vladu\/#breadcrumb"},"inLanguage":"en-US","potentialAction":[{"@type":"ReadAction","target":["https:\/\/www.visit-ulcinj.com\/blog\/2014\/02\/05\/forca-pokusava-danas-da-sastavi-ulcinjsku-vladu\/"]}]},{"@type":"BreadcrumbList","@id":"https:\/\/www.visit-ulcinj.com\/blog\/2014\/02\/05\/forca-pokusava-danas-da-sastavi-ulcinjsku-vladu\/#breadcrumb","itemListElement":[{"@type":"ListItem","position":1,"name":"Forca poku\u0161ava danas da sastavi ulcinjsku vladu &#8211; Video"}]},{"@type":"Person","@id":"https:\/\/www.visit-ulcinj.com\/blog\/#\/schema\/person\/dcab619c614d3038751c63bc2aadc06d","name":"ulqini","sameAs":["http:\/\/www.visit-ulcinj.com"],"url":"https:\/\/www.visit-ulcinj.com\/blog\/author\/admin\/"}]}},"jetpack_featured_media_url":"","jetpack_sharing_enabled":true,"jetpack_shortlink":"https:\/\/wp.me\/pe6lTn-kD4","_links":{"self":[{"href":"https:\/\/www.visit-ulcinj.com\/blog\/wp-json\/wp\/v2\/posts\/79302"}],"collection":[{"href":"https:\/\/www.visit-ulcinj.com\/blog\/wp-json\/wp\/v2\/posts"}],"about":[{"href":"https:\/\/www.visit-ulcinj.com\/blog\/wp-json\/wp\/v2\/types\/post"}],"author":[{"embeddable":true,"href":"https:\/\/www.visit-ulcinj.com\/blog\/wp-json\/wp\/v2\/users\/1"}],"replies":[{"embeddable":true,"href":"https:\/\/www.visit-ulcinj.com\/blog\/wp-json\/wp\/v2\/comments?post=79302"}],"version-history":[{"count":2,"href":"https:\/\/www.visit-ulcinj.com\/blog\/wp-json\/wp\/v2\/posts\/79302\/revisions"}],"predecessor-version":[{"id":79331,"href":"https:\/\/www.visit-ulcinj.com\/blog\/wp-json\/wp\/v2\/posts\/79302\/revisions\/79331"}],"wp:attachment":[{"href":"https:\/\/www.visit-ulcinj.com\/blog\/wp-json\/wp\/v2\/media?parent=79302"}],"wp:term":[{"taxonomy":"category","embeddable":true,"href":"https:\/\/www.visit-ulcinj.com\/blog\/wp-json\/wp\/v2\/categories?post=79302"},{"taxonomy":"post_tag","embeddable":true,"href":"https:\/\/www.visit-ulcinj.com\/blog\/wp-json\/wp\/v2\/tags?post=79302"}],"curies":[{"name":"wp","href":"https:\/\/api.w.org\/{rel}","templated":true}]}}