{"id":79310,"date":"2014-02-05T17:02:16","date_gmt":"2014-02-05T16:02:16","guid":{"rendered":"http:\/\/www.visit-ulcinj.com\/blog\/?p=79310"},"modified":"2014-02-05T17:02:16","modified_gmt":"2014-02-05T16:02:16","slug":"martohet-kaltrina-selimi","status":"publish","type":"post","link":"https:\/\/www.visit-ulcinj.com\/blog\/2014\/02\/05\/martohet-kaltrina-selimi\/","title":{"rendered":"Martohet Kaltrina Selimi"},"content":{"rendered":"<p>K\u00ebng\u00ebtarja e njohur Kaltrina Selimi tani e dy muaj ka braktisur Kosov\u00ebn p\u00ebr t\u00eb jetuar p\u00ebrgjithmon\u00eb n\u00eb Lond\u00ebr. Ajo tashm\u00eb ndodhet pran\u00eb bashk\u00ebshortit t\u00eb saj Dritonit me t\u00eb cilin thot\u00eb se po kalon momente t\u00eb lumtura t\u00eb jet\u00ebs n\u00eb bashk\u00ebshort\u00ebsi. Si duket Kaltrina \u00ebsht\u00eb ambientuar me jet\u00ebn atje, p\u00ebr vet faktin se ka b\u00ebr\u00eb udh\u00ebtime t\u00eb shpeshta Kosov\u00eb-Lond\u00ebr.<\/p>\n<p><a href=\"http:\/\/www.visit-ulcinj.com\/blog\/wp-content\/uploads\/2014\/02\/Martohet-Kaltrina-Selimi.jpg\"><img loading=\"lazy\" class=\"alignleft  wp-image-79311\" alt=\"Martohet Kaltrina Selimi\" src=\"http:\/\/www.visit-ulcinj.com\/blog\/wp-content\/uploads\/2014\/02\/Martohet-Kaltrina-Selimi.jpg\" width=\"508\" height=\"600\" \/><\/a><\/p>\n<p>\u201cTashm\u00eb kam nisur jet\u00ebn bashk\u00ebshortore me plot kuptimin e fjal\u00ebs dhe po kaloj momente t\u00eb mrekullueshme. Jam ambientuar mjaft\u00eb mir\u00eb me jet\u00ebn k\u00ebtu n\u00eb Lond\u00ebr dhe uroj q\u00eb jeta ime bashk\u00ebshortore t\u00eb vazhdoj me k\u00ebt\u00eb lumturi p\u00ebrgjithmon\u00eb. Jam me fat q\u00eb kam bashk\u00ebshort Dritonin\u201d, ka th\u00ebn\u00eb ajo p\u00ebr \u201cZ\u00ebri\u201d.<\/p>\n<p>Edhe pse \u00ebsht\u00eb martuar, Kaltrina nuk planifikon nj\u00ebher\u00eb p\u00ebr nj\u00ebher\u00eb t\u00eb ket\u00eb f\u00ebmij\u00eb. Ajo do ta shijoj periudh\u00ebn e fillimit t\u00eb jet\u00ebs bashk\u00ebshortore, e m\u00eb pas do t\u00eb mendoj rreth krijimit t\u00eb familjes. \u201cTani p\u00ebr tani nuk kam plan t\u00eb b\u00ebhem mami, ka koh\u00eb p\u00ebr t\u00eb menduar n\u00eb krijimin e familjes\u201d, thekson ajo.<\/p>\n<p>Edhe pse jeton n\u00eb Lond\u00ebr, Kaltrina na b\u00ebn\u00eb t\u00eb ditur se nuk do t\u00eb shk\u00ebputet nga k\u00ebnga, ajo gjat\u00eb muajve t\u00eb ardhshme do t\u00eb plasoj projektet e reja t\u00eb cilat do ti nis\u00eb tani.<\/p>\n<p>\u201cEdhe pse jam martuar dhe jetoj k\u00ebtu, nuk do t\u00eb thot\u00eb se do t\u00eb q\u00ebndroj larg k\u00ebng\u00ebs dhe adhuruesve t\u00eb mi. Gjat\u00eb fillimit t\u00eb muajit mars do t\u00eb jem n\u00eb Kosov\u00eb p\u00ebr t\u00eb filluar pun\u00ebn n\u00eb nj\u00eb k\u00ebng\u00eb t\u00eb re, e cila do t\u00eb plasohet bashk\u00eb me videoklip. Gjat\u00eb k\u00ebsaj periudhe jam duke e k\u00ebrkuar vet\u00ebm demon e k\u00ebng\u00ebs nga disa kompozitor dhe sapo t\u00eb vi n\u00eb Kosov\u00eb do t\u00eb nis\u00eb realizimin e k\u00ebng\u00ebs\u201d, thot\u00eb ajo.<\/p>\n<p>Kaltrina gjat\u00eb k\u00ebsaj periudhe \u00ebsht\u00eb e angazhuar edhe me koncerte muzikore n\u00eb diaspor\u00eb.<\/p>\n<p>Z\u00ebri<\/p>\n<!--YouTube Error: bad URL entered-->\n","protected":false},"excerpt":{"rendered":"<p>K\u00ebng\u00ebtarja e njohur Kaltrina Selimi tani e dy muaj ka braktisur Kosov\u00ebn p\u00ebr t\u00eb jetuar p\u00ebrgjithmon\u00eb n\u00eb Lond\u00ebr. Ajo tashm\u00eb ndodhet pran\u00eb bashk\u00ebshortit t\u00eb saj Dritonit me t\u00eb cilin thot\u00eb se po kalon momente t\u00eb lumtura t\u00eb jet\u00ebs n\u00eb bashk\u00ebshort\u00ebsi. Si duket Kaltrina \u00ebsht\u00eb ambientuar me jet\u00ebn atje, p\u00ebr vet faktin se ka b\u00ebr\u00eb udh\u00ebtime [&hellip;]<\/p>\n","protected":false},"author":1,"featured_media":0,"comment_status":"closed","ping_status":"closed","sticky":false,"template":"","format":"standard","meta":{"spay_email":"","jetpack_publicize_message":"","jetpack_is_tweetstorm":false,"jetpack_publicize_feature_enabled":true},"categories":[1],"tags":[],"jetpack_publicize_connections":[],"yoast_head":"<!-- This site is optimized with the Yoast SEO plugin v19.1 - https:\/\/yoast.com\/wordpress\/plugins\/seo\/ -->\n<title>Martohet Kaltrina Selimi - Lajme nga Ulqini<\/title>\n<meta name=\"description\" content=\"K\u00ebng\u00ebtarja e njohur Kaltrina Selimi tani e dy muaj ka braktisur Kosov\u00ebn p\u00ebr t\u00eb jetuar p\u00ebrgjithmon\u00eb n\u00eb Lond\u00ebr. Ajo tashm\u00eb ndodhet pran\u00eb bashk\u00ebshortit t\u00eb\" \/>\n<meta name=\"robots\" content=\"index, follow, max-snippet:-1, max-image-preview:large, max-video-preview:-1\" \/>\n<link rel=\"canonical\" href=\"https:\/\/www.visit-ulcinj.com\/blog\/2014\/02\/05\/martohet-kaltrina-selimi\/\" \/>\n<meta property=\"og:locale\" content=\"en_US\" \/>\n<meta property=\"og:type\" content=\"article\" \/>\n<meta property=\"og:title\" content=\"Martohet Kaltrina Selimi - Lajme nga Ulqini\" \/>\n<meta property=\"og:description\" content=\"K\u00ebng\u00ebtarja e njohur Kaltrina Selimi tani e dy muaj ka braktisur Kosov\u00ebn p\u00ebr t\u00eb jetuar p\u00ebrgjithmon\u00eb n\u00eb Lond\u00ebr. Ajo tashm\u00eb ndodhet pran\u00eb bashk\u00ebshortit t\u00eb\" \/>\n<meta property=\"og:url\" content=\"https:\/\/www.visit-ulcinj.com\/blog\/2014\/02\/05\/martohet-kaltrina-selimi\/\" \/>\n<meta property=\"og:site_name\" content=\"Lajme nga Ulqini\" \/>\n<meta property=\"article:published_time\" content=\"2014-02-05T16:02:16+00:00\" \/>\n<meta property=\"og:image\" content=\"http:\/\/www.visit-ulcinj.com\/blog\/wp-content\/uploads\/2014\/02\/Martohet-Kaltrina-Selimi.jpg\" \/>\n<meta name=\"twitter:label1\" content=\"Written by\" \/>\n\t<meta name=\"twitter:data1\" content=\"ulqini\" \/>\n\t<meta name=\"twitter:label2\" content=\"Est. reading time\" \/>\n\t<meta name=\"twitter:data2\" content=\"2 minutes\" \/>\n<script type=\"application\/ld+json\" class=\"yoast-schema-graph\">{\"@context\":\"https:\/\/schema.org\",\"@graph\":[{\"@type\":\"WebSite\",\"@id\":\"https:\/\/www.visit-ulcinj.com\/blog\/#website\",\"url\":\"https:\/\/www.visit-ulcinj.com\/blog\/\",\"name\":\"Lajme nga Ulqini\",\"description\":\"Lajme,Vijesti,Ulqini,Ulqin,Crna Gora,Mali i Zi\",\"potentialAction\":[{\"@type\":\"SearchAction\",\"target\":{\"@type\":\"EntryPoint\",\"urlTemplate\":\"https:\/\/www.visit-ulcinj.com\/blog\/?s={search_term_string}\"},\"query-input\":\"required name=search_term_string\"}],\"inLanguage\":\"en-US\"},{\"@type\":\"ImageObject\",\"inLanguage\":\"en-US\",\"@id\":\"https:\/\/www.visit-ulcinj.com\/blog\/2014\/02\/05\/martohet-kaltrina-selimi\/#primaryimage\",\"url\":\"http:\/\/www.visit-ulcinj.com\/blog\/wp-content\/uploads\/2014\/02\/Martohet-Kaltrina-Selimi.jpg\",\"contentUrl\":\"http:\/\/www.visit-ulcinj.com\/blog\/wp-content\/uploads\/2014\/02\/Martohet-Kaltrina-Selimi.jpg\"},{\"@type\":\"WebPage\",\"@id\":\"https:\/\/www.visit-ulcinj.com\/blog\/2014\/02\/05\/martohet-kaltrina-selimi\/#webpage\",\"url\":\"https:\/\/www.visit-ulcinj.com\/blog\/2014\/02\/05\/martohet-kaltrina-selimi\/\",\"name\":\"Martohet Kaltrina Selimi - Lajme nga Ulqini\",\"isPartOf\":{\"@id\":\"https:\/\/www.visit-ulcinj.com\/blog\/#website\"},\"primaryImageOfPage\":{\"@id\":\"https:\/\/www.visit-ulcinj.com\/blog\/2014\/02\/05\/martohet-kaltrina-selimi\/#primaryimage\"},\"datePublished\":\"2014-02-05T16:02:16+00:00\",\"dateModified\":\"2014-02-05T16:02:16+00:00\",\"author\":{\"@id\":\"https:\/\/www.visit-ulcinj.com\/blog\/#\/schema\/person\/dcab619c614d3038751c63bc2aadc06d\"},\"description\":\"K\u00ebng\u00ebtarja e njohur Kaltrina Selimi tani e dy muaj ka braktisur Kosov\u00ebn p\u00ebr t\u00eb jetuar p\u00ebrgjithmon\u00eb n\u00eb Lond\u00ebr. Ajo tashm\u00eb ndodhet pran\u00eb bashk\u00ebshortit t\u00eb\",\"breadcrumb\":{\"@id\":\"https:\/\/www.visit-ulcinj.com\/blog\/2014\/02\/05\/martohet-kaltrina-selimi\/#breadcrumb\"},\"inLanguage\":\"en-US\",\"potentialAction\":[{\"@type\":\"ReadAction\",\"target\":[\"https:\/\/www.visit-ulcinj.com\/blog\/2014\/02\/05\/martohet-kaltrina-selimi\/\"]}]},{\"@type\":\"BreadcrumbList\",\"@id\":\"https:\/\/www.visit-ulcinj.com\/blog\/2014\/02\/05\/martohet-kaltrina-selimi\/#breadcrumb\",\"itemListElement\":[{\"@type\":\"ListItem\",\"position\":1,\"name\":\"Martohet Kaltrina Selimi\"}]},{\"@type\":\"Person\",\"@id\":\"https:\/\/www.visit-ulcinj.com\/blog\/#\/schema\/person\/dcab619c614d3038751c63bc2aadc06d\",\"name\":\"ulqini\",\"sameAs\":[\"http:\/\/www.visit-ulcinj.com\"],\"url\":\"https:\/\/www.visit-ulcinj.com\/blog\/author\/admin\/\"}]}<\/script>\n<!-- \/ Yoast SEO plugin. -->","yoast_head_json":{"title":"Martohet Kaltrina Selimi - Lajme nga Ulqini","description":"K\u00ebng\u00ebtarja e njohur Kaltrina Selimi tani e dy muaj ka braktisur Kosov\u00ebn p\u00ebr t\u00eb jetuar p\u00ebrgjithmon\u00eb n\u00eb Lond\u00ebr. Ajo tashm\u00eb ndodhet pran\u00eb bashk\u00ebshortit t\u00eb","robots":{"index":"index","follow":"follow","max-snippet":"max-snippet:-1","max-image-preview":"max-image-preview:large","max-video-preview":"max-video-preview:-1"},"canonical":"https:\/\/www.visit-ulcinj.com\/blog\/2014\/02\/05\/martohet-kaltrina-selimi\/","og_locale":"en_US","og_type":"article","og_title":"Martohet Kaltrina Selimi - Lajme nga Ulqini","og_description":"K\u00ebng\u00ebtarja e njohur Kaltrina Selimi tani e dy muaj ka braktisur Kosov\u00ebn p\u00ebr t\u00eb jetuar p\u00ebrgjithmon\u00eb n\u00eb Lond\u00ebr. Ajo tashm\u00eb ndodhet pran\u00eb bashk\u00ebshortit t\u00eb","og_url":"https:\/\/www.visit-ulcinj.com\/blog\/2014\/02\/05\/martohet-kaltrina-selimi\/","og_site_name":"Lajme nga Ulqini","article_published_time":"2014-02-05T16:02:16+00:00","og_image":[{"url":"http:\/\/www.visit-ulcinj.com\/blog\/wp-content\/uploads\/2014\/02\/Martohet-Kaltrina-Selimi.jpg"}],"twitter_misc":{"Written by":"ulqini","Est. reading time":"2 minutes"},"schema":{"@context":"https:\/\/schema.org","@graph":[{"@type":"WebSite","@id":"https:\/\/www.visit-ulcinj.com\/blog\/#website","url":"https:\/\/www.visit-ulcinj.com\/blog\/","name":"Lajme nga Ulqini","description":"Lajme,Vijesti,Ulqini,Ulqin,Crna Gora,Mali i Zi","potentialAction":[{"@type":"SearchAction","target":{"@type":"EntryPoint","urlTemplate":"https:\/\/www.visit-ulcinj.com\/blog\/?s={search_term_string}"},"query-input":"required name=search_term_string"}],"inLanguage":"en-US"},{"@type":"ImageObject","inLanguage":"en-US","@id":"https:\/\/www.visit-ulcinj.com\/blog\/2014\/02\/05\/martohet-kaltrina-selimi\/#primaryimage","url":"http:\/\/www.visit-ulcinj.com\/blog\/wp-content\/uploads\/2014\/02\/Martohet-Kaltrina-Selimi.jpg","contentUrl":"http:\/\/www.visit-ulcinj.com\/blog\/wp-content\/uploads\/2014\/02\/Martohet-Kaltrina-Selimi.jpg"},{"@type":"WebPage","@id":"https:\/\/www.visit-ulcinj.com\/blog\/2014\/02\/05\/martohet-kaltrina-selimi\/#webpage","url":"https:\/\/www.visit-ulcinj.com\/blog\/2014\/02\/05\/martohet-kaltrina-selimi\/","name":"Martohet Kaltrina Selimi - Lajme nga Ulqini","isPartOf":{"@id":"https:\/\/www.visit-ulcinj.com\/blog\/#website"},"primaryImageOfPage":{"@id":"https:\/\/www.visit-ulcinj.com\/blog\/2014\/02\/05\/martohet-kaltrina-selimi\/#primaryimage"},"datePublished":"2014-02-05T16:02:16+00:00","dateModified":"2014-02-05T16:02:16+00:00","author":{"@id":"https:\/\/www.visit-ulcinj.com\/blog\/#\/schema\/person\/dcab619c614d3038751c63bc2aadc06d"},"description":"K\u00ebng\u00ebtarja e njohur Kaltrina Selimi tani e dy muaj ka braktisur Kosov\u00ebn p\u00ebr t\u00eb jetuar p\u00ebrgjithmon\u00eb n\u00eb Lond\u00ebr. Ajo tashm\u00eb ndodhet pran\u00eb bashk\u00ebshortit t\u00eb","breadcrumb":{"@id":"https:\/\/www.visit-ulcinj.com\/blog\/2014\/02\/05\/martohet-kaltrina-selimi\/#breadcrumb"},"inLanguage":"en-US","potentialAction":[{"@type":"ReadAction","target":["https:\/\/www.visit-ulcinj.com\/blog\/2014\/02\/05\/martohet-kaltrina-selimi\/"]}]},{"@type":"BreadcrumbList","@id":"https:\/\/www.visit-ulcinj.com\/blog\/2014\/02\/05\/martohet-kaltrina-selimi\/#breadcrumb","itemListElement":[{"@type":"ListItem","position":1,"name":"Martohet Kaltrina Selimi"}]},{"@type":"Person","@id":"https:\/\/www.visit-ulcinj.com\/blog\/#\/schema\/person\/dcab619c614d3038751c63bc2aadc06d","name":"ulqini","sameAs":["http:\/\/www.visit-ulcinj.com"],"url":"https:\/\/www.visit-ulcinj.com\/blog\/author\/admin\/"}]}},"jetpack_featured_media_url":"","jetpack_sharing_enabled":true,"jetpack_shortlink":"https:\/\/wp.me\/pe6lTn-kDc","_links":{"self":[{"href":"https:\/\/www.visit-ulcinj.com\/blog\/wp-json\/wp\/v2\/posts\/79310"}],"collection":[{"href":"https:\/\/www.visit-ulcinj.com\/blog\/wp-json\/wp\/v2\/posts"}],"about":[{"href":"https:\/\/www.visit-ulcinj.com\/blog\/wp-json\/wp\/v2\/types\/post"}],"author":[{"embeddable":true,"href":"https:\/\/www.visit-ulcinj.com\/blog\/wp-json\/wp\/v2\/users\/1"}],"replies":[{"embeddable":true,"href":"https:\/\/www.visit-ulcinj.com\/blog\/wp-json\/wp\/v2\/comments?post=79310"}],"version-history":[{"count":1,"href":"https:\/\/www.visit-ulcinj.com\/blog\/wp-json\/wp\/v2\/posts\/79310\/revisions"}],"predecessor-version":[{"id":79312,"href":"https:\/\/www.visit-ulcinj.com\/blog\/wp-json\/wp\/v2\/posts\/79310\/revisions\/79312"}],"wp:attachment":[{"href":"https:\/\/www.visit-ulcinj.com\/blog\/wp-json\/wp\/v2\/media?parent=79310"}],"wp:term":[{"taxonomy":"category","embeddable":true,"href":"https:\/\/www.visit-ulcinj.com\/blog\/wp-json\/wp\/v2\/categories?post=79310"},{"taxonomy":"post_tag","embeddable":true,"href":"https:\/\/www.visit-ulcinj.com\/blog\/wp-json\/wp\/v2\/tags?post=79310"}],"curies":[{"name":"wp","href":"https:\/\/api.w.org\/{rel}","templated":true}]}}