{"id":79320,"date":"2014-02-05T17:34:32","date_gmt":"2014-02-05T16:34:32","guid":{"rendered":"http:\/\/www.visit-ulcinj.com\/blog\/?p=79320"},"modified":"2014-02-05T17:36:20","modified_gmt":"2014-02-05T16:36:20","slug":"fc-prishtina-12-shkurt-udheton-per-ne-ulqin","status":"publish","type":"post","link":"https:\/\/www.visit-ulcinj.com\/blog\/2014\/02\/05\/fc-prishtina-12-shkurt-udheton-per-ne-ulqin\/","title":{"rendered":"FC Prishtina m\u00eb 12 shkurt udh\u00ebton p\u00ebr n\u00eb Ulqin &#8211; Video"},"content":{"rendered":"<p><a href=\"http:\/\/www.visit-ulcinj.com\/blog\/wp-content\/uploads\/2014\/02\/FC-Pristina.jpg\"><img loading=\"lazy\" class=\"alignleft  wp-image-79321\" alt=\"FC Pristina\" src=\"http:\/\/www.visit-ulcinj.com\/blog\/wp-content\/uploads\/2014\/02\/FC-Pristina.jpg\" width=\"508\" height=\"360\" \/><\/a>Bordi i klubit t\u00eb FC Prishtina sot ka mbajtur mbledhjen e saj t\u00eb rregullt n\u00eb t\u00eb cil\u00ebn ka diskutuar n\u00eb p\u00ebrgjith\u00ebsi p\u00ebr p\u00ebrgatitjet dhe pun\u00ebt q\u00eb i pret p\u00ebr edicionin e ri.<\/p>\n<p>Sipas drejtorit t\u00eb klubit Sokol Krasniqi n\u00eb k\u00ebt\u00eb mbledhje kan\u00eb marr pjes\u00eb 93 p\u00ebrqind t\u00eb aksionar\u00ebve, \u00e7ka i bije se ky takim ka ngjar\u00eb sikur n\u00eb nj\u00eb lloj kuvendi.<\/p>\n<p>\u201cBordi ka diskutuar p\u00ebr raportin vjetor si dhe p\u00ebr p\u00ebrgatitjet p\u00ebr stinorin e ri futbollistik q\u00eb jan\u00eb n\u00eb prag t\u00eb fillimit. P\u00ebrve\u00e7 k\u00ebsaj \u00ebsht\u00eb caktuar q\u00eb skuadra e par\u00eb t\u00eb shkoj\u00eb n\u00eb nj\u00eb qend\u00ebr st\u00ebrvitore p\u00ebr p\u00ebrgatitje p\u00ebr edicionin e ri si dhe \u00ebsht\u00eb folur p\u00ebr disa \u00e7\u00ebshtje tjera t\u00eb klubit\u201d, tha Krasniqi, duke shtuar se data e kuvendit t\u00eb klubit nuk \u00ebsht\u00eb caktuar, por sigurisht q\u00eb edhe Kuvendi do t\u00eb mbahet shpejt, derisa do t\u00eb b\u00ebhet edhe emetimi i aksioneve.<\/p>\n<p>Prishtina edhe sivjet \u00ebsht\u00eb mobilizuar maksimalisht p\u00ebr t\u2019i mbrojtur sukseset q\u00eb fituan n\u00eb kampionatin e kaluar. Ndon\u00ebse ata kan\u00eb ngecur sa i p\u00ebrket luft\u00ebs p\u00ebr Kup\u00eb, titulli i kampionit mbet\u00ebt synimi kryesor i tyre. Ekspedita e Prishtin\u00ebs pritet q\u00eb me 12 shkurt t\u00eb udh\u00ebtoj drejt\u00eb bregdetit t\u00eb Ulqinit ku do t\u00eb p\u00ebrgatitjet p\u00ebr pranver\u00eb. Deri m\u00eb tash skuadra ka b\u00ebr\u00eb disa p\u00ebrforcime duke sjell emra t\u00eb njohur t\u00eb futbollit, si Liridon Lecin nga Suedia, pastaj Kastriot Rexhen e Shk\u00ebmbim Salihun si dhe ka rikthyer Akil Makollin nga Hajvalia.<\/p>\n<p>Z\u00ebri<\/p>\n<!--YouTube Error: bad URL entered-->\n","protected":false},"excerpt":{"rendered":"<p>Bordi i klubit t\u00eb FC Prishtina sot ka mbajtur mbledhjen e saj t\u00eb rregullt n\u00eb t\u00eb cil\u00ebn ka diskutuar n\u00eb p\u00ebrgjith\u00ebsi p\u00ebr p\u00ebrgatitjet dhe pun\u00ebt q\u00eb i pret p\u00ebr edicionin e ri. Sipas drejtorit t\u00eb klubit Sokol Krasniqi n\u00eb k\u00ebt\u00eb mbledhje kan\u00eb marr pjes\u00eb 93 p\u00ebrqind t\u00eb aksionar\u00ebve, \u00e7ka i bije se ky takim ka [&hellip;]<\/p>\n","protected":false},"author":1,"featured_media":0,"comment_status":"closed","ping_status":"closed","sticky":false,"template":"","format":"standard","meta":{"spay_email":"","jetpack_publicize_message":"","jetpack_is_tweetstorm":false,"jetpack_publicize_feature_enabled":true},"categories":[3],"tags":[],"jetpack_publicize_connections":[],"yoast_head":"<!-- This site is optimized with the Yoast SEO plugin v19.1 - https:\/\/yoast.com\/wordpress\/plugins\/seo\/ -->\n<title>FC Prishtina m\u00eb 12 shkurt udh\u00ebton p\u00ebr n\u00eb Ulqin - Video - Lajme nga Ulqini<\/title>\n<meta name=\"description\" content=\"Bordi i klubit t\u00eb FC Prishtina sot ka mbajtur mbledhjen e saj t\u00eb rregullt n\u00eb t\u00eb cil\u00ebn ka diskutuar n\u00eb p\u00ebrgjith\u00ebsi p\u00ebr p\u00ebrgatitjet dhe pun\u00ebt q\u00eb i pret p\u00ebr\" \/>\n<meta name=\"robots\" content=\"index, follow, max-snippet:-1, max-image-preview:large, max-video-preview:-1\" \/>\n<link rel=\"canonical\" href=\"https:\/\/www.visit-ulcinj.com\/blog\/2014\/02\/05\/fc-prishtina-12-shkurt-udheton-per-ne-ulqin\/\" \/>\n<meta property=\"og:locale\" content=\"en_US\" \/>\n<meta property=\"og:type\" content=\"article\" \/>\n<meta property=\"og:title\" content=\"FC Prishtina m\u00eb 12 shkurt udh\u00ebton p\u00ebr n\u00eb Ulqin - Video - Lajme nga Ulqini\" \/>\n<meta property=\"og:description\" content=\"Bordi i klubit t\u00eb FC Prishtina sot ka mbajtur mbledhjen e saj t\u00eb rregullt n\u00eb t\u00eb cil\u00ebn ka diskutuar n\u00eb p\u00ebrgjith\u00ebsi p\u00ebr p\u00ebrgatitjet dhe pun\u00ebt q\u00eb i pret p\u00ebr\" \/>\n<meta property=\"og:url\" content=\"https:\/\/www.visit-ulcinj.com\/blog\/2014\/02\/05\/fc-prishtina-12-shkurt-udheton-per-ne-ulqin\/\" \/>\n<meta property=\"og:site_name\" content=\"Lajme nga Ulqini\" \/>\n<meta property=\"article:published_time\" content=\"2014-02-05T16:34:32+00:00\" \/>\n<meta property=\"article:modified_time\" content=\"2014-02-05T16:36:20+00:00\" \/>\n<meta property=\"og:image\" content=\"http:\/\/www.visit-ulcinj.com\/blog\/wp-content\/uploads\/2014\/02\/FC-Pristina.jpg\" \/>\n<meta name=\"twitter:label1\" content=\"Written by\" \/>\n\t<meta name=\"twitter:data1\" content=\"ulqini\" \/>\n\t<meta name=\"twitter:label2\" content=\"Est. reading time\" \/>\n\t<meta name=\"twitter:data2\" content=\"1 minute\" \/>\n<script type=\"application\/ld+json\" class=\"yoast-schema-graph\">{\"@context\":\"https:\/\/schema.org\",\"@graph\":[{\"@type\":\"WebSite\",\"@id\":\"https:\/\/www.visit-ulcinj.com\/blog\/#website\",\"url\":\"https:\/\/www.visit-ulcinj.com\/blog\/\",\"name\":\"Lajme nga Ulqini\",\"description\":\"Lajme,Vijesti,Ulqini,Ulqin,Crna Gora,Mali i Zi\",\"potentialAction\":[{\"@type\":\"SearchAction\",\"target\":{\"@type\":\"EntryPoint\",\"urlTemplate\":\"https:\/\/www.visit-ulcinj.com\/blog\/?s={search_term_string}\"},\"query-input\":\"required name=search_term_string\"}],\"inLanguage\":\"en-US\"},{\"@type\":\"ImageObject\",\"inLanguage\":\"en-US\",\"@id\":\"https:\/\/www.visit-ulcinj.com\/blog\/2014\/02\/05\/fc-prishtina-12-shkurt-udheton-per-ne-ulqin\/#primaryimage\",\"url\":\"https:\/\/www.visit-ulcinj.com\/blog\/wp-content\/uploads\/2014\/02\/FC-Pristina.jpg\",\"contentUrl\":\"https:\/\/www.visit-ulcinj.com\/blog\/wp-content\/uploads\/2014\/02\/FC-Pristina.jpg\",\"width\":640,\"height\":369},{\"@type\":\"WebPage\",\"@id\":\"https:\/\/www.visit-ulcinj.com\/blog\/2014\/02\/05\/fc-prishtina-12-shkurt-udheton-per-ne-ulqin\/#webpage\",\"url\":\"https:\/\/www.visit-ulcinj.com\/blog\/2014\/02\/05\/fc-prishtina-12-shkurt-udheton-per-ne-ulqin\/\",\"name\":\"FC Prishtina m\u00eb 12 shkurt udh\u00ebton p\u00ebr n\u00eb Ulqin - Video - Lajme nga Ulqini\",\"isPartOf\":{\"@id\":\"https:\/\/www.visit-ulcinj.com\/blog\/#website\"},\"primaryImageOfPage\":{\"@id\":\"https:\/\/www.visit-ulcinj.com\/blog\/2014\/02\/05\/fc-prishtina-12-shkurt-udheton-per-ne-ulqin\/#primaryimage\"},\"datePublished\":\"2014-02-05T16:34:32+00:00\",\"dateModified\":\"2014-02-05T16:36:20+00:00\",\"author\":{\"@id\":\"https:\/\/www.visit-ulcinj.com\/blog\/#\/schema\/person\/dcab619c614d3038751c63bc2aadc06d\"},\"description\":\"Bordi i klubit t\u00eb FC Prishtina sot ka mbajtur mbledhjen e saj t\u00eb rregullt n\u00eb t\u00eb cil\u00ebn ka diskutuar n\u00eb p\u00ebrgjith\u00ebsi p\u00ebr p\u00ebrgatitjet dhe pun\u00ebt q\u00eb i pret p\u00ebr\",\"breadcrumb\":{\"@id\":\"https:\/\/www.visit-ulcinj.com\/blog\/2014\/02\/05\/fc-prishtina-12-shkurt-udheton-per-ne-ulqin\/#breadcrumb\"},\"inLanguage\":\"en-US\",\"potentialAction\":[{\"@type\":\"ReadAction\",\"target\":[\"https:\/\/www.visit-ulcinj.com\/blog\/2014\/02\/05\/fc-prishtina-12-shkurt-udheton-per-ne-ulqin\/\"]}]},{\"@type\":\"BreadcrumbList\",\"@id\":\"https:\/\/www.visit-ulcinj.com\/blog\/2014\/02\/05\/fc-prishtina-12-shkurt-udheton-per-ne-ulqin\/#breadcrumb\",\"itemListElement\":[{\"@type\":\"ListItem\",\"position\":1,\"name\":\"FC Prishtina m\u00eb 12 shkurt udh\u00ebton p\u00ebr n\u00eb Ulqin &#8211; Video\"}]},{\"@type\":\"Person\",\"@id\":\"https:\/\/www.visit-ulcinj.com\/blog\/#\/schema\/person\/dcab619c614d3038751c63bc2aadc06d\",\"name\":\"ulqini\",\"sameAs\":[\"http:\/\/www.visit-ulcinj.com\"],\"url\":\"https:\/\/www.visit-ulcinj.com\/blog\/author\/admin\/\"}]}<\/script>\n<!-- \/ Yoast SEO plugin. -->","yoast_head_json":{"title":"FC Prishtina m\u00eb 12 shkurt udh\u00ebton p\u00ebr n\u00eb Ulqin - Video - Lajme nga Ulqini","description":"Bordi i klubit t\u00eb FC Prishtina sot ka mbajtur mbledhjen e saj t\u00eb rregullt n\u00eb t\u00eb cil\u00ebn ka diskutuar n\u00eb p\u00ebrgjith\u00ebsi p\u00ebr p\u00ebrgatitjet dhe pun\u00ebt q\u00eb i pret p\u00ebr","robots":{"index":"index","follow":"follow","max-snippet":"max-snippet:-1","max-image-preview":"max-image-preview:large","max-video-preview":"max-video-preview:-1"},"canonical":"https:\/\/www.visit-ulcinj.com\/blog\/2014\/02\/05\/fc-prishtina-12-shkurt-udheton-per-ne-ulqin\/","og_locale":"en_US","og_type":"article","og_title":"FC Prishtina m\u00eb 12 shkurt udh\u00ebton p\u00ebr n\u00eb Ulqin - Video - Lajme nga Ulqini","og_description":"Bordi i klubit t\u00eb FC Prishtina sot ka mbajtur mbledhjen e saj t\u00eb rregullt n\u00eb t\u00eb cil\u00ebn ka diskutuar n\u00eb p\u00ebrgjith\u00ebsi p\u00ebr p\u00ebrgatitjet dhe pun\u00ebt q\u00eb i pret p\u00ebr","og_url":"https:\/\/www.visit-ulcinj.com\/blog\/2014\/02\/05\/fc-prishtina-12-shkurt-udheton-per-ne-ulqin\/","og_site_name":"Lajme nga Ulqini","article_published_time":"2014-02-05T16:34:32+00:00","article_modified_time":"2014-02-05T16:36:20+00:00","og_image":[{"url":"http:\/\/www.visit-ulcinj.com\/blog\/wp-content\/uploads\/2014\/02\/FC-Pristina.jpg"}],"twitter_misc":{"Written by":"ulqini","Est. reading time":"1 minute"},"schema":{"@context":"https:\/\/schema.org","@graph":[{"@type":"WebSite","@id":"https:\/\/www.visit-ulcinj.com\/blog\/#website","url":"https:\/\/www.visit-ulcinj.com\/blog\/","name":"Lajme nga Ulqini","description":"Lajme,Vijesti,Ulqini,Ulqin,Crna Gora,Mali i Zi","potentialAction":[{"@type":"SearchAction","target":{"@type":"EntryPoint","urlTemplate":"https:\/\/www.visit-ulcinj.com\/blog\/?s={search_term_string}"},"query-input":"required name=search_term_string"}],"inLanguage":"en-US"},{"@type":"ImageObject","inLanguage":"en-US","@id":"https:\/\/www.visit-ulcinj.com\/blog\/2014\/02\/05\/fc-prishtina-12-shkurt-udheton-per-ne-ulqin\/#primaryimage","url":"https:\/\/www.visit-ulcinj.com\/blog\/wp-content\/uploads\/2014\/02\/FC-Pristina.jpg","contentUrl":"https:\/\/www.visit-ulcinj.com\/blog\/wp-content\/uploads\/2014\/02\/FC-Pristina.jpg","width":640,"height":369},{"@type":"WebPage","@id":"https:\/\/www.visit-ulcinj.com\/blog\/2014\/02\/05\/fc-prishtina-12-shkurt-udheton-per-ne-ulqin\/#webpage","url":"https:\/\/www.visit-ulcinj.com\/blog\/2014\/02\/05\/fc-prishtina-12-shkurt-udheton-per-ne-ulqin\/","name":"FC Prishtina m\u00eb 12 shkurt udh\u00ebton p\u00ebr n\u00eb Ulqin - Video - Lajme nga Ulqini","isPartOf":{"@id":"https:\/\/www.visit-ulcinj.com\/blog\/#website"},"primaryImageOfPage":{"@id":"https:\/\/www.visit-ulcinj.com\/blog\/2014\/02\/05\/fc-prishtina-12-shkurt-udheton-per-ne-ulqin\/#primaryimage"},"datePublished":"2014-02-05T16:34:32+00:00","dateModified":"2014-02-05T16:36:20+00:00","author":{"@id":"https:\/\/www.visit-ulcinj.com\/blog\/#\/schema\/person\/dcab619c614d3038751c63bc2aadc06d"},"description":"Bordi i klubit t\u00eb FC Prishtina sot ka mbajtur mbledhjen e saj t\u00eb rregullt n\u00eb t\u00eb cil\u00ebn ka diskutuar n\u00eb p\u00ebrgjith\u00ebsi p\u00ebr p\u00ebrgatitjet dhe pun\u00ebt q\u00eb i pret p\u00ebr","breadcrumb":{"@id":"https:\/\/www.visit-ulcinj.com\/blog\/2014\/02\/05\/fc-prishtina-12-shkurt-udheton-per-ne-ulqin\/#breadcrumb"},"inLanguage":"en-US","potentialAction":[{"@type":"ReadAction","target":["https:\/\/www.visit-ulcinj.com\/blog\/2014\/02\/05\/fc-prishtina-12-shkurt-udheton-per-ne-ulqin\/"]}]},{"@type":"BreadcrumbList","@id":"https:\/\/www.visit-ulcinj.com\/blog\/2014\/02\/05\/fc-prishtina-12-shkurt-udheton-per-ne-ulqin\/#breadcrumb","itemListElement":[{"@type":"ListItem","position":1,"name":"FC Prishtina m\u00eb 12 shkurt udh\u00ebton p\u00ebr n\u00eb Ulqin &#8211; Video"}]},{"@type":"Person","@id":"https:\/\/www.visit-ulcinj.com\/blog\/#\/schema\/person\/dcab619c614d3038751c63bc2aadc06d","name":"ulqini","sameAs":["http:\/\/www.visit-ulcinj.com"],"url":"https:\/\/www.visit-ulcinj.com\/blog\/author\/admin\/"}]}},"jetpack_featured_media_url":"","jetpack_sharing_enabled":true,"jetpack_shortlink":"https:\/\/wp.me\/pe6lTn-kDm","_links":{"self":[{"href":"https:\/\/www.visit-ulcinj.com\/blog\/wp-json\/wp\/v2\/posts\/79320"}],"collection":[{"href":"https:\/\/www.visit-ulcinj.com\/blog\/wp-json\/wp\/v2\/posts"}],"about":[{"href":"https:\/\/www.visit-ulcinj.com\/blog\/wp-json\/wp\/v2\/types\/post"}],"author":[{"embeddable":true,"href":"https:\/\/www.visit-ulcinj.com\/blog\/wp-json\/wp\/v2\/users\/1"}],"replies":[{"embeddable":true,"href":"https:\/\/www.visit-ulcinj.com\/blog\/wp-json\/wp\/v2\/comments?post=79320"}],"version-history":[{"count":2,"href":"https:\/\/www.visit-ulcinj.com\/blog\/wp-json\/wp\/v2\/posts\/79320\/revisions"}],"predecessor-version":[{"id":79324,"href":"https:\/\/www.visit-ulcinj.com\/blog\/wp-json\/wp\/v2\/posts\/79320\/revisions\/79324"}],"wp:attachment":[{"href":"https:\/\/www.visit-ulcinj.com\/blog\/wp-json\/wp\/v2\/media?parent=79320"}],"wp:term":[{"taxonomy":"category","embeddable":true,"href":"https:\/\/www.visit-ulcinj.com\/blog\/wp-json\/wp\/v2\/categories?post=79320"},{"taxonomy":"post_tag","embeddable":true,"href":"https:\/\/www.visit-ulcinj.com\/blog\/wp-json\/wp\/v2\/tags?post=79320"}],"curies":[{"name":"wp","href":"https:\/\/api.w.org\/{rel}","templated":true}]}}