{"id":79332,"date":"2014-02-05T19:31:17","date_gmt":"2014-02-05T18:31:17","guid":{"rendered":"http:\/\/www.visit-ulcinj.com\/blog\/?p=79332"},"modified":"2014-02-05T19:32:59","modified_gmt":"2014-02-05T18:32:59","slug":"sinishtaj-perkrah-poziten-e-re-te-komunes-urbane-te-tuzit","status":"publish","type":"post","link":"https:\/\/www.visit-ulcinj.com\/blog\/2014\/02\/05\/sinishtaj-perkrah-poziten-e-re-te-komunes-urbane-te-tuzit\/","title":{"rendered":"Sinishtaj p\u00ebrkrah pozit\u00ebn e re t\u00eb Komun\u00ebs urbane t\u00eb Tuzit"},"content":{"rendered":"<p><a href=\"http:\/\/www.visit-ulcinj.com\/blog\/wp-content\/uploads\/2013\/12\/SINISHTAJ.jpg\"><img loading=\"lazy\" class=\"alignleft  wp-image-77302\" alt=\"SINISHTAJ\" src=\"http:\/\/www.visit-ulcinj.com\/blog\/wp-content\/uploads\/2013\/12\/SINISHTAJ.jpg\" width=\"508\" height=\"360\" \/><\/a>Mbledhja e jasht\u00ebzakonshme e Parlamentit t\u00eb Malit t\u00eb Zi n\u00eb t\u00eb cil\u00ebn duhet t\u00eb miratohen ndryshimet e ligjit i cili definon pozit\u00ebn e re t\u00eb Komun\u00ebs Urbane t\u00eb Tuzit duhet t\u00eb mbahet kah fundi i k\u00ebtij , ose fillimi i muajit t\u00eb ardhsh\u00ebm , \u00ebsht\u00eb njoftuar Portali Analitika.<\/p>\n<p>Udh\u00ebheq\u00ebsit e Komun\u00ebs urbane t\u00eb Tuzit\u00a0 ua kan\u00eb dor\u00ebzuar dje deputet\u00ebve ndryshimet e 4 ligjeve t\u00eb cil\u00ebt definojn\u00eb pozit\u00ebn e k\u00ebsaj , deri tani Komune urbane , t\u00eb ligjit p\u00ebr kryeqytetin , t\u00eb ligjit p\u00ebr administrat\u00ebn lokale, t\u00eb ligjit p\u00ebr organizimin territorial dhe t\u00eb ligjit p\u00ebr financimin e administratave lokale. K\u00ebto ndryshime sipas burimeve t\u00eb Portalit n\u00eb fjal\u00eb i kan\u00eb p\u00ebrkrahur 16 prej 21 k\u00ebshilltar\u00ebve\u00a0 t\u00eb KU t\u00eb Tuzit dhe n\u00eb k\u00ebt\u00eb m\u00ebnyr\u00eb edhe formalisht\u00a0 kan\u00eb p\u00ebrfunduar bisedimet disa mujore nd\u00ebrmjet PDS dhe partive politike shqiptare mbi statusin e ri t\u00eb Komun\u00ebs urbane t\u00eb Tuzit.\u00a0 Kund\u00ebr k\u00ebsaj zgjidhjeje jan\u00eb deklaruar k\u00ebshilltar\u00ebt e Alternativ\u00ebs shqiptare, t\u00eb PSP dhe Lidhjes Demokratike . Vasel Sinishtaj nga Iniciativa qytetare i cili e ka p\u00ebrkrahur pozit\u00ebn e re t\u00eb Komun\u00ebs urbane t\u00eb Tuzit , ka deklaruar p\u00ebr Portalin Analitika se fjala \u00ebsht\u00eb p\u00ebr maksimumin momental i cili do t\u00eb zgjas nj\u00eb koh\u00eb t\u00eb caktuar duke theksuar se me k\u00ebto zgjidhje nuk shp\u00ebtohet kolltuku i askujt.<\/p>\n<p><strong>Moskenaq\u00ebsi n\u00eb nj\u00eb pjes\u00eb t\u00eb Mal\u00ebsis\u00eb: protest\u00eb lidhur me planin e ri p\u00ebr Tuzin<\/strong><\/p>\n<p>N\u00ebse ndryshimet e ligjit p\u00ebr kryeqytetin dhe organizimin territorial nuk do t\u00eb miratohen para zgjedhjeve t\u00eb muajit prill , kjo nuk do t\u00eb jet\u00eb mosplot\u00ebsimi i par i premtimeve t\u00eb PDS p\u00ebr formimin e Komun\u00ebs s\u00eb Tuzit. Komuna e Tuzit \u00ebsht\u00eb p\u00ebrmendur n\u00eb marr\u00ebveshjen e PDS dhe udh\u00ebheq\u00ebsve shqiptar\u00eb n\u00eb prag t\u00eb referendumit p\u00ebr pavar\u00ebsi kurse t\u00eb nj\u00ebjtat premtime jan\u00eb p\u00ebrs\u00ebritur edhe n\u00eb prag t\u00eb votimit p\u00ebr Kushtetuten e Malit t\u00eb Zi. T\u00eb drejt\u00ebs p\u00ebr Komun\u00eb i \u00ebsht\u00eb kujtuar edhe kryetari i PDS Millo Gjukanoviq kur n\u00eb prag t\u00eb zgjedhjeve parlamentare t\u00eb vitit t\u00eb kaluar ka paralajm\u00ebruar se referendumi p\u00ebr Komun\u00ebn e Plot\u00eb t\u00eb Tuzit do t\u00eb shpallet n\u00eb tetor.<\/p>\n<p>&nbsp;<\/p>\n<p>RTCG<\/p>\n<p>&nbsp;<\/p>\n","protected":false},"excerpt":{"rendered":"<p>Mbledhja e jasht\u00ebzakonshme e Parlamentit t\u00eb Malit t\u00eb Zi n\u00eb t\u00eb cil\u00ebn duhet t\u00eb miratohen ndryshimet e ligjit i cili definon pozit\u00ebn e re t\u00eb Komun\u00ebs Urbane t\u00eb Tuzit duhet t\u00eb mbahet kah fundi i k\u00ebtij , ose fillimi i muajit t\u00eb ardhsh\u00ebm , \u00ebsht\u00eb njoftuar Portali Analitika. Udh\u00ebheq\u00ebsit e Komun\u00ebs urbane t\u00eb Tuzit\u00a0 ua [&hellip;]<\/p>\n","protected":false},"author":1,"featured_media":0,"comment_status":"closed","ping_status":"closed","sticky":false,"template":"","format":"standard","meta":{"spay_email":"","jetpack_publicize_message":"","jetpack_is_tweetstorm":false,"jetpack_publicize_feature_enabled":true},"categories":[14],"tags":[],"jetpack_publicize_connections":[],"yoast_head":"<!-- This site is optimized with the Yoast SEO plugin v19.1 - https:\/\/yoast.com\/wordpress\/plugins\/seo\/ -->\n<title>Sinishtaj p\u00ebrkrah pozit\u00ebn e re t\u00eb Komun\u00ebs urbane t\u00eb Tuzit - Lajme nga Ulqini<\/title>\n<meta name=\"description\" content=\"Mbledhja e jasht\u00ebzakonshme e Parlamentit t\u00eb Malit t\u00eb Zi n\u00eb t\u00eb cil\u00ebn duhet t\u00eb miratohen ndryshimet e ligjit i cili definon pozit\u00ebn e re t\u00eb Komun\u00ebs Urbane\" \/>\n<meta name=\"robots\" content=\"index, follow, max-snippet:-1, max-image-preview:large, max-video-preview:-1\" \/>\n<link rel=\"canonical\" href=\"https:\/\/www.visit-ulcinj.com\/blog\/2014\/02\/05\/sinishtaj-perkrah-poziten-e-re-te-komunes-urbane-te-tuzit\/\" \/>\n<meta property=\"og:locale\" content=\"en_US\" \/>\n<meta property=\"og:type\" content=\"article\" \/>\n<meta property=\"og:title\" content=\"Sinishtaj p\u00ebrkrah pozit\u00ebn e re t\u00eb Komun\u00ebs urbane t\u00eb Tuzit - Lajme nga Ulqini\" \/>\n<meta property=\"og:description\" content=\"Mbledhja e jasht\u00ebzakonshme e Parlamentit t\u00eb Malit t\u00eb Zi n\u00eb t\u00eb cil\u00ebn duhet t\u00eb miratohen ndryshimet e ligjit i cili definon pozit\u00ebn e re t\u00eb Komun\u00ebs Urbane\" \/>\n<meta property=\"og:url\" content=\"https:\/\/www.visit-ulcinj.com\/blog\/2014\/02\/05\/sinishtaj-perkrah-poziten-e-re-te-komunes-urbane-te-tuzit\/\" \/>\n<meta property=\"og:site_name\" content=\"Lajme nga Ulqini\" \/>\n<meta property=\"article:published_time\" content=\"2014-02-05T18:31:17+00:00\" \/>\n<meta property=\"article:modified_time\" content=\"2014-02-05T18:32:59+00:00\" \/>\n<meta property=\"og:image\" content=\"http:\/\/www.visit-ulcinj.com\/blog\/wp-content\/uploads\/2013\/12\/SINISHTAJ.jpg\" \/>\n<meta name=\"twitter:label1\" content=\"Written by\" \/>\n\t<meta name=\"twitter:data1\" content=\"ulqini\" \/>\n\t<meta name=\"twitter:label2\" content=\"Est. reading time\" \/>\n\t<meta name=\"twitter:data2\" content=\"2 minutes\" \/>\n<script type=\"application\/ld+json\" class=\"yoast-schema-graph\">{\"@context\":\"https:\/\/schema.org\",\"@graph\":[{\"@type\":\"WebSite\",\"@id\":\"https:\/\/www.visit-ulcinj.com\/blog\/#website\",\"url\":\"https:\/\/www.visit-ulcinj.com\/blog\/\",\"name\":\"Lajme nga Ulqini\",\"description\":\"Lajme,Vijesti,Ulqini,Ulqin,Crna Gora,Mali i Zi\",\"potentialAction\":[{\"@type\":\"SearchAction\",\"target\":{\"@type\":\"EntryPoint\",\"urlTemplate\":\"https:\/\/www.visit-ulcinj.com\/blog\/?s={search_term_string}\"},\"query-input\":\"required name=search_term_string\"}],\"inLanguage\":\"en-US\"},{\"@type\":\"ImageObject\",\"inLanguage\":\"en-US\",\"@id\":\"https:\/\/www.visit-ulcinj.com\/blog\/2014\/02\/05\/sinishtaj-perkrah-poziten-e-re-te-komunes-urbane-te-tuzit\/#primaryimage\",\"url\":\"https:\/\/www.visit-ulcinj.com\/blog\/wp-content\/uploads\/2013\/12\/SINISHTAJ.jpg\",\"contentUrl\":\"https:\/\/www.visit-ulcinj.com\/blog\/wp-content\/uploads\/2013\/12\/SINISHTAJ.jpg\",\"width\":863,\"height\":521},{\"@type\":\"WebPage\",\"@id\":\"https:\/\/www.visit-ulcinj.com\/blog\/2014\/02\/05\/sinishtaj-perkrah-poziten-e-re-te-komunes-urbane-te-tuzit\/#webpage\",\"url\":\"https:\/\/www.visit-ulcinj.com\/blog\/2014\/02\/05\/sinishtaj-perkrah-poziten-e-re-te-komunes-urbane-te-tuzit\/\",\"name\":\"Sinishtaj p\u00ebrkrah pozit\u00ebn e re t\u00eb Komun\u00ebs urbane t\u00eb Tuzit - Lajme nga Ulqini\",\"isPartOf\":{\"@id\":\"https:\/\/www.visit-ulcinj.com\/blog\/#website\"},\"primaryImageOfPage\":{\"@id\":\"https:\/\/www.visit-ulcinj.com\/blog\/2014\/02\/05\/sinishtaj-perkrah-poziten-e-re-te-komunes-urbane-te-tuzit\/#primaryimage\"},\"datePublished\":\"2014-02-05T18:31:17+00:00\",\"dateModified\":\"2014-02-05T18:32:59+00:00\",\"author\":{\"@id\":\"https:\/\/www.visit-ulcinj.com\/blog\/#\/schema\/person\/dcab619c614d3038751c63bc2aadc06d\"},\"description\":\"Mbledhja e jasht\u00ebzakonshme e Parlamentit t\u00eb Malit t\u00eb Zi n\u00eb t\u00eb cil\u00ebn duhet t\u00eb miratohen ndryshimet e ligjit i cili definon pozit\u00ebn e re t\u00eb Komun\u00ebs Urbane\",\"breadcrumb\":{\"@id\":\"https:\/\/www.visit-ulcinj.com\/blog\/2014\/02\/05\/sinishtaj-perkrah-poziten-e-re-te-komunes-urbane-te-tuzit\/#breadcrumb\"},\"inLanguage\":\"en-US\",\"potentialAction\":[{\"@type\":\"ReadAction\",\"target\":[\"https:\/\/www.visit-ulcinj.com\/blog\/2014\/02\/05\/sinishtaj-perkrah-poziten-e-re-te-komunes-urbane-te-tuzit\/\"]}]},{\"@type\":\"BreadcrumbList\",\"@id\":\"https:\/\/www.visit-ulcinj.com\/blog\/2014\/02\/05\/sinishtaj-perkrah-poziten-e-re-te-komunes-urbane-te-tuzit\/#breadcrumb\",\"itemListElement\":[{\"@type\":\"ListItem\",\"position\":1,\"name\":\"Sinishtaj p\u00ebrkrah pozit\u00ebn e re t\u00eb Komun\u00ebs urbane t\u00eb Tuzit\"}]},{\"@type\":\"Person\",\"@id\":\"https:\/\/www.visit-ulcinj.com\/blog\/#\/schema\/person\/dcab619c614d3038751c63bc2aadc06d\",\"name\":\"ulqini\",\"sameAs\":[\"http:\/\/www.visit-ulcinj.com\"],\"url\":\"https:\/\/www.visit-ulcinj.com\/blog\/author\/admin\/\"}]}<\/script>\n<!-- \/ Yoast SEO plugin. -->","yoast_head_json":{"title":"Sinishtaj p\u00ebrkrah pozit\u00ebn e re t\u00eb Komun\u00ebs urbane t\u00eb Tuzit - Lajme nga Ulqini","description":"Mbledhja e jasht\u00ebzakonshme e Parlamentit t\u00eb Malit t\u00eb Zi n\u00eb t\u00eb cil\u00ebn duhet t\u00eb miratohen ndryshimet e ligjit i cili definon pozit\u00ebn e re t\u00eb Komun\u00ebs Urbane","robots":{"index":"index","follow":"follow","max-snippet":"max-snippet:-1","max-image-preview":"max-image-preview:large","max-video-preview":"max-video-preview:-1"},"canonical":"https:\/\/www.visit-ulcinj.com\/blog\/2014\/02\/05\/sinishtaj-perkrah-poziten-e-re-te-komunes-urbane-te-tuzit\/","og_locale":"en_US","og_type":"article","og_title":"Sinishtaj p\u00ebrkrah pozit\u00ebn e re t\u00eb Komun\u00ebs urbane t\u00eb Tuzit - Lajme nga Ulqini","og_description":"Mbledhja e jasht\u00ebzakonshme e Parlamentit t\u00eb Malit t\u00eb Zi n\u00eb t\u00eb cil\u00ebn duhet t\u00eb miratohen ndryshimet e ligjit i cili definon pozit\u00ebn e re t\u00eb Komun\u00ebs Urbane","og_url":"https:\/\/www.visit-ulcinj.com\/blog\/2014\/02\/05\/sinishtaj-perkrah-poziten-e-re-te-komunes-urbane-te-tuzit\/","og_site_name":"Lajme nga Ulqini","article_published_time":"2014-02-05T18:31:17+00:00","article_modified_time":"2014-02-05T18:32:59+00:00","og_image":[{"url":"http:\/\/www.visit-ulcinj.com\/blog\/wp-content\/uploads\/2013\/12\/SINISHTAJ.jpg"}],"twitter_misc":{"Written by":"ulqini","Est. reading time":"2 minutes"},"schema":{"@context":"https:\/\/schema.org","@graph":[{"@type":"WebSite","@id":"https:\/\/www.visit-ulcinj.com\/blog\/#website","url":"https:\/\/www.visit-ulcinj.com\/blog\/","name":"Lajme nga Ulqini","description":"Lajme,Vijesti,Ulqini,Ulqin,Crna Gora,Mali i Zi","potentialAction":[{"@type":"SearchAction","target":{"@type":"EntryPoint","urlTemplate":"https:\/\/www.visit-ulcinj.com\/blog\/?s={search_term_string}"},"query-input":"required name=search_term_string"}],"inLanguage":"en-US"},{"@type":"ImageObject","inLanguage":"en-US","@id":"https:\/\/www.visit-ulcinj.com\/blog\/2014\/02\/05\/sinishtaj-perkrah-poziten-e-re-te-komunes-urbane-te-tuzit\/#primaryimage","url":"https:\/\/www.visit-ulcinj.com\/blog\/wp-content\/uploads\/2013\/12\/SINISHTAJ.jpg","contentUrl":"https:\/\/www.visit-ulcinj.com\/blog\/wp-content\/uploads\/2013\/12\/SINISHTAJ.jpg","width":863,"height":521},{"@type":"WebPage","@id":"https:\/\/www.visit-ulcinj.com\/blog\/2014\/02\/05\/sinishtaj-perkrah-poziten-e-re-te-komunes-urbane-te-tuzit\/#webpage","url":"https:\/\/www.visit-ulcinj.com\/blog\/2014\/02\/05\/sinishtaj-perkrah-poziten-e-re-te-komunes-urbane-te-tuzit\/","name":"Sinishtaj p\u00ebrkrah pozit\u00ebn e re t\u00eb Komun\u00ebs urbane t\u00eb Tuzit - Lajme nga Ulqini","isPartOf":{"@id":"https:\/\/www.visit-ulcinj.com\/blog\/#website"},"primaryImageOfPage":{"@id":"https:\/\/www.visit-ulcinj.com\/blog\/2014\/02\/05\/sinishtaj-perkrah-poziten-e-re-te-komunes-urbane-te-tuzit\/#primaryimage"},"datePublished":"2014-02-05T18:31:17+00:00","dateModified":"2014-02-05T18:32:59+00:00","author":{"@id":"https:\/\/www.visit-ulcinj.com\/blog\/#\/schema\/person\/dcab619c614d3038751c63bc2aadc06d"},"description":"Mbledhja e jasht\u00ebzakonshme e Parlamentit t\u00eb Malit t\u00eb Zi n\u00eb t\u00eb cil\u00ebn duhet t\u00eb miratohen ndryshimet e ligjit i cili definon pozit\u00ebn e re t\u00eb Komun\u00ebs Urbane","breadcrumb":{"@id":"https:\/\/www.visit-ulcinj.com\/blog\/2014\/02\/05\/sinishtaj-perkrah-poziten-e-re-te-komunes-urbane-te-tuzit\/#breadcrumb"},"inLanguage":"en-US","potentialAction":[{"@type":"ReadAction","target":["https:\/\/www.visit-ulcinj.com\/blog\/2014\/02\/05\/sinishtaj-perkrah-poziten-e-re-te-komunes-urbane-te-tuzit\/"]}]},{"@type":"BreadcrumbList","@id":"https:\/\/www.visit-ulcinj.com\/blog\/2014\/02\/05\/sinishtaj-perkrah-poziten-e-re-te-komunes-urbane-te-tuzit\/#breadcrumb","itemListElement":[{"@type":"ListItem","position":1,"name":"Sinishtaj p\u00ebrkrah pozit\u00ebn e re t\u00eb Komun\u00ebs urbane t\u00eb Tuzit"}]},{"@type":"Person","@id":"https:\/\/www.visit-ulcinj.com\/blog\/#\/schema\/person\/dcab619c614d3038751c63bc2aadc06d","name":"ulqini","sameAs":["http:\/\/www.visit-ulcinj.com"],"url":"https:\/\/www.visit-ulcinj.com\/blog\/author\/admin\/"}]}},"jetpack_featured_media_url":"","jetpack_sharing_enabled":true,"jetpack_shortlink":"https:\/\/wp.me\/pe6lTn-kDy","_links":{"self":[{"href":"https:\/\/www.visit-ulcinj.com\/blog\/wp-json\/wp\/v2\/posts\/79332"}],"collection":[{"href":"https:\/\/www.visit-ulcinj.com\/blog\/wp-json\/wp\/v2\/posts"}],"about":[{"href":"https:\/\/www.visit-ulcinj.com\/blog\/wp-json\/wp\/v2\/types\/post"}],"author":[{"embeddable":true,"href":"https:\/\/www.visit-ulcinj.com\/blog\/wp-json\/wp\/v2\/users\/1"}],"replies":[{"embeddable":true,"href":"https:\/\/www.visit-ulcinj.com\/blog\/wp-json\/wp\/v2\/comments?post=79332"}],"version-history":[{"count":2,"href":"https:\/\/www.visit-ulcinj.com\/blog\/wp-json\/wp\/v2\/posts\/79332\/revisions"}],"predecessor-version":[{"id":79334,"href":"https:\/\/www.visit-ulcinj.com\/blog\/wp-json\/wp\/v2\/posts\/79332\/revisions\/79334"}],"wp:attachment":[{"href":"https:\/\/www.visit-ulcinj.com\/blog\/wp-json\/wp\/v2\/media?parent=79332"}],"wp:term":[{"taxonomy":"category","embeddable":true,"href":"https:\/\/www.visit-ulcinj.com\/blog\/wp-json\/wp\/v2\/categories?post=79332"},{"taxonomy":"post_tag","embeddable":true,"href":"https:\/\/www.visit-ulcinj.com\/blog\/wp-json\/wp\/v2\/tags?post=79332"}],"curies":[{"name":"wp","href":"https:\/\/api.w.org\/{rel}","templated":true}]}}