{"id":79337,"date":"2014-02-06T07:35:44","date_gmt":"2014-02-06T06:35:44","guid":{"rendered":"http:\/\/www.visit-ulcinj.com\/blog\/?p=79337"},"modified":"2014-02-06T07:54:16","modified_gmt":"2014-02-06T06:54:16","slug":"new-york-shoqatat-shqiptare-ne-shba-reagojne-per-zgjedhjet-ne-ulqin","status":"publish","type":"post","link":"https:\/\/www.visit-ulcinj.com\/blog\/2014\/02\/06\/new-york-shoqatat-shqiptare-ne-shba-reagojne-per-zgjedhjet-ne-ulqin\/","title":{"rendered":"New York: Shoqatat shqiptare n\u00eb SHBA reagojn\u00eb p\u00ebr zgjedhjet n\u00eb Ulqin-Video"},"content":{"rendered":"<p><em><strong><a href=\"http:\/\/www.visit-ulcinj.com\/blog\/wp-content\/uploads\/2014\/02\/shoqatat-shqiptare-ne-Amerike-1.jpg\"><img loading=\"lazy\" class=\"alignleft  wp-image-79338\" alt=\"shoqatat-shqiptare-ne-Amerike-1\" src=\"http:\/\/www.visit-ulcinj.com\/blog\/wp-content\/uploads\/2014\/02\/shoqatat-shqiptare-ne-Amerike-1.jpg\" width=\"508\" height=\"360\" \/><\/a>N\u00ebn perden e \u201cdemokracis\u00eb\u201d po b\u00ebhet \u00e7rrenjosja dhe d\u00ebbimi i shqiptar\u00ebve etnik\u00eb nga trevat e tyre autoktone<\/strong><\/em><\/p>\n<p>Ka koh\u00eb q\u00eb n\u00eb krijes\u00ebn e njohur Mali i Zi ka ngadh\u00ebnjyer pseudodemokracia n\u00eb stilin malazes. Kjo \u201cdemokraci\u201d tash 23 vite vazhdon me avazin e vjet\u00ebr ku n\u00ebn perden e demokracis\u00eb p\u00ebrdorin dhe adaptojn\u00eb metoda perfide t\u00eb \u00e7rrenjosjes dhe d\u00ebbimit t\u00eb shqiptar\u00ebve etnik\u00eb nga trevat e tyre autoktone.<\/p>\n<p>Shteti malazez ka m\u00ebse 23 vite q\u00eb n\u00eb vendbanimet shqiptare, aty ku jetojn\u00eb n\u00eb shekuj banor\u00ebt autokton\u00eb, shqiptar\u00ebt etnik\u00eb, nuk ka kryer asnj\u00eb cent investime. Kjo me siguri \u00ebsht\u00eb dhurat\u00eb p\u00ebr lojalitetin q\u00eb shqiptar\u00ebt treguan me vot\u00ebn e tyre p\u00ebr pavar\u00ebsimin e k\u00ebsaj pseudo-demokracie (!)<\/p>\n<p>Po le t\u2019i shikojm\u00eb rradhazi t\u00eb \u201carriturat\u201d dhe t\u00eb b\u00ebrat e shtetit n\u00eb interes t\u00eb shqiptar\u00ebve: Suprimimi n\u00eb m\u00ebnyr\u00eb arbitrare i \u201cT\u00eb Mirave Bregdetare\u201d n\u00eb Ulqin. Mos dh\u00ebnia e komun\u00ebs s\u00eb Tuzit. Sjellja e kolon\u00ebve t\u00eb p\u00ebrkat\u00ebsis\u00eb boshnjake n\u00eb Tuz, m\u00eb q\u00ebllim t\u00eb ndryshimit t\u00eb struktur\u00ebs demografike n\u00eb dam t\u00eb shqiptar\u00ebve. Arrestimin e mal\u00ebsor\u00ebve me opercione t\u00eb inskenuara policore. N\u00eb Plav\u00eb-Guci. tentojn\u00eb p\u00ebr t\u00eb nd\u00ebrtuar hidrocentral n\u00eb Vuthaj. Krijojn\u00eb \u201cPark Nacional\u201d n\u00eb prona t\u00eb shqiptar\u00ebve dhe n\u00eb territorin e tyre pun\u00ebsojn\u00eb pun\u00ebtor\u00eb nga Podgorica (kur dihet p\u00ebr nivelin e lart\u00eb t\u00eb papun\u00ebsis\u00eb tek shqiptar\u00ebt). Krijojn\u00eb deponi rajonale n\u00eb fshatin etnikisht shqiptar t\u00eb Martinajve. Tentojn\u00eb t\u00eb nd\u00ebrtojn\u00eb kish\u00eb serbe me p\u00ebrkrahjen e Policis\u00eb s\u00eb Shtetit n\u00eb prona private t\u00eb shqiptarit n\u00eb Martinaj. Kulminacioni arrihet me moslejimin e p\u00ebrdorimit t\u00eb simboleve komb\u00ebtare. K\u00ebto jan\u00eb vet\u00ebm disa aspekte t\u00eb c\u00ebnimit t\u00eb t\u00eb drejtave elementare t\u00eb shqiptar\u00ebve n\u00ebn Mal t\u00eb Zi nga aparati shtet\u00ebror malazias.<\/p>\n<p>Shteti i Malit t\u00eb Zi me axhend\u00eb t\u00eb integrimeve n\u00eb Unionin Europian nuk duhet lejuar q\u00eb t\u00eb hyjn\u00eb n\u00eb familjen e Bot\u00ebs Per\u00ebndimore duke shkelur dhe n\u00ebperk\u00ebmbur t\u00eb drejtat elementare t\u00eb shqiptar\u00ebve q\u00eb p\u00ebrb\u00ebjn\u00eb 7 p\u00ebr qind t\u00eb popullsis\u00eb t\u00eb Malit t\u00eb Zi.<\/p>\n<p>M\u00eb 26 Janar 2014 n\u00eb qytetin e Ulqinit apo si e shofim ne si \u201ckryeqend\u00ebr e shqiptar\u00ebve n\u00ebn Mal t\u00eb Zi\u201d, u mbajt\u00ebn zgjedhjet lokale. Ne jemi t\u00eb vet\u00ebdijsh\u00ebm me fustrimin e popullat\u00ebs me subjektet tona politike q\u00eb p\u00ebr fat t\u00eb keq i kemi 8 sosh vet\u00ebm n\u00eb Ulqin, por \u00ebsht\u00eb e pakuptueshme se si pas 23 vitesh n\u00eb qytetin ton\u00eb t\u00eb lasht\u00eb ilir t\u00eb dal\u00eb ngadh\u00ebnjimtar ai q\u00eb na e mori Ulqinin me luft\u00eb dhe tradh\u00ebtin\u00eb e Europ\u00ebs n\u00eb vitin 1880.<\/p>\n<p>Historia kur harrohet ajo edhe t\u00eb p\u00ebrseritet, \u00ebsht\u00eb th\u00ebnie e mir\u00ebnjohur n\u00eb historin\u00eb e popujve. Shtrohet pyetja: ku jan\u00eb subjektet politike shqiptare q\u00eb veprojn\u00eb sot n\u00eb Mal t\u00eb Zi dhe a kan\u00eb interesa nacionale n\u00eb axhendat dhe programet e tyre partiake.<\/p>\n<p>Subjektet tona politike duhet q\u00eb mbi axhendat personale t\u00eb shofin qart\u00eb interesin komb\u00ebtar. Por sot, kur niveli i vet\u00ebdijes dhe edukimit dhe emancipimit t\u00eb popullat\u00ebs \u00ebsht\u00eb shum\u00eb m\u00eb i lart\u00eb se n\u00eb vitin 1880, at\u00ebher\u00eb pyetja shkon tek qytetari i thjesht\u00eb, tek ulqinku shqiptar: si vall\u00eb del n\u00eb votim dhe me vot\u00ebn t\u00ebnde e fuqizon, e aprovon vazhdimin e shtypjes t\u00ebnde, me vot\u00ebn t\u00ebnde aprovon t\u00eb gjitha k\u00ebto politika diskriminuese q\u00eb n\u00eb vazhdim\u00ebsi b\u00ebhen ndaj teje dhe popullit t\u00ebnd.<\/p>\n<p>Disapora shqiptare dhe shoqatat me origjin\u00eb nga shteti i sot\u00ebm i Mali t\u00eb Zi me veprimtari n\u00eb SHBA u b\u00ebjn\u00eb apel subjekteve politike shqiptare q\u00eb t\u00eb unifikojn\u00eb dhe perafrojn\u00eb q\u00ebndrimet e tyre q\u00eb Ulqini t\u00eb jet\u00eb zot i sht\u00ebpis\u00eb n\u00eb shtepin\u00eb e vet dhe t\u00eb udh\u00ebhiqet nga shqiptaret q\u00eb jan\u00eb 80 p\u00ebr qind i ketij qyteti t\u00eb lasht\u00eb ilir.<\/p>\n<p>New York, Detroit<br \/>\n5 Shkurt 2014<\/p>\n<p><strong>illyriapress<\/strong><\/p>\n<!--YouTube Error: bad URL entered-->\n","protected":false},"excerpt":{"rendered":"<p>N\u00ebn perden e \u201cdemokracis\u00eb\u201d po b\u00ebhet \u00e7rrenjosja dhe d\u00ebbimi i shqiptar\u00ebve etnik\u00eb nga trevat e tyre autoktone Ka koh\u00eb q\u00eb n\u00eb krijes\u00ebn e njohur Mali i Zi ka ngadh\u00ebnjyer pseudodemokracia n\u00eb stilin malazes. Kjo \u201cdemokraci\u201d tash 23 vite vazhdon me avazin e vjet\u00ebr ku n\u00ebn perden e demokracis\u00eb p\u00ebrdorin dhe adaptojn\u00eb metoda perfide t\u00eb \u00e7rrenjosjes [&hellip;]<\/p>\n","protected":false},"author":1,"featured_media":0,"comment_status":"closed","ping_status":"closed","sticky":false,"template":"","format":"standard","meta":{"spay_email":"","jetpack_publicize_message":"","jetpack_is_tweetstorm":false,"jetpack_publicize_feature_enabled":true},"categories":[7],"tags":[],"jetpack_publicize_connections":[],"yoast_head":"<!-- This site is optimized with the Yoast SEO plugin v19.1 - https:\/\/yoast.com\/wordpress\/plugins\/seo\/ -->\n<title>New York: Shoqatat shqiptare n\u00eb SHBA reagojn\u00eb p\u00ebr zgjedhjet n\u00eb Ulqin-Video - Lajme nga Ulqini<\/title>\n<meta name=\"description\" content=\"N\u00ebn perden e \u201cdemokracis\u00eb\u201d po b\u00ebhet \u00e7rrenjosja dhe d\u00ebbimi i shqiptar\u00ebve etnik\u00eb nga trevat e tyre autoktone Ka koh\u00eb q\u00eb n\u00eb krijes\u00ebn e njohur Mali i Zi ka\" \/>\n<meta name=\"robots\" content=\"index, follow, max-snippet:-1, max-image-preview:large, max-video-preview:-1\" \/>\n<link rel=\"canonical\" href=\"https:\/\/www.visit-ulcinj.com\/blog\/2014\/02\/06\/new-york-shoqatat-shqiptare-ne-shba-reagojne-per-zgjedhjet-ne-ulqin\/\" \/>\n<meta property=\"og:locale\" content=\"en_US\" \/>\n<meta property=\"og:type\" content=\"article\" \/>\n<meta property=\"og:title\" content=\"New York: Shoqatat shqiptare n\u00eb SHBA reagojn\u00eb p\u00ebr zgjedhjet n\u00eb Ulqin-Video - Lajme nga Ulqini\" \/>\n<meta property=\"og:description\" content=\"N\u00ebn perden e \u201cdemokracis\u00eb\u201d po b\u00ebhet \u00e7rrenjosja dhe d\u00ebbimi i shqiptar\u00ebve etnik\u00eb nga trevat e tyre autoktone Ka koh\u00eb q\u00eb n\u00eb krijes\u00ebn e njohur Mali i Zi ka\" \/>\n<meta property=\"og:url\" content=\"https:\/\/www.visit-ulcinj.com\/blog\/2014\/02\/06\/new-york-shoqatat-shqiptare-ne-shba-reagojne-per-zgjedhjet-ne-ulqin\/\" \/>\n<meta property=\"og:site_name\" content=\"Lajme nga Ulqini\" \/>\n<meta property=\"article:published_time\" content=\"2014-02-06T06:35:44+00:00\" \/>\n<meta property=\"article:modified_time\" content=\"2014-02-06T06:54:16+00:00\" \/>\n<meta property=\"og:image\" content=\"http:\/\/www.visit-ulcinj.com\/blog\/wp-content\/uploads\/2014\/02\/shoqatat-shqiptare-ne-Amerike-1.jpg\" \/>\n<meta name=\"twitter:label1\" content=\"Written by\" \/>\n\t<meta name=\"twitter:data1\" content=\"ulqini\" \/>\n\t<meta name=\"twitter:label2\" content=\"Est. reading time\" \/>\n\t<meta name=\"twitter:data2\" content=\"3 minutes\" \/>\n<script type=\"application\/ld+json\" class=\"yoast-schema-graph\">{\"@context\":\"https:\/\/schema.org\",\"@graph\":[{\"@type\":\"WebSite\",\"@id\":\"https:\/\/www.visit-ulcinj.com\/blog\/#website\",\"url\":\"https:\/\/www.visit-ulcinj.com\/blog\/\",\"name\":\"Lajme nga Ulqini\",\"description\":\"Lajme,Vijesti,Ulqini,Ulqin,Crna Gora,Mali i Zi\",\"potentialAction\":[{\"@type\":\"SearchAction\",\"target\":{\"@type\":\"EntryPoint\",\"urlTemplate\":\"https:\/\/www.visit-ulcinj.com\/blog\/?s={search_term_string}\"},\"query-input\":\"required name=search_term_string\"}],\"inLanguage\":\"en-US\"},{\"@type\":\"ImageObject\",\"inLanguage\":\"en-US\",\"@id\":\"https:\/\/www.visit-ulcinj.com\/blog\/2014\/02\/06\/new-york-shoqatat-shqiptare-ne-shba-reagojne-per-zgjedhjet-ne-ulqin\/#primaryimage\",\"url\":\"https:\/\/www.visit-ulcinj.com\/blog\/wp-content\/uploads\/2014\/02\/shoqatat-shqiptare-ne-Amerike-1.jpg\",\"contentUrl\":\"https:\/\/www.visit-ulcinj.com\/blog\/wp-content\/uploads\/2014\/02\/shoqatat-shqiptare-ne-Amerike-1.jpg\",\"width\":640,\"height\":427},{\"@type\":\"WebPage\",\"@id\":\"https:\/\/www.visit-ulcinj.com\/blog\/2014\/02\/06\/new-york-shoqatat-shqiptare-ne-shba-reagojne-per-zgjedhjet-ne-ulqin\/#webpage\",\"url\":\"https:\/\/www.visit-ulcinj.com\/blog\/2014\/02\/06\/new-york-shoqatat-shqiptare-ne-shba-reagojne-per-zgjedhjet-ne-ulqin\/\",\"name\":\"New York: Shoqatat shqiptare n\u00eb SHBA reagojn\u00eb p\u00ebr zgjedhjet n\u00eb Ulqin-Video - Lajme nga Ulqini\",\"isPartOf\":{\"@id\":\"https:\/\/www.visit-ulcinj.com\/blog\/#website\"},\"primaryImageOfPage\":{\"@id\":\"https:\/\/www.visit-ulcinj.com\/blog\/2014\/02\/06\/new-york-shoqatat-shqiptare-ne-shba-reagojne-per-zgjedhjet-ne-ulqin\/#primaryimage\"},\"datePublished\":\"2014-02-06T06:35:44+00:00\",\"dateModified\":\"2014-02-06T06:54:16+00:00\",\"author\":{\"@id\":\"https:\/\/www.visit-ulcinj.com\/blog\/#\/schema\/person\/dcab619c614d3038751c63bc2aadc06d\"},\"description\":\"N\u00ebn perden e \u201cdemokracis\u00eb\u201d po b\u00ebhet \u00e7rrenjosja dhe d\u00ebbimi i shqiptar\u00ebve etnik\u00eb nga trevat e tyre autoktone Ka koh\u00eb q\u00eb n\u00eb krijes\u00ebn e njohur Mali i Zi ka\",\"breadcrumb\":{\"@id\":\"https:\/\/www.visit-ulcinj.com\/blog\/2014\/02\/06\/new-york-shoqatat-shqiptare-ne-shba-reagojne-per-zgjedhjet-ne-ulqin\/#breadcrumb\"},\"inLanguage\":\"en-US\",\"potentialAction\":[{\"@type\":\"ReadAction\",\"target\":[\"https:\/\/www.visit-ulcinj.com\/blog\/2014\/02\/06\/new-york-shoqatat-shqiptare-ne-shba-reagojne-per-zgjedhjet-ne-ulqin\/\"]}]},{\"@type\":\"BreadcrumbList\",\"@id\":\"https:\/\/www.visit-ulcinj.com\/blog\/2014\/02\/06\/new-york-shoqatat-shqiptare-ne-shba-reagojne-per-zgjedhjet-ne-ulqin\/#breadcrumb\",\"itemListElement\":[{\"@type\":\"ListItem\",\"position\":1,\"name\":\"New York: Shoqatat shqiptare n\u00eb SHBA reagojn\u00eb p\u00ebr zgjedhjet n\u00eb Ulqin-Video\"}]},{\"@type\":\"Person\",\"@id\":\"https:\/\/www.visit-ulcinj.com\/blog\/#\/schema\/person\/dcab619c614d3038751c63bc2aadc06d\",\"name\":\"ulqini\",\"sameAs\":[\"http:\/\/www.visit-ulcinj.com\"],\"url\":\"https:\/\/www.visit-ulcinj.com\/blog\/author\/admin\/\"}]}<\/script>\n<!-- \/ Yoast SEO plugin. -->","yoast_head_json":{"title":"New York: Shoqatat shqiptare n\u00eb SHBA reagojn\u00eb p\u00ebr zgjedhjet n\u00eb Ulqin-Video - Lajme nga Ulqini","description":"N\u00ebn perden e \u201cdemokracis\u00eb\u201d po b\u00ebhet \u00e7rrenjosja dhe d\u00ebbimi i shqiptar\u00ebve etnik\u00eb nga trevat e tyre autoktone Ka koh\u00eb q\u00eb n\u00eb krijes\u00ebn e njohur Mali i Zi ka","robots":{"index":"index","follow":"follow","max-snippet":"max-snippet:-1","max-image-preview":"max-image-preview:large","max-video-preview":"max-video-preview:-1"},"canonical":"https:\/\/www.visit-ulcinj.com\/blog\/2014\/02\/06\/new-york-shoqatat-shqiptare-ne-shba-reagojne-per-zgjedhjet-ne-ulqin\/","og_locale":"en_US","og_type":"article","og_title":"New York: Shoqatat shqiptare n\u00eb SHBA reagojn\u00eb p\u00ebr zgjedhjet n\u00eb Ulqin-Video - Lajme nga Ulqini","og_description":"N\u00ebn perden e \u201cdemokracis\u00eb\u201d po b\u00ebhet \u00e7rrenjosja dhe d\u00ebbimi i shqiptar\u00ebve etnik\u00eb nga trevat e tyre autoktone Ka koh\u00eb q\u00eb n\u00eb krijes\u00ebn e njohur Mali i Zi ka","og_url":"https:\/\/www.visit-ulcinj.com\/blog\/2014\/02\/06\/new-york-shoqatat-shqiptare-ne-shba-reagojne-per-zgjedhjet-ne-ulqin\/","og_site_name":"Lajme nga Ulqini","article_published_time":"2014-02-06T06:35:44+00:00","article_modified_time":"2014-02-06T06:54:16+00:00","og_image":[{"url":"http:\/\/www.visit-ulcinj.com\/blog\/wp-content\/uploads\/2014\/02\/shoqatat-shqiptare-ne-Amerike-1.jpg"}],"twitter_misc":{"Written by":"ulqini","Est. reading time":"3 minutes"},"schema":{"@context":"https:\/\/schema.org","@graph":[{"@type":"WebSite","@id":"https:\/\/www.visit-ulcinj.com\/blog\/#website","url":"https:\/\/www.visit-ulcinj.com\/blog\/","name":"Lajme nga Ulqini","description":"Lajme,Vijesti,Ulqini,Ulqin,Crna Gora,Mali i Zi","potentialAction":[{"@type":"SearchAction","target":{"@type":"EntryPoint","urlTemplate":"https:\/\/www.visit-ulcinj.com\/blog\/?s={search_term_string}"},"query-input":"required name=search_term_string"}],"inLanguage":"en-US"},{"@type":"ImageObject","inLanguage":"en-US","@id":"https:\/\/www.visit-ulcinj.com\/blog\/2014\/02\/06\/new-york-shoqatat-shqiptare-ne-shba-reagojne-per-zgjedhjet-ne-ulqin\/#primaryimage","url":"https:\/\/www.visit-ulcinj.com\/blog\/wp-content\/uploads\/2014\/02\/shoqatat-shqiptare-ne-Amerike-1.jpg","contentUrl":"https:\/\/www.visit-ulcinj.com\/blog\/wp-content\/uploads\/2014\/02\/shoqatat-shqiptare-ne-Amerike-1.jpg","width":640,"height":427},{"@type":"WebPage","@id":"https:\/\/www.visit-ulcinj.com\/blog\/2014\/02\/06\/new-york-shoqatat-shqiptare-ne-shba-reagojne-per-zgjedhjet-ne-ulqin\/#webpage","url":"https:\/\/www.visit-ulcinj.com\/blog\/2014\/02\/06\/new-york-shoqatat-shqiptare-ne-shba-reagojne-per-zgjedhjet-ne-ulqin\/","name":"New York: Shoqatat shqiptare n\u00eb SHBA reagojn\u00eb p\u00ebr zgjedhjet n\u00eb Ulqin-Video - Lajme nga Ulqini","isPartOf":{"@id":"https:\/\/www.visit-ulcinj.com\/blog\/#website"},"primaryImageOfPage":{"@id":"https:\/\/www.visit-ulcinj.com\/blog\/2014\/02\/06\/new-york-shoqatat-shqiptare-ne-shba-reagojne-per-zgjedhjet-ne-ulqin\/#primaryimage"},"datePublished":"2014-02-06T06:35:44+00:00","dateModified":"2014-02-06T06:54:16+00:00","author":{"@id":"https:\/\/www.visit-ulcinj.com\/blog\/#\/schema\/person\/dcab619c614d3038751c63bc2aadc06d"},"description":"N\u00ebn perden e \u201cdemokracis\u00eb\u201d po b\u00ebhet \u00e7rrenjosja dhe d\u00ebbimi i shqiptar\u00ebve etnik\u00eb nga trevat e tyre autoktone Ka koh\u00eb q\u00eb n\u00eb krijes\u00ebn e njohur Mali i Zi ka","breadcrumb":{"@id":"https:\/\/www.visit-ulcinj.com\/blog\/2014\/02\/06\/new-york-shoqatat-shqiptare-ne-shba-reagojne-per-zgjedhjet-ne-ulqin\/#breadcrumb"},"inLanguage":"en-US","potentialAction":[{"@type":"ReadAction","target":["https:\/\/www.visit-ulcinj.com\/blog\/2014\/02\/06\/new-york-shoqatat-shqiptare-ne-shba-reagojne-per-zgjedhjet-ne-ulqin\/"]}]},{"@type":"BreadcrumbList","@id":"https:\/\/www.visit-ulcinj.com\/blog\/2014\/02\/06\/new-york-shoqatat-shqiptare-ne-shba-reagojne-per-zgjedhjet-ne-ulqin\/#breadcrumb","itemListElement":[{"@type":"ListItem","position":1,"name":"New York: Shoqatat shqiptare n\u00eb SHBA reagojn\u00eb p\u00ebr zgjedhjet n\u00eb Ulqin-Video"}]},{"@type":"Person","@id":"https:\/\/www.visit-ulcinj.com\/blog\/#\/schema\/person\/dcab619c614d3038751c63bc2aadc06d","name":"ulqini","sameAs":["http:\/\/www.visit-ulcinj.com"],"url":"https:\/\/www.visit-ulcinj.com\/blog\/author\/admin\/"}]}},"jetpack_featured_media_url":"","jetpack_sharing_enabled":true,"jetpack_shortlink":"https:\/\/wp.me\/pe6lTn-kDD","_links":{"self":[{"href":"https:\/\/www.visit-ulcinj.com\/blog\/wp-json\/wp\/v2\/posts\/79337"}],"collection":[{"href":"https:\/\/www.visit-ulcinj.com\/blog\/wp-json\/wp\/v2\/posts"}],"about":[{"href":"https:\/\/www.visit-ulcinj.com\/blog\/wp-json\/wp\/v2\/types\/post"}],"author":[{"embeddable":true,"href":"https:\/\/www.visit-ulcinj.com\/blog\/wp-json\/wp\/v2\/users\/1"}],"replies":[{"embeddable":true,"href":"https:\/\/www.visit-ulcinj.com\/blog\/wp-json\/wp\/v2\/comments?post=79337"}],"version-history":[{"count":4,"href":"https:\/\/www.visit-ulcinj.com\/blog\/wp-json\/wp\/v2\/posts\/79337\/revisions"}],"predecessor-version":[{"id":79342,"href":"https:\/\/www.visit-ulcinj.com\/blog\/wp-json\/wp\/v2\/posts\/79337\/revisions\/79342"}],"wp:attachment":[{"href":"https:\/\/www.visit-ulcinj.com\/blog\/wp-json\/wp\/v2\/media?parent=79337"}],"wp:term":[{"taxonomy":"category","embeddable":true,"href":"https:\/\/www.visit-ulcinj.com\/blog\/wp-json\/wp\/v2\/categories?post=79337"},{"taxonomy":"post_tag","embeddable":true,"href":"https:\/\/www.visit-ulcinj.com\/blog\/wp-json\/wp\/v2\/tags?post=79337"}],"curies":[{"name":"wp","href":"https:\/\/api.w.org\/{rel}","templated":true}]}}